{"id":457328,"date":"2026-04-24T06:47:39","date_gmt":"2026-04-24T09:47:39","guid":{"rendered":"https:\/\/portaltela.pt\/noticias\/2026\/04\/24\/gabriela-carrascalao-o-ultimo-canto-como-espaco-de-memoria\/"},"modified":"2026-04-24T06:47:39","modified_gmt":"2026-04-24T09:47:39","slug":"gabriela-carrascalao-o-ultimo-canto-como-espaco-de-memoria","status":"publish","type":"post","link":"https:\/\/portaltela.pt\/lazer\/2026\/04\/24\/gabriela-carrascalao-o-ultimo-canto-como-espaco-de-memoria\/","title":{"rendered":"Gabriela Carrascal\u00e3o: O \u00faltimo canto como espa\u00e7o de mem\u00f3ria"},"content":{"rendered":"<p>Gabriela Carrascal\u00e3o firma, no Canto X, uma interven\u00e7\u00e3o que n\u00e3o aponta para um desfecho definitivo. Em vez disso, abre espa\u00e7o a uma reabertura interpretativa do texto camoniano, mantendo a ideia de continuidade.<\/p>\n<p>A artista utiliza o poema como ponto de partida, mas n\u00e3o o ilustra de forma literal. Nasceu uma leitura visual que convoca o texto e devolve-o em imagem. A rela\u00e7\u00e3o entre imagem e texto cria uma leitura dual, onde o gesto se aproxima e desloca.<\/p>\n<p>As telas recorrem \u00e0 cor como linguagem, n\u00e3o como descri\u00e7\u00e3o. Tens\u00f5es crom\u00e1ticas sugerem movimento e instabilidade, enquanto rostos fragmentados parecem habitar um tempo n\u00e3o linear. A obra n\u00e3o apresenta uma narrativa linear, mas convoca presen\u00e7a m\u00faltiplas.<\/p>\n<p>A figura feminina assume papel central, n\u00e3o isolado, mas como continuidade silenciosa da hist\u00f3ria. Ao atravessar o \u00faltimo canto, reconfigura o fecho da epopeia, destacando uma dimens\u00e3o que persiste para al\u00e9m do centro.<\/p>\n<h3>Mem\u00f3ria e leitura visual<\/h3>\n<p>A mem\u00f3ria impresso nas pinturas n\u00e3o \u00e9 monumental nem fixa. Ela \u00e9 fragmentada e afetiva, manifestando-se pela imagem. Cada tela atua como superf\u00edcie de inscri\u00e7\u00e3o de um passado que se reativa, mantendo um conflito por resolver.<\/p>\n<h3>Fecho como passagem<\/h3>\n<p>Ao aproximar o Canto X, o projeto n\u00e3o encerra, mas abre. O conjunto de fasc\u00edculos, associado ao trabalho de Carrascal\u00e3o, sugere que a vitalidade dos Lus\u00edadas depende de novas leituras em contextos diferentes.<\/p>\n<p>No conjunto, o \u00faltimo canto permanece como lugar de passagem, onde o encerramento n\u00e3o chega e a leitura continua a evoluir.<\/p>\n","protected":false},"excerpt":{"rendered":"<ul>\n<li>A aproxima\u00e7\u00e3o de Gabriela Carrascal\u00e3o ao Canto X n\u00e3o sugere desfecho, mas abre um movimento de reabertura.<\/li>\n<li>A pintura n\u00e3o \u00e9 apenas ilustra\u00e7\u00e3o do texto camoniano; convoca-o e devolve-o sob a forma de imagem, num gesto de leitura que tamb\u00e9m \u00e9 desloca\u00e7\u00e3o.<\/li>\n<li>A cor funciona como linguagem, com tens\u00f5es crom\u00e1ticas que sugerem movimento e instabilidade; as figuras aparecem fragmentadas e em suspens\u00e3o.<\/li>\n<li>A presen\u00e7a feminina \u00e9 central, funcionando como continuidade e representando uma dimens\u00e3o silenciosa da hist\u00f3ria que sustenta a narrativa fora do centro dominante.<\/li>\n<li>Encerrar o conjunto de fasc\u00edculos com Gabriela Carrascal\u00e3o revela que Os Lus\u00edadas depende de releituras em outros contextos e geografias, deixando o \u00faltimo canto como lugar de passagem.<\/li>\n<\/ul>\n","protected":false},"author":2,"featured_media":457330,"comment_status":"closed","ping_status":"closed","sticky":false,"template":"","format":"standard","meta":{"footnotes":""},"categories":[7375,7381],"tags":[8036,7756,8402,8304,2606,5553],"class_list":["post-457328","post","type-post","status-publish","format-standard","has-post-thumbnail","hentry","category-cultura","category-lazer","tag-_arte","tag-_cultura","tag-_memoria-publica","tag-_patrimonio-cultural","tag-camoes","tag-poesia"],"yoast_head":"<!-- This site is optimized with the Yoast SEO plugin v27.2 - https:\/\/yoast.com\/product\/yoast-seo-wordpress\/ -->\n<title>Gabriela Carrascal\u00e3o: O \u00faltimo canto como espa\u00e7o de mem\u00f3ria - Portal Tela Portugal<\/title>\n<meta name=\"robots\" content=\"index, follow, max-snippet:-1, max-image-preview:large, max-video-preview:-1\" \/>\n<meta property=\"og:locale\" content=\"pt_PT\" \/>\n<meta property=\"og:type\" content=\"article\" \/>\n<meta property=\"og:title\" content=\"Gabriela Carrascal\u00e3o: O \u00faltimo canto como espa\u00e7o de mem\u00f3ria - Portal Tela Portugal\" \/>\n<meta property=\"og:description\" content=\"A aproxima\u00e7\u00e3o de Gabriela Carrascal\u00e3o ao Canto X n\u00e3o sugere desfecho, mas abre um movimento de reabertura. A pintura n\u00e3o \u00e9 apenas ilustra\u00e7\u00e3o do texto camoniano; convoca-o e devolve-o sob a forma de imagem, num gesto de leitura que tamb\u00e9m \u00e9 desloca\u00e7\u00e3o. A cor funciona como linguagem, com tens\u00f5es crom\u00e1ticas que sugerem movimento e instabilidade; as figuras aparecem fragmentadas e em suspens\u00e3o. A presen\u00e7a feminina \u00e9 central, funcionando como continuidade e representando uma dimens\u00e3o silenciosa da hist\u00f3ria que sustenta a narrativa fora do centro dominante. Encerrar o conjunto de fasc\u00edculos com Gabriela Carrascal\u00e3o revela que Os Lus\u00edadas depende de releituras em outros contextos e geografias, deixando o \u00faltimo canto como lugar de passagem.\" \/>\n<meta property=\"og:url\" content=\"https:\/\/portaltela.pt\/noticias\/2026\/04\/24\/gabriela-carrascalao-o-ultimo-canto-como-espaco-de-memoria\/\" \/>\n<meta property=\"og:site_name\" content=\"Portal Tela Portugal\" \/>\n<meta property=\"article:published_time\" content=\"2026-04-24T09:47:39+00:00\" \/>\n<meta name=\"author\" content=\"Telinha\" \/>\n<meta name=\"twitter:card\" content=\"summary_large_image\" \/>\n<meta name=\"twitter:label1\" content=\"Escrito por\" \/>\n\t<meta name=\"twitter:data1\" content=\"Telinha\" \/>\n\t<meta name=\"twitter:label2\" content=\"Tempo estimado de leitura\" \/>\n\t<meta name=\"twitter:data2\" content=\"1 minuto\" \/>\n<script type=\"application\/ld+json\" class=\"yoast-schema-graph\">{\"@context\":\"https:\/\/schema.org\",\"@graph\":[{\"@type\":\"Article\",\"@id\":\"https:\/\/portaltela.pt\/noticias\/2026\/04\/24\/gabriela-carrascalao-o-ultimo-canto-como-espaco-de-memoria\/#article\",\"isPartOf\":{\"@id\":\"https:\/\/portaltela.pt\/noticias\/2026\/04\/24\/gabriela-carrascalao-o-ultimo-canto-como-espaco-de-memoria\/\"},\"author\":{\"name\":\"Telinha\",\"@id\":\"https:\/\/portaltela.pt\/#\/schema\/person\/c4278d4a6028830caff9ee44b42d32ed\"},\"headline\":\"Gabriela Carrascal\u00e3o: O \u00faltimo canto como espa\u00e7o de mem\u00f3ria\",\"datePublished\":\"2026-04-24T09:47:39+00:00\",\"mainEntityOfPage\":{\"@id\":\"https:\/\/portaltela.pt\/noticias\/2026\/04\/24\/gabriela-carrascalao-o-ultimo-canto-como-espaco-de-memoria\/\"},\"wordCount\":280,\"image\":{\"@id\":\"https:\/\/portaltela.pt\/noticias\/2026\/04\/24\/gabriela-carrascalao-o-ultimo-canto-como-espaco-de-memoria\/#primaryimage\"},\"thumbnailUrl\":\"https:\/\/portaltela.pt\/s.01k8rhncp4jt1\/2026\/04\/2083531.jpg\",\"keywords\":[\"_arte\",\"_cultura\",\"_mem\u00f3ria p\u00fablica\",\"_Patrim\u00f3nio Cultural\",\"Cam\u00f5es\",\"poesia\"],\"articleSection\":[\"Cultura\",\"Lazer\"],\"inLanguage\":\"pt-PT\"},{\"@type\":\"WebPage\",\"@id\":\"https:\/\/portaltela.pt\/noticias\/2026\/04\/24\/gabriela-carrascalao-o-ultimo-canto-como-espaco-de-memoria\/\",\"url\":\"https:\/\/portaltela.pt\/noticias\/2026\/04\/24\/gabriela-carrascalao-o-ultimo-canto-como-espaco-de-memoria\/\",\"name\":\"Gabriela Carrascal\u00e3o: O \u00faltimo canto como espa\u00e7o de mem\u00f3ria - Portal Tela Portugal\",\"isPartOf\":{\"@id\":\"https:\/\/portaltela.pt\/#website\"},\"primaryImageOfPage\":{\"@id\":\"https:\/\/portaltela.pt\/noticias\/2026\/04\/24\/gabriela-carrascalao-o-ultimo-canto-como-espaco-de-memoria\/#primaryimage\"},\"image\":{\"@id\":\"https:\/\/portaltela.pt\/noticias\/2026\/04\/24\/gabriela-carrascalao-o-ultimo-canto-como-espaco-de-memoria\/#primaryimage\"},\"thumbnailUrl\":\"https:\/\/portaltela.pt\/s.01k8rhncp4jt1\/2026\/04\/2083531.jpg\",\"datePublished\":\"2026-04-24T09:47:39+00:00\",\"author\":{\"@id\":\"https:\/\/portaltela.pt\/#\/schema\/person\/c4278d4a6028830caff9ee44b42d32ed\"},\"breadcrumb\":{\"@id\":\"https:\/\/portaltela.pt\/noticias\/2026\/04\/24\/gabriela-carrascalao-o-ultimo-canto-como-espaco-de-memoria\/#breadcrumb\"},\"inLanguage\":\"pt-PT\",\"potentialAction\":[{\"@type\":\"ReadAction\",\"target\":[\"https:\/\/portaltela.pt\/noticias\/2026\/04\/24\/gabriela-carrascalao-o-ultimo-canto-como-espaco-de-memoria\/\"]}]},{\"@type\":\"ImageObject\",\"inLanguage\":\"pt-PT\",\"@id\":\"https:\/\/portaltela.pt\/noticias\/2026\/04\/24\/gabriela-carrascalao-o-ultimo-canto-como-espaco-de-memoria\/#primaryimage\",\"url\":\"https:\/\/portaltela.pt\/s.01k8rhncp4jt1\/2026\/04\/2083531.jpg\",\"contentUrl\":\"https:\/\/portaltela.pt\/s.01k8rhncp4jt1\/2026\/04\/2083531.jpg\",\"width\":796,\"height\":448,\"caption\":\"Photo\"},{\"@type\":\"BreadcrumbList\",\"@id\":\"https:\/\/portaltela.pt\/noticias\/2026\/04\/24\/gabriela-carrascalao-o-ultimo-canto-como-espaco-de-memoria\/#breadcrumb\",\"itemListElement\":[{\"@type\":\"ListItem\",\"position\":1,\"name\":\"In\u00edcio\",\"item\":\"https:\/\/portaltela.pt\/\"},{\"@type\":\"ListItem\",\"position\":2,\"name\":\"Gabriela Carrascal\u00e3o: O \u00faltimo canto como espa\u00e7o de mem\u00f3ria\"}]},{\"@type\":\"WebSite\",\"@id\":\"https:\/\/portaltela.pt\/#website\",\"url\":\"https:\/\/portaltela.pt\/\",\"name\":\"Portal Tela Portugal\",\"description\":\"\",\"potentialAction\":[{\"@type\":\"SearchAction\",\"target\":{\"@type\":\"EntryPoint\",\"urlTemplate\":\"https:\/\/portaltela.pt\/?s={search_term_string}\"},\"query-input\":{\"@type\":\"PropertyValueSpecification\",\"valueRequired\":true,\"valueName\":\"search_term_string\"}}],\"inLanguage\":\"pt-PT\"},{\"@type\":\"Person\",\"@id\":\"https:\/\/portaltela.pt\/#\/schema\/person\/c4278d4a6028830caff9ee44b42d32ed\",\"name\":\"Telinha\",\"image\":{\"@type\":\"ImageObject\",\"inLanguage\":\"pt-PT\",\"@id\":\"https:\/\/portaltela.pt\/s.01k8rhncp4jt1\/2025\/11\/talking-bot-125x125.png\",\"url\":\"https:\/\/portaltela.pt\/s.01k8rhncp4jt1\/2025\/11\/talking-bot-125x125.png\",\"contentUrl\":\"https:\/\/portaltela.pt\/s.01k8rhncp4jt1\/2025\/11\/talking-bot-125x125.png\",\"caption\":\"Telinha\"},\"sameAs\":[\"https:\/\/portaltela.pt\/\"],\"url\":\"https:\/\/portaltela.pt\/por\/367410592786\/\"}]}<\/script>\n<!-- \/ Yoast SEO plugin. -->","yoast_head_json":{"title":"Gabriela Carrascal\u00e3o: O \u00faltimo canto como espa\u00e7o de mem\u00f3ria - Portal Tela Portugal","robots":{"index":"index","follow":"follow","max-snippet":"max-snippet:-1","max-image-preview":"max-image-preview:large","max-video-preview":"max-video-preview:-1"},"og_locale":"pt_PT","og_type":"article","og_title":"Gabriela Carrascal\u00e3o: O \u00faltimo canto como espa\u00e7o de mem\u00f3ria - Portal Tela Portugal","og_description":"A aproxima\u00e7\u00e3o de Gabriela Carrascal\u00e3o ao Canto X n\u00e3o sugere desfecho, mas abre um movimento de reabertura. A pintura n\u00e3o \u00e9 apenas ilustra\u00e7\u00e3o do texto camoniano; convoca-o e devolve-o sob a forma de imagem, num gesto de leitura que tamb\u00e9m \u00e9 desloca\u00e7\u00e3o. A cor funciona como linguagem, com tens\u00f5es crom\u00e1ticas que sugerem movimento e instabilidade; as figuras aparecem fragmentadas e em suspens\u00e3o. A presen\u00e7a feminina \u00e9 central, funcionando como continuidade e representando uma dimens\u00e3o silenciosa da hist\u00f3ria que sustenta a narrativa fora do centro dominante. Encerrar o conjunto de fasc\u00edculos com Gabriela Carrascal\u00e3o revela que Os Lus\u00edadas depende de releituras em outros contextos e geografias, deixando o \u00faltimo canto como lugar de passagem.","og_url":"https:\/\/portaltela.pt\/noticias\/2026\/04\/24\/gabriela-carrascalao-o-ultimo-canto-como-espaco-de-memoria\/","og_site_name":"Portal Tela Portugal","article_published_time":"2026-04-24T09:47:39+00:00","author":"Telinha","twitter_card":"summary_large_image","twitter_misc":{"Escrito por":"Telinha","Tempo estimado de leitura":"1 minuto"},"schema":{"@context":"https:\/\/schema.org","@graph":[{"@type":"Article","@id":"https:\/\/portaltela.pt\/noticias\/2026\/04\/24\/gabriela-carrascalao-o-ultimo-canto-como-espaco-de-memoria\/#article","isPartOf":{"@id":"https:\/\/portaltela.pt\/noticias\/2026\/04\/24\/gabriela-carrascalao-o-ultimo-canto-como-espaco-de-memoria\/"},"author":{"name":"Telinha","@id":"https:\/\/portaltela.pt\/#\/schema\/person\/c4278d4a6028830caff9ee44b42d32ed"},"headline":"Gabriela Carrascal\u00e3o: O \u00faltimo canto como espa\u00e7o de mem\u00f3ria","datePublished":"2026-04-24T09:47:39+00:00","mainEntityOfPage":{"@id":"https:\/\/portaltela.pt\/noticias\/2026\/04\/24\/gabriela-carrascalao-o-ultimo-canto-como-espaco-de-memoria\/"},"wordCount":280,"image":{"@id":"https:\/\/portaltela.pt\/noticias\/2026\/04\/24\/gabriela-carrascalao-o-ultimo-canto-como-espaco-de-memoria\/#primaryimage"},"thumbnailUrl":"https:\/\/portaltela.pt\/s.01k8rhncp4jt1\/2026\/04\/2083531.jpg","keywords":["_arte","_cultura","_mem\u00f3ria p\u00fablica","_Patrim\u00f3nio Cultural","Cam\u00f5es","poesia"],"articleSection":["Cultura","Lazer"],"inLanguage":"pt-PT"},{"@type":"WebPage","@id":"https:\/\/portaltela.pt\/noticias\/2026\/04\/24\/gabriela-carrascalao-o-ultimo-canto-como-espaco-de-memoria\/","url":"https:\/\/portaltela.pt\/noticias\/2026\/04\/24\/gabriela-carrascalao-o-ultimo-canto-como-espaco-de-memoria\/","name":"Gabriela Carrascal\u00e3o: O \u00faltimo canto como espa\u00e7o de mem\u00f3ria - Portal Tela Portugal","isPartOf":{"@id":"https:\/\/portaltela.pt\/#website"},"primaryImageOfPage":{"@id":"https:\/\/portaltela.pt\/noticias\/2026\/04\/24\/gabriela-carrascalao-o-ultimo-canto-como-espaco-de-memoria\/#primaryimage"},"image":{"@id":"https:\/\/portaltela.pt\/noticias\/2026\/04\/24\/gabriela-carrascalao-o-ultimo-canto-como-espaco-de-memoria\/#primaryimage"},"thumbnailUrl":"https:\/\/portaltela.pt\/s.01k8rhncp4jt1\/2026\/04\/2083531.jpg","datePublished":"2026-04-24T09:47:39+00:00","author":{"@id":"https:\/\/portaltela.pt\/#\/schema\/person\/c4278d4a6028830caff9ee44b42d32ed"},"breadcrumb":{"@id":"https:\/\/portaltela.pt\/noticias\/2026\/04\/24\/gabriela-carrascalao-o-ultimo-canto-como-espaco-de-memoria\/#breadcrumb"},"inLanguage":"pt-PT","potentialAction":[{"@type":"ReadAction","target":["https:\/\/portaltela.pt\/noticias\/2026\/04\/24\/gabriela-carrascalao-o-ultimo-canto-como-espaco-de-memoria\/"]}]},{"@type":"ImageObject","inLanguage":"pt-PT","@id":"https:\/\/portaltela.pt\/noticias\/2026\/04\/24\/gabriela-carrascalao-o-ultimo-canto-como-espaco-de-memoria\/#primaryimage","url":"https:\/\/portaltela.pt\/s.01k8rhncp4jt1\/2026\/04\/2083531.jpg","contentUrl":"https:\/\/portaltela.pt\/s.01k8rhncp4jt1\/2026\/04\/2083531.jpg","width":796,"height":448,"caption":"Photo"},{"@type":"BreadcrumbList","@id":"https:\/\/portaltela.pt\/noticias\/2026\/04\/24\/gabriela-carrascalao-o-ultimo-canto-como-espaco-de-memoria\/#breadcrumb","itemListElement":[{"@type":"ListItem","position":1,"name":"In\u00edcio","item":"https:\/\/portaltela.pt\/"},{"@type":"ListItem","position":2,"name":"Gabriela Carrascal\u00e3o: O \u00faltimo canto como espa\u00e7o de mem\u00f3ria"}]},{"@type":"WebSite","@id":"https:\/\/portaltela.pt\/#website","url":"https:\/\/portaltela.pt\/","name":"Portal Tela Portugal","description":"","potentialAction":[{"@type":"SearchAction","target":{"@type":"EntryPoint","urlTemplate":"https:\/\/portaltela.pt\/?s={search_term_string}"},"query-input":{"@type":"PropertyValueSpecification","valueRequired":true,"valueName":"search_term_string"}}],"inLanguage":"pt-PT"},{"@type":"Person","@id":"https:\/\/portaltela.pt\/#\/schema\/person\/c4278d4a6028830caff9ee44b42d32ed","name":"Telinha","image":{"@type":"ImageObject","inLanguage":"pt-PT","@id":"https:\/\/portaltela.pt\/s.01k8rhncp4jt1\/2025\/11\/talking-bot-125x125.png","url":"https:\/\/portaltela.pt\/s.01k8rhncp4jt1\/2025\/11\/talking-bot-125x125.png","contentUrl":"https:\/\/portaltela.pt\/s.01k8rhncp4jt1\/2025\/11\/talking-bot-125x125.png","caption":"Telinha"},"sameAs":["https:\/\/portaltela.pt\/"],"url":"https:\/\/portaltela.pt\/por\/367410592786\/"}]}},"_links":{"self":[{"href":"https:\/\/portaltela.pt\/api\/wp\/v2\/posts\/457328","targetHints":{"allow":["GET"]}}],"collection":[{"href":"https:\/\/portaltela.pt\/api\/wp\/v2\/posts"}],"about":[{"href":"https:\/\/portaltela.pt\/api\/wp\/v2\/types\/post"}],"author":[{"embeddable":true,"href":"https:\/\/portaltela.pt\/api\/wp\/v2\/users\/2"}],"replies":[{"embeddable":true,"href":"https:\/\/portaltela.pt\/api\/wp\/v2\/comments?post=457328"}],"version-history":[{"count":0,"href":"https:\/\/portaltela.pt\/api\/wp\/v2\/posts\/457328\/revisions"}],"wp:featuredmedia":[{"embeddable":true,"href":"https:\/\/portaltela.pt\/api\/wp\/v2\/media\/457330"}],"wp:attachment":[{"href":"https:\/\/portaltela.pt\/api\/wp\/v2\/media?parent=457328"}],"wp:term":[{"taxonomy":"category","embeddable":true,"href":"https:\/\/portaltela.pt\/api\/wp\/v2\/categories?post=457328"},{"taxonomy":"post_tag","embeddable":true,"href":"https:\/\/portaltela.pt\/api\/wp\/v2\/tags?post=457328"}],"curies":[{"name":"wp","href":"https:\/\/api.w.org\/{rel}","templated":true}]}}