{"id":457327,"date":"2026-04-24T06:47:37","date_gmt":"2026-04-24T09:47:37","guid":{"rendered":"https:\/\/portaltela.pt\/noticias\/2026\/04\/24\/lucros-do-grupo-volvo-recuam-17-ate-marco-para-770-m\/"},"modified":"2026-04-24T06:47:37","modified_gmt":"2026-04-24T09:47:37","slug":"lucros-do-grupo-volvo-recuam-17-ate-marco-para-770-m","status":"publish","type":"post","link":"https:\/\/portaltela.pt\/noticias\/economia\/2026\/04\/24\/lucros-do-grupo-volvo-recuam-17-ate-marco-para-770-m\/","title":{"rendered":"Lucros do Grupo Volvo recuam 17% at\u00e9 mar\u00e7o para 770 M\u20ac"},"content":{"rendered":"<p>O Grupo Volvo, fabricante sueco de cami\u00f5es, autocarros e maquinaria pesada, tornou p\u00fablica a sua situa\u00e7\u00e3o financeira at\u00e9 mar\u00e7o. Registou lucros de 8,317 mil milh\u00f5es de coroas suecas, equivalente a 770 milh\u00f5es de euros. A queda em rela\u00e7\u00e3o ao mesmo per\u00edodo do ano anterior foi de 17%.<\/p>\n<p>Segundo o relat\u00f3rio, o resultado reflete a evolu\u00e7\u00e3o de mercados e a procura em setores-chave, sem detalhar n\u00fameros adicionais de cada \u00e1rea de neg\u00f3cio. A empresa mant\u00e9m a expectativa de desempenho para o ano, dependendo de condi\u00e7\u00f5es macroecon\u00f3micas.<\/p>\n<p>O an\u00fancio foi feito hoje pela administra\u00e7\u00e3o do Grupo Volvo. Os dados referem-se ao primeiro trimestre, com foco na compara\u00e7\u00e3o hom\u00f3loga e na varia\u00e7\u00e3o de lucros em moeda local.<\/p>\n","protected":false},"excerpt":{"rendered":"<ul>\n<li>O Grupo Volvo, da Su\u00e9cia, que fabrica cami\u00f5es, autocarros e maquinaria pesada, anunciou os resultados at\u00e9 mar\u00e7o.<\/li>\n<li>Os lucros foram de 8.317 milh\u00f5es de coroas suecas (770 milh\u00f5es de euros).<\/li>\n<li>Isto representa uma queda de 17% em rela\u00e7\u00e3o ao mesmo per\u00edodo do ano anterior.<\/li>\n<li>O an\u00fancio foi feito hoje.<\/li>\n<\/ul>\n","protected":false},"author":2,"featured_media":457331,"comment_status":"closed","ping_status":"closed","sticky":false,"template":"","format":"standard","meta":{"footnotes":""},"categories":[2,6735],"tags":[28,2697,255,316,6502,192],"class_list":["post-457327","post","type-post","status-publish","format-standard","has-post-thumbnail","hentry","category-economia","category-negocios","tag-economia","tag-empresas","tag-industria","tag-investimento","tag-mercados","tag-transporte"],"yoast_head":"<!-- This site is optimized with the Yoast SEO plugin v27.2 - https:\/\/yoast.com\/product\/yoast-seo-wordpress\/ -->\n<title>Lucros do Grupo Volvo recuam 17% at\u00e9 mar\u00e7o para 770 M\u20ac - Portal Tela Portugal<\/title>\n<meta name=\"robots\" content=\"index, follow, max-snippet:-1, max-image-preview:large, max-video-preview:-1\" \/>\n<meta property=\"og:locale\" content=\"pt_PT\" \/>\n<meta property=\"og:type\" content=\"article\" \/>\n<meta property=\"og:title\" content=\"Lucros do Grupo Volvo recuam 17% at\u00e9 mar\u00e7o para 770 M\u20ac - Portal Tela Portugal\" \/>\n<meta property=\"og:description\" content=\"O Grupo Volvo, da Su\u00e9cia, que fabrica cami\u00f5es, autocarros e maquinaria pesada, anunciou os resultados at\u00e9 mar\u00e7o. Os lucros foram de 8.317 milh\u00f5es de coroas suecas (770 milh\u00f5es de euros). Isto representa uma queda de 17% em rela\u00e7\u00e3o ao mesmo per\u00edodo do ano anterior. O an\u00fancio foi feito hoje.\" \/>\n<meta property=\"og:url\" content=\"https:\/\/portaltela.pt\/noticias\/2026\/04\/24\/lucros-do-grupo-volvo-recuam-17-ate-marco-para-770-m\/\" \/>\n<meta property=\"og:site_name\" content=\"Portal Tela Portugal\" \/>\n<meta property=\"article:published_time\" content=\"2026-04-24T09:47:37+00:00\" \/>\n<meta name=\"author\" content=\"Telinha\" \/>\n<meta name=\"twitter:card\" content=\"summary_large_image\" \/>\n<meta name=\"twitter:label1\" content=\"Escrito por\" \/>\n\t<meta name=\"twitter:data1\" content=\"Telinha\" \/>\n\t<meta name=\"twitter:label2\" content=\"Tempo estimado de leitura\" \/>\n\t<meta name=\"twitter:data2\" content=\"1 minuto\" \/>\n<script type=\"application\/ld+json\" class=\"yoast-schema-graph\">{\"@context\":\"https:\/\/schema.org\",\"@graph\":[{\"@type\":\"Article\",\"@id\":\"https:\/\/portaltela.pt\/noticias\/2026\/04\/24\/lucros-do-grupo-volvo-recuam-17-ate-marco-para-770-m\/#article\",\"isPartOf\":{\"@id\":\"https:\/\/portaltela.pt\/noticias\/2026\/04\/24\/lucros-do-grupo-volvo-recuam-17-ate-marco-para-770-m\/\"},\"author\":{\"name\":\"Telinha\",\"@id\":\"https:\/\/portaltela.pt\/#\/schema\/person\/c4278d4a6028830caff9ee44b42d32ed\"},\"headline\":\"Lucros do Grupo Volvo recuam 17% at\u00e9 mar\u00e7o para 770 M\u20ac\",\"datePublished\":\"2026-04-24T09:47:37+00:00\",\"mainEntityOfPage\":{\"@id\":\"https:\/\/portaltela.pt\/noticias\/2026\/04\/24\/lucros-do-grupo-volvo-recuam-17-ate-marco-para-770-m\/\"},\"wordCount\":141,\"image\":{\"@id\":\"https:\/\/portaltela.pt\/noticias\/2026\/04\/24\/lucros-do-grupo-volvo-recuam-17-ate-marco-para-770-m\/#primaryimage\"},\"thumbnailUrl\":\"https:\/\/portaltela.pt\/s.01k8rhncp4jt1\/2026\/04\/CACHE_780X1200_ANALOG_WATERMARKED_45684047_587267319311617.jpg\",\"keywords\":[\"economia\",\"empresas\",\"ind\u00fastria\",\"investimento\",\"mercados\",\"transporte\"],\"articleSection\":[\"Economia\",\"Neg\u00f3cios\"],\"inLanguage\":\"pt-PT\"},{\"@type\":\"WebPage\",\"@id\":\"https:\/\/portaltela.pt\/noticias\/2026\/04\/24\/lucros-do-grupo-volvo-recuam-17-ate-marco-para-770-m\/\",\"url\":\"https:\/\/portaltela.pt\/noticias\/2026\/04\/24\/lucros-do-grupo-volvo-recuam-17-ate-marco-para-770-m\/\",\"name\":\"Lucros do Grupo Volvo recuam 17% at\u00e9 mar\u00e7o para 770 M\u20ac - Portal Tela Portugal\",\"isPartOf\":{\"@id\":\"https:\/\/portaltela.pt\/#website\"},\"primaryImageOfPage\":{\"@id\":\"https:\/\/portaltela.pt\/noticias\/2026\/04\/24\/lucros-do-grupo-volvo-recuam-17-ate-marco-para-770-m\/#primaryimage\"},\"image\":{\"@id\":\"https:\/\/portaltela.pt\/noticias\/2026\/04\/24\/lucros-do-grupo-volvo-recuam-17-ate-marco-para-770-m\/#primaryimage\"},\"thumbnailUrl\":\"https:\/\/portaltela.pt\/s.01k8rhncp4jt1\/2026\/04\/CACHE_780X1200_ANALOG_WATERMARKED_45684047_587267319311617.jpg\",\"datePublished\":\"2026-04-24T09:47:37+00:00\",\"author\":{\"@id\":\"https:\/\/portaltela.pt\/#\/schema\/person\/c4278d4a6028830caff9ee44b42d32ed\"},\"breadcrumb\":{\"@id\":\"https:\/\/portaltela.pt\/noticias\/2026\/04\/24\/lucros-do-grupo-volvo-recuam-17-ate-marco-para-770-m\/#breadcrumb\"},\"inLanguage\":\"pt-PT\",\"potentialAction\":[{\"@type\":\"ReadAction\",\"target\":[\"https:\/\/portaltela.pt\/noticias\/2026\/04\/24\/lucros-do-grupo-volvo-recuam-17-ate-marco-para-770-m\/\"]}]},{\"@type\":\"ImageObject\",\"inLanguage\":\"pt-PT\",\"@id\":\"https:\/\/portaltela.pt\/noticias\/2026\/04\/24\/lucros-do-grupo-volvo-recuam-17-ate-marco-para-770-m\/#primaryimage\",\"url\":\"https:\/\/portaltela.pt\/s.01k8rhncp4jt1\/2026\/04\/CACHE_780X1200_ANALOG_WATERMARKED_45684047_587267319311617.jpg\",\"contentUrl\":\"https:\/\/portaltela.pt\/s.01k8rhncp4jt1\/2026\/04\/CACHE_780X1200_ANALOG_WATERMARKED_45684047_587267319311617.jpg\",\"width\":796,\"height\":448,\"caption\":\"Lucros do Grupo Volvo recuam 17% at\u00e9 mar\u00e7o para 770 ME\"},{\"@type\":\"BreadcrumbList\",\"@id\":\"https:\/\/portaltela.pt\/noticias\/2026\/04\/24\/lucros-do-grupo-volvo-recuam-17-ate-marco-para-770-m\/#breadcrumb\",\"itemListElement\":[{\"@type\":\"ListItem\",\"position\":1,\"name\":\"In\u00edcio\",\"item\":\"https:\/\/portaltela.pt\/\"},{\"@type\":\"ListItem\",\"position\":2,\"name\":\"Lucros do Grupo Volvo recuam 17% at\u00e9 mar\u00e7o para 770 M\u20ac\"}]},{\"@type\":\"WebSite\",\"@id\":\"https:\/\/portaltela.pt\/#website\",\"url\":\"https:\/\/portaltela.pt\/\",\"name\":\"Portal Tela Portugal\",\"description\":\"\",\"potentialAction\":[{\"@type\":\"SearchAction\",\"target\":{\"@type\":\"EntryPoint\",\"urlTemplate\":\"https:\/\/portaltela.pt\/?s={search_term_string}\"},\"query-input\":{\"@type\":\"PropertyValueSpecification\",\"valueRequired\":true,\"valueName\":\"search_term_string\"}}],\"inLanguage\":\"pt-PT\"},{\"@type\":\"Person\",\"@id\":\"https:\/\/portaltela.pt\/#\/schema\/person\/c4278d4a6028830caff9ee44b42d32ed\",\"name\":\"Telinha\",\"image\":{\"@type\":\"ImageObject\",\"inLanguage\":\"pt-PT\",\"@id\":\"https:\/\/portaltela.pt\/s.01k8rhncp4jt1\/2025\/11\/talking-bot-125x125.png\",\"url\":\"https:\/\/portaltela.pt\/s.01k8rhncp4jt1\/2025\/11\/talking-bot-125x125.png\",\"contentUrl\":\"https:\/\/portaltela.pt\/s.01k8rhncp4jt1\/2025\/11\/talking-bot-125x125.png\",\"caption\":\"Telinha\"},\"sameAs\":[\"https:\/\/portaltela.pt\/\"],\"url\":\"https:\/\/portaltela.pt\/por\/367410592786\/\"}]}<\/script>\n<!-- \/ Yoast SEO plugin. -->","yoast_head_json":{"title":"Lucros do Grupo Volvo recuam 17% at\u00e9 mar\u00e7o para 770 M\u20ac - Portal Tela Portugal","robots":{"index":"index","follow":"follow","max-snippet":"max-snippet:-1","max-image-preview":"max-image-preview:large","max-video-preview":"max-video-preview:-1"},"og_locale":"pt_PT","og_type":"article","og_title":"Lucros do Grupo Volvo recuam 17% at\u00e9 mar\u00e7o para 770 M\u20ac - Portal Tela Portugal","og_description":"O Grupo Volvo, da Su\u00e9cia, que fabrica cami\u00f5es, autocarros e maquinaria pesada, anunciou os resultados at\u00e9 mar\u00e7o. Os lucros foram de 8.317 milh\u00f5es de coroas suecas (770 milh\u00f5es de euros). Isto representa uma queda de 17% em rela\u00e7\u00e3o ao mesmo per\u00edodo do ano anterior. O an\u00fancio foi feito hoje.","og_url":"https:\/\/portaltela.pt\/noticias\/2026\/04\/24\/lucros-do-grupo-volvo-recuam-17-ate-marco-para-770-m\/","og_site_name":"Portal Tela Portugal","article_published_time":"2026-04-24T09:47:37+00:00","author":"Telinha","twitter_card":"summary_large_image","twitter_misc":{"Escrito por":"Telinha","Tempo estimado de leitura":"1 minuto"},"schema":{"@context":"https:\/\/schema.org","@graph":[{"@type":"Article","@id":"https:\/\/portaltela.pt\/noticias\/2026\/04\/24\/lucros-do-grupo-volvo-recuam-17-ate-marco-para-770-m\/#article","isPartOf":{"@id":"https:\/\/portaltela.pt\/noticias\/2026\/04\/24\/lucros-do-grupo-volvo-recuam-17-ate-marco-para-770-m\/"},"author":{"name":"Telinha","@id":"https:\/\/portaltela.pt\/#\/schema\/person\/c4278d4a6028830caff9ee44b42d32ed"},"headline":"Lucros do Grupo Volvo recuam 17% at\u00e9 mar\u00e7o para 770 M\u20ac","datePublished":"2026-04-24T09:47:37+00:00","mainEntityOfPage":{"@id":"https:\/\/portaltela.pt\/noticias\/2026\/04\/24\/lucros-do-grupo-volvo-recuam-17-ate-marco-para-770-m\/"},"wordCount":141,"image":{"@id":"https:\/\/portaltela.pt\/noticias\/2026\/04\/24\/lucros-do-grupo-volvo-recuam-17-ate-marco-para-770-m\/#primaryimage"},"thumbnailUrl":"https:\/\/portaltela.pt\/s.01k8rhncp4jt1\/2026\/04\/CACHE_780X1200_ANALOG_WATERMARKED_45684047_587267319311617.jpg","keywords":["economia","empresas","ind\u00fastria","investimento","mercados","transporte"],"articleSection":["Economia","Neg\u00f3cios"],"inLanguage":"pt-PT"},{"@type":"WebPage","@id":"https:\/\/portaltela.pt\/noticias\/2026\/04\/24\/lucros-do-grupo-volvo-recuam-17-ate-marco-para-770-m\/","url":"https:\/\/portaltela.pt\/noticias\/2026\/04\/24\/lucros-do-grupo-volvo-recuam-17-ate-marco-para-770-m\/","name":"Lucros do Grupo Volvo recuam 17% at\u00e9 mar\u00e7o para 770 M\u20ac - Portal Tela Portugal","isPartOf":{"@id":"https:\/\/portaltela.pt\/#website"},"primaryImageOfPage":{"@id":"https:\/\/portaltela.pt\/noticias\/2026\/04\/24\/lucros-do-grupo-volvo-recuam-17-ate-marco-para-770-m\/#primaryimage"},"image":{"@id":"https:\/\/portaltela.pt\/noticias\/2026\/04\/24\/lucros-do-grupo-volvo-recuam-17-ate-marco-para-770-m\/#primaryimage"},"thumbnailUrl":"https:\/\/portaltela.pt\/s.01k8rhncp4jt1\/2026\/04\/CACHE_780X1200_ANALOG_WATERMARKED_45684047_587267319311617.jpg","datePublished":"2026-04-24T09:47:37+00:00","author":{"@id":"https:\/\/portaltela.pt\/#\/schema\/person\/c4278d4a6028830caff9ee44b42d32ed"},"breadcrumb":{"@id":"https:\/\/portaltela.pt\/noticias\/2026\/04\/24\/lucros-do-grupo-volvo-recuam-17-ate-marco-para-770-m\/#breadcrumb"},"inLanguage":"pt-PT","potentialAction":[{"@type":"ReadAction","target":["https:\/\/portaltela.pt\/noticias\/2026\/04\/24\/lucros-do-grupo-volvo-recuam-17-ate-marco-para-770-m\/"]}]},{"@type":"ImageObject","inLanguage":"pt-PT","@id":"https:\/\/portaltela.pt\/noticias\/2026\/04\/24\/lucros-do-grupo-volvo-recuam-17-ate-marco-para-770-m\/#primaryimage","url":"https:\/\/portaltela.pt\/s.01k8rhncp4jt1\/2026\/04\/CACHE_780X1200_ANALOG_WATERMARKED_45684047_587267319311617.jpg","contentUrl":"https:\/\/portaltela.pt\/s.01k8rhncp4jt1\/2026\/04\/CACHE_780X1200_ANALOG_WATERMARKED_45684047_587267319311617.jpg","width":796,"height":448,"caption":"Lucros do Grupo Volvo recuam 17% at\u00e9 mar\u00e7o para 770 ME"},{"@type":"BreadcrumbList","@id":"https:\/\/portaltela.pt\/noticias\/2026\/04\/24\/lucros-do-grupo-volvo-recuam-17-ate-marco-para-770-m\/#breadcrumb","itemListElement":[{"@type":"ListItem","position":1,"name":"In\u00edcio","item":"https:\/\/portaltela.pt\/"},{"@type":"ListItem","position":2,"name":"Lucros do Grupo Volvo recuam 17% at\u00e9 mar\u00e7o para 770 M\u20ac"}]},{"@type":"WebSite","@id":"https:\/\/portaltela.pt\/#website","url":"https:\/\/portaltela.pt\/","name":"Portal Tela Portugal","description":"","potentialAction":[{"@type":"SearchAction","target":{"@type":"EntryPoint","urlTemplate":"https:\/\/portaltela.pt\/?s={search_term_string}"},"query-input":{"@type":"PropertyValueSpecification","valueRequired":true,"valueName":"search_term_string"}}],"inLanguage":"pt-PT"},{"@type":"Person","@id":"https:\/\/portaltela.pt\/#\/schema\/person\/c4278d4a6028830caff9ee44b42d32ed","name":"Telinha","image":{"@type":"ImageObject","inLanguage":"pt-PT","@id":"https:\/\/portaltela.pt\/s.01k8rhncp4jt1\/2025\/11\/talking-bot-125x125.png","url":"https:\/\/portaltela.pt\/s.01k8rhncp4jt1\/2025\/11\/talking-bot-125x125.png","contentUrl":"https:\/\/portaltela.pt\/s.01k8rhncp4jt1\/2025\/11\/talking-bot-125x125.png","caption":"Telinha"},"sameAs":["https:\/\/portaltela.pt\/"],"url":"https:\/\/portaltela.pt\/por\/367410592786\/"}]}},"_links":{"self":[{"href":"https:\/\/portaltela.pt\/api\/wp\/v2\/posts\/457327","targetHints":{"allow":["GET"]}}],"collection":[{"href":"https:\/\/portaltela.pt\/api\/wp\/v2\/posts"}],"about":[{"href":"https:\/\/portaltela.pt\/api\/wp\/v2\/types\/post"}],"author":[{"embeddable":true,"href":"https:\/\/portaltela.pt\/api\/wp\/v2\/users\/2"}],"replies":[{"embeddable":true,"href":"https:\/\/portaltela.pt\/api\/wp\/v2\/comments?post=457327"}],"version-history":[{"count":0,"href":"https:\/\/portaltela.pt\/api\/wp\/v2\/posts\/457327\/revisions"}],"wp:featuredmedia":[{"embeddable":true,"href":"https:\/\/portaltela.pt\/api\/wp\/v2\/media\/457331"}],"wp:attachment":[{"href":"https:\/\/portaltela.pt\/api\/wp\/v2\/media?parent=457327"}],"wp:term":[{"taxonomy":"category","embeddable":true,"href":"https:\/\/portaltela.pt\/api\/wp\/v2\/categories?post=457327"},{"taxonomy":"post_tag","embeddable":true,"href":"https:\/\/portaltela.pt\/api\/wp\/v2\/tags?post=457327"}],"curies":[{"name":"wp","href":"https:\/\/api.w.org\/{rel}","templated":true}]}}