{"id":457312,"date":"2026-04-24T06:32:44","date_gmt":"2026-04-24T09:32:44","guid":{"rendered":"https:\/\/portaltela.pt\/noticias\/2026\/04\/24\/sanchez-reitera-lealdade-a-nato-perante-alegada-intencao-dos-eua-de-suspender-espanha\/"},"modified":"2026-04-24T06:32:44","modified_gmt":"2026-04-24T09:32:44","slug":"sanchez-reitera-lealdade-a-nato-perante-alegada-intencao-dos-eua-de-suspender-espanha","status":"publish","type":"post","link":"https:\/\/portaltela.pt\/internacionais\/2026\/04\/24\/sanchez-reitera-lealdade-a-nato-perante-alegada-intencao-dos-eua-de-suspender-espanha\/","title":{"rendered":"S\u00e1nchez reitera lealdade \u00e0 NATO perante alegada inten\u00e7\u00e3o dos EUA de suspender Espanha"},"content":{"rendered":"<p>O primeiro-ministro espanhol, Pedro S\u00e1nchez, reiterou a lealdade de Espanha \u00e0 NATO, no contexto de uma alegada inten\u00e7\u00e3o dos EUA de suspender o pa\u00eds. A situa\u00e7\u00e3o ganhou aten\u00e7\u00e3o ap\u00f3s a Reuters citar uma comunica\u00e7\u00e3o interna do Pent\u00e1gono.<\/p>\n<p>S\u00e1nchez afirmou que n\u00e3o trabalha com base em emails, apenas em documentos oficiais e nos posicionamentos do Governo dos EUA. Em Nic\u00f3sia, \u00e0 chegada ao Conselho Europeu no Chipre, frisou a coopera\u00e7\u00e3o de Espanha com a alian\u00e7a dentro do quadro da legalidade internacional.<\/p>\n<p>Segundo a Reuters, um email interno do Pent\u00e1gono descreve op\u00e7\u00f5es para punir aliados que n\u00e3o teriam apoiado opera\u00e7\u00f5es contra o Ir\u00e3o no fim de fevereiro. Entre as hip\u00f3teses estariam a suspens\u00e3o de Espanha na NATO e a\u00e7\u00f5es sobre a posi\u00e7\u00e3o brit\u00e2nica nas Ilhas Malvinas.<\/p>\n<h3>Contexto sobre o email interno do Pent\u00e1gono<\/h3>\n<p>Kingsley Wilson, porta-voz do Pent\u00e1gono, n\u00e3o fez coment\u00e1rios adicionais sobre delibera\u00e7\u00f5es internas. A ag\u00eancia destacou que a mensagem tamb\u00e9m aborda outras quest\u00f5es de alinhamento entre os Estados Unidos e aliados da NATO, sem apresentar detalhes t\u00e9cnicos.<\/p>\n<p>O Pent\u00e1gono indicou que o objetivo \u00e9 assegurar que os aliados cumpram plenamente os seus compromissos de defesa, sem especificar prazos ou planos operacionais. N\u00e3o houve confirma\u00e7\u00e3o de decis\u00f5es formais por parte dos EUA.<\/p>\n","protected":false},"excerpt":{"rendered":"<ul>\n<li>Um email interno do Departamento de Defesa dos EUA indica op\u00e7\u00f5es para punir aliados da NATO, incluindo a suspens\u00e3o de Espanha.<\/li>\n<li>O conte\u00fado foi citado pela ag\u00eancia Reuters, que mencionou uma fonte governamental norte-americana.<\/li>\n<li>O primeiro-ministro espanhol, Pedro S\u00e1nchez, afirmou que Espanha trabalha apenas com documentos oficiais e n\u00e3o com emails.<\/li>\n<li>S\u00e1nchez disse que n\u00e3o h\u00e1 discuss\u00e3o sobre o envolvimento de Espanha com a NATO e que o pa\u00eds cumpre todas as suas obriga\u00e7\u00f5es na alian\u00e7a.<\/li>\n<li>A porta-voz do Pent\u00e1gono, Kingsley Wilson, n\u00e3o comentou delibera\u00e7\u00f5es internas, referindo apenas que os EUA devem manter op\u00e7\u00f5es cred\u00edveis para assegurar o cumprimento dos aliados.<\/li>\n<\/ul>\n","protected":false},"author":2,"featured_media":457321,"comment_status":"closed","ping_status":"closed","sticky":false,"template":"","format":"standard","meta":{"footnotes":""},"categories":[6912],"tags":[2502,2189,1600,2487,3153,9528],"class_list":["post-457312","post","type-post","status-publish","format-standard","has-post-thumbnail","hentry","category-internacionais","tag-conselho-europeu","tag-espana","tag-estados-unidos","tag-europa","tag-ira","tag-otan"],"yoast_head":"<!-- This site is optimized with the Yoast SEO plugin v27.2 - https:\/\/yoast.com\/product\/yoast-seo-wordpress\/ -->\n<title>S\u00e1nchez reitera lealdade \u00e0 NATO perante alegada inten\u00e7\u00e3o dos EUA de suspender Espanha - Portal Tela Portugal<\/title>\n<meta name=\"robots\" content=\"index, follow, max-snippet:-1, max-image-preview:large, max-video-preview:-1\" \/>\n<meta property=\"og:locale\" content=\"pt_PT\" \/>\n<meta property=\"og:type\" content=\"article\" \/>\n<meta property=\"og:title\" content=\"S\u00e1nchez reitera lealdade \u00e0 NATO perante alegada inten\u00e7\u00e3o dos EUA de suspender Espanha - Portal Tela Portugal\" \/>\n<meta property=\"og:description\" content=\"Um email interno do Departamento de Defesa dos EUA indica op\u00e7\u00f5es para punir aliados da NATO, incluindo a suspens\u00e3o de Espanha. O conte\u00fado foi citado pela ag\u00eancia Reuters, que mencionou uma fonte governamental norte-americana. O primeiro-ministro espanhol, Pedro S\u00e1nchez, afirmou que Espanha trabalha apenas com documentos oficiais e n\u00e3o com emails. S\u00e1nchez disse que n\u00e3o h\u00e1 discuss\u00e3o sobre o envolvimento de Espanha com a NATO e que o pa\u00eds cumpre todas as suas obriga\u00e7\u00f5es na alian\u00e7a. A porta-voz do Pent\u00e1gono, Kingsley Wilson, n\u00e3o comentou delibera\u00e7\u00f5es internas, referindo apenas que os EUA devem manter op\u00e7\u00f5es cred\u00edveis para assegurar o cumprimento dos aliados.\" \/>\n<meta property=\"og:url\" content=\"https:\/\/portaltela.pt\/noticias\/2026\/04\/24\/sanchez-reitera-lealdade-a-nato-perante-alegada-intencao-dos-eua-de-suspender-espanha\/\" \/>\n<meta property=\"og:site_name\" content=\"Portal Tela Portugal\" \/>\n<meta property=\"article:published_time\" content=\"2026-04-24T09:32:44+00:00\" \/>\n<meta name=\"author\" content=\"Telinha\" \/>\n<meta name=\"twitter:card\" content=\"summary_large_image\" \/>\n<meta name=\"twitter:label1\" content=\"Escrito por\" \/>\n\t<meta name=\"twitter:data1\" content=\"Telinha\" \/>\n\t<meta name=\"twitter:label2\" content=\"Tempo estimado de leitura\" \/>\n\t<meta name=\"twitter:data2\" content=\"1 minuto\" \/>\n<script type=\"application\/ld+json\" class=\"yoast-schema-graph\">{\"@context\":\"https:\/\/schema.org\",\"@graph\":[{\"@type\":\"Article\",\"@id\":\"https:\/\/portaltela.pt\/noticias\/2026\/04\/24\/sanchez-reitera-lealdade-a-nato-perante-alegada-intencao-dos-eua-de-suspender-espanha\/#article\",\"isPartOf\":{\"@id\":\"https:\/\/portaltela.pt\/noticias\/2026\/04\/24\/sanchez-reitera-lealdade-a-nato-perante-alegada-intencao-dos-eua-de-suspender-espanha\/\"},\"author\":{\"name\":\"Telinha\",\"@id\":\"https:\/\/portaltela.pt\/#\/schema\/person\/c4278d4a6028830caff9ee44b42d32ed\"},\"headline\":\"S\u00e1nchez reitera lealdade \u00e0 NATO perante alegada inten\u00e7\u00e3o dos EUA de suspender Espanha\",\"datePublished\":\"2026-04-24T09:32:44+00:00\",\"mainEntityOfPage\":{\"@id\":\"https:\/\/portaltela.pt\/noticias\/2026\/04\/24\/sanchez-reitera-lealdade-a-nato-perante-alegada-intencao-dos-eua-de-suspender-espanha\/\"},\"wordCount\":248,\"image\":{\"@id\":\"https:\/\/portaltela.pt\/noticias\/2026\/04\/24\/sanchez-reitera-lealdade-a-nato-perante-alegada-intencao-dos-eua-de-suspender-espanha\/#primaryimage\"},\"thumbnailUrl\":\"https:\/\/portaltela.pt\/s.01k8rhncp4jt1\/2026\/04\/image-1476.jpg\",\"keywords\":[\"Conselho Europeu\",\"Espa\u00f1a\",\"Estados Unidos\",\"Europa\",\"Ir\u00e3\",\"OTAN\"],\"articleSection\":[\"Internacionais\"],\"inLanguage\":\"pt-PT\"},{\"@type\":\"WebPage\",\"@id\":\"https:\/\/portaltela.pt\/noticias\/2026\/04\/24\/sanchez-reitera-lealdade-a-nato-perante-alegada-intencao-dos-eua-de-suspender-espanha\/\",\"url\":\"https:\/\/portaltela.pt\/noticias\/2026\/04\/24\/sanchez-reitera-lealdade-a-nato-perante-alegada-intencao-dos-eua-de-suspender-espanha\/\",\"name\":\"S\u00e1nchez reitera lealdade \u00e0 NATO perante alegada inten\u00e7\u00e3o dos EUA de suspender Espanha - Portal Tela Portugal\",\"isPartOf\":{\"@id\":\"https:\/\/portaltela.pt\/#website\"},\"primaryImageOfPage\":{\"@id\":\"https:\/\/portaltela.pt\/noticias\/2026\/04\/24\/sanchez-reitera-lealdade-a-nato-perante-alegada-intencao-dos-eua-de-suspender-espanha\/#primaryimage\"},\"image\":{\"@id\":\"https:\/\/portaltela.pt\/noticias\/2026\/04\/24\/sanchez-reitera-lealdade-a-nato-perante-alegada-intencao-dos-eua-de-suspender-espanha\/#primaryimage\"},\"thumbnailUrl\":\"https:\/\/portaltela.pt\/s.01k8rhncp4jt1\/2026\/04\/image-1476.jpg\",\"datePublished\":\"2026-04-24T09:32:44+00:00\",\"author\":{\"@id\":\"https:\/\/portaltela.pt\/#\/schema\/person\/c4278d4a6028830caff9ee44b42d32ed\"},\"breadcrumb\":{\"@id\":\"https:\/\/portaltela.pt\/noticias\/2026\/04\/24\/sanchez-reitera-lealdade-a-nato-perante-alegada-intencao-dos-eua-de-suspender-espanha\/#breadcrumb\"},\"inLanguage\":\"pt-PT\",\"potentialAction\":[{\"@type\":\"ReadAction\",\"target\":[\"https:\/\/portaltela.pt\/noticias\/2026\/04\/24\/sanchez-reitera-lealdade-a-nato-perante-alegada-intencao-dos-eua-de-suspender-espanha\/\"]}]},{\"@type\":\"ImageObject\",\"inLanguage\":\"pt-PT\",\"@id\":\"https:\/\/portaltela.pt\/noticias\/2026\/04\/24\/sanchez-reitera-lealdade-a-nato-perante-alegada-intencao-dos-eua-de-suspender-espanha\/#primaryimage\",\"url\":\"https:\/\/portaltela.pt\/s.01k8rhncp4jt1\/2026\/04\/image-1476.jpg\",\"contentUrl\":\"https:\/\/portaltela.pt\/s.01k8rhncp4jt1\/2026\/04\/image-1476.jpg\",\"width\":796,\"height\":448,\"caption\":\"Pedro S\u00e1nchez na chegada ao Conselho Europeu que decorre no Chipre\"},{\"@type\":\"BreadcrumbList\",\"@id\":\"https:\/\/portaltela.pt\/noticias\/2026\/04\/24\/sanchez-reitera-lealdade-a-nato-perante-alegada-intencao-dos-eua-de-suspender-espanha\/#breadcrumb\",\"itemListElement\":[{\"@type\":\"ListItem\",\"position\":1,\"name\":\"In\u00edcio\",\"item\":\"https:\/\/portaltela.pt\/\"},{\"@type\":\"ListItem\",\"position\":2,\"name\":\"S\u00e1nchez reitera lealdade \u00e0 NATO perante alegada inten\u00e7\u00e3o dos EUA de suspender Espanha\"}]},{\"@type\":\"WebSite\",\"@id\":\"https:\/\/portaltela.pt\/#website\",\"url\":\"https:\/\/portaltela.pt\/\",\"name\":\"Portal Tela Portugal\",\"description\":\"\",\"potentialAction\":[{\"@type\":\"SearchAction\",\"target\":{\"@type\":\"EntryPoint\",\"urlTemplate\":\"https:\/\/portaltela.pt\/?s={search_term_string}\"},\"query-input\":{\"@type\":\"PropertyValueSpecification\",\"valueRequired\":true,\"valueName\":\"search_term_string\"}}],\"inLanguage\":\"pt-PT\"},{\"@type\":\"Person\",\"@id\":\"https:\/\/portaltela.pt\/#\/schema\/person\/c4278d4a6028830caff9ee44b42d32ed\",\"name\":\"Telinha\",\"image\":{\"@type\":\"ImageObject\",\"inLanguage\":\"pt-PT\",\"@id\":\"https:\/\/portaltela.pt\/s.01k8rhncp4jt1\/2025\/11\/talking-bot-125x125.png\",\"url\":\"https:\/\/portaltela.pt\/s.01k8rhncp4jt1\/2025\/11\/talking-bot-125x125.png\",\"contentUrl\":\"https:\/\/portaltela.pt\/s.01k8rhncp4jt1\/2025\/11\/talking-bot-125x125.png\",\"caption\":\"Telinha\"},\"sameAs\":[\"https:\/\/portaltela.pt\/\"],\"url\":\"https:\/\/portaltela.pt\/por\/367410592786\/\"}]}<\/script>\n<!-- \/ Yoast SEO plugin. -->","yoast_head_json":{"title":"S\u00e1nchez reitera lealdade \u00e0 NATO perante alegada inten\u00e7\u00e3o dos EUA de suspender Espanha - Portal Tela Portugal","robots":{"index":"index","follow":"follow","max-snippet":"max-snippet:-1","max-image-preview":"max-image-preview:large","max-video-preview":"max-video-preview:-1"},"og_locale":"pt_PT","og_type":"article","og_title":"S\u00e1nchez reitera lealdade \u00e0 NATO perante alegada inten\u00e7\u00e3o dos EUA de suspender Espanha - Portal Tela Portugal","og_description":"Um email interno do Departamento de Defesa dos EUA indica op\u00e7\u00f5es para punir aliados da NATO, incluindo a suspens\u00e3o de Espanha. O conte\u00fado foi citado pela ag\u00eancia Reuters, que mencionou uma fonte governamental norte-americana. O primeiro-ministro espanhol, Pedro S\u00e1nchez, afirmou que Espanha trabalha apenas com documentos oficiais e n\u00e3o com emails. S\u00e1nchez disse que n\u00e3o h\u00e1 discuss\u00e3o sobre o envolvimento de Espanha com a NATO e que o pa\u00eds cumpre todas as suas obriga\u00e7\u00f5es na alian\u00e7a. A porta-voz do Pent\u00e1gono, Kingsley Wilson, n\u00e3o comentou delibera\u00e7\u00f5es internas, referindo apenas que os EUA devem manter op\u00e7\u00f5es cred\u00edveis para assegurar o cumprimento dos aliados.","og_url":"https:\/\/portaltela.pt\/noticias\/2026\/04\/24\/sanchez-reitera-lealdade-a-nato-perante-alegada-intencao-dos-eua-de-suspender-espanha\/","og_site_name":"Portal Tela Portugal","article_published_time":"2026-04-24T09:32:44+00:00","author":"Telinha","twitter_card":"summary_large_image","twitter_misc":{"Escrito por":"Telinha","Tempo estimado de leitura":"1 minuto"},"schema":{"@context":"https:\/\/schema.org","@graph":[{"@type":"Article","@id":"https:\/\/portaltela.pt\/noticias\/2026\/04\/24\/sanchez-reitera-lealdade-a-nato-perante-alegada-intencao-dos-eua-de-suspender-espanha\/#article","isPartOf":{"@id":"https:\/\/portaltela.pt\/noticias\/2026\/04\/24\/sanchez-reitera-lealdade-a-nato-perante-alegada-intencao-dos-eua-de-suspender-espanha\/"},"author":{"name":"Telinha","@id":"https:\/\/portaltela.pt\/#\/schema\/person\/c4278d4a6028830caff9ee44b42d32ed"},"headline":"S\u00e1nchez reitera lealdade \u00e0 NATO perante alegada inten\u00e7\u00e3o dos EUA de suspender Espanha","datePublished":"2026-04-24T09:32:44+00:00","mainEntityOfPage":{"@id":"https:\/\/portaltela.pt\/noticias\/2026\/04\/24\/sanchez-reitera-lealdade-a-nato-perante-alegada-intencao-dos-eua-de-suspender-espanha\/"},"wordCount":248,"image":{"@id":"https:\/\/portaltela.pt\/noticias\/2026\/04\/24\/sanchez-reitera-lealdade-a-nato-perante-alegada-intencao-dos-eua-de-suspender-espanha\/#primaryimage"},"thumbnailUrl":"https:\/\/portaltela.pt\/s.01k8rhncp4jt1\/2026\/04\/image-1476.jpg","keywords":["Conselho Europeu","Espa\u00f1a","Estados Unidos","Europa","Ir\u00e3","OTAN"],"articleSection":["Internacionais"],"inLanguage":"pt-PT"},{"@type":"WebPage","@id":"https:\/\/portaltela.pt\/noticias\/2026\/04\/24\/sanchez-reitera-lealdade-a-nato-perante-alegada-intencao-dos-eua-de-suspender-espanha\/","url":"https:\/\/portaltela.pt\/noticias\/2026\/04\/24\/sanchez-reitera-lealdade-a-nato-perante-alegada-intencao-dos-eua-de-suspender-espanha\/","name":"S\u00e1nchez reitera lealdade \u00e0 NATO perante alegada inten\u00e7\u00e3o dos EUA de suspender Espanha - Portal Tela Portugal","isPartOf":{"@id":"https:\/\/portaltela.pt\/#website"},"primaryImageOfPage":{"@id":"https:\/\/portaltela.pt\/noticias\/2026\/04\/24\/sanchez-reitera-lealdade-a-nato-perante-alegada-intencao-dos-eua-de-suspender-espanha\/#primaryimage"},"image":{"@id":"https:\/\/portaltela.pt\/noticias\/2026\/04\/24\/sanchez-reitera-lealdade-a-nato-perante-alegada-intencao-dos-eua-de-suspender-espanha\/#primaryimage"},"thumbnailUrl":"https:\/\/portaltela.pt\/s.01k8rhncp4jt1\/2026\/04\/image-1476.jpg","datePublished":"2026-04-24T09:32:44+00:00","author":{"@id":"https:\/\/portaltela.pt\/#\/schema\/person\/c4278d4a6028830caff9ee44b42d32ed"},"breadcrumb":{"@id":"https:\/\/portaltela.pt\/noticias\/2026\/04\/24\/sanchez-reitera-lealdade-a-nato-perante-alegada-intencao-dos-eua-de-suspender-espanha\/#breadcrumb"},"inLanguage":"pt-PT","potentialAction":[{"@type":"ReadAction","target":["https:\/\/portaltela.pt\/noticias\/2026\/04\/24\/sanchez-reitera-lealdade-a-nato-perante-alegada-intencao-dos-eua-de-suspender-espanha\/"]}]},{"@type":"ImageObject","inLanguage":"pt-PT","@id":"https:\/\/portaltela.pt\/noticias\/2026\/04\/24\/sanchez-reitera-lealdade-a-nato-perante-alegada-intencao-dos-eua-de-suspender-espanha\/#primaryimage","url":"https:\/\/portaltela.pt\/s.01k8rhncp4jt1\/2026\/04\/image-1476.jpg","contentUrl":"https:\/\/portaltela.pt\/s.01k8rhncp4jt1\/2026\/04\/image-1476.jpg","width":796,"height":448,"caption":"Pedro S\u00e1nchez na chegada ao Conselho Europeu que decorre no Chipre"},{"@type":"BreadcrumbList","@id":"https:\/\/portaltela.pt\/noticias\/2026\/04\/24\/sanchez-reitera-lealdade-a-nato-perante-alegada-intencao-dos-eua-de-suspender-espanha\/#breadcrumb","itemListElement":[{"@type":"ListItem","position":1,"name":"In\u00edcio","item":"https:\/\/portaltela.pt\/"},{"@type":"ListItem","position":2,"name":"S\u00e1nchez reitera lealdade \u00e0 NATO perante alegada inten\u00e7\u00e3o dos EUA de suspender Espanha"}]},{"@type":"WebSite","@id":"https:\/\/portaltela.pt\/#website","url":"https:\/\/portaltela.pt\/","name":"Portal Tela Portugal","description":"","potentialAction":[{"@type":"SearchAction","target":{"@type":"EntryPoint","urlTemplate":"https:\/\/portaltela.pt\/?s={search_term_string}"},"query-input":{"@type":"PropertyValueSpecification","valueRequired":true,"valueName":"search_term_string"}}],"inLanguage":"pt-PT"},{"@type":"Person","@id":"https:\/\/portaltela.pt\/#\/schema\/person\/c4278d4a6028830caff9ee44b42d32ed","name":"Telinha","image":{"@type":"ImageObject","inLanguage":"pt-PT","@id":"https:\/\/portaltela.pt\/s.01k8rhncp4jt1\/2025\/11\/talking-bot-125x125.png","url":"https:\/\/portaltela.pt\/s.01k8rhncp4jt1\/2025\/11\/talking-bot-125x125.png","contentUrl":"https:\/\/portaltela.pt\/s.01k8rhncp4jt1\/2025\/11\/talking-bot-125x125.png","caption":"Telinha"},"sameAs":["https:\/\/portaltela.pt\/"],"url":"https:\/\/portaltela.pt\/por\/367410592786\/"}]}},"_links":{"self":[{"href":"https:\/\/portaltela.pt\/api\/wp\/v2\/posts\/457312","targetHints":{"allow":["GET"]}}],"collection":[{"href":"https:\/\/portaltela.pt\/api\/wp\/v2\/posts"}],"about":[{"href":"https:\/\/portaltela.pt\/api\/wp\/v2\/types\/post"}],"author":[{"embeddable":true,"href":"https:\/\/portaltela.pt\/api\/wp\/v2\/users\/2"}],"replies":[{"embeddable":true,"href":"https:\/\/portaltela.pt\/api\/wp\/v2\/comments?post=457312"}],"version-history":[{"count":0,"href":"https:\/\/portaltela.pt\/api\/wp\/v2\/posts\/457312\/revisions"}],"wp:featuredmedia":[{"embeddable":true,"href":"https:\/\/portaltela.pt\/api\/wp\/v2\/media\/457321"}],"wp:attachment":[{"href":"https:\/\/portaltela.pt\/api\/wp\/v2\/media?parent=457312"}],"wp:term":[{"taxonomy":"category","embeddable":true,"href":"https:\/\/portaltela.pt\/api\/wp\/v2\/categories?post=457312"},{"taxonomy":"post_tag","embeddable":true,"href":"https:\/\/portaltela.pt\/api\/wp\/v2\/tags?post=457312"}],"curies":[{"name":"wp","href":"https:\/\/api.w.org\/{rel}","templated":true}]}}