{"id":457237,"date":"2026-04-24T05:32:58","date_gmt":"2026-04-24T08:32:58","guid":{"rendered":"https:\/\/portaltela.pt\/noticias\/2026\/04\/24\/quatro-decadas-de-joias-de-vivienne-westwood-em-exposicao-em-macau\/"},"modified":"2026-04-24T05:32:58","modified_gmt":"2026-04-24T08:32:58","slug":"quatro-decadas-de-joias-de-vivienne-westwood-em-exposicao-em-macau","status":"publish","type":"post","link":"https:\/\/portaltela.pt\/lazer\/2026\/04\/24\/quatro-decadas-de-joias-de-vivienne-westwood-em-exposicao-em-macau\/","title":{"rendered":"Quatro d\u00e9cadas de joias de Vivienne Westwood em exposi\u00e7\u00e3o em Macau"},"content":{"rendered":"<p>Quatro d\u00e9cadas de joias desenhadas por Vivienne Westwood ficam expostas em Macau, numa mostra que re\u00fane pe\u00e7as ao longo de v\u00e1rias d\u00e9cadas do trabalho da designers brit\u00e2nica. A exposi\u00e7\u00e3o destaca o impacto da marca no universo da moda e da joalharia, refletindo a est\u00e9tica subversiva da criadora.<\/p>\n<p>A mostra, que decorre em Macau, re\u00fane pe\u00e7as ic\u00f3nicas criadas ao longo de v\u00e1rias fases da carreira de Westwood. A curadoria pretende oferecer uma vis\u00e3o transversal do percurso da designers, desde as primeiras cria\u00e7\u00f5es at\u00e9 \u00e0s pe\u00e7as mais recentes.<\/p>\n<p>O foco da exposi\u00e7\u00e3o \u00e9 apresentar como a joalharia se integrou no estilo punk e na subvers\u00e3o est\u00e9tica que caracteriza o legado de Westwood. O espa\u00e7o cultural respons\u00e1vel pela mostra n\u00e3o divulgou detalhes adicionais sobre o n\u00famero de pe\u00e7as ou datas espec\u00edficas.<\/p>\n","protected":false},"excerpt":{"rendered":"<ul>\n<li>Macau recebe uma exposi\u00e7\u00e3o que mostra quatro d\u00e9cadas de joias da designer Vivienne Westwood.<\/li>\n<li>A mostra apresenta pe\u00e7as ao longo de v\u00e1rias d\u00e9cadas da criadora brit\u00e2nica.<\/li>\n<li>A not\u00edcia destaca uma galeria ou espa\u00e7o referenciado em Macau (sem detalhes adicionais no texto fornecido).<\/li>\n<li>O conte\u00fado completo da exposi\u00e7\u00e3o est\u00e1 dispon\u00edvel apenas para subscritores, mediante login.<\/li>\n<\/ul>\n","protected":false},"author":2,"featured_media":457241,"comment_status":"closed","ping_status":"closed","sticky":false,"template":"","format":"standard","meta":{"footnotes":""},"categories":[7375,7381],"tags":[8036,7756,9623,9103,8153],"class_list":["post-457237","post","type-post","status-publish","format-standard","has-post-thumbnail","hentry","category-cultura","category-lazer","tag-_arte","tag-_cultura","tag-_design","tag-_exposicao","tag-_joalharia"],"yoast_head":"<!-- This site is optimized with the Yoast SEO plugin v27.2 - https:\/\/yoast.com\/product\/yoast-seo-wordpress\/ -->\n<title>Quatro d\u00e9cadas de joias de Vivienne Westwood em exposi\u00e7\u00e3o em Macau - Portal Tela Portugal<\/title>\n<meta name=\"robots\" content=\"index, follow, max-snippet:-1, max-image-preview:large, max-video-preview:-1\" \/>\n<meta property=\"og:locale\" content=\"pt_PT\" \/>\n<meta property=\"og:type\" content=\"article\" \/>\n<meta property=\"og:title\" content=\"Quatro d\u00e9cadas de joias de Vivienne Westwood em exposi\u00e7\u00e3o em Macau - Portal Tela Portugal\" \/>\n<meta property=\"og:description\" content=\"Macau recebe uma exposi\u00e7\u00e3o que mostra quatro d\u00e9cadas de joias da designer Vivienne Westwood. A mostra apresenta pe\u00e7as ao longo de v\u00e1rias d\u00e9cadas da criadora brit\u00e2nica. A not\u00edcia destaca uma galeria ou espa\u00e7o referenciado em Macau (sem detalhes adicionais no texto fornecido). O conte\u00fado completo da exposi\u00e7\u00e3o est\u00e1 dispon\u00edvel apenas para subscritores, mediante login.\" \/>\n<meta property=\"og:url\" content=\"https:\/\/portaltela.pt\/noticias\/2026\/04\/24\/quatro-decadas-de-joias-de-vivienne-westwood-em-exposicao-em-macau\/\" \/>\n<meta property=\"og:site_name\" content=\"Portal Tela Portugal\" \/>\n<meta property=\"article:published_time\" content=\"2026-04-24T08:32:58+00:00\" \/>\n<meta name=\"author\" content=\"Telinha\" \/>\n<meta name=\"twitter:card\" content=\"summary_large_image\" \/>\n<meta name=\"twitter:label1\" content=\"Escrito por\" \/>\n\t<meta name=\"twitter:data1\" content=\"Telinha\" \/>\n\t<meta name=\"twitter:label2\" content=\"Tempo estimado de leitura\" \/>\n\t<meta name=\"twitter:data2\" content=\"1 minuto\" \/>\n<script type=\"application\/ld+json\" class=\"yoast-schema-graph\">{\"@context\":\"https:\/\/schema.org\",\"@graph\":[{\"@type\":\"Article\",\"@id\":\"https:\/\/portaltela.pt\/noticias\/2026\/04\/24\/quatro-decadas-de-joias-de-vivienne-westwood-em-exposicao-em-macau\/#article\",\"isPartOf\":{\"@id\":\"https:\/\/portaltela.pt\/noticias\/2026\/04\/24\/quatro-decadas-de-joias-de-vivienne-westwood-em-exposicao-em-macau\/\"},\"author\":{\"name\":\"Telinha\",\"@id\":\"https:\/\/portaltela.pt\/#\/schema\/person\/c4278d4a6028830caff9ee44b42d32ed\"},\"headline\":\"Quatro d\u00e9cadas de joias de Vivienne Westwood em exposi\u00e7\u00e3o em Macau\",\"datePublished\":\"2026-04-24T08:32:58+00:00\",\"mainEntityOfPage\":{\"@id\":\"https:\/\/portaltela.pt\/noticias\/2026\/04\/24\/quatro-decadas-de-joias-de-vivienne-westwood-em-exposicao-em-macau\/\"},\"wordCount\":164,\"image\":{\"@id\":\"https:\/\/portaltela.pt\/noticias\/2026\/04\/24\/quatro-decadas-de-joias-de-vivienne-westwood-em-exposicao-em-macau\/#primaryimage\"},\"thumbnailUrl\":\"https:\/\/portaltela.pt\/s.01k8rhncp4jt1\/2026\/04\/CACHE_780X1200_ANALOG_WATERMARKED_40317458_21059415066957.jpg\",\"keywords\":[\"_arte\",\"_cultura\",\"_design\",\"_exposi\u00e7\u00e3o\",\"_joalharia\"],\"articleSection\":[\"Cultura\",\"Lazer\"],\"inLanguage\":\"pt-PT\"},{\"@type\":\"WebPage\",\"@id\":\"https:\/\/portaltela.pt\/noticias\/2026\/04\/24\/quatro-decadas-de-joias-de-vivienne-westwood-em-exposicao-em-macau\/\",\"url\":\"https:\/\/portaltela.pt\/noticias\/2026\/04\/24\/quatro-decadas-de-joias-de-vivienne-westwood-em-exposicao-em-macau\/\",\"name\":\"Quatro d\u00e9cadas de joias de Vivienne Westwood em exposi\u00e7\u00e3o em Macau - Portal Tela Portugal\",\"isPartOf\":{\"@id\":\"https:\/\/portaltela.pt\/#website\"},\"primaryImageOfPage\":{\"@id\":\"https:\/\/portaltela.pt\/noticias\/2026\/04\/24\/quatro-decadas-de-joias-de-vivienne-westwood-em-exposicao-em-macau\/#primaryimage\"},\"image\":{\"@id\":\"https:\/\/portaltela.pt\/noticias\/2026\/04\/24\/quatro-decadas-de-joias-de-vivienne-westwood-em-exposicao-em-macau\/#primaryimage\"},\"thumbnailUrl\":\"https:\/\/portaltela.pt\/s.01k8rhncp4jt1\/2026\/04\/CACHE_780X1200_ANALOG_WATERMARKED_40317458_21059415066957.jpg\",\"datePublished\":\"2026-04-24T08:32:58+00:00\",\"author\":{\"@id\":\"https:\/\/portaltela.pt\/#\/schema\/person\/c4278d4a6028830caff9ee44b42d32ed\"},\"breadcrumb\":{\"@id\":\"https:\/\/portaltela.pt\/noticias\/2026\/04\/24\/quatro-decadas-de-joias-de-vivienne-westwood-em-exposicao-em-macau\/#breadcrumb\"},\"inLanguage\":\"pt-PT\",\"potentialAction\":[{\"@type\":\"ReadAction\",\"target\":[\"https:\/\/portaltela.pt\/noticias\/2026\/04\/24\/quatro-decadas-de-joias-de-vivienne-westwood-em-exposicao-em-macau\/\"]}]},{\"@type\":\"ImageObject\",\"inLanguage\":\"pt-PT\",\"@id\":\"https:\/\/portaltela.pt\/noticias\/2026\/04\/24\/quatro-decadas-de-joias-de-vivienne-westwood-em-exposicao-em-macau\/#primaryimage\",\"url\":\"https:\/\/portaltela.pt\/s.01k8rhncp4jt1\/2026\/04\/CACHE_780X1200_ANALOG_WATERMARKED_40317458_21059415066957.jpg\",\"contentUrl\":\"https:\/\/portaltela.pt\/s.01k8rhncp4jt1\/2026\/04\/CACHE_780X1200_ANALOG_WATERMARKED_40317458_21059415066957.jpg\",\"width\":768,\"height\":522,\"caption\":\"Quatro d\u00e9cadas de joias de Vivienne Westwood expostas em Macau\"},{\"@type\":\"BreadcrumbList\",\"@id\":\"https:\/\/portaltela.pt\/noticias\/2026\/04\/24\/quatro-decadas-de-joias-de-vivienne-westwood-em-exposicao-em-macau\/#breadcrumb\",\"itemListElement\":[{\"@type\":\"ListItem\",\"position\":1,\"name\":\"In\u00edcio\",\"item\":\"https:\/\/portaltela.pt\/\"},{\"@type\":\"ListItem\",\"position\":2,\"name\":\"Quatro d\u00e9cadas de joias de Vivienne Westwood em exposi\u00e7\u00e3o em Macau\"}]},{\"@type\":\"WebSite\",\"@id\":\"https:\/\/portaltela.pt\/#website\",\"url\":\"https:\/\/portaltela.pt\/\",\"name\":\"Portal Tela Portugal\",\"description\":\"\",\"potentialAction\":[{\"@type\":\"SearchAction\",\"target\":{\"@type\":\"EntryPoint\",\"urlTemplate\":\"https:\/\/portaltela.pt\/?s={search_term_string}\"},\"query-input\":{\"@type\":\"PropertyValueSpecification\",\"valueRequired\":true,\"valueName\":\"search_term_string\"}}],\"inLanguage\":\"pt-PT\"},{\"@type\":\"Person\",\"@id\":\"https:\/\/portaltela.pt\/#\/schema\/person\/c4278d4a6028830caff9ee44b42d32ed\",\"name\":\"Telinha\",\"image\":{\"@type\":\"ImageObject\",\"inLanguage\":\"pt-PT\",\"@id\":\"https:\/\/portaltela.pt\/s.01k8rhncp4jt1\/2025\/11\/talking-bot-125x125.png\",\"url\":\"https:\/\/portaltela.pt\/s.01k8rhncp4jt1\/2025\/11\/talking-bot-125x125.png\",\"contentUrl\":\"https:\/\/portaltela.pt\/s.01k8rhncp4jt1\/2025\/11\/talking-bot-125x125.png\",\"caption\":\"Telinha\"},\"sameAs\":[\"https:\/\/portaltela.pt\/\"],\"url\":\"https:\/\/portaltela.pt\/por\/367410592786\/\"}]}<\/script>\n<!-- \/ Yoast SEO plugin. -->","yoast_head_json":{"title":"Quatro d\u00e9cadas de joias de Vivienne Westwood em exposi\u00e7\u00e3o em Macau - Portal Tela Portugal","robots":{"index":"index","follow":"follow","max-snippet":"max-snippet:-1","max-image-preview":"max-image-preview:large","max-video-preview":"max-video-preview:-1"},"og_locale":"pt_PT","og_type":"article","og_title":"Quatro d\u00e9cadas de joias de Vivienne Westwood em exposi\u00e7\u00e3o em Macau - Portal Tela Portugal","og_description":"Macau recebe uma exposi\u00e7\u00e3o que mostra quatro d\u00e9cadas de joias da designer Vivienne Westwood. A mostra apresenta pe\u00e7as ao longo de v\u00e1rias d\u00e9cadas da criadora brit\u00e2nica. A not\u00edcia destaca uma galeria ou espa\u00e7o referenciado em Macau (sem detalhes adicionais no texto fornecido). O conte\u00fado completo da exposi\u00e7\u00e3o est\u00e1 dispon\u00edvel apenas para subscritores, mediante login.","og_url":"https:\/\/portaltela.pt\/noticias\/2026\/04\/24\/quatro-decadas-de-joias-de-vivienne-westwood-em-exposicao-em-macau\/","og_site_name":"Portal Tela Portugal","article_published_time":"2026-04-24T08:32:58+00:00","author":"Telinha","twitter_card":"summary_large_image","twitter_misc":{"Escrito por":"Telinha","Tempo estimado de leitura":"1 minuto"},"schema":{"@context":"https:\/\/schema.org","@graph":[{"@type":"Article","@id":"https:\/\/portaltela.pt\/noticias\/2026\/04\/24\/quatro-decadas-de-joias-de-vivienne-westwood-em-exposicao-em-macau\/#article","isPartOf":{"@id":"https:\/\/portaltela.pt\/noticias\/2026\/04\/24\/quatro-decadas-de-joias-de-vivienne-westwood-em-exposicao-em-macau\/"},"author":{"name":"Telinha","@id":"https:\/\/portaltela.pt\/#\/schema\/person\/c4278d4a6028830caff9ee44b42d32ed"},"headline":"Quatro d\u00e9cadas de joias de Vivienne Westwood em exposi\u00e7\u00e3o em Macau","datePublished":"2026-04-24T08:32:58+00:00","mainEntityOfPage":{"@id":"https:\/\/portaltela.pt\/noticias\/2026\/04\/24\/quatro-decadas-de-joias-de-vivienne-westwood-em-exposicao-em-macau\/"},"wordCount":164,"image":{"@id":"https:\/\/portaltela.pt\/noticias\/2026\/04\/24\/quatro-decadas-de-joias-de-vivienne-westwood-em-exposicao-em-macau\/#primaryimage"},"thumbnailUrl":"https:\/\/portaltela.pt\/s.01k8rhncp4jt1\/2026\/04\/CACHE_780X1200_ANALOG_WATERMARKED_40317458_21059415066957.jpg","keywords":["_arte","_cultura","_design","_exposi\u00e7\u00e3o","_joalharia"],"articleSection":["Cultura","Lazer"],"inLanguage":"pt-PT"},{"@type":"WebPage","@id":"https:\/\/portaltela.pt\/noticias\/2026\/04\/24\/quatro-decadas-de-joias-de-vivienne-westwood-em-exposicao-em-macau\/","url":"https:\/\/portaltela.pt\/noticias\/2026\/04\/24\/quatro-decadas-de-joias-de-vivienne-westwood-em-exposicao-em-macau\/","name":"Quatro d\u00e9cadas de joias de Vivienne Westwood em exposi\u00e7\u00e3o em Macau - Portal Tela Portugal","isPartOf":{"@id":"https:\/\/portaltela.pt\/#website"},"primaryImageOfPage":{"@id":"https:\/\/portaltela.pt\/noticias\/2026\/04\/24\/quatro-decadas-de-joias-de-vivienne-westwood-em-exposicao-em-macau\/#primaryimage"},"image":{"@id":"https:\/\/portaltela.pt\/noticias\/2026\/04\/24\/quatro-decadas-de-joias-de-vivienne-westwood-em-exposicao-em-macau\/#primaryimage"},"thumbnailUrl":"https:\/\/portaltela.pt\/s.01k8rhncp4jt1\/2026\/04\/CACHE_780X1200_ANALOG_WATERMARKED_40317458_21059415066957.jpg","datePublished":"2026-04-24T08:32:58+00:00","author":{"@id":"https:\/\/portaltela.pt\/#\/schema\/person\/c4278d4a6028830caff9ee44b42d32ed"},"breadcrumb":{"@id":"https:\/\/portaltela.pt\/noticias\/2026\/04\/24\/quatro-decadas-de-joias-de-vivienne-westwood-em-exposicao-em-macau\/#breadcrumb"},"inLanguage":"pt-PT","potentialAction":[{"@type":"ReadAction","target":["https:\/\/portaltela.pt\/noticias\/2026\/04\/24\/quatro-decadas-de-joias-de-vivienne-westwood-em-exposicao-em-macau\/"]}]},{"@type":"ImageObject","inLanguage":"pt-PT","@id":"https:\/\/portaltela.pt\/noticias\/2026\/04\/24\/quatro-decadas-de-joias-de-vivienne-westwood-em-exposicao-em-macau\/#primaryimage","url":"https:\/\/portaltela.pt\/s.01k8rhncp4jt1\/2026\/04\/CACHE_780X1200_ANALOG_WATERMARKED_40317458_21059415066957.jpg","contentUrl":"https:\/\/portaltela.pt\/s.01k8rhncp4jt1\/2026\/04\/CACHE_780X1200_ANALOG_WATERMARKED_40317458_21059415066957.jpg","width":768,"height":522,"caption":"Quatro d\u00e9cadas de joias de Vivienne Westwood expostas em Macau"},{"@type":"BreadcrumbList","@id":"https:\/\/portaltela.pt\/noticias\/2026\/04\/24\/quatro-decadas-de-joias-de-vivienne-westwood-em-exposicao-em-macau\/#breadcrumb","itemListElement":[{"@type":"ListItem","position":1,"name":"In\u00edcio","item":"https:\/\/portaltela.pt\/"},{"@type":"ListItem","position":2,"name":"Quatro d\u00e9cadas de joias de Vivienne Westwood em exposi\u00e7\u00e3o em Macau"}]},{"@type":"WebSite","@id":"https:\/\/portaltela.pt\/#website","url":"https:\/\/portaltela.pt\/","name":"Portal Tela Portugal","description":"","potentialAction":[{"@type":"SearchAction","target":{"@type":"EntryPoint","urlTemplate":"https:\/\/portaltela.pt\/?s={search_term_string}"},"query-input":{"@type":"PropertyValueSpecification","valueRequired":true,"valueName":"search_term_string"}}],"inLanguage":"pt-PT"},{"@type":"Person","@id":"https:\/\/portaltela.pt\/#\/schema\/person\/c4278d4a6028830caff9ee44b42d32ed","name":"Telinha","image":{"@type":"ImageObject","inLanguage":"pt-PT","@id":"https:\/\/portaltela.pt\/s.01k8rhncp4jt1\/2025\/11\/talking-bot-125x125.png","url":"https:\/\/portaltela.pt\/s.01k8rhncp4jt1\/2025\/11\/talking-bot-125x125.png","contentUrl":"https:\/\/portaltela.pt\/s.01k8rhncp4jt1\/2025\/11\/talking-bot-125x125.png","caption":"Telinha"},"sameAs":["https:\/\/portaltela.pt\/"],"url":"https:\/\/portaltela.pt\/por\/367410592786\/"}]}},"_links":{"self":[{"href":"https:\/\/portaltela.pt\/api\/wp\/v2\/posts\/457237","targetHints":{"allow":["GET"]}}],"collection":[{"href":"https:\/\/portaltela.pt\/api\/wp\/v2\/posts"}],"about":[{"href":"https:\/\/portaltela.pt\/api\/wp\/v2\/types\/post"}],"author":[{"embeddable":true,"href":"https:\/\/portaltela.pt\/api\/wp\/v2\/users\/2"}],"replies":[{"embeddable":true,"href":"https:\/\/portaltela.pt\/api\/wp\/v2\/comments?post=457237"}],"version-history":[{"count":0,"href":"https:\/\/portaltela.pt\/api\/wp\/v2\/posts\/457237\/revisions"}],"wp:featuredmedia":[{"embeddable":true,"href":"https:\/\/portaltela.pt\/api\/wp\/v2\/media\/457241"}],"wp:attachment":[{"href":"https:\/\/portaltela.pt\/api\/wp\/v2\/media?parent=457237"}],"wp:term":[{"taxonomy":"category","embeddable":true,"href":"https:\/\/portaltela.pt\/api\/wp\/v2\/categories?post=457237"},{"taxonomy":"post_tag","embeddable":true,"href":"https:\/\/portaltela.pt\/api\/wp\/v2\/tags?post=457237"}],"curies":[{"name":"wp","href":"https:\/\/api.w.org\/{rel}","templated":true}]}}