{"id":457219,"date":"2026-04-24T05:17:39","date_gmt":"2026-04-24T08:17:39","guid":{"rendered":"https:\/\/portaltela.pt\/noticias\/2026\/04\/24\/tiago-antunes-abdica-da-provedoria-de-justica-apos-alegacao-de-cancelamento\/"},"modified":"2026-04-24T05:17:39","modified_gmt":"2026-04-24T08:17:39","slug":"tiago-antunes-abdica-da-provedoria-de-justica-apos-alegacao-de-cancelamento","status":"publish","type":"post","link":"https:\/\/portaltela.pt\/noticias\/2026\/04\/24\/tiago-antunes-abdica-da-provedoria-de-justica-apos-alegacao-de-cancelamento\/","title":{"rendered":"Tiago Antunes abdica da Provedoria de Justi\u00e7a ap\u00f3s alega\u00e7\u00e3o de cancelamento"},"content":{"rendered":"<p>Tiago Antunes, antigo secret\u00e1rio de Estado socialista, disse ter sido v\u00edtima de cancelamento e afastou-se da corrida para a Provedoria de Justi\u00e7a. Em um texto no Expresso, afirma que a campanha p\u00fablica foi infundada e decide n\u00e3o avan\u00e7ar com a candidatura.<\/p>\n<p>O debate em torno da Provedoria de Justi\u00e7a come\u00e7ou com a elei\u00e7\u00e3o que ficou aqu\u00e9m do necess\u00e1rio. No plen\u00e1rio, Antunes reuniu apenas 104 votos favor\u00e1veis, entre 230 deputados, ficando longe dos 154 que garantiriam a maioria qualificada.<\/p>\n<p>Segundo fontes parlamentares, o conjunto de votos mostrou 86 brancos e 36 nulos, o que ilustra a aus\u00eancia de acordo entre os deputados. O candidato indicado pelo PS, com entendimento inicial com o PSD, n\u00e3o conseguiu obter o apoio esperado.<\/p>\n<p>Antunes lamenta que tenha havido uma campanha baseada em falsas acusa\u00e7\u00f5es e aponta para um acordo alargado entre l\u00edderes do PS e do PSD, firmado h\u00e1 nove meses. O ex-governante afirma ter surgido sem o apoio necess\u00e1rio para avan\u00e7ar sem esse acordo.<\/p>\n<p>A revelar ainda o que lhe ocorreu, o ex-secret\u00e1rio de Estado afirma que continuar\u00e1 ligado \u00e0 academia, dedicando-se ao ensino de Direito. Reitera que a vida profissional e o contributo ao pa\u00eds permanecem, para si, priorit\u00e1rios.<\/p>\n<p>No sentido de uma poss\u00edvel nova candidatura, o secret\u00e1rio-geral do PS indicou que o partido mant\u00e9m di\u00e1logo com Antunes para avaliar uma eventual recandidatura, destacando a qualidade e integridade do jurista e a aus\u00eancia de pendor partid\u00e1rio.<\/p>\n","protected":false},"excerpt":{"rendered":"<ul>\n<li>Tiago Antunes disse no Expresso que foi v\u00edtima de cancelamento e afastou-se da corrida \u00e0 Provedoria de Justi\u00e7a.<\/li>\n<li>A elei\u00e7\u00e3o para provedor de Justi\u00e7a ficou aqu\u00e9m do necess\u00e1rio, com 104 votos favor\u00e1veis entre 230 deputados, tendo 86 brancos e 36 nulos; precisava de 154.<\/li>\n<li>Segundo ele, haveria um acordo alargado entre o Partido Socialista e o Partido Social-democrata para avan\u00e7ar com o nome, firmado h\u00e1 nove meses, que n\u00e3o foi honrado.<\/li>\n<li>Vai permanecer na universidade, a lecionar Direito, e afirmou estar orgulhoso da carreira acad\u00e9mica e do servi\u00e7o prestado ao pa\u00eds.<\/li>\n<li>O secret\u00e1rio-geral do PS disse estar em di\u00e1logo com Tiago Antunes para avaliar uma nova candidatura, elogiando a integridade do jurista e afastando pendor partid\u00e1rio.<\/li>\n<\/ul>\n","protected":false},"author":2,"featured_media":457222,"comment_status":"closed","ping_status":"closed","sticky":false,"template":"","format":"standard","meta":{"footnotes":""},"categories":[6815,1],"tags":[68,1732,2832,7892,2144,3695],"class_list":["post-457219","post","type-post","status-publish","format-standard","has-post-thumbnail","hentry","category-justica","category-noticias","tag-eleicoes","tag-partidos","tag-politica","tag-politica-interna","tag-ps","tag-psd"],"yoast_head":"<!-- This site is optimized with the Yoast SEO plugin v27.2 - https:\/\/yoast.com\/product\/yoast-seo-wordpress\/ -->\n<title>Tiago Antunes abdica da Provedoria de Justi\u00e7a ap\u00f3s alega\u00e7\u00e3o de cancelamento - Portal Tela Portugal<\/title>\n<meta name=\"robots\" content=\"index, follow, max-snippet:-1, max-image-preview:large, max-video-preview:-1\" \/>\n<meta property=\"og:locale\" content=\"pt_PT\" \/>\n<meta property=\"og:type\" content=\"article\" \/>\n<meta property=\"og:title\" content=\"Tiago Antunes abdica da Provedoria de Justi\u00e7a ap\u00f3s alega\u00e7\u00e3o de cancelamento - Portal Tela Portugal\" \/>\n<meta property=\"og:description\" content=\"Tiago Antunes disse no Expresso que foi v\u00edtima de cancelamento e afastou-se da corrida \u00e0 Provedoria de Justi\u00e7a. A elei\u00e7\u00e3o para provedor de Justi\u00e7a ficou aqu\u00e9m do necess\u00e1rio, com 104 votos favor\u00e1veis entre 230 deputados, tendo 86 brancos e 36 nulos; precisava de 154. Segundo ele, haveria um acordo alargado entre o Partido Socialista e o Partido Social-democrata para avan\u00e7ar com o nome, firmado h\u00e1 nove meses, que n\u00e3o foi honrado. Vai permanecer na universidade, a lecionar Direito, e afirmou estar orgulhoso da carreira acad\u00e9mica e do servi\u00e7o prestado ao pa\u00eds. O secret\u00e1rio-geral do PS disse estar em di\u00e1logo com Tiago Antunes para avaliar uma nova candidatura, elogiando a integridade do jurista e afastando pendor partid\u00e1rio.\" \/>\n<meta property=\"og:url\" content=\"https:\/\/portaltela.pt\/noticias\/2026\/04\/24\/tiago-antunes-abdica-da-provedoria-de-justica-apos-alegacao-de-cancelamento\/\" \/>\n<meta property=\"og:site_name\" content=\"Portal Tela Portugal\" \/>\n<meta property=\"article:published_time\" content=\"2026-04-24T08:17:39+00:00\" \/>\n<meta name=\"author\" content=\"Telinha\" \/>\n<meta name=\"twitter:card\" content=\"summary_large_image\" \/>\n<meta name=\"twitter:label1\" content=\"Escrito por\" \/>\n\t<meta name=\"twitter:data1\" content=\"Telinha\" \/>\n\t<meta name=\"twitter:label2\" content=\"Tempo estimado de leitura\" \/>\n\t<meta name=\"twitter:data2\" content=\"1 minuto\" \/>\n<script type=\"application\/ld+json\" class=\"yoast-schema-graph\">{\"@context\":\"https:\/\/schema.org\",\"@graph\":[{\"@type\":\"Article\",\"@id\":\"https:\/\/portaltela.pt\/noticias\/2026\/04\/24\/tiago-antunes-abdica-da-provedoria-de-justica-apos-alegacao-de-cancelamento\/#article\",\"isPartOf\":{\"@id\":\"https:\/\/portaltela.pt\/noticias\/2026\/04\/24\/tiago-antunes-abdica-da-provedoria-de-justica-apos-alegacao-de-cancelamento\/\"},\"author\":{\"name\":\"Telinha\",\"@id\":\"https:\/\/portaltela.pt\/#\/schema\/person\/c4278d4a6028830caff9ee44b42d32ed\"},\"headline\":\"Tiago Antunes abdica da Provedoria de Justi\u00e7a ap\u00f3s alega\u00e7\u00e3o de cancelamento\",\"datePublished\":\"2026-04-24T08:17:39+00:00\",\"mainEntityOfPage\":{\"@id\":\"https:\/\/portaltela.pt\/noticias\/2026\/04\/24\/tiago-antunes-abdica-da-provedoria-de-justica-apos-alegacao-de-cancelamento\/\"},\"wordCount\":269,\"image\":{\"@id\":\"https:\/\/portaltela.pt\/noticias\/2026\/04\/24\/tiago-antunes-abdica-da-provedoria-de-justica-apos-alegacao-de-cancelamento\/#primaryimage\"},\"thumbnailUrl\":\"https:\/\/portaltela.pt\/s.01k8rhncp4jt1\/2026\/04\/2083696.jpg\",\"keywords\":[\"elei\u00e7\u00f5es\",\"partidos\",\"pol\u00edtica\",\"pol\u00edtica interna\",\"PS\",\"PSD\"],\"articleSection\":[\"Justi\u00e7a\",\"Not\u00edcias\"],\"inLanguage\":\"pt-PT\"},{\"@type\":\"WebPage\",\"@id\":\"https:\/\/portaltela.pt\/noticias\/2026\/04\/24\/tiago-antunes-abdica-da-provedoria-de-justica-apos-alegacao-de-cancelamento\/\",\"url\":\"https:\/\/portaltela.pt\/noticias\/2026\/04\/24\/tiago-antunes-abdica-da-provedoria-de-justica-apos-alegacao-de-cancelamento\/\",\"name\":\"Tiago Antunes abdica da Provedoria de Justi\u00e7a ap\u00f3s alega\u00e7\u00e3o de cancelamento - Portal Tela Portugal\",\"isPartOf\":{\"@id\":\"https:\/\/portaltela.pt\/#website\"},\"primaryImageOfPage\":{\"@id\":\"https:\/\/portaltela.pt\/noticias\/2026\/04\/24\/tiago-antunes-abdica-da-provedoria-de-justica-apos-alegacao-de-cancelamento\/#primaryimage\"},\"image\":{\"@id\":\"https:\/\/portaltela.pt\/noticias\/2026\/04\/24\/tiago-antunes-abdica-da-provedoria-de-justica-apos-alegacao-de-cancelamento\/#primaryimage\"},\"thumbnailUrl\":\"https:\/\/portaltela.pt\/s.01k8rhncp4jt1\/2026\/04\/2083696.jpg\",\"datePublished\":\"2026-04-24T08:17:39+00:00\",\"author\":{\"@id\":\"https:\/\/portaltela.pt\/#\/schema\/person\/c4278d4a6028830caff9ee44b42d32ed\"},\"breadcrumb\":{\"@id\":\"https:\/\/portaltela.pt\/noticias\/2026\/04\/24\/tiago-antunes-abdica-da-provedoria-de-justica-apos-alegacao-de-cancelamento\/#breadcrumb\"},\"inLanguage\":\"pt-PT\",\"potentialAction\":[{\"@type\":\"ReadAction\",\"target\":[\"https:\/\/portaltela.pt\/noticias\/2026\/04\/24\/tiago-antunes-abdica-da-provedoria-de-justica-apos-alegacao-de-cancelamento\/\"]}]},{\"@type\":\"ImageObject\",\"inLanguage\":\"pt-PT\",\"@id\":\"https:\/\/portaltela.pt\/noticias\/2026\/04\/24\/tiago-antunes-abdica-da-provedoria-de-justica-apos-alegacao-de-cancelamento\/#primaryimage\",\"url\":\"https:\/\/portaltela.pt\/s.01k8rhncp4jt1\/2026\/04\/2083696.jpg\",\"contentUrl\":\"https:\/\/portaltela.pt\/s.01k8rhncp4jt1\/2026\/04\/2083696.jpg\",\"width\":796,\"height\":448,\"caption\":\"Tiago Antunes falhou elei\u00e7\u00e3o para provedor de Justi\u00e7a em derrota do acordo PSD-PS\"},{\"@type\":\"BreadcrumbList\",\"@id\":\"https:\/\/portaltela.pt\/noticias\/2026\/04\/24\/tiago-antunes-abdica-da-provedoria-de-justica-apos-alegacao-de-cancelamento\/#breadcrumb\",\"itemListElement\":[{\"@type\":\"ListItem\",\"position\":1,\"name\":\"In\u00edcio\",\"item\":\"https:\/\/portaltela.pt\/\"},{\"@type\":\"ListItem\",\"position\":2,\"name\":\"Tiago Antunes abdica da Provedoria de Justi\u00e7a ap\u00f3s alega\u00e7\u00e3o de cancelamento\"}]},{\"@type\":\"WebSite\",\"@id\":\"https:\/\/portaltela.pt\/#website\",\"url\":\"https:\/\/portaltela.pt\/\",\"name\":\"Portal Tela Portugal\",\"description\":\"\",\"potentialAction\":[{\"@type\":\"SearchAction\",\"target\":{\"@type\":\"EntryPoint\",\"urlTemplate\":\"https:\/\/portaltela.pt\/?s={search_term_string}\"},\"query-input\":{\"@type\":\"PropertyValueSpecification\",\"valueRequired\":true,\"valueName\":\"search_term_string\"}}],\"inLanguage\":\"pt-PT\"},{\"@type\":\"Person\",\"@id\":\"https:\/\/portaltela.pt\/#\/schema\/person\/c4278d4a6028830caff9ee44b42d32ed\",\"name\":\"Telinha\",\"image\":{\"@type\":\"ImageObject\",\"inLanguage\":\"pt-PT\",\"@id\":\"https:\/\/portaltela.pt\/s.01k8rhncp4jt1\/2025\/11\/talking-bot-125x125.png\",\"url\":\"https:\/\/portaltela.pt\/s.01k8rhncp4jt1\/2025\/11\/talking-bot-125x125.png\",\"contentUrl\":\"https:\/\/portaltela.pt\/s.01k8rhncp4jt1\/2025\/11\/talking-bot-125x125.png\",\"caption\":\"Telinha\"},\"sameAs\":[\"https:\/\/portaltela.pt\/\"],\"url\":\"https:\/\/portaltela.pt\/por\/367410592786\/\"}]}<\/script>\n<!-- \/ Yoast SEO plugin. -->","yoast_head_json":{"title":"Tiago Antunes abdica da Provedoria de Justi\u00e7a ap\u00f3s alega\u00e7\u00e3o de cancelamento - Portal Tela Portugal","robots":{"index":"index","follow":"follow","max-snippet":"max-snippet:-1","max-image-preview":"max-image-preview:large","max-video-preview":"max-video-preview:-1"},"og_locale":"pt_PT","og_type":"article","og_title":"Tiago Antunes abdica da Provedoria de Justi\u00e7a ap\u00f3s alega\u00e7\u00e3o de cancelamento - Portal Tela Portugal","og_description":"Tiago Antunes disse no Expresso que foi v\u00edtima de cancelamento e afastou-se da corrida \u00e0 Provedoria de Justi\u00e7a. A elei\u00e7\u00e3o para provedor de Justi\u00e7a ficou aqu\u00e9m do necess\u00e1rio, com 104 votos favor\u00e1veis entre 230 deputados, tendo 86 brancos e 36 nulos; precisava de 154. Segundo ele, haveria um acordo alargado entre o Partido Socialista e o Partido Social-democrata para avan\u00e7ar com o nome, firmado h\u00e1 nove meses, que n\u00e3o foi honrado. Vai permanecer na universidade, a lecionar Direito, e afirmou estar orgulhoso da carreira acad\u00e9mica e do servi\u00e7o prestado ao pa\u00eds. O secret\u00e1rio-geral do PS disse estar em di\u00e1logo com Tiago Antunes para avaliar uma nova candidatura, elogiando a integridade do jurista e afastando pendor partid\u00e1rio.","og_url":"https:\/\/portaltela.pt\/noticias\/2026\/04\/24\/tiago-antunes-abdica-da-provedoria-de-justica-apos-alegacao-de-cancelamento\/","og_site_name":"Portal Tela Portugal","article_published_time":"2026-04-24T08:17:39+00:00","author":"Telinha","twitter_card":"summary_large_image","twitter_misc":{"Escrito por":"Telinha","Tempo estimado de leitura":"1 minuto"},"schema":{"@context":"https:\/\/schema.org","@graph":[{"@type":"Article","@id":"https:\/\/portaltela.pt\/noticias\/2026\/04\/24\/tiago-antunes-abdica-da-provedoria-de-justica-apos-alegacao-de-cancelamento\/#article","isPartOf":{"@id":"https:\/\/portaltela.pt\/noticias\/2026\/04\/24\/tiago-antunes-abdica-da-provedoria-de-justica-apos-alegacao-de-cancelamento\/"},"author":{"name":"Telinha","@id":"https:\/\/portaltela.pt\/#\/schema\/person\/c4278d4a6028830caff9ee44b42d32ed"},"headline":"Tiago Antunes abdica da Provedoria de Justi\u00e7a ap\u00f3s alega\u00e7\u00e3o de cancelamento","datePublished":"2026-04-24T08:17:39+00:00","mainEntityOfPage":{"@id":"https:\/\/portaltela.pt\/noticias\/2026\/04\/24\/tiago-antunes-abdica-da-provedoria-de-justica-apos-alegacao-de-cancelamento\/"},"wordCount":269,"image":{"@id":"https:\/\/portaltela.pt\/noticias\/2026\/04\/24\/tiago-antunes-abdica-da-provedoria-de-justica-apos-alegacao-de-cancelamento\/#primaryimage"},"thumbnailUrl":"https:\/\/portaltela.pt\/s.01k8rhncp4jt1\/2026\/04\/2083696.jpg","keywords":["elei\u00e7\u00f5es","partidos","pol\u00edtica","pol\u00edtica interna","PS","PSD"],"articleSection":["Justi\u00e7a","Not\u00edcias"],"inLanguage":"pt-PT"},{"@type":"WebPage","@id":"https:\/\/portaltela.pt\/noticias\/2026\/04\/24\/tiago-antunes-abdica-da-provedoria-de-justica-apos-alegacao-de-cancelamento\/","url":"https:\/\/portaltela.pt\/noticias\/2026\/04\/24\/tiago-antunes-abdica-da-provedoria-de-justica-apos-alegacao-de-cancelamento\/","name":"Tiago Antunes abdica da Provedoria de Justi\u00e7a ap\u00f3s alega\u00e7\u00e3o de cancelamento - Portal Tela Portugal","isPartOf":{"@id":"https:\/\/portaltela.pt\/#website"},"primaryImageOfPage":{"@id":"https:\/\/portaltela.pt\/noticias\/2026\/04\/24\/tiago-antunes-abdica-da-provedoria-de-justica-apos-alegacao-de-cancelamento\/#primaryimage"},"image":{"@id":"https:\/\/portaltela.pt\/noticias\/2026\/04\/24\/tiago-antunes-abdica-da-provedoria-de-justica-apos-alegacao-de-cancelamento\/#primaryimage"},"thumbnailUrl":"https:\/\/portaltela.pt\/s.01k8rhncp4jt1\/2026\/04\/2083696.jpg","datePublished":"2026-04-24T08:17:39+00:00","author":{"@id":"https:\/\/portaltela.pt\/#\/schema\/person\/c4278d4a6028830caff9ee44b42d32ed"},"breadcrumb":{"@id":"https:\/\/portaltela.pt\/noticias\/2026\/04\/24\/tiago-antunes-abdica-da-provedoria-de-justica-apos-alegacao-de-cancelamento\/#breadcrumb"},"inLanguage":"pt-PT","potentialAction":[{"@type":"ReadAction","target":["https:\/\/portaltela.pt\/noticias\/2026\/04\/24\/tiago-antunes-abdica-da-provedoria-de-justica-apos-alegacao-de-cancelamento\/"]}]},{"@type":"ImageObject","inLanguage":"pt-PT","@id":"https:\/\/portaltela.pt\/noticias\/2026\/04\/24\/tiago-antunes-abdica-da-provedoria-de-justica-apos-alegacao-de-cancelamento\/#primaryimage","url":"https:\/\/portaltela.pt\/s.01k8rhncp4jt1\/2026\/04\/2083696.jpg","contentUrl":"https:\/\/portaltela.pt\/s.01k8rhncp4jt1\/2026\/04\/2083696.jpg","width":796,"height":448,"caption":"Tiago Antunes falhou elei\u00e7\u00e3o para provedor de Justi\u00e7a em derrota do acordo PSD-PS"},{"@type":"BreadcrumbList","@id":"https:\/\/portaltela.pt\/noticias\/2026\/04\/24\/tiago-antunes-abdica-da-provedoria-de-justica-apos-alegacao-de-cancelamento\/#breadcrumb","itemListElement":[{"@type":"ListItem","position":1,"name":"In\u00edcio","item":"https:\/\/portaltela.pt\/"},{"@type":"ListItem","position":2,"name":"Tiago Antunes abdica da Provedoria de Justi\u00e7a ap\u00f3s alega\u00e7\u00e3o de cancelamento"}]},{"@type":"WebSite","@id":"https:\/\/portaltela.pt\/#website","url":"https:\/\/portaltela.pt\/","name":"Portal Tela Portugal","description":"","potentialAction":[{"@type":"SearchAction","target":{"@type":"EntryPoint","urlTemplate":"https:\/\/portaltela.pt\/?s={search_term_string}"},"query-input":{"@type":"PropertyValueSpecification","valueRequired":true,"valueName":"search_term_string"}}],"inLanguage":"pt-PT"},{"@type":"Person","@id":"https:\/\/portaltela.pt\/#\/schema\/person\/c4278d4a6028830caff9ee44b42d32ed","name":"Telinha","image":{"@type":"ImageObject","inLanguage":"pt-PT","@id":"https:\/\/portaltela.pt\/s.01k8rhncp4jt1\/2025\/11\/talking-bot-125x125.png","url":"https:\/\/portaltela.pt\/s.01k8rhncp4jt1\/2025\/11\/talking-bot-125x125.png","contentUrl":"https:\/\/portaltela.pt\/s.01k8rhncp4jt1\/2025\/11\/talking-bot-125x125.png","caption":"Telinha"},"sameAs":["https:\/\/portaltela.pt\/"],"url":"https:\/\/portaltela.pt\/por\/367410592786\/"}]}},"_links":{"self":[{"href":"https:\/\/portaltela.pt\/api\/wp\/v2\/posts\/457219","targetHints":{"allow":["GET"]}}],"collection":[{"href":"https:\/\/portaltela.pt\/api\/wp\/v2\/posts"}],"about":[{"href":"https:\/\/portaltela.pt\/api\/wp\/v2\/types\/post"}],"author":[{"embeddable":true,"href":"https:\/\/portaltela.pt\/api\/wp\/v2\/users\/2"}],"replies":[{"embeddable":true,"href":"https:\/\/portaltela.pt\/api\/wp\/v2\/comments?post=457219"}],"version-history":[{"count":0,"href":"https:\/\/portaltela.pt\/api\/wp\/v2\/posts\/457219\/revisions"}],"wp:featuredmedia":[{"embeddable":true,"href":"https:\/\/portaltela.pt\/api\/wp\/v2\/media\/457222"}],"wp:attachment":[{"href":"https:\/\/portaltela.pt\/api\/wp\/v2\/media?parent=457219"}],"wp:term":[{"taxonomy":"category","embeddable":true,"href":"https:\/\/portaltela.pt\/api\/wp\/v2\/categories?post=457219"},{"taxonomy":"post_tag","embeddable":true,"href":"https:\/\/portaltela.pt\/api\/wp\/v2\/tags?post=457219"}],"curies":[{"name":"wp","href":"https:\/\/api.w.org\/{rel}","templated":true}]}}