{"id":457216,"date":"2026-04-24T05:17:34","date_gmt":"2026-04-24T08:17:34","guid":{"rendered":"https:\/\/portaltela.pt\/noticias\/2026\/04\/24\/nina-laisne-apresenta-o-folclore-indomavel-e-livre-da-pianista-hilda-herrera\/"},"modified":"2026-04-24T05:17:34","modified_gmt":"2026-04-24T08:17:34","slug":"nina-laisne-apresenta-o-folclore-indomavel-e-livre-da-pianista-hilda-herrera","status":"publish","type":"post","link":"https:\/\/portaltela.pt\/musica\/2026\/04\/24\/nina-laisne-apresenta-o-folclore-indomavel-e-livre-da-pianista-hilda-herrera\/","title":{"rendered":"Nina Laisn\u00e9 apresenta o folclore indom\u00e1vel e livre da pianista Hilda Herrera"},"content":{"rendered":"<p>Nina Laisn\u00e9 apresenta o folclore indom\u00e1vel e livre da pianista Hilda Herrera, numa encena\u00e7\u00e3o que cruza m\u00fasica e dan\u00e7a. A performance revela a obra de uma figura central do folclore argentino. O espet\u00e1culo acontece esta sexta-feira no Theatro Circo.<\/p>\n<p>Interpretado pelo bailarino N\u00e9stor Pola Pastorive, o solo \u00e9 encenado por Nina Laisn\u00e9 e foca a figura de Herrera, refer\u00eancia na m\u00fasica folcl\u00f3rica da regi\u00e3o. A encena\u00e7\u00e3o pretende homenagear o papel da pianista e compositora na tradi\u00e7\u00e3o argentina.<\/p>\n<p>Como una baguala oscura aproxima-se de Herrera como n\u00facleo criativo, ao mesmo tempo que expande a curiosidade sobre a sua influ\u00eancia no percurso da pr\u00f3pria artista francesa. O projeto resulta de uma aproxima\u00e7\u00e3o cultural entre Fran\u00e7a e Argentina.<\/p>\n<h3>Contexto e motiva\u00e7\u00e3o<\/h3>\n<p>Nina Laisn\u00e9, descrita como uma das artistas mais sul-americanas entre as contempor\u00e2neas francesas, regressa a Braga para apresentar um espet\u00e1culo centrado em Herrera. A publica\u00e7\u00e3o de refer\u00eancias hist\u00f3ricas aponta para o impacto da pianista na inicia\u00e7\u00e3o musical da interprete.<\/p>\n<p>A proposta combina coreografia, m\u00fasica e narrativa biogr\u00e1fica, destacando a import\u00e2ncia de Herrera na tradi\u00e7\u00e3o do folclore argentino. O objetivo \u00e9 oferecer uma vis\u00e3o integrada do legado art\u00edstico da pianista e da rela\u00e7\u00e3o criativa que inspira a nova gera\u00e7\u00e3o.<\/p>\n<h3>Detalhes da apresenta\u00e7\u00e3o<\/h3>\n<p>O Theatro Circo recebe a produ\u00e7\u00e3o nesta sexta-feira, num formato que privilegia a fluidez entre movimento e som. A leitura de Herrera pretende evidenciar o car\u00e1cter livre e contestat\u00e1rio do folclore argentino. A produ\u00e7\u00e3o privilegia a simplicidade c\u00eanica para real\u00e7ar a m\u00fasica.<\/p>\n","protected":false},"excerpt":{"rendered":"<ul>\n<li>O espet\u00e1culo &#8220;Como una baguala oscura&#8221; revela a obra da pianista e compositora Hilda Herrera, figura central do folclore argentino.<\/li>\n<li>A interpreta\u00e7\u00e3o fica a cargo do bailarino N\u00e9stor Pola Pastorive, com encena\u00e7\u00e3o de Nina Laisn\u00e9.<\/li>\n<li>O t\u00edtulo descreve o folclore argentino como \u201cindom\u00e1vel e livre\u201d.<\/li>\n<li>Nina Laisn\u00e9, considerada uma das artistas contempor\u00e2neas francesas mais ligadas ao Sul, regressa a Braga.<\/li>\n<li>O espet\u00e1culo acontece nesta sexta-feira no Theatro Circo.<\/li>\n<\/ul>\n","protected":false},"author":2,"featured_media":457218,"comment_status":"closed","ping_status":"closed","sticky":false,"template":"","format":"standard","meta":{"footnotes":""},"categories":[7375,6676],"tags":[8055,8367,8233,2732,5064,1207],"class_list":["post-457216","post","type-post","status-publish","format-standard","has-post-thumbnail","hentry","category-cultura","category-musica","tag-_colaboracao-internacional","tag-_danca","tag-_musica","tag-argentina","tag-artistas-internacionais","tag-braga"],"yoast_head":"<!-- This site is optimized with the Yoast SEO plugin v27.2 - https:\/\/yoast.com\/product\/yoast-seo-wordpress\/ -->\n<title>Nina Laisn\u00e9 apresenta o folclore indom\u00e1vel e livre da pianista Hilda Herrera - Portal Tela Portugal<\/title>\n<meta name=\"robots\" content=\"index, follow, max-snippet:-1, max-image-preview:large, max-video-preview:-1\" \/>\n<meta property=\"og:locale\" content=\"pt_PT\" \/>\n<meta property=\"og:type\" content=\"article\" \/>\n<meta property=\"og:title\" content=\"Nina Laisn\u00e9 apresenta o folclore indom\u00e1vel e livre da pianista Hilda Herrera - Portal Tela Portugal\" \/>\n<meta property=\"og:description\" content=\"O espet\u00e1culo &quot;Como una baguala oscura&quot; revela a obra da pianista e compositora Hilda Herrera, figura central do folclore argentino. A interpreta\u00e7\u00e3o fica a cargo do bailarino N\u00e9stor Pola Pastorive, com encena\u00e7\u00e3o de Nina Laisn\u00e9. O t\u00edtulo descreve o folclore argentino como \u201cindom\u00e1vel e livre\u201d. Nina Laisn\u00e9, considerada uma das artistas contempor\u00e2neas francesas mais ligadas ao Sul, regressa a Braga. O espet\u00e1culo acontece nesta sexta-feira no Theatro Circo.\" \/>\n<meta property=\"og:url\" content=\"https:\/\/portaltela.pt\/noticias\/2026\/04\/24\/nina-laisne-apresenta-o-folclore-indomavel-e-livre-da-pianista-hilda-herrera\/\" \/>\n<meta property=\"og:site_name\" content=\"Portal Tela Portugal\" \/>\n<meta property=\"article:published_time\" content=\"2026-04-24T08:17:34+00:00\" \/>\n<meta name=\"author\" content=\"Telinha\" \/>\n<meta name=\"twitter:card\" content=\"summary_large_image\" \/>\n<meta name=\"twitter:label1\" content=\"Escrito por\" \/>\n\t<meta name=\"twitter:data1\" content=\"Telinha\" \/>\n\t<meta name=\"twitter:label2\" content=\"Tempo estimado de leitura\" \/>\n\t<meta name=\"twitter:data2\" content=\"1 minuto\" \/>\n<script type=\"application\/ld+json\" class=\"yoast-schema-graph\">{\"@context\":\"https:\/\/schema.org\",\"@graph\":[{\"@type\":\"Article\",\"@id\":\"https:\/\/portaltela.pt\/noticias\/2026\/04\/24\/nina-laisne-apresenta-o-folclore-indomavel-e-livre-da-pianista-hilda-herrera\/#article\",\"isPartOf\":{\"@id\":\"https:\/\/portaltela.pt\/noticias\/2026\/04\/24\/nina-laisne-apresenta-o-folclore-indomavel-e-livre-da-pianista-hilda-herrera\/\"},\"author\":{\"name\":\"Telinha\",\"@id\":\"https:\/\/portaltela.pt\/#\/schema\/person\/c4278d4a6028830caff9ee44b42d32ed\"},\"headline\":\"Nina Laisn\u00e9 apresenta o folclore indom\u00e1vel e livre da pianista Hilda Herrera\",\"datePublished\":\"2026-04-24T08:17:34+00:00\",\"mainEntityOfPage\":{\"@id\":\"https:\/\/portaltela.pt\/noticias\/2026\/04\/24\/nina-laisne-apresenta-o-folclore-indomavel-e-livre-da-pianista-hilda-herrera\/\"},\"wordCount\":292,\"image\":{\"@id\":\"https:\/\/portaltela.pt\/noticias\/2026\/04\/24\/nina-laisne-apresenta-o-folclore-indomavel-e-livre-da-pianista-hilda-herrera\/#primaryimage\"},\"thumbnailUrl\":\"https:\/\/portaltela.pt\/s.01k8rhncp4jt1\/2026\/04\/2083561.jpg\",\"keywords\":[\"_colabora\u00e7\u00e3o internacional\",\"_dan\u00e7a\",\"_m\u00fasica\",\"Argentina\",\"artistas internacionais\",\"Braga\"],\"articleSection\":[\"Cultura\",\"M\u00fasica\"],\"inLanguage\":\"pt-PT\"},{\"@type\":\"WebPage\",\"@id\":\"https:\/\/portaltela.pt\/noticias\/2026\/04\/24\/nina-laisne-apresenta-o-folclore-indomavel-e-livre-da-pianista-hilda-herrera\/\",\"url\":\"https:\/\/portaltela.pt\/noticias\/2026\/04\/24\/nina-laisne-apresenta-o-folclore-indomavel-e-livre-da-pianista-hilda-herrera\/\",\"name\":\"Nina Laisn\u00e9 apresenta o folclore indom\u00e1vel e livre da pianista Hilda Herrera - Portal Tela Portugal\",\"isPartOf\":{\"@id\":\"https:\/\/portaltela.pt\/#website\"},\"primaryImageOfPage\":{\"@id\":\"https:\/\/portaltela.pt\/noticias\/2026\/04\/24\/nina-laisne-apresenta-o-folclore-indomavel-e-livre-da-pianista-hilda-herrera\/#primaryimage\"},\"image\":{\"@id\":\"https:\/\/portaltela.pt\/noticias\/2026\/04\/24\/nina-laisne-apresenta-o-folclore-indomavel-e-livre-da-pianista-hilda-herrera\/#primaryimage\"},\"thumbnailUrl\":\"https:\/\/portaltela.pt\/s.01k8rhncp4jt1\/2026\/04\/2083561.jpg\",\"datePublished\":\"2026-04-24T08:17:34+00:00\",\"author\":{\"@id\":\"https:\/\/portaltela.pt\/#\/schema\/person\/c4278d4a6028830caff9ee44b42d32ed\"},\"breadcrumb\":{\"@id\":\"https:\/\/portaltela.pt\/noticias\/2026\/04\/24\/nina-laisne-apresenta-o-folclore-indomavel-e-livre-da-pianista-hilda-herrera\/#breadcrumb\"},\"inLanguage\":\"pt-PT\",\"potentialAction\":[{\"@type\":\"ReadAction\",\"target\":[\"https:\/\/portaltela.pt\/noticias\/2026\/04\/24\/nina-laisne-apresenta-o-folclore-indomavel-e-livre-da-pianista-hilda-herrera\/\"]}]},{\"@type\":\"ImageObject\",\"inLanguage\":\"pt-PT\",\"@id\":\"https:\/\/portaltela.pt\/noticias\/2026\/04\/24\/nina-laisne-apresenta-o-folclore-indomavel-e-livre-da-pianista-hilda-herrera\/#primaryimage\",\"url\":\"https:\/\/portaltela.pt\/s.01k8rhncp4jt1\/2026\/04\/2083561.jpg\",\"contentUrl\":\"https:\/\/portaltela.pt\/s.01k8rhncp4jt1\/2026\/04\/2083561.jpg\",\"width\":796,\"height\":448,\"caption\":\"Core\u00f3grafo e bailarino argentino N\u00e9stor Pola Pastorive d\u00e1 corpo a este espect\u00e1culo\"},{\"@type\":\"BreadcrumbList\",\"@id\":\"https:\/\/portaltela.pt\/noticias\/2026\/04\/24\/nina-laisne-apresenta-o-folclore-indomavel-e-livre-da-pianista-hilda-herrera\/#breadcrumb\",\"itemListElement\":[{\"@type\":\"ListItem\",\"position\":1,\"name\":\"In\u00edcio\",\"item\":\"https:\/\/portaltela.pt\/\"},{\"@type\":\"ListItem\",\"position\":2,\"name\":\"Nina Laisn\u00e9 apresenta o folclore indom\u00e1vel e livre da pianista Hilda Herrera\"}]},{\"@type\":\"WebSite\",\"@id\":\"https:\/\/portaltela.pt\/#website\",\"url\":\"https:\/\/portaltela.pt\/\",\"name\":\"Portal Tela Portugal\",\"description\":\"\",\"potentialAction\":[{\"@type\":\"SearchAction\",\"target\":{\"@type\":\"EntryPoint\",\"urlTemplate\":\"https:\/\/portaltela.pt\/?s={search_term_string}\"},\"query-input\":{\"@type\":\"PropertyValueSpecification\",\"valueRequired\":true,\"valueName\":\"search_term_string\"}}],\"inLanguage\":\"pt-PT\"},{\"@type\":\"Person\",\"@id\":\"https:\/\/portaltela.pt\/#\/schema\/person\/c4278d4a6028830caff9ee44b42d32ed\",\"name\":\"Telinha\",\"image\":{\"@type\":\"ImageObject\",\"inLanguage\":\"pt-PT\",\"@id\":\"https:\/\/portaltela.pt\/s.01k8rhncp4jt1\/2025\/11\/talking-bot-125x125.png\",\"url\":\"https:\/\/portaltela.pt\/s.01k8rhncp4jt1\/2025\/11\/talking-bot-125x125.png\",\"contentUrl\":\"https:\/\/portaltela.pt\/s.01k8rhncp4jt1\/2025\/11\/talking-bot-125x125.png\",\"caption\":\"Telinha\"},\"sameAs\":[\"https:\/\/portaltela.pt\/\"],\"url\":\"https:\/\/portaltela.pt\/por\/367410592786\/\"}]}<\/script>\n<!-- \/ Yoast SEO plugin. -->","yoast_head_json":{"title":"Nina Laisn\u00e9 apresenta o folclore indom\u00e1vel e livre da pianista Hilda Herrera - Portal Tela Portugal","robots":{"index":"index","follow":"follow","max-snippet":"max-snippet:-1","max-image-preview":"max-image-preview:large","max-video-preview":"max-video-preview:-1"},"og_locale":"pt_PT","og_type":"article","og_title":"Nina Laisn\u00e9 apresenta o folclore indom\u00e1vel e livre da pianista Hilda Herrera - Portal Tela Portugal","og_description":"O espet\u00e1culo \"Como una baguala oscura\" revela a obra da pianista e compositora Hilda Herrera, figura central do folclore argentino. A interpreta\u00e7\u00e3o fica a cargo do bailarino N\u00e9stor Pola Pastorive, com encena\u00e7\u00e3o de Nina Laisn\u00e9. O t\u00edtulo descreve o folclore argentino como \u201cindom\u00e1vel e livre\u201d. Nina Laisn\u00e9, considerada uma das artistas contempor\u00e2neas francesas mais ligadas ao Sul, regressa a Braga. O espet\u00e1culo acontece nesta sexta-feira no Theatro Circo.","og_url":"https:\/\/portaltela.pt\/noticias\/2026\/04\/24\/nina-laisne-apresenta-o-folclore-indomavel-e-livre-da-pianista-hilda-herrera\/","og_site_name":"Portal Tela Portugal","article_published_time":"2026-04-24T08:17:34+00:00","author":"Telinha","twitter_card":"summary_large_image","twitter_misc":{"Escrito por":"Telinha","Tempo estimado de leitura":"1 minuto"},"schema":{"@context":"https:\/\/schema.org","@graph":[{"@type":"Article","@id":"https:\/\/portaltela.pt\/noticias\/2026\/04\/24\/nina-laisne-apresenta-o-folclore-indomavel-e-livre-da-pianista-hilda-herrera\/#article","isPartOf":{"@id":"https:\/\/portaltela.pt\/noticias\/2026\/04\/24\/nina-laisne-apresenta-o-folclore-indomavel-e-livre-da-pianista-hilda-herrera\/"},"author":{"name":"Telinha","@id":"https:\/\/portaltela.pt\/#\/schema\/person\/c4278d4a6028830caff9ee44b42d32ed"},"headline":"Nina Laisn\u00e9 apresenta o folclore indom\u00e1vel e livre da pianista Hilda Herrera","datePublished":"2026-04-24T08:17:34+00:00","mainEntityOfPage":{"@id":"https:\/\/portaltela.pt\/noticias\/2026\/04\/24\/nina-laisne-apresenta-o-folclore-indomavel-e-livre-da-pianista-hilda-herrera\/"},"wordCount":292,"image":{"@id":"https:\/\/portaltela.pt\/noticias\/2026\/04\/24\/nina-laisne-apresenta-o-folclore-indomavel-e-livre-da-pianista-hilda-herrera\/#primaryimage"},"thumbnailUrl":"https:\/\/portaltela.pt\/s.01k8rhncp4jt1\/2026\/04\/2083561.jpg","keywords":["_colabora\u00e7\u00e3o internacional","_dan\u00e7a","_m\u00fasica","Argentina","artistas internacionais","Braga"],"articleSection":["Cultura","M\u00fasica"],"inLanguage":"pt-PT"},{"@type":"WebPage","@id":"https:\/\/portaltela.pt\/noticias\/2026\/04\/24\/nina-laisne-apresenta-o-folclore-indomavel-e-livre-da-pianista-hilda-herrera\/","url":"https:\/\/portaltela.pt\/noticias\/2026\/04\/24\/nina-laisne-apresenta-o-folclore-indomavel-e-livre-da-pianista-hilda-herrera\/","name":"Nina Laisn\u00e9 apresenta o folclore indom\u00e1vel e livre da pianista Hilda Herrera - Portal Tela Portugal","isPartOf":{"@id":"https:\/\/portaltela.pt\/#website"},"primaryImageOfPage":{"@id":"https:\/\/portaltela.pt\/noticias\/2026\/04\/24\/nina-laisne-apresenta-o-folclore-indomavel-e-livre-da-pianista-hilda-herrera\/#primaryimage"},"image":{"@id":"https:\/\/portaltela.pt\/noticias\/2026\/04\/24\/nina-laisne-apresenta-o-folclore-indomavel-e-livre-da-pianista-hilda-herrera\/#primaryimage"},"thumbnailUrl":"https:\/\/portaltela.pt\/s.01k8rhncp4jt1\/2026\/04\/2083561.jpg","datePublished":"2026-04-24T08:17:34+00:00","author":{"@id":"https:\/\/portaltela.pt\/#\/schema\/person\/c4278d4a6028830caff9ee44b42d32ed"},"breadcrumb":{"@id":"https:\/\/portaltela.pt\/noticias\/2026\/04\/24\/nina-laisne-apresenta-o-folclore-indomavel-e-livre-da-pianista-hilda-herrera\/#breadcrumb"},"inLanguage":"pt-PT","potentialAction":[{"@type":"ReadAction","target":["https:\/\/portaltela.pt\/noticias\/2026\/04\/24\/nina-laisne-apresenta-o-folclore-indomavel-e-livre-da-pianista-hilda-herrera\/"]}]},{"@type":"ImageObject","inLanguage":"pt-PT","@id":"https:\/\/portaltela.pt\/noticias\/2026\/04\/24\/nina-laisne-apresenta-o-folclore-indomavel-e-livre-da-pianista-hilda-herrera\/#primaryimage","url":"https:\/\/portaltela.pt\/s.01k8rhncp4jt1\/2026\/04\/2083561.jpg","contentUrl":"https:\/\/portaltela.pt\/s.01k8rhncp4jt1\/2026\/04\/2083561.jpg","width":796,"height":448,"caption":"Core\u00f3grafo e bailarino argentino N\u00e9stor Pola Pastorive d\u00e1 corpo a este espect\u00e1culo"},{"@type":"BreadcrumbList","@id":"https:\/\/portaltela.pt\/noticias\/2026\/04\/24\/nina-laisne-apresenta-o-folclore-indomavel-e-livre-da-pianista-hilda-herrera\/#breadcrumb","itemListElement":[{"@type":"ListItem","position":1,"name":"In\u00edcio","item":"https:\/\/portaltela.pt\/"},{"@type":"ListItem","position":2,"name":"Nina Laisn\u00e9 apresenta o folclore indom\u00e1vel e livre da pianista Hilda Herrera"}]},{"@type":"WebSite","@id":"https:\/\/portaltela.pt\/#website","url":"https:\/\/portaltela.pt\/","name":"Portal Tela Portugal","description":"","potentialAction":[{"@type":"SearchAction","target":{"@type":"EntryPoint","urlTemplate":"https:\/\/portaltela.pt\/?s={search_term_string}"},"query-input":{"@type":"PropertyValueSpecification","valueRequired":true,"valueName":"search_term_string"}}],"inLanguage":"pt-PT"},{"@type":"Person","@id":"https:\/\/portaltela.pt\/#\/schema\/person\/c4278d4a6028830caff9ee44b42d32ed","name":"Telinha","image":{"@type":"ImageObject","inLanguage":"pt-PT","@id":"https:\/\/portaltela.pt\/s.01k8rhncp4jt1\/2025\/11\/talking-bot-125x125.png","url":"https:\/\/portaltela.pt\/s.01k8rhncp4jt1\/2025\/11\/talking-bot-125x125.png","contentUrl":"https:\/\/portaltela.pt\/s.01k8rhncp4jt1\/2025\/11\/talking-bot-125x125.png","caption":"Telinha"},"sameAs":["https:\/\/portaltela.pt\/"],"url":"https:\/\/portaltela.pt\/por\/367410592786\/"}]}},"_links":{"self":[{"href":"https:\/\/portaltela.pt\/api\/wp\/v2\/posts\/457216","targetHints":{"allow":["GET"]}}],"collection":[{"href":"https:\/\/portaltela.pt\/api\/wp\/v2\/posts"}],"about":[{"href":"https:\/\/portaltela.pt\/api\/wp\/v2\/types\/post"}],"author":[{"embeddable":true,"href":"https:\/\/portaltela.pt\/api\/wp\/v2\/users\/2"}],"replies":[{"embeddable":true,"href":"https:\/\/portaltela.pt\/api\/wp\/v2\/comments?post=457216"}],"version-history":[{"count":0,"href":"https:\/\/portaltela.pt\/api\/wp\/v2\/posts\/457216\/revisions"}],"wp:featuredmedia":[{"embeddable":true,"href":"https:\/\/portaltela.pt\/api\/wp\/v2\/media\/457218"}],"wp:attachment":[{"href":"https:\/\/portaltela.pt\/api\/wp\/v2\/media?parent=457216"}],"wp:term":[{"taxonomy":"category","embeddable":true,"href":"https:\/\/portaltela.pt\/api\/wp\/v2\/categories?post=457216"},{"taxonomy":"post_tag","embeddable":true,"href":"https:\/\/portaltela.pt\/api\/wp\/v2\/tags?post=457216"}],"curies":[{"name":"wp","href":"https:\/\/api.w.org\/{rel}","templated":true}]}}