{"id":457215,"date":"2026-04-24T05:17:33","date_gmt":"2026-04-24T08:17:33","guid":{"rendered":"https:\/\/portaltela.pt\/noticias\/2026\/04\/24\/orcamento-visa-transferir-fundos-dos-paises-da-coesao-para-economias-mais-fortes\/"},"modified":"2026-04-24T05:17:33","modified_gmt":"2026-04-24T08:17:33","slug":"orcamento-visa-transferir-fundos-dos-paises-da-coesao-para-economias-mais-fortes","status":"publish","type":"post","link":"https:\/\/portaltela.pt\/politica-internacional\/2026\/04\/24\/orcamento-visa-transferir-fundos-dos-paises-da-coesao-para-economias-mais-fortes\/","title":{"rendered":"Or\u00e7amento visa transferir fundos dos pa\u00edses da coes\u00e3o para economias mais fortes"},"content":{"rendered":"<p>A presidente do Comit\u00e9 das Regi\u00f5es, Kata T\u00fctto, afirma que o or\u00e7amento da UE est\u00e1 a passar de um instrumento de investimento a longo prazo para uma ferramenta de resposta a crises. A cr\u00edtica surge na sequ\u00eancia de uma entrevista publicada pelo jornal P\u00daBLICO.<\/p>\n<p>T\u00fctto sustenta que a nova arquitetura proposta pela Comiss\u00e3o Europeia para o quadro financeiro plurianual (MFF) \u00e9 demasiado orientada para uma perspetiva empresarial. Segundo a l\u00edder h\u00fangara, a abordagem atual pode distanciar as pol\u00edticas tradicionais de Bruxelas.<\/p>\n<p>A dirigente explica que a proposta tende a transferir recursos dos pa\u00edses da coes\u00e3o para as economias mais fortes, o que, na perspetiva dela, pode comprometer servi\u00e7os e investidores menos desenvolvidos. A discuss\u00e3o envolve o equil\u00edbrio entre investimento estrutural e resposta a crises.<\/p>\n","protected":false},"excerpt":{"rendered":"<ul>\n<li>O or\u00e7amento da UE \u00e9 visto como transferir dinheiro dos pa\u00edses de coes\u00e3o para as economias mais fortes.<\/li>\n<li>O or\u00e7amento, que foi um instrumento de investimento a longo prazo, est\u00e1 a tornar-se cada vez mais uma ferramenta de resposta a crises.<\/li>\n<li>Kata T\u00fcto, presidente do Comit\u00e9 das Regi\u00f5es, afirma que a nova arquitetura proposta pela Comiss\u00e3o Europeia para o quadro financeiro plurianual \u00e9 problem\u00e1tica.<\/li>\n<li>A dirigente descreve a vis\u00e3o apresentada como muito empresarial e distante da perspetiva da Europa social.<\/li>\n<li>A entrevista foi publicada pelo jornal P\u00fablico.<\/li>\n<\/ul>\n","protected":false},"author":2,"featured_media":457217,"comment_status":"closed","ping_status":"closed","sticky":false,"template":"","format":"standard","meta":{"footnotes":""},"categories":[1,7127],"tags":[8069,6115,8004,8114,8056,6000],"class_list":["post-457215","post","type-post","status-publish","format-standard","has-post-thumbnail","hentry","category-noticias","category-politica-internacional","tag-_coesao-territorial","tag-_economia","tag-_europa","tag-_investimento","tag-_uniao-europeia","tag-orcamento"],"yoast_head":"<!-- This site is optimized with the Yoast SEO plugin v27.2 - https:\/\/yoast.com\/product\/yoast-seo-wordpress\/ -->\n<title>Or\u00e7amento visa transferir fundos dos pa\u00edses da coes\u00e3o para economias mais fortes - Portal Tela Portugal<\/title>\n<meta name=\"robots\" content=\"index, follow, max-snippet:-1, max-image-preview:large, max-video-preview:-1\" \/>\n<meta property=\"og:locale\" content=\"pt_PT\" \/>\n<meta property=\"og:type\" content=\"article\" \/>\n<meta property=\"og:title\" content=\"Or\u00e7amento visa transferir fundos dos pa\u00edses da coes\u00e3o para economias mais fortes - Portal Tela Portugal\" \/>\n<meta property=\"og:description\" content=\"O or\u00e7amento da UE \u00e9 visto como transferir dinheiro dos pa\u00edses de coes\u00e3o para as economias mais fortes. O or\u00e7amento, que foi um instrumento de investimento a longo prazo, est\u00e1 a tornar-se cada vez mais uma ferramenta de resposta a crises. Kata T\u00fcto, presidente do Comit\u00e9 das Regi\u00f5es, afirma que a nova arquitetura proposta pela Comiss\u00e3o Europeia para o quadro financeiro plurianual \u00e9 problem\u00e1tica. A dirigente descreve a vis\u00e3o apresentada como muito empresarial e distante da perspetiva da Europa social. A entrevista foi publicada pelo jornal P\u00fablico.\" \/>\n<meta property=\"og:url\" content=\"https:\/\/portaltela.pt\/noticias\/2026\/04\/24\/orcamento-visa-transferir-fundos-dos-paises-da-coesao-para-economias-mais-fortes\/\" \/>\n<meta property=\"og:site_name\" content=\"Portal Tela Portugal\" \/>\n<meta property=\"article:published_time\" content=\"2026-04-24T08:17:33+00:00\" \/>\n<meta name=\"author\" content=\"Telinha\" \/>\n<meta name=\"twitter:card\" content=\"summary_large_image\" \/>\n<meta name=\"twitter:label1\" content=\"Escrito por\" \/>\n\t<meta name=\"twitter:data1\" content=\"Telinha\" \/>\n\t<meta name=\"twitter:label2\" content=\"Tempo estimado de leitura\" \/>\n\t<meta name=\"twitter:data2\" content=\"1 minuto\" \/>\n<script type=\"application\/ld+json\" class=\"yoast-schema-graph\">{\"@context\":\"https:\/\/schema.org\",\"@graph\":[{\"@type\":\"Article\",\"@id\":\"https:\/\/portaltela.pt\/noticias\/2026\/04\/24\/orcamento-visa-transferir-fundos-dos-paises-da-coesao-para-economias-mais-fortes\/#article\",\"isPartOf\":{\"@id\":\"https:\/\/portaltela.pt\/noticias\/2026\/04\/24\/orcamento-visa-transferir-fundos-dos-paises-da-coesao-para-economias-mais-fortes\/\"},\"author\":{\"name\":\"Telinha\",\"@id\":\"https:\/\/portaltela.pt\/#\/schema\/person\/c4278d4a6028830caff9ee44b42d32ed\"},\"headline\":\"Or\u00e7amento visa transferir fundos dos pa\u00edses da coes\u00e3o para economias mais fortes\",\"datePublished\":\"2026-04-24T08:17:33+00:00\",\"mainEntityOfPage\":{\"@id\":\"https:\/\/portaltela.pt\/noticias\/2026\/04\/24\/orcamento-visa-transferir-fundos-dos-paises-da-coesao-para-economias-mais-fortes\/\"},\"wordCount\":154,\"image\":{\"@id\":\"https:\/\/portaltela.pt\/noticias\/2026\/04\/24\/orcamento-visa-transferir-fundos-dos-paises-da-coesao-para-economias-mais-fortes\/#primaryimage\"},\"thumbnailUrl\":\"https:\/\/portaltela.pt\/s.01k8rhncp4jt1\/2026\/04\/2083534.jpg\",\"keywords\":[\"_Coes\u00e3o Territorial\",\"_economia\",\"_Europa\",\"_investimento\",\"_Uni\u00e3o Europeia\",\"or\u00e7amento\"],\"articleSection\":[\"Not\u00edcias\",\"Pol\u00edtica Internacional\"],\"inLanguage\":\"pt-PT\"},{\"@type\":\"WebPage\",\"@id\":\"https:\/\/portaltela.pt\/noticias\/2026\/04\/24\/orcamento-visa-transferir-fundos-dos-paises-da-coesao-para-economias-mais-fortes\/\",\"url\":\"https:\/\/portaltela.pt\/noticias\/2026\/04\/24\/orcamento-visa-transferir-fundos-dos-paises-da-coesao-para-economias-mais-fortes\/\",\"name\":\"Or\u00e7amento visa transferir fundos dos pa\u00edses da coes\u00e3o para economias mais fortes - Portal Tela Portugal\",\"isPartOf\":{\"@id\":\"https:\/\/portaltela.pt\/#website\"},\"primaryImageOfPage\":{\"@id\":\"https:\/\/portaltela.pt\/noticias\/2026\/04\/24\/orcamento-visa-transferir-fundos-dos-paises-da-coesao-para-economias-mais-fortes\/#primaryimage\"},\"image\":{\"@id\":\"https:\/\/portaltela.pt\/noticias\/2026\/04\/24\/orcamento-visa-transferir-fundos-dos-paises-da-coesao-para-economias-mais-fortes\/#primaryimage\"},\"thumbnailUrl\":\"https:\/\/portaltela.pt\/s.01k8rhncp4jt1\/2026\/04\/2083534.jpg\",\"datePublished\":\"2026-04-24T08:17:33+00:00\",\"author\":{\"@id\":\"https:\/\/portaltela.pt\/#\/schema\/person\/c4278d4a6028830caff9ee44b42d32ed\"},\"breadcrumb\":{\"@id\":\"https:\/\/portaltela.pt\/noticias\/2026\/04\/24\/orcamento-visa-transferir-fundos-dos-paises-da-coesao-para-economias-mais-fortes\/#breadcrumb\"},\"inLanguage\":\"pt-PT\",\"potentialAction\":[{\"@type\":\"ReadAction\",\"target\":[\"https:\/\/portaltela.pt\/noticias\/2026\/04\/24\/orcamento-visa-transferir-fundos-dos-paises-da-coesao-para-economias-mais-fortes\/\"]}]},{\"@type\":\"ImageObject\",\"inLanguage\":\"pt-PT\",\"@id\":\"https:\/\/portaltela.pt\/noticias\/2026\/04\/24\/orcamento-visa-transferir-fundos-dos-paises-da-coesao-para-economias-mais-fortes\/#primaryimage\",\"url\":\"https:\/\/portaltela.pt\/s.01k8rhncp4jt1\/2026\/04\/2083534.jpg\",\"contentUrl\":\"https:\/\/portaltela.pt\/s.01k8rhncp4jt1\/2026\/04\/2083534.jpg\",\"width\":796,\"height\":448,\"caption\":\"Kata T\u00fcto, presidente do Comit\u00e9 Europeu das Regi\u00f5es\"},{\"@type\":\"BreadcrumbList\",\"@id\":\"https:\/\/portaltela.pt\/noticias\/2026\/04\/24\/orcamento-visa-transferir-fundos-dos-paises-da-coesao-para-economias-mais-fortes\/#breadcrumb\",\"itemListElement\":[{\"@type\":\"ListItem\",\"position\":1,\"name\":\"In\u00edcio\",\"item\":\"https:\/\/portaltela.pt\/\"},{\"@type\":\"ListItem\",\"position\":2,\"name\":\"Or\u00e7amento visa transferir fundos dos pa\u00edses da coes\u00e3o para economias mais fortes\"}]},{\"@type\":\"WebSite\",\"@id\":\"https:\/\/portaltela.pt\/#website\",\"url\":\"https:\/\/portaltela.pt\/\",\"name\":\"Portal Tela Portugal\",\"description\":\"\",\"potentialAction\":[{\"@type\":\"SearchAction\",\"target\":{\"@type\":\"EntryPoint\",\"urlTemplate\":\"https:\/\/portaltela.pt\/?s={search_term_string}\"},\"query-input\":{\"@type\":\"PropertyValueSpecification\",\"valueRequired\":true,\"valueName\":\"search_term_string\"}}],\"inLanguage\":\"pt-PT\"},{\"@type\":\"Person\",\"@id\":\"https:\/\/portaltela.pt\/#\/schema\/person\/c4278d4a6028830caff9ee44b42d32ed\",\"name\":\"Telinha\",\"image\":{\"@type\":\"ImageObject\",\"inLanguage\":\"pt-PT\",\"@id\":\"https:\/\/portaltela.pt\/s.01k8rhncp4jt1\/2025\/11\/talking-bot-125x125.png\",\"url\":\"https:\/\/portaltela.pt\/s.01k8rhncp4jt1\/2025\/11\/talking-bot-125x125.png\",\"contentUrl\":\"https:\/\/portaltela.pt\/s.01k8rhncp4jt1\/2025\/11\/talking-bot-125x125.png\",\"caption\":\"Telinha\"},\"sameAs\":[\"https:\/\/portaltela.pt\/\"],\"url\":\"https:\/\/portaltela.pt\/por\/367410592786\/\"}]}<\/script>\n<!-- \/ Yoast SEO plugin. -->","yoast_head_json":{"title":"Or\u00e7amento visa transferir fundos dos pa\u00edses da coes\u00e3o para economias mais fortes - Portal Tela Portugal","robots":{"index":"index","follow":"follow","max-snippet":"max-snippet:-1","max-image-preview":"max-image-preview:large","max-video-preview":"max-video-preview:-1"},"og_locale":"pt_PT","og_type":"article","og_title":"Or\u00e7amento visa transferir fundos dos pa\u00edses da coes\u00e3o para economias mais fortes - Portal Tela Portugal","og_description":"O or\u00e7amento da UE \u00e9 visto como transferir dinheiro dos pa\u00edses de coes\u00e3o para as economias mais fortes. O or\u00e7amento, que foi um instrumento de investimento a longo prazo, est\u00e1 a tornar-se cada vez mais uma ferramenta de resposta a crises. Kata T\u00fcto, presidente do Comit\u00e9 das Regi\u00f5es, afirma que a nova arquitetura proposta pela Comiss\u00e3o Europeia para o quadro financeiro plurianual \u00e9 problem\u00e1tica. A dirigente descreve a vis\u00e3o apresentada como muito empresarial e distante da perspetiva da Europa social. A entrevista foi publicada pelo jornal P\u00fablico.","og_url":"https:\/\/portaltela.pt\/noticias\/2026\/04\/24\/orcamento-visa-transferir-fundos-dos-paises-da-coesao-para-economias-mais-fortes\/","og_site_name":"Portal Tela Portugal","article_published_time":"2026-04-24T08:17:33+00:00","author":"Telinha","twitter_card":"summary_large_image","twitter_misc":{"Escrito por":"Telinha","Tempo estimado de leitura":"1 minuto"},"schema":{"@context":"https:\/\/schema.org","@graph":[{"@type":"Article","@id":"https:\/\/portaltela.pt\/noticias\/2026\/04\/24\/orcamento-visa-transferir-fundos-dos-paises-da-coesao-para-economias-mais-fortes\/#article","isPartOf":{"@id":"https:\/\/portaltela.pt\/noticias\/2026\/04\/24\/orcamento-visa-transferir-fundos-dos-paises-da-coesao-para-economias-mais-fortes\/"},"author":{"name":"Telinha","@id":"https:\/\/portaltela.pt\/#\/schema\/person\/c4278d4a6028830caff9ee44b42d32ed"},"headline":"Or\u00e7amento visa transferir fundos dos pa\u00edses da coes\u00e3o para economias mais fortes","datePublished":"2026-04-24T08:17:33+00:00","mainEntityOfPage":{"@id":"https:\/\/portaltela.pt\/noticias\/2026\/04\/24\/orcamento-visa-transferir-fundos-dos-paises-da-coesao-para-economias-mais-fortes\/"},"wordCount":154,"image":{"@id":"https:\/\/portaltela.pt\/noticias\/2026\/04\/24\/orcamento-visa-transferir-fundos-dos-paises-da-coesao-para-economias-mais-fortes\/#primaryimage"},"thumbnailUrl":"https:\/\/portaltela.pt\/s.01k8rhncp4jt1\/2026\/04\/2083534.jpg","keywords":["_Coes\u00e3o Territorial","_economia","_Europa","_investimento","_Uni\u00e3o Europeia","or\u00e7amento"],"articleSection":["Not\u00edcias","Pol\u00edtica Internacional"],"inLanguage":"pt-PT"},{"@type":"WebPage","@id":"https:\/\/portaltela.pt\/noticias\/2026\/04\/24\/orcamento-visa-transferir-fundos-dos-paises-da-coesao-para-economias-mais-fortes\/","url":"https:\/\/portaltela.pt\/noticias\/2026\/04\/24\/orcamento-visa-transferir-fundos-dos-paises-da-coesao-para-economias-mais-fortes\/","name":"Or\u00e7amento visa transferir fundos dos pa\u00edses da coes\u00e3o para economias mais fortes - Portal Tela Portugal","isPartOf":{"@id":"https:\/\/portaltela.pt\/#website"},"primaryImageOfPage":{"@id":"https:\/\/portaltela.pt\/noticias\/2026\/04\/24\/orcamento-visa-transferir-fundos-dos-paises-da-coesao-para-economias-mais-fortes\/#primaryimage"},"image":{"@id":"https:\/\/portaltela.pt\/noticias\/2026\/04\/24\/orcamento-visa-transferir-fundos-dos-paises-da-coesao-para-economias-mais-fortes\/#primaryimage"},"thumbnailUrl":"https:\/\/portaltela.pt\/s.01k8rhncp4jt1\/2026\/04\/2083534.jpg","datePublished":"2026-04-24T08:17:33+00:00","author":{"@id":"https:\/\/portaltela.pt\/#\/schema\/person\/c4278d4a6028830caff9ee44b42d32ed"},"breadcrumb":{"@id":"https:\/\/portaltela.pt\/noticias\/2026\/04\/24\/orcamento-visa-transferir-fundos-dos-paises-da-coesao-para-economias-mais-fortes\/#breadcrumb"},"inLanguage":"pt-PT","potentialAction":[{"@type":"ReadAction","target":["https:\/\/portaltela.pt\/noticias\/2026\/04\/24\/orcamento-visa-transferir-fundos-dos-paises-da-coesao-para-economias-mais-fortes\/"]}]},{"@type":"ImageObject","inLanguage":"pt-PT","@id":"https:\/\/portaltela.pt\/noticias\/2026\/04\/24\/orcamento-visa-transferir-fundos-dos-paises-da-coesao-para-economias-mais-fortes\/#primaryimage","url":"https:\/\/portaltela.pt\/s.01k8rhncp4jt1\/2026\/04\/2083534.jpg","contentUrl":"https:\/\/portaltela.pt\/s.01k8rhncp4jt1\/2026\/04\/2083534.jpg","width":796,"height":448,"caption":"Kata T\u00fcto, presidente do Comit\u00e9 Europeu das Regi\u00f5es"},{"@type":"BreadcrumbList","@id":"https:\/\/portaltela.pt\/noticias\/2026\/04\/24\/orcamento-visa-transferir-fundos-dos-paises-da-coesao-para-economias-mais-fortes\/#breadcrumb","itemListElement":[{"@type":"ListItem","position":1,"name":"In\u00edcio","item":"https:\/\/portaltela.pt\/"},{"@type":"ListItem","position":2,"name":"Or\u00e7amento visa transferir fundos dos pa\u00edses da coes\u00e3o para economias mais fortes"}]},{"@type":"WebSite","@id":"https:\/\/portaltela.pt\/#website","url":"https:\/\/portaltela.pt\/","name":"Portal Tela Portugal","description":"","potentialAction":[{"@type":"SearchAction","target":{"@type":"EntryPoint","urlTemplate":"https:\/\/portaltela.pt\/?s={search_term_string}"},"query-input":{"@type":"PropertyValueSpecification","valueRequired":true,"valueName":"search_term_string"}}],"inLanguage":"pt-PT"},{"@type":"Person","@id":"https:\/\/portaltela.pt\/#\/schema\/person\/c4278d4a6028830caff9ee44b42d32ed","name":"Telinha","image":{"@type":"ImageObject","inLanguage":"pt-PT","@id":"https:\/\/portaltela.pt\/s.01k8rhncp4jt1\/2025\/11\/talking-bot-125x125.png","url":"https:\/\/portaltela.pt\/s.01k8rhncp4jt1\/2025\/11\/talking-bot-125x125.png","contentUrl":"https:\/\/portaltela.pt\/s.01k8rhncp4jt1\/2025\/11\/talking-bot-125x125.png","caption":"Telinha"},"sameAs":["https:\/\/portaltela.pt\/"],"url":"https:\/\/portaltela.pt\/por\/367410592786\/"}]}},"_links":{"self":[{"href":"https:\/\/portaltela.pt\/api\/wp\/v2\/posts\/457215","targetHints":{"allow":["GET"]}}],"collection":[{"href":"https:\/\/portaltela.pt\/api\/wp\/v2\/posts"}],"about":[{"href":"https:\/\/portaltela.pt\/api\/wp\/v2\/types\/post"}],"author":[{"embeddable":true,"href":"https:\/\/portaltela.pt\/api\/wp\/v2\/users\/2"}],"replies":[{"embeddable":true,"href":"https:\/\/portaltela.pt\/api\/wp\/v2\/comments?post=457215"}],"version-history":[{"count":0,"href":"https:\/\/portaltela.pt\/api\/wp\/v2\/posts\/457215\/revisions"}],"wp:featuredmedia":[{"embeddable":true,"href":"https:\/\/portaltela.pt\/api\/wp\/v2\/media\/457217"}],"wp:attachment":[{"href":"https:\/\/portaltela.pt\/api\/wp\/v2\/media?parent=457215"}],"wp:term":[{"taxonomy":"category","embeddable":true,"href":"https:\/\/portaltela.pt\/api\/wp\/v2\/categories?post=457215"},{"taxonomy":"post_tag","embeddable":true,"href":"https:\/\/portaltela.pt\/api\/wp\/v2\/tags?post=457215"}],"curies":[{"name":"wp","href":"https:\/\/api.w.org\/{rel}","templated":true}]}}