{"id":457186,"date":"2026-04-24T04:48:01","date_gmt":"2026-04-24T07:48:01","guid":{"rendered":"https:\/\/portaltela.pt\/noticias\/2026\/04\/24\/italia-sonha-com-guardiola-negocio-e-quase-impossivel-mas-pode-ter-ajuda\/"},"modified":"2026-04-24T04:48:01","modified_gmt":"2026-04-24T07:48:01","slug":"italia-sonha-com-guardiola-negocio-e-quase-impossivel-mas-pode-ter-ajuda","status":"publish","type":"post","link":"https:\/\/portaltela.pt\/desporto\/futebol\/2026\/04\/24\/italia-sonha-com-guardiola-negocio-e-quase-impossivel-mas-pode-ter-ajuda\/","title":{"rendered":"It\u00e1lia sonha com Guardiola; neg\u00f3cio \u00e9 quase imposs\u00edvel, mas pode ter ajuda"},"content":{"rendered":"<p>O futebol italiano encara um duro golpe ap\u00f3s falhar a qualifica\u00e7\u00e3o para o Mundial pela terceira vez consecutiva. A federa\u00e7\u00e3o procura mudan\u00e7as, olhando para possibilidades de lideran\u00e7a t\u00e9cnica da sele\u00e7\u00e3o.<\/p>\n<p>Segundo a Gazzetta dello Sport, Pep Guardiola \u00e9 o sonho da gest\u00e3o da FIFA italiana para orientar a Squadra Azzurra, ainda que o neg\u00f3cio seja considerado praticamente imposs\u00edvel. A ajuda preciosa seria vi\u00e1vel com condi\u00e7\u00f5es incomuns.<\/p>\n<p>A Federa\u00e7\u00e3o n\u00e3o poupa esfor\u00e7os e aponta para um patroc\u00ednio comum com o treinador, a Puma, apesar de a remunera\u00e7\u00e3o de Guardiola, na casa dos 24 milh\u00f5es de euros por ano, ser incompat\u00edvel com o or\u00e7amento atual. O cen\u00e1rio inclui op\u00e7\u00f5es de financiamento alternativas.<\/p>\n<h3>Contexto contratual e financeiro<\/h3>\n<p>Pep Guardiola, 55 anos, tem contrato com o Manchester City at\u00e9 junho de 2027 e j\u00e1 afirmou que pode fazer uma pausa no futebol ap\u00f3s deixar o clube ingl\u00eas. Este modelo foi lembrado pela imprensa italiana, recordando a passagem de Antonio Conte em 2014 para dirigir a sele\u00e7\u00e3o.<\/p>\n<h3>Perspetiva hist\u00f3rica e viabilidade<\/h3>\n<p>A refer\u00eancia a Conte em 2014 mostra um caminho utilizado no passado para transferir treinadores entre clubes e sele\u00e7\u00e3o. Mesmo assim, a federa\u00e7\u00e3o italiana ainda n\u00e3o confirmou negocia\u00e7\u00f5es formais com Guardiola ou com a Puma. A situa\u00e7\u00e3o permanece sob an\u00e1lise.<\/p>\n","protected":false},"excerpt":{"rendered":"<ul>\n<li>A Federa\u00e7\u00e3o italiana sonha com Pep Guardiola para orientar a sele\u00e7\u00e3o, mesmo sendo um neg\u00f3cio praticamente imposs\u00edvel.<\/li>\n<li>Guardiola tem contrato com o Manchester City at\u00e9 junho de 2027 e j\u00e1 disse que pode fazer uma pausa ap\u00f3s deixar o clube.<\/li>\n<li>O sal\u00e1rio atual de Guardiola no City \u00e9 cerca de 24 milh\u00f5es de euros por ano, o que torna financeiramente dif\u00edcil para a It\u00e1lia competir.<\/li>\n<li>A federa\u00e7\u00e3o italiana pretende contar com o apoio de um patrocinador, a Puma, que j\u00e1 patrocina Guardiola.<\/li>\n<li>O modelo de neg\u00f3cio seria semelhante ao usado em 2014, quando Antonio Conte deixou a Juventus para orientar a sele\u00e7\u00e3o italiana.<\/li>\n<\/ul>\n","protected":false},"author":2,"featured_media":457191,"comment_status":"closed","ping_status":"closed","sticky":false,"template":"","format":"standard","meta":{"footnotes":""},"categories":[21,24],"tags":[5551,32,3338,1857,1980,2057],"class_list":["post-457186","post","type-post","status-publish","format-standard","has-post-thumbnail","hentry","category-desporto","category-futebol","tag-antonio-conte","tag-futebol","tag-futebol-internacional","tag-italia","tag-manchester-city","tag-selecao-nacional"],"yoast_head":"<!-- This site is optimized with the Yoast SEO plugin v27.2 - https:\/\/yoast.com\/product\/yoast-seo-wordpress\/ -->\n<title>It\u00e1lia sonha com Guardiola; neg\u00f3cio \u00e9 quase imposs\u00edvel, mas pode ter ajuda - Portal Tela Portugal<\/title>\n<meta name=\"robots\" content=\"index, follow, max-snippet:-1, max-image-preview:large, max-video-preview:-1\" \/>\n<meta property=\"og:locale\" content=\"pt_PT\" \/>\n<meta property=\"og:type\" content=\"article\" \/>\n<meta property=\"og:title\" content=\"It\u00e1lia sonha com Guardiola; neg\u00f3cio \u00e9 quase imposs\u00edvel, mas pode ter ajuda - Portal Tela Portugal\" \/>\n<meta property=\"og:description\" content=\"A Federa\u00e7\u00e3o italiana sonha com Pep Guardiola para orientar a sele\u00e7\u00e3o, mesmo sendo um neg\u00f3cio praticamente imposs\u00edvel. Guardiola tem contrato com o Manchester City at\u00e9 junho de 2027 e j\u00e1 disse que pode fazer uma pausa ap\u00f3s deixar o clube. O sal\u00e1rio atual de Guardiola no City \u00e9 cerca de 24 milh\u00f5es de euros por ano, o que torna financeiramente dif\u00edcil para a It\u00e1lia competir. A federa\u00e7\u00e3o italiana pretende contar com o apoio de um patrocinador, a Puma, que j\u00e1 patrocina Guardiola. O modelo de neg\u00f3cio seria semelhante ao usado em 2014, quando Antonio Conte deixou a Juventus para orientar a sele\u00e7\u00e3o italiana.\" \/>\n<meta property=\"og:url\" content=\"https:\/\/portaltela.pt\/noticias\/2026\/04\/24\/italia-sonha-com-guardiola-negocio-e-quase-impossivel-mas-pode-ter-ajuda\/\" \/>\n<meta property=\"og:site_name\" content=\"Portal Tela Portugal\" \/>\n<meta property=\"article:published_time\" content=\"2026-04-24T07:48:01+00:00\" \/>\n<meta name=\"author\" content=\"Telinha\" \/>\n<meta name=\"twitter:card\" content=\"summary_large_image\" \/>\n<meta name=\"twitter:label1\" content=\"Escrito por\" \/>\n\t<meta name=\"twitter:data1\" content=\"Telinha\" \/>\n\t<meta name=\"twitter:label2\" content=\"Tempo estimado de leitura\" \/>\n\t<meta name=\"twitter:data2\" content=\"1 minuto\" \/>\n<script type=\"application\/ld+json\" class=\"yoast-schema-graph\">{\"@context\":\"https:\/\/schema.org\",\"@graph\":[{\"@type\":\"Article\",\"@id\":\"https:\/\/portaltela.pt\/noticias\/2026\/04\/24\/italia-sonha-com-guardiola-negocio-e-quase-impossivel-mas-pode-ter-ajuda\/#article\",\"isPartOf\":{\"@id\":\"https:\/\/portaltela.pt\/noticias\/2026\/04\/24\/italia-sonha-com-guardiola-negocio-e-quase-impossivel-mas-pode-ter-ajuda\/\"},\"author\":{\"name\":\"Telinha\",\"@id\":\"https:\/\/portaltela.pt\/#\/schema\/person\/c4278d4a6028830caff9ee44b42d32ed\"},\"headline\":\"It\u00e1lia sonha com Guardiola; neg\u00f3cio \u00e9 quase imposs\u00edvel, mas pode ter ajuda\",\"datePublished\":\"2026-04-24T07:48:01+00:00\",\"mainEntityOfPage\":{\"@id\":\"https:\/\/portaltela.pt\/noticias\/2026\/04\/24\/italia-sonha-com-guardiola-negocio-e-quase-impossivel-mas-pode-ter-ajuda\/\"},\"wordCount\":247,\"image\":{\"@id\":\"https:\/\/portaltela.pt\/noticias\/2026\/04\/24\/italia-sonha-com-guardiola-negocio-e-quase-impossivel-mas-pode-ter-ajuda\/#primaryimage\"},\"thumbnailUrl\":\"https:\/\/portaltela.pt\/s.01k8rhncp4jt1\/2026\/04\/img_920x518uu2026-04-24-08-42-38-2435006.jpg\",\"keywords\":[\"Antonio Conte\",\"futebol\",\"futebol internacional\",\"It\u00e1lia\",\"Manchester City\",\"Sele\u00e7\u00e3o Nacional\"],\"articleSection\":[\"Desporto\",\"Futebol\"],\"inLanguage\":\"pt-PT\"},{\"@type\":\"WebPage\",\"@id\":\"https:\/\/portaltela.pt\/noticias\/2026\/04\/24\/italia-sonha-com-guardiola-negocio-e-quase-impossivel-mas-pode-ter-ajuda\/\",\"url\":\"https:\/\/portaltela.pt\/noticias\/2026\/04\/24\/italia-sonha-com-guardiola-negocio-e-quase-impossivel-mas-pode-ter-ajuda\/\",\"name\":\"It\u00e1lia sonha com Guardiola; neg\u00f3cio \u00e9 quase imposs\u00edvel, mas pode ter ajuda - Portal Tela Portugal\",\"isPartOf\":{\"@id\":\"https:\/\/portaltela.pt\/#website\"},\"primaryImageOfPage\":{\"@id\":\"https:\/\/portaltela.pt\/noticias\/2026\/04\/24\/italia-sonha-com-guardiola-negocio-e-quase-impossivel-mas-pode-ter-ajuda\/#primaryimage\"},\"image\":{\"@id\":\"https:\/\/portaltela.pt\/noticias\/2026\/04\/24\/italia-sonha-com-guardiola-negocio-e-quase-impossivel-mas-pode-ter-ajuda\/#primaryimage\"},\"thumbnailUrl\":\"https:\/\/portaltela.pt\/s.01k8rhncp4jt1\/2026\/04\/img_920x518uu2026-04-24-08-42-38-2435006.jpg\",\"datePublished\":\"2026-04-24T07:48:01+00:00\",\"author\":{\"@id\":\"https:\/\/portaltela.pt\/#\/schema\/person\/c4278d4a6028830caff9ee44b42d32ed\"},\"breadcrumb\":{\"@id\":\"https:\/\/portaltela.pt\/noticias\/2026\/04\/24\/italia-sonha-com-guardiola-negocio-e-quase-impossivel-mas-pode-ter-ajuda\/#breadcrumb\"},\"inLanguage\":\"pt-PT\",\"potentialAction\":[{\"@type\":\"ReadAction\",\"target\":[\"https:\/\/portaltela.pt\/noticias\/2026\/04\/24\/italia-sonha-com-guardiola-negocio-e-quase-impossivel-mas-pode-ter-ajuda\/\"]}]},{\"@type\":\"ImageObject\",\"inLanguage\":\"pt-PT\",\"@id\":\"https:\/\/portaltela.pt\/noticias\/2026\/04\/24\/italia-sonha-com-guardiola-negocio-e-quase-impossivel-mas-pode-ter-ajuda\/#primaryimage\",\"url\":\"https:\/\/portaltela.pt\/s.01k8rhncp4jt1\/2026\/04\/img_920x518uu2026-04-24-08-42-38-2435006.jpg\",\"contentUrl\":\"https:\/\/portaltela.pt\/s.01k8rhncp4jt1\/2026\/04\/img_920x518uu2026-04-24-08-42-38-2435006.jpg\",\"width\":796,\"height\":448,\"caption\":\"It\u00e1lia sonha com Guardiola: neg\u00f3cio \u00e9 praticamente imposs\u00edvel mas pode contar com ajuda preciosa\"},{\"@type\":\"BreadcrumbList\",\"@id\":\"https:\/\/portaltela.pt\/noticias\/2026\/04\/24\/italia-sonha-com-guardiola-negocio-e-quase-impossivel-mas-pode-ter-ajuda\/#breadcrumb\",\"itemListElement\":[{\"@type\":\"ListItem\",\"position\":1,\"name\":\"In\u00edcio\",\"item\":\"https:\/\/portaltela.pt\/\"},{\"@type\":\"ListItem\",\"position\":2,\"name\":\"It\u00e1lia sonha com Guardiola; neg\u00f3cio \u00e9 quase imposs\u00edvel, mas pode ter ajuda\"}]},{\"@type\":\"WebSite\",\"@id\":\"https:\/\/portaltela.pt\/#website\",\"url\":\"https:\/\/portaltela.pt\/\",\"name\":\"Portal Tela Portugal\",\"description\":\"\",\"potentialAction\":[{\"@type\":\"SearchAction\",\"target\":{\"@type\":\"EntryPoint\",\"urlTemplate\":\"https:\/\/portaltela.pt\/?s={search_term_string}\"},\"query-input\":{\"@type\":\"PropertyValueSpecification\",\"valueRequired\":true,\"valueName\":\"search_term_string\"}}],\"inLanguage\":\"pt-PT\"},{\"@type\":\"Person\",\"@id\":\"https:\/\/portaltela.pt\/#\/schema\/person\/c4278d4a6028830caff9ee44b42d32ed\",\"name\":\"Telinha\",\"image\":{\"@type\":\"ImageObject\",\"inLanguage\":\"pt-PT\",\"@id\":\"https:\/\/portaltela.pt\/s.01k8rhncp4jt1\/2025\/11\/talking-bot-125x125.png\",\"url\":\"https:\/\/portaltela.pt\/s.01k8rhncp4jt1\/2025\/11\/talking-bot-125x125.png\",\"contentUrl\":\"https:\/\/portaltela.pt\/s.01k8rhncp4jt1\/2025\/11\/talking-bot-125x125.png\",\"caption\":\"Telinha\"},\"sameAs\":[\"https:\/\/portaltela.pt\/\"],\"url\":\"https:\/\/portaltela.pt\/por\/367410592786\/\"}]}<\/script>\n<!-- \/ Yoast SEO plugin. -->","yoast_head_json":{"title":"It\u00e1lia sonha com Guardiola; neg\u00f3cio \u00e9 quase imposs\u00edvel, mas pode ter ajuda - Portal Tela Portugal","robots":{"index":"index","follow":"follow","max-snippet":"max-snippet:-1","max-image-preview":"max-image-preview:large","max-video-preview":"max-video-preview:-1"},"og_locale":"pt_PT","og_type":"article","og_title":"It\u00e1lia sonha com Guardiola; neg\u00f3cio \u00e9 quase imposs\u00edvel, mas pode ter ajuda - Portal Tela Portugal","og_description":"A Federa\u00e7\u00e3o italiana sonha com Pep Guardiola para orientar a sele\u00e7\u00e3o, mesmo sendo um neg\u00f3cio praticamente imposs\u00edvel. Guardiola tem contrato com o Manchester City at\u00e9 junho de 2027 e j\u00e1 disse que pode fazer uma pausa ap\u00f3s deixar o clube. O sal\u00e1rio atual de Guardiola no City \u00e9 cerca de 24 milh\u00f5es de euros por ano, o que torna financeiramente dif\u00edcil para a It\u00e1lia competir. A federa\u00e7\u00e3o italiana pretende contar com o apoio de um patrocinador, a Puma, que j\u00e1 patrocina Guardiola. O modelo de neg\u00f3cio seria semelhante ao usado em 2014, quando Antonio Conte deixou a Juventus para orientar a sele\u00e7\u00e3o italiana.","og_url":"https:\/\/portaltela.pt\/noticias\/2026\/04\/24\/italia-sonha-com-guardiola-negocio-e-quase-impossivel-mas-pode-ter-ajuda\/","og_site_name":"Portal Tela Portugal","article_published_time":"2026-04-24T07:48:01+00:00","author":"Telinha","twitter_card":"summary_large_image","twitter_misc":{"Escrito por":"Telinha","Tempo estimado de leitura":"1 minuto"},"schema":{"@context":"https:\/\/schema.org","@graph":[{"@type":"Article","@id":"https:\/\/portaltela.pt\/noticias\/2026\/04\/24\/italia-sonha-com-guardiola-negocio-e-quase-impossivel-mas-pode-ter-ajuda\/#article","isPartOf":{"@id":"https:\/\/portaltela.pt\/noticias\/2026\/04\/24\/italia-sonha-com-guardiola-negocio-e-quase-impossivel-mas-pode-ter-ajuda\/"},"author":{"name":"Telinha","@id":"https:\/\/portaltela.pt\/#\/schema\/person\/c4278d4a6028830caff9ee44b42d32ed"},"headline":"It\u00e1lia sonha com Guardiola; neg\u00f3cio \u00e9 quase imposs\u00edvel, mas pode ter ajuda","datePublished":"2026-04-24T07:48:01+00:00","mainEntityOfPage":{"@id":"https:\/\/portaltela.pt\/noticias\/2026\/04\/24\/italia-sonha-com-guardiola-negocio-e-quase-impossivel-mas-pode-ter-ajuda\/"},"wordCount":247,"image":{"@id":"https:\/\/portaltela.pt\/noticias\/2026\/04\/24\/italia-sonha-com-guardiola-negocio-e-quase-impossivel-mas-pode-ter-ajuda\/#primaryimage"},"thumbnailUrl":"https:\/\/portaltela.pt\/s.01k8rhncp4jt1\/2026\/04\/img_920x518uu2026-04-24-08-42-38-2435006.jpg","keywords":["Antonio Conte","futebol","futebol internacional","It\u00e1lia","Manchester City","Sele\u00e7\u00e3o Nacional"],"articleSection":["Desporto","Futebol"],"inLanguage":"pt-PT"},{"@type":"WebPage","@id":"https:\/\/portaltela.pt\/noticias\/2026\/04\/24\/italia-sonha-com-guardiola-negocio-e-quase-impossivel-mas-pode-ter-ajuda\/","url":"https:\/\/portaltela.pt\/noticias\/2026\/04\/24\/italia-sonha-com-guardiola-negocio-e-quase-impossivel-mas-pode-ter-ajuda\/","name":"It\u00e1lia sonha com Guardiola; neg\u00f3cio \u00e9 quase imposs\u00edvel, mas pode ter ajuda - Portal Tela Portugal","isPartOf":{"@id":"https:\/\/portaltela.pt\/#website"},"primaryImageOfPage":{"@id":"https:\/\/portaltela.pt\/noticias\/2026\/04\/24\/italia-sonha-com-guardiola-negocio-e-quase-impossivel-mas-pode-ter-ajuda\/#primaryimage"},"image":{"@id":"https:\/\/portaltela.pt\/noticias\/2026\/04\/24\/italia-sonha-com-guardiola-negocio-e-quase-impossivel-mas-pode-ter-ajuda\/#primaryimage"},"thumbnailUrl":"https:\/\/portaltela.pt\/s.01k8rhncp4jt1\/2026\/04\/img_920x518uu2026-04-24-08-42-38-2435006.jpg","datePublished":"2026-04-24T07:48:01+00:00","author":{"@id":"https:\/\/portaltela.pt\/#\/schema\/person\/c4278d4a6028830caff9ee44b42d32ed"},"breadcrumb":{"@id":"https:\/\/portaltela.pt\/noticias\/2026\/04\/24\/italia-sonha-com-guardiola-negocio-e-quase-impossivel-mas-pode-ter-ajuda\/#breadcrumb"},"inLanguage":"pt-PT","potentialAction":[{"@type":"ReadAction","target":["https:\/\/portaltela.pt\/noticias\/2026\/04\/24\/italia-sonha-com-guardiola-negocio-e-quase-impossivel-mas-pode-ter-ajuda\/"]}]},{"@type":"ImageObject","inLanguage":"pt-PT","@id":"https:\/\/portaltela.pt\/noticias\/2026\/04\/24\/italia-sonha-com-guardiola-negocio-e-quase-impossivel-mas-pode-ter-ajuda\/#primaryimage","url":"https:\/\/portaltela.pt\/s.01k8rhncp4jt1\/2026\/04\/img_920x518uu2026-04-24-08-42-38-2435006.jpg","contentUrl":"https:\/\/portaltela.pt\/s.01k8rhncp4jt1\/2026\/04\/img_920x518uu2026-04-24-08-42-38-2435006.jpg","width":796,"height":448,"caption":"It\u00e1lia sonha com Guardiola: neg\u00f3cio \u00e9 praticamente imposs\u00edvel mas pode contar com ajuda preciosa"},{"@type":"BreadcrumbList","@id":"https:\/\/portaltela.pt\/noticias\/2026\/04\/24\/italia-sonha-com-guardiola-negocio-e-quase-impossivel-mas-pode-ter-ajuda\/#breadcrumb","itemListElement":[{"@type":"ListItem","position":1,"name":"In\u00edcio","item":"https:\/\/portaltela.pt\/"},{"@type":"ListItem","position":2,"name":"It\u00e1lia sonha com Guardiola; neg\u00f3cio \u00e9 quase imposs\u00edvel, mas pode ter ajuda"}]},{"@type":"WebSite","@id":"https:\/\/portaltela.pt\/#website","url":"https:\/\/portaltela.pt\/","name":"Portal Tela Portugal","description":"","potentialAction":[{"@type":"SearchAction","target":{"@type":"EntryPoint","urlTemplate":"https:\/\/portaltela.pt\/?s={search_term_string}"},"query-input":{"@type":"PropertyValueSpecification","valueRequired":true,"valueName":"search_term_string"}}],"inLanguage":"pt-PT"},{"@type":"Person","@id":"https:\/\/portaltela.pt\/#\/schema\/person\/c4278d4a6028830caff9ee44b42d32ed","name":"Telinha","image":{"@type":"ImageObject","inLanguage":"pt-PT","@id":"https:\/\/portaltela.pt\/s.01k8rhncp4jt1\/2025\/11\/talking-bot-125x125.png","url":"https:\/\/portaltela.pt\/s.01k8rhncp4jt1\/2025\/11\/talking-bot-125x125.png","contentUrl":"https:\/\/portaltela.pt\/s.01k8rhncp4jt1\/2025\/11\/talking-bot-125x125.png","caption":"Telinha"},"sameAs":["https:\/\/portaltela.pt\/"],"url":"https:\/\/portaltela.pt\/por\/367410592786\/"}]}},"_links":{"self":[{"href":"https:\/\/portaltela.pt\/api\/wp\/v2\/posts\/457186","targetHints":{"allow":["GET"]}}],"collection":[{"href":"https:\/\/portaltela.pt\/api\/wp\/v2\/posts"}],"about":[{"href":"https:\/\/portaltela.pt\/api\/wp\/v2\/types\/post"}],"author":[{"embeddable":true,"href":"https:\/\/portaltela.pt\/api\/wp\/v2\/users\/2"}],"replies":[{"embeddable":true,"href":"https:\/\/portaltela.pt\/api\/wp\/v2\/comments?post=457186"}],"version-history":[{"count":0,"href":"https:\/\/portaltela.pt\/api\/wp\/v2\/posts\/457186\/revisions"}],"wp:featuredmedia":[{"embeddable":true,"href":"https:\/\/portaltela.pt\/api\/wp\/v2\/media\/457191"}],"wp:attachment":[{"href":"https:\/\/portaltela.pt\/api\/wp\/v2\/media?parent=457186"}],"wp:term":[{"taxonomy":"category","embeddable":true,"href":"https:\/\/portaltela.pt\/api\/wp\/v2\/categories?post=457186"},{"taxonomy":"post_tag","embeddable":true,"href":"https:\/\/portaltela.pt\/api\/wp\/v2\/tags?post=457186"}],"curies":[{"name":"wp","href":"https:\/\/api.w.org\/{rel}","templated":true}]}}