{"id":457172,"date":"2026-04-24T04:33:14","date_gmt":"2026-04-24T07:33:14","guid":{"rendered":"https:\/\/portaltela.pt\/noticias\/2026\/04\/24\/tres-matas-nacionais-do-litoral-afetadas-pelo-mau-tempo\/"},"modified":"2026-04-24T04:33:14","modified_gmt":"2026-04-24T07:33:14","slug":"tres-matas-nacionais-do-litoral-afetadas-pelo-mau-tempo","status":"publish","type":"post","link":"https:\/\/portaltela.pt\/meio-ambiente\/2026\/04\/24\/tres-matas-nacionais-do-litoral-afetadas-pelo-mau-tempo\/","title":{"rendered":"Tr\u00eas matas nacionais do litoral afetadas pelo mau tempo"},"content":{"rendered":"<p>O Instituto da Conserva\u00e7\u00e3o da Natureza e das Florestas ICNF informou que tr\u00eas matas nacionais do litoral, situadas nos concelhos da Marinha Grande e de Leiria, foram particularmente afetadas pelo mau tempo. Casal da Lebre, em Marinha Grande, tem 369 hectares; Ravasco, em Leiria, 9,7 hectares; e a Mata Nacional de Leiria registou danos graves, com grande parte dos povoamentos destru\u00edda. O an\u00fancio ocorreu por meio de resposta escrita enviada \u00e0 Lusa.<\/p>\n<p>A Mata Nacional de Leiria, conhecida como Pinhal de Leiria ou Pinhal do Rei, ocupa dois ter\u00e7os do concelho da Marinha Grande e abrange 11.021 hectares. O ICNF j\u00e1 tinha indicado, em 20 de fevereiro, que a passagem da depress\u00e3o Kristin, a 28 de janeiro, levou a que mais de 90% dos cerca de 1.200 hectares de povoamentos adultos da mata ficassem afetados. Em outras \u00e1reas, os impactos foram menos intensos, ainda que percept\u00edveis.<\/p>\n<p>Nas restantes matas nacionais do litoral, como Urso, Quiaios e Leirosa, os danos foram mais dispersos e de menor intensidade. A Mata Nacional de Pedr\u00f3g\u00e3o, em Leiria, tamb\u00e9m sofreu danos significativos \u00e0 \u00e1rea residual de pinheiro-bravo que permaneceu ap\u00f3s o inc\u00eandio de 2017. A Mata Nacional do Prazo de Santa Marinha, na Figueira da Foz, registou quedas de \u00e1rvores de relevo, com impactos localizados.<\/p>\n<h3>Impacto e \u00e1reas afetadas<\/h3>\n<p>O ICNF indicou que o maior dano incidiu sobre o patrim\u00f3nio florestal, com quebra e arrancamento de v\u00e1rias \u00e1rvores, bem como danos em infraestruturas e viaturas. O instituto sublinhou a necessidade de interven\u00e7\u00f5es t\u00e9cnicas de gest\u00e3o florestal e fitossanidade, bem como investimento estruturado para recupera\u00e7\u00e3o.<\/p>\n<p>Segundo o ICNF, as a\u00e7\u00f5es de resposta est\u00e3o planeadas de forma faseada. A curto prazo, h\u00e1 avalia\u00e7\u00e3o de danos, mitiga\u00e7\u00e3o de riscos e interven\u00e7\u00f5es pontuais para assegurar a seguran\u00e7a de pessoas e o acesso \u00e0s \u00e1reas. No m\u00e9dio prazo, priorizam-se a remo\u00e7\u00e3o de material lenhoso e a melhoria das infraestruturas para reduzir o risco de inc\u00eandio rural.<\/p>\n<h3>Planos de recupera\u00e7\u00e3o<\/h3>\n<p>A recupera\u00e7\u00e3o estrutural e funcional dos ecossistemas florestais orientar\u00e1 o trabalho a longo prazo, com foco na resili\u00eancia a fen\u00f3menos extremos. O investimento depende da evolu\u00e7\u00e3o das obras no terreno, das condi\u00e7\u00f5es de execu\u00e7\u00e3o e das op\u00e7\u00f5es de gest\u00e3o a implementar, com especial aten\u00e7\u00e3o \u00e0s infraestruturas e \u00e0s a\u00e7\u00f5es de estabiliza\u00e7\u00e3o e regenera\u00e7\u00e3o.<\/p>\n","protected":false},"excerpt":{"rendered":"<ul>\n<li>Tr\u00eas matas nacionais do litoral, nos concelhos da Marinha Grande e Leiria, foram \u201cparticularmente afetadas\u201d pelo mau tempo, segundo o ICNF.<\/li>\n<li>Casal da Lebre, com 369 hectares, e a Mata do Ravasco, com 9,7 hectares, registaram danos significativos, tendo os povoamentos ficado praticamente destru\u00eddos, em paralelo com a Mata Nacional de Leiria.<\/li>\n<li>A Mata Nacional de Leiria tem 11.021 hectares e ocupa dois ter\u00e7os do concelho da Marinha Grande.<\/li>\n<li>O ICNF detalhou a\u00e7\u00f5es: curto prazo de avalia\u00e7\u00e3o de danos e mitiga\u00e7\u00e3o de riscos; m\u00e9dio prazo de remo\u00e7\u00e3o de material lenhoso e melhoria de acessos; longo prazo de recupera\u00e7\u00e3o estrutural e funcional dos ecossistemas.<\/li>\n<li>O investimento depende da evolu\u00e7\u00e3o dos trabalhos no terreno, com foco na recupera\u00e7\u00e3o de infraestruturas, estabiliza\u00e7\u00e3o, regenera\u00e7\u00e3o e melhoria da gest\u00e3o florestal.<\/li>\n<\/ul>\n","protected":false},"author":2,"featured_media":457176,"comment_status":"closed","ping_status":"closed","sticky":false,"template":"","format":"standard","meta":{"footnotes":""},"categories":[6725],"tags":[8238,7922,8278,8198,8230,5441],"class_list":["post-457172","post","type-post","status-publish","format-standard","has-post-thumbnail","hentry","category-meio-ambiente","tag-_ambiente","tag-_catastrofes-naturais","tag-_floresta","tag-_leiria","tag-_protecao-civil-municipal","tag-pedrogao"],"yoast_head":"<!-- This site is optimized with the Yoast SEO plugin v27.2 - https:\/\/yoast.com\/product\/yoast-seo-wordpress\/ -->\n<title>Tr\u00eas matas nacionais do litoral afetadas pelo mau tempo - Portal Tela Portugal<\/title>\n<meta name=\"robots\" content=\"index, follow, max-snippet:-1, max-image-preview:large, max-video-preview:-1\" \/>\n<meta property=\"og:locale\" content=\"pt_PT\" \/>\n<meta property=\"og:type\" content=\"article\" \/>\n<meta property=\"og:title\" content=\"Tr\u00eas matas nacionais do litoral afetadas pelo mau tempo - Portal Tela Portugal\" \/>\n<meta property=\"og:description\" content=\"Tr\u00eas matas nacionais do litoral, nos concelhos da Marinha Grande e Leiria, foram \u201cparticularmente afetadas\u201d pelo mau tempo, segundo o ICNF. Casal da Lebre, com 369 hectares, e a Mata do Ravasco, com 9,7 hectares, registaram danos significativos, tendo os povoamentos ficado praticamente destru\u00eddos, em paralelo com a Mata Nacional de Leiria. A Mata Nacional de Leiria tem 11.021 hectares e ocupa dois ter\u00e7os do concelho da Marinha Grande. O ICNF detalhou a\u00e7\u00f5es: curto prazo de avalia\u00e7\u00e3o de danos e mitiga\u00e7\u00e3o de riscos; m\u00e9dio prazo de remo\u00e7\u00e3o de material lenhoso e melhoria de acessos; longo prazo de recupera\u00e7\u00e3o estrutural e funcional dos ecossistemas. O investimento depende da evolu\u00e7\u00e3o dos trabalhos no terreno, com foco na recupera\u00e7\u00e3o de infraestruturas, estabiliza\u00e7\u00e3o, regenera\u00e7\u00e3o e melhoria da gest\u00e3o florestal.\" \/>\n<meta property=\"og:url\" content=\"https:\/\/portaltela.pt\/noticias\/2026\/04\/24\/tres-matas-nacionais-do-litoral-afetadas-pelo-mau-tempo\/\" \/>\n<meta property=\"og:site_name\" content=\"Portal Tela Portugal\" \/>\n<meta property=\"article:published_time\" content=\"2026-04-24T07:33:14+00:00\" \/>\n<meta name=\"author\" content=\"Telinha\" \/>\n<meta name=\"twitter:card\" content=\"summary_large_image\" \/>\n<meta name=\"twitter:label1\" content=\"Escrito por\" \/>\n\t<meta name=\"twitter:data1\" content=\"Telinha\" \/>\n\t<meta name=\"twitter:label2\" content=\"Tempo estimado de leitura\" \/>\n\t<meta name=\"twitter:data2\" content=\"2 minutos\" \/>\n<script type=\"application\/ld+json\" class=\"yoast-schema-graph\">{\"@context\":\"https:\/\/schema.org\",\"@graph\":[{\"@type\":\"Article\",\"@id\":\"https:\/\/portaltela.pt\/noticias\/2026\/04\/24\/tres-matas-nacionais-do-litoral-afetadas-pelo-mau-tempo\/#article\",\"isPartOf\":{\"@id\":\"https:\/\/portaltela.pt\/noticias\/2026\/04\/24\/tres-matas-nacionais-do-litoral-afetadas-pelo-mau-tempo\/\"},\"author\":{\"name\":\"Telinha\",\"@id\":\"https:\/\/portaltela.pt\/#\/schema\/person\/c4278d4a6028830caff9ee44b42d32ed\"},\"headline\":\"Tr\u00eas matas nacionais do litoral afetadas pelo mau tempo\",\"datePublished\":\"2026-04-24T07:33:14+00:00\",\"mainEntityOfPage\":{\"@id\":\"https:\/\/portaltela.pt\/noticias\/2026\/04\/24\/tres-matas-nacionais-do-litoral-afetadas-pelo-mau-tempo\/\"},\"wordCount\":412,\"image\":{\"@id\":\"https:\/\/portaltela.pt\/noticias\/2026\/04\/24\/tres-matas-nacionais-do-litoral-afetadas-pelo-mau-tempo\/#primaryimage\"},\"thumbnailUrl\":\"https:\/\/portaltela.pt\/s.01k8rhncp4jt1\/2026\/04\/img_1500x1000uu2026-04-24-08-19-30-2280661.jpg\",\"keywords\":[\"_ambiente\",\"_cat\u00e1strofes naturais\",\"_floresta\",\"_Leiria\",\"_Prote\u00e7\u00e3o Civil Municipal\",\"Pedr\u00f3g\u00e3o\"],\"articleSection\":[\"Meio Ambiente\"],\"inLanguage\":\"pt-PT\"},{\"@type\":\"WebPage\",\"@id\":\"https:\/\/portaltela.pt\/noticias\/2026\/04\/24\/tres-matas-nacionais-do-litoral-afetadas-pelo-mau-tempo\/\",\"url\":\"https:\/\/portaltela.pt\/noticias\/2026\/04\/24\/tres-matas-nacionais-do-litoral-afetadas-pelo-mau-tempo\/\",\"name\":\"Tr\u00eas matas nacionais do litoral afetadas pelo mau tempo - Portal Tela Portugal\",\"isPartOf\":{\"@id\":\"https:\/\/portaltela.pt\/#website\"},\"primaryImageOfPage\":{\"@id\":\"https:\/\/portaltela.pt\/noticias\/2026\/04\/24\/tres-matas-nacionais-do-litoral-afetadas-pelo-mau-tempo\/#primaryimage\"},\"image\":{\"@id\":\"https:\/\/portaltela.pt\/noticias\/2026\/04\/24\/tres-matas-nacionais-do-litoral-afetadas-pelo-mau-tempo\/#primaryimage\"},\"thumbnailUrl\":\"https:\/\/portaltela.pt\/s.01k8rhncp4jt1\/2026\/04\/img_1500x1000uu2026-04-24-08-19-30-2280661.jpg\",\"datePublished\":\"2026-04-24T07:33:14+00:00\",\"author\":{\"@id\":\"https:\/\/portaltela.pt\/#\/schema\/person\/c4278d4a6028830caff9ee44b42d32ed\"},\"breadcrumb\":{\"@id\":\"https:\/\/portaltela.pt\/noticias\/2026\/04\/24\/tres-matas-nacionais-do-litoral-afetadas-pelo-mau-tempo\/#breadcrumb\"},\"inLanguage\":\"pt-PT\",\"potentialAction\":[{\"@type\":\"ReadAction\",\"target\":[\"https:\/\/portaltela.pt\/noticias\/2026\/04\/24\/tres-matas-nacionais-do-litoral-afetadas-pelo-mau-tempo\/\"]}]},{\"@type\":\"ImageObject\",\"inLanguage\":\"pt-PT\",\"@id\":\"https:\/\/portaltela.pt\/noticias\/2026\/04\/24\/tres-matas-nacionais-do-litoral-afetadas-pelo-mau-tempo\/#primaryimage\",\"url\":\"https:\/\/portaltela.pt\/s.01k8rhncp4jt1\/2026\/04\/img_1500x1000uu2026-04-24-08-19-30-2280661.jpg\",\"contentUrl\":\"https:\/\/portaltela.pt\/s.01k8rhncp4jt1\/2026\/04\/img_1500x1000uu2026-04-24-08-19-30-2280661.jpg\",\"width\":1500,\"height\":1000,\"caption\":\"Mata Nacional de Leiria ap\u00f3s tempestade, com destro\u00e7os e ciclista\"},{\"@type\":\"BreadcrumbList\",\"@id\":\"https:\/\/portaltela.pt\/noticias\/2026\/04\/24\/tres-matas-nacionais-do-litoral-afetadas-pelo-mau-tempo\/#breadcrumb\",\"itemListElement\":[{\"@type\":\"ListItem\",\"position\":1,\"name\":\"In\u00edcio\",\"item\":\"https:\/\/portaltela.pt\/\"},{\"@type\":\"ListItem\",\"position\":2,\"name\":\"Tr\u00eas matas nacionais do litoral afetadas pelo mau tempo\"}]},{\"@type\":\"WebSite\",\"@id\":\"https:\/\/portaltela.pt\/#website\",\"url\":\"https:\/\/portaltela.pt\/\",\"name\":\"Portal Tela Portugal\",\"description\":\"\",\"potentialAction\":[{\"@type\":\"SearchAction\",\"target\":{\"@type\":\"EntryPoint\",\"urlTemplate\":\"https:\/\/portaltela.pt\/?s={search_term_string}\"},\"query-input\":{\"@type\":\"PropertyValueSpecification\",\"valueRequired\":true,\"valueName\":\"search_term_string\"}}],\"inLanguage\":\"pt-PT\"},{\"@type\":\"Person\",\"@id\":\"https:\/\/portaltela.pt\/#\/schema\/person\/c4278d4a6028830caff9ee44b42d32ed\",\"name\":\"Telinha\",\"image\":{\"@type\":\"ImageObject\",\"inLanguage\":\"pt-PT\",\"@id\":\"https:\/\/portaltela.pt\/s.01k8rhncp4jt1\/2025\/11\/talking-bot-125x125.png\",\"url\":\"https:\/\/portaltela.pt\/s.01k8rhncp4jt1\/2025\/11\/talking-bot-125x125.png\",\"contentUrl\":\"https:\/\/portaltela.pt\/s.01k8rhncp4jt1\/2025\/11\/talking-bot-125x125.png\",\"caption\":\"Telinha\"},\"sameAs\":[\"https:\/\/portaltela.pt\/\"],\"url\":\"https:\/\/portaltela.pt\/por\/367410592786\/\"}]}<\/script>\n<!-- \/ Yoast SEO plugin. -->","yoast_head_json":{"title":"Tr\u00eas matas nacionais do litoral afetadas pelo mau tempo - Portal Tela Portugal","robots":{"index":"index","follow":"follow","max-snippet":"max-snippet:-1","max-image-preview":"max-image-preview:large","max-video-preview":"max-video-preview:-1"},"og_locale":"pt_PT","og_type":"article","og_title":"Tr\u00eas matas nacionais do litoral afetadas pelo mau tempo - Portal Tela Portugal","og_description":"Tr\u00eas matas nacionais do litoral, nos concelhos da Marinha Grande e Leiria, foram \u201cparticularmente afetadas\u201d pelo mau tempo, segundo o ICNF. Casal da Lebre, com 369 hectares, e a Mata do Ravasco, com 9,7 hectares, registaram danos significativos, tendo os povoamentos ficado praticamente destru\u00eddos, em paralelo com a Mata Nacional de Leiria. A Mata Nacional de Leiria tem 11.021 hectares e ocupa dois ter\u00e7os do concelho da Marinha Grande. O ICNF detalhou a\u00e7\u00f5es: curto prazo de avalia\u00e7\u00e3o de danos e mitiga\u00e7\u00e3o de riscos; m\u00e9dio prazo de remo\u00e7\u00e3o de material lenhoso e melhoria de acessos; longo prazo de recupera\u00e7\u00e3o estrutural e funcional dos ecossistemas. O investimento depende da evolu\u00e7\u00e3o dos trabalhos no terreno, com foco na recupera\u00e7\u00e3o de infraestruturas, estabiliza\u00e7\u00e3o, regenera\u00e7\u00e3o e melhoria da gest\u00e3o florestal.","og_url":"https:\/\/portaltela.pt\/noticias\/2026\/04\/24\/tres-matas-nacionais-do-litoral-afetadas-pelo-mau-tempo\/","og_site_name":"Portal Tela Portugal","article_published_time":"2026-04-24T07:33:14+00:00","author":"Telinha","twitter_card":"summary_large_image","twitter_misc":{"Escrito por":"Telinha","Tempo estimado de leitura":"2 minutos"},"schema":{"@context":"https:\/\/schema.org","@graph":[{"@type":"Article","@id":"https:\/\/portaltela.pt\/noticias\/2026\/04\/24\/tres-matas-nacionais-do-litoral-afetadas-pelo-mau-tempo\/#article","isPartOf":{"@id":"https:\/\/portaltela.pt\/noticias\/2026\/04\/24\/tres-matas-nacionais-do-litoral-afetadas-pelo-mau-tempo\/"},"author":{"name":"Telinha","@id":"https:\/\/portaltela.pt\/#\/schema\/person\/c4278d4a6028830caff9ee44b42d32ed"},"headline":"Tr\u00eas matas nacionais do litoral afetadas pelo mau tempo","datePublished":"2026-04-24T07:33:14+00:00","mainEntityOfPage":{"@id":"https:\/\/portaltela.pt\/noticias\/2026\/04\/24\/tres-matas-nacionais-do-litoral-afetadas-pelo-mau-tempo\/"},"wordCount":412,"image":{"@id":"https:\/\/portaltela.pt\/noticias\/2026\/04\/24\/tres-matas-nacionais-do-litoral-afetadas-pelo-mau-tempo\/#primaryimage"},"thumbnailUrl":"https:\/\/portaltela.pt\/s.01k8rhncp4jt1\/2026\/04\/img_1500x1000uu2026-04-24-08-19-30-2280661.jpg","keywords":["_ambiente","_cat\u00e1strofes naturais","_floresta","_Leiria","_Prote\u00e7\u00e3o Civil Municipal","Pedr\u00f3g\u00e3o"],"articleSection":["Meio Ambiente"],"inLanguage":"pt-PT"},{"@type":"WebPage","@id":"https:\/\/portaltela.pt\/noticias\/2026\/04\/24\/tres-matas-nacionais-do-litoral-afetadas-pelo-mau-tempo\/","url":"https:\/\/portaltela.pt\/noticias\/2026\/04\/24\/tres-matas-nacionais-do-litoral-afetadas-pelo-mau-tempo\/","name":"Tr\u00eas matas nacionais do litoral afetadas pelo mau tempo - Portal Tela Portugal","isPartOf":{"@id":"https:\/\/portaltela.pt\/#website"},"primaryImageOfPage":{"@id":"https:\/\/portaltela.pt\/noticias\/2026\/04\/24\/tres-matas-nacionais-do-litoral-afetadas-pelo-mau-tempo\/#primaryimage"},"image":{"@id":"https:\/\/portaltela.pt\/noticias\/2026\/04\/24\/tres-matas-nacionais-do-litoral-afetadas-pelo-mau-tempo\/#primaryimage"},"thumbnailUrl":"https:\/\/portaltela.pt\/s.01k8rhncp4jt1\/2026\/04\/img_1500x1000uu2026-04-24-08-19-30-2280661.jpg","datePublished":"2026-04-24T07:33:14+00:00","author":{"@id":"https:\/\/portaltela.pt\/#\/schema\/person\/c4278d4a6028830caff9ee44b42d32ed"},"breadcrumb":{"@id":"https:\/\/portaltela.pt\/noticias\/2026\/04\/24\/tres-matas-nacionais-do-litoral-afetadas-pelo-mau-tempo\/#breadcrumb"},"inLanguage":"pt-PT","potentialAction":[{"@type":"ReadAction","target":["https:\/\/portaltela.pt\/noticias\/2026\/04\/24\/tres-matas-nacionais-do-litoral-afetadas-pelo-mau-tempo\/"]}]},{"@type":"ImageObject","inLanguage":"pt-PT","@id":"https:\/\/portaltela.pt\/noticias\/2026\/04\/24\/tres-matas-nacionais-do-litoral-afetadas-pelo-mau-tempo\/#primaryimage","url":"https:\/\/portaltela.pt\/s.01k8rhncp4jt1\/2026\/04\/img_1500x1000uu2026-04-24-08-19-30-2280661.jpg","contentUrl":"https:\/\/portaltela.pt\/s.01k8rhncp4jt1\/2026\/04\/img_1500x1000uu2026-04-24-08-19-30-2280661.jpg","width":1500,"height":1000,"caption":"Mata Nacional de Leiria ap\u00f3s tempestade, com destro\u00e7os e ciclista"},{"@type":"BreadcrumbList","@id":"https:\/\/portaltela.pt\/noticias\/2026\/04\/24\/tres-matas-nacionais-do-litoral-afetadas-pelo-mau-tempo\/#breadcrumb","itemListElement":[{"@type":"ListItem","position":1,"name":"In\u00edcio","item":"https:\/\/portaltela.pt\/"},{"@type":"ListItem","position":2,"name":"Tr\u00eas matas nacionais do litoral afetadas pelo mau tempo"}]},{"@type":"WebSite","@id":"https:\/\/portaltela.pt\/#website","url":"https:\/\/portaltela.pt\/","name":"Portal Tela Portugal","description":"","potentialAction":[{"@type":"SearchAction","target":{"@type":"EntryPoint","urlTemplate":"https:\/\/portaltela.pt\/?s={search_term_string}"},"query-input":{"@type":"PropertyValueSpecification","valueRequired":true,"valueName":"search_term_string"}}],"inLanguage":"pt-PT"},{"@type":"Person","@id":"https:\/\/portaltela.pt\/#\/schema\/person\/c4278d4a6028830caff9ee44b42d32ed","name":"Telinha","image":{"@type":"ImageObject","inLanguage":"pt-PT","@id":"https:\/\/portaltela.pt\/s.01k8rhncp4jt1\/2025\/11\/talking-bot-125x125.png","url":"https:\/\/portaltela.pt\/s.01k8rhncp4jt1\/2025\/11\/talking-bot-125x125.png","contentUrl":"https:\/\/portaltela.pt\/s.01k8rhncp4jt1\/2025\/11\/talking-bot-125x125.png","caption":"Telinha"},"sameAs":["https:\/\/portaltela.pt\/"],"url":"https:\/\/portaltela.pt\/por\/367410592786\/"}]}},"_links":{"self":[{"href":"https:\/\/portaltela.pt\/api\/wp\/v2\/posts\/457172","targetHints":{"allow":["GET"]}}],"collection":[{"href":"https:\/\/portaltela.pt\/api\/wp\/v2\/posts"}],"about":[{"href":"https:\/\/portaltela.pt\/api\/wp\/v2\/types\/post"}],"author":[{"embeddable":true,"href":"https:\/\/portaltela.pt\/api\/wp\/v2\/users\/2"}],"replies":[{"embeddable":true,"href":"https:\/\/portaltela.pt\/api\/wp\/v2\/comments?post=457172"}],"version-history":[{"count":0,"href":"https:\/\/portaltela.pt\/api\/wp\/v2\/posts\/457172\/revisions"}],"wp:featuredmedia":[{"embeddable":true,"href":"https:\/\/portaltela.pt\/api\/wp\/v2\/media\/457176"}],"wp:attachment":[{"href":"https:\/\/portaltela.pt\/api\/wp\/v2\/media?parent=457172"}],"wp:term":[{"taxonomy":"category","embeddable":true,"href":"https:\/\/portaltela.pt\/api\/wp\/v2\/categories?post=457172"},{"taxonomy":"post_tag","embeddable":true,"href":"https:\/\/portaltela.pt\/api\/wp\/v2\/tags?post=457172"}],"curies":[{"name":"wp","href":"https:\/\/api.w.org\/{rel}","templated":true}]}}