{"id":457166,"date":"2026-04-24T04:33:09","date_gmt":"2026-04-24T07:33:09","guid":{"rendered":"https:\/\/portaltela.pt\/noticias\/2026\/04\/24\/ex-adjunto-de-ministra-afirma-nao-ter-intencao-de-atacar-nem-ser-predador\/"},"modified":"2026-04-24T04:33:09","modified_gmt":"2026-04-24T07:33:09","slug":"ex-adjunto-de-ministra-afirma-nao-ter-intencao-de-atacar-nem-ser-predador","status":"publish","type":"post","link":"https:\/\/portaltela.pt\/justica\/2026\/04\/24\/ex-adjunto-de-ministra-afirma-nao-ter-intencao-de-atacar-nem-ser-predador\/","title":{"rendered":"Ex-adjunto de ministra afirma n\u00e3o ter inten\u00e7\u00e3o de atacar nem ser predador"},"content":{"rendered":"<p>O advogado e ex-adjunto da antiga ministra da Justi\u00e7a Catarina Sarmento e Castro, Paulo Abreu dos Santos, est\u00e1 preso preventivamente desde dezembro. Ind\u00edcios apontam para 572 crimes de pornografia de menores e dois de abuso sexual de crian\u00e7as. Negando ser predador, ele pediu tratamento psicol\u00f3gico para \u201crepor as compet\u00eancias sociais\u201d.<\/p>\n<p>Solicitou cumprir o julgamento em casa, com pulseira eletr\u00f3nica, junto da m\u00e3e e do irm\u00e3o, no Seixal, com proibi\u00e7\u00e3o de aceder a redes sociais. A requisi\u00e7\u00e3o foi apresentada ao tribunal como forma de reinser\u00e7\u00e3o social.<\/p>\n<p>O Tribunal da Rela\u00e7\u00e3o de Lisboa manteve a pris\u00e3o na cadeia da Carregueira, em Sintra, ainda este m\u00eas. A decis\u00e3o ressalta o risco de continua\u00e7\u00e3o da atividade criminosa e de perturba\u00e7\u00e3o da ordem p\u00fablica caso o arguido permanecesse em liberdade.<\/p>\n","protected":false},"excerpt":{"rendered":"<ul>\n<li>O advogado e ex-adjunto da antiga ministra da Justi\u00e7a Catarina Sarmento e Castro est\u00e1 preso preventivamente desde dezembro, por ind\u00edcios de 572 crimes de pornografia de menores e dois de abuso sexual de crian\u00e7as.<\/li>\n<li>Ele nega ser predador sexual e pediu para se submeter a tratamento psicol\u00f3gico para repor as suas compet\u00eancias sociais.<\/li>\n<li>Queria aguardar julgamento em casa, com pulseira eletr\u00f3nica, onde vivia com a m\u00e3e e o irm\u00e3o no Seixal, e ficar proibido de aceder a redes sociais.<\/li>\n<li>O Tribunal da Rela\u00e7\u00e3o de Lisboa decidiu manter a pris\u00e3o na cadeia da Carregueira, em Sintra, por risco de continua\u00e7\u00e3o da atividade criminosa e de perturba\u00e7\u00e3o da ordem p\u00fablica.<\/li>\n<\/ul>\n","protected":false},"author":2,"featured_media":457177,"comment_status":"closed","ping_status":"closed","sticky":false,"template":"","format":"standard","meta":{"footnotes":""},"categories":[7374,6815],"tags":[7076,7683,803,1432,4343,1064],"class_list":["post-457166","post","type-post","status-publish","format-standard","has-post-thumbnail","hentry","category-criminalidade","category-justica","tag-abuso-de-menores","tag-abuso-sexual","tag-justica","tag-pornografia-de-menores","tag-prisoes","tag-seixal"],"yoast_head":"<!-- This site is optimized with the Yoast SEO plugin v27.2 - https:\/\/yoast.com\/product\/yoast-seo-wordpress\/ -->\n<title>Ex-adjunto de ministra afirma n\u00e3o ter inten\u00e7\u00e3o de atacar nem ser predador - Portal Tela Portugal<\/title>\n<meta name=\"robots\" content=\"index, follow, max-snippet:-1, max-image-preview:large, max-video-preview:-1\" \/>\n<meta property=\"og:locale\" content=\"pt_PT\" \/>\n<meta property=\"og:type\" content=\"article\" \/>\n<meta property=\"og:title\" content=\"Ex-adjunto de ministra afirma n\u00e3o ter inten\u00e7\u00e3o de atacar nem ser predador - Portal Tela Portugal\" \/>\n<meta property=\"og:description\" content=\"O advogado e ex-adjunto da antiga ministra da Justi\u00e7a Catarina Sarmento e Castro est\u00e1 preso preventivamente desde dezembro, por ind\u00edcios de 572 crimes de pornografia de menores e dois de abuso sexual de crian\u00e7as. Ele nega ser predador sexual e pediu para se submeter a tratamento psicol\u00f3gico para repor as suas compet\u00eancias sociais. Queria aguardar julgamento em casa, com pulseira eletr\u00f3nica, onde vivia com a m\u00e3e e o irm\u00e3o no Seixal, e ficar proibido de aceder a redes sociais. O Tribunal da Rela\u00e7\u00e3o de Lisboa decidiu manter a pris\u00e3o na cadeia da Carregueira, em Sintra, por risco de continua\u00e7\u00e3o da atividade criminosa e de perturba\u00e7\u00e3o da ordem p\u00fablica.\" \/>\n<meta property=\"og:url\" content=\"https:\/\/portaltela.pt\/noticias\/2026\/04\/24\/ex-adjunto-de-ministra-afirma-nao-ter-intencao-de-atacar-nem-ser-predador\/\" \/>\n<meta property=\"og:site_name\" content=\"Portal Tela Portugal\" \/>\n<meta property=\"article:published_time\" content=\"2026-04-24T07:33:09+00:00\" \/>\n<meta name=\"author\" content=\"Telinha\" \/>\n<meta name=\"twitter:card\" content=\"summary_large_image\" \/>\n<meta name=\"twitter:label1\" content=\"Escrito por\" \/>\n\t<meta name=\"twitter:data1\" content=\"Telinha\" \/>\n\t<meta name=\"twitter:label2\" content=\"Tempo estimado de leitura\" \/>\n\t<meta name=\"twitter:data2\" content=\"1 minuto\" \/>\n<script type=\"application\/ld+json\" class=\"yoast-schema-graph\">{\"@context\":\"https:\/\/schema.org\",\"@graph\":[{\"@type\":\"Article\",\"@id\":\"https:\/\/portaltela.pt\/noticias\/2026\/04\/24\/ex-adjunto-de-ministra-afirma-nao-ter-intencao-de-atacar-nem-ser-predador\/#article\",\"isPartOf\":{\"@id\":\"https:\/\/portaltela.pt\/noticias\/2026\/04\/24\/ex-adjunto-de-ministra-afirma-nao-ter-intencao-de-atacar-nem-ser-predador\/\"},\"author\":{\"name\":\"Telinha\",\"@id\":\"https:\/\/portaltela.pt\/#\/schema\/person\/c4278d4a6028830caff9ee44b42d32ed\"},\"headline\":\"Ex-adjunto de ministra afirma n\u00e3o ter inten\u00e7\u00e3o de atacar nem ser predador\",\"datePublished\":\"2026-04-24T07:33:09+00:00\",\"mainEntityOfPage\":{\"@id\":\"https:\/\/portaltela.pt\/noticias\/2026\/04\/24\/ex-adjunto-de-ministra-afirma-nao-ter-intencao-de-atacar-nem-ser-predador\/\"},\"wordCount\":156,\"image\":{\"@id\":\"https:\/\/portaltela.pt\/noticias\/2026\/04\/24\/ex-adjunto-de-ministra-afirma-nao-ter-intencao-de-atacar-nem-ser-predador\/#primaryimage\"},\"thumbnailUrl\":\"https:\/\/portaltela.pt\/s.01k8rhncp4jt1\/2026\/04\/image-1467.jpg\",\"keywords\":[\"abuso de menores\",\"abuso sexual\",\"justi\u00e7a\",\"pornografia de menores\",\"pris\u00f5es\",\"Seixal\"],\"articleSection\":[\"Criminalidade\",\"Justi\u00e7a\"],\"inLanguage\":\"pt-PT\"},{\"@type\":\"WebPage\",\"@id\":\"https:\/\/portaltela.pt\/noticias\/2026\/04\/24\/ex-adjunto-de-ministra-afirma-nao-ter-intencao-de-atacar-nem-ser-predador\/\",\"url\":\"https:\/\/portaltela.pt\/noticias\/2026\/04\/24\/ex-adjunto-de-ministra-afirma-nao-ter-intencao-de-atacar-nem-ser-predador\/\",\"name\":\"Ex-adjunto de ministra afirma n\u00e3o ter inten\u00e7\u00e3o de atacar nem ser predador - Portal Tela Portugal\",\"isPartOf\":{\"@id\":\"https:\/\/portaltela.pt\/#website\"},\"primaryImageOfPage\":{\"@id\":\"https:\/\/portaltela.pt\/noticias\/2026\/04\/24\/ex-adjunto-de-ministra-afirma-nao-ter-intencao-de-atacar-nem-ser-predador\/#primaryimage\"},\"image\":{\"@id\":\"https:\/\/portaltela.pt\/noticias\/2026\/04\/24\/ex-adjunto-de-ministra-afirma-nao-ter-intencao-de-atacar-nem-ser-predador\/#primaryimage\"},\"thumbnailUrl\":\"https:\/\/portaltela.pt\/s.01k8rhncp4jt1\/2026\/04\/image-1467.jpg\",\"datePublished\":\"2026-04-24T07:33:09+00:00\",\"author\":{\"@id\":\"https:\/\/portaltela.pt\/#\/schema\/person\/c4278d4a6028830caff9ee44b42d32ed\"},\"breadcrumb\":{\"@id\":\"https:\/\/portaltela.pt\/noticias\/2026\/04\/24\/ex-adjunto-de-ministra-afirma-nao-ter-intencao-de-atacar-nem-ser-predador\/#breadcrumb\"},\"inLanguage\":\"pt-PT\",\"potentialAction\":[{\"@type\":\"ReadAction\",\"target\":[\"https:\/\/portaltela.pt\/noticias\/2026\/04\/24\/ex-adjunto-de-ministra-afirma-nao-ter-intencao-de-atacar-nem-ser-predador\/\"]}]},{\"@type\":\"ImageObject\",\"inLanguage\":\"pt-PT\",\"@id\":\"https:\/\/portaltela.pt\/noticias\/2026\/04\/24\/ex-adjunto-de-ministra-afirma-nao-ter-intencao-de-atacar-nem-ser-predador\/#primaryimage\",\"url\":\"https:\/\/portaltela.pt\/s.01k8rhncp4jt1\/2026\/04\/image-1467.jpg\",\"contentUrl\":\"https:\/\/portaltela.pt\/s.01k8rhncp4jt1\/2026\/04\/image-1467.jpg\",\"width\":796,\"height\":448,\"caption\":\"Paulo Abreu dos Santos \u00e9 licenciado em Direito e desenvolveu atividade profissional como advogado e parecerista\"},{\"@type\":\"BreadcrumbList\",\"@id\":\"https:\/\/portaltela.pt\/noticias\/2026\/04\/24\/ex-adjunto-de-ministra-afirma-nao-ter-intencao-de-atacar-nem-ser-predador\/#breadcrumb\",\"itemListElement\":[{\"@type\":\"ListItem\",\"position\":1,\"name\":\"In\u00edcio\",\"item\":\"https:\/\/portaltela.pt\/\"},{\"@type\":\"ListItem\",\"position\":2,\"name\":\"Ex-adjunto de ministra afirma n\u00e3o ter inten\u00e7\u00e3o de atacar nem ser predador\"}]},{\"@type\":\"WebSite\",\"@id\":\"https:\/\/portaltela.pt\/#website\",\"url\":\"https:\/\/portaltela.pt\/\",\"name\":\"Portal Tela Portugal\",\"description\":\"\",\"potentialAction\":[{\"@type\":\"SearchAction\",\"target\":{\"@type\":\"EntryPoint\",\"urlTemplate\":\"https:\/\/portaltela.pt\/?s={search_term_string}\"},\"query-input\":{\"@type\":\"PropertyValueSpecification\",\"valueRequired\":true,\"valueName\":\"search_term_string\"}}],\"inLanguage\":\"pt-PT\"},{\"@type\":\"Person\",\"@id\":\"https:\/\/portaltela.pt\/#\/schema\/person\/c4278d4a6028830caff9ee44b42d32ed\",\"name\":\"Telinha\",\"image\":{\"@type\":\"ImageObject\",\"inLanguage\":\"pt-PT\",\"@id\":\"https:\/\/portaltela.pt\/s.01k8rhncp4jt1\/2025\/11\/talking-bot-125x125.png\",\"url\":\"https:\/\/portaltela.pt\/s.01k8rhncp4jt1\/2025\/11\/talking-bot-125x125.png\",\"contentUrl\":\"https:\/\/portaltela.pt\/s.01k8rhncp4jt1\/2025\/11\/talking-bot-125x125.png\",\"caption\":\"Telinha\"},\"sameAs\":[\"https:\/\/portaltela.pt\/\"],\"url\":\"https:\/\/portaltela.pt\/por\/367410592786\/\"}]}<\/script>\n<!-- \/ Yoast SEO plugin. -->","yoast_head_json":{"title":"Ex-adjunto de ministra afirma n\u00e3o ter inten\u00e7\u00e3o de atacar nem ser predador - Portal Tela Portugal","robots":{"index":"index","follow":"follow","max-snippet":"max-snippet:-1","max-image-preview":"max-image-preview:large","max-video-preview":"max-video-preview:-1"},"og_locale":"pt_PT","og_type":"article","og_title":"Ex-adjunto de ministra afirma n\u00e3o ter inten\u00e7\u00e3o de atacar nem ser predador - Portal Tela Portugal","og_description":"O advogado e ex-adjunto da antiga ministra da Justi\u00e7a Catarina Sarmento e Castro est\u00e1 preso preventivamente desde dezembro, por ind\u00edcios de 572 crimes de pornografia de menores e dois de abuso sexual de crian\u00e7as. Ele nega ser predador sexual e pediu para se submeter a tratamento psicol\u00f3gico para repor as suas compet\u00eancias sociais. Queria aguardar julgamento em casa, com pulseira eletr\u00f3nica, onde vivia com a m\u00e3e e o irm\u00e3o no Seixal, e ficar proibido de aceder a redes sociais. O Tribunal da Rela\u00e7\u00e3o de Lisboa decidiu manter a pris\u00e3o na cadeia da Carregueira, em Sintra, por risco de continua\u00e7\u00e3o da atividade criminosa e de perturba\u00e7\u00e3o da ordem p\u00fablica.","og_url":"https:\/\/portaltela.pt\/noticias\/2026\/04\/24\/ex-adjunto-de-ministra-afirma-nao-ter-intencao-de-atacar-nem-ser-predador\/","og_site_name":"Portal Tela Portugal","article_published_time":"2026-04-24T07:33:09+00:00","author":"Telinha","twitter_card":"summary_large_image","twitter_misc":{"Escrito por":"Telinha","Tempo estimado de leitura":"1 minuto"},"schema":{"@context":"https:\/\/schema.org","@graph":[{"@type":"Article","@id":"https:\/\/portaltela.pt\/noticias\/2026\/04\/24\/ex-adjunto-de-ministra-afirma-nao-ter-intencao-de-atacar-nem-ser-predador\/#article","isPartOf":{"@id":"https:\/\/portaltela.pt\/noticias\/2026\/04\/24\/ex-adjunto-de-ministra-afirma-nao-ter-intencao-de-atacar-nem-ser-predador\/"},"author":{"name":"Telinha","@id":"https:\/\/portaltela.pt\/#\/schema\/person\/c4278d4a6028830caff9ee44b42d32ed"},"headline":"Ex-adjunto de ministra afirma n\u00e3o ter inten\u00e7\u00e3o de atacar nem ser predador","datePublished":"2026-04-24T07:33:09+00:00","mainEntityOfPage":{"@id":"https:\/\/portaltela.pt\/noticias\/2026\/04\/24\/ex-adjunto-de-ministra-afirma-nao-ter-intencao-de-atacar-nem-ser-predador\/"},"wordCount":156,"image":{"@id":"https:\/\/portaltela.pt\/noticias\/2026\/04\/24\/ex-adjunto-de-ministra-afirma-nao-ter-intencao-de-atacar-nem-ser-predador\/#primaryimage"},"thumbnailUrl":"https:\/\/portaltela.pt\/s.01k8rhncp4jt1\/2026\/04\/image-1467.jpg","keywords":["abuso de menores","abuso sexual","justi\u00e7a","pornografia de menores","pris\u00f5es","Seixal"],"articleSection":["Criminalidade","Justi\u00e7a"],"inLanguage":"pt-PT"},{"@type":"WebPage","@id":"https:\/\/portaltela.pt\/noticias\/2026\/04\/24\/ex-adjunto-de-ministra-afirma-nao-ter-intencao-de-atacar-nem-ser-predador\/","url":"https:\/\/portaltela.pt\/noticias\/2026\/04\/24\/ex-adjunto-de-ministra-afirma-nao-ter-intencao-de-atacar-nem-ser-predador\/","name":"Ex-adjunto de ministra afirma n\u00e3o ter inten\u00e7\u00e3o de atacar nem ser predador - Portal Tela Portugal","isPartOf":{"@id":"https:\/\/portaltela.pt\/#website"},"primaryImageOfPage":{"@id":"https:\/\/portaltela.pt\/noticias\/2026\/04\/24\/ex-adjunto-de-ministra-afirma-nao-ter-intencao-de-atacar-nem-ser-predador\/#primaryimage"},"image":{"@id":"https:\/\/portaltela.pt\/noticias\/2026\/04\/24\/ex-adjunto-de-ministra-afirma-nao-ter-intencao-de-atacar-nem-ser-predador\/#primaryimage"},"thumbnailUrl":"https:\/\/portaltela.pt\/s.01k8rhncp4jt1\/2026\/04\/image-1467.jpg","datePublished":"2026-04-24T07:33:09+00:00","author":{"@id":"https:\/\/portaltela.pt\/#\/schema\/person\/c4278d4a6028830caff9ee44b42d32ed"},"breadcrumb":{"@id":"https:\/\/portaltela.pt\/noticias\/2026\/04\/24\/ex-adjunto-de-ministra-afirma-nao-ter-intencao-de-atacar-nem-ser-predador\/#breadcrumb"},"inLanguage":"pt-PT","potentialAction":[{"@type":"ReadAction","target":["https:\/\/portaltela.pt\/noticias\/2026\/04\/24\/ex-adjunto-de-ministra-afirma-nao-ter-intencao-de-atacar-nem-ser-predador\/"]}]},{"@type":"ImageObject","inLanguage":"pt-PT","@id":"https:\/\/portaltela.pt\/noticias\/2026\/04\/24\/ex-adjunto-de-ministra-afirma-nao-ter-intencao-de-atacar-nem-ser-predador\/#primaryimage","url":"https:\/\/portaltela.pt\/s.01k8rhncp4jt1\/2026\/04\/image-1467.jpg","contentUrl":"https:\/\/portaltela.pt\/s.01k8rhncp4jt1\/2026\/04\/image-1467.jpg","width":796,"height":448,"caption":"Paulo Abreu dos Santos \u00e9 licenciado em Direito e desenvolveu atividade profissional como advogado e parecerista"},{"@type":"BreadcrumbList","@id":"https:\/\/portaltela.pt\/noticias\/2026\/04\/24\/ex-adjunto-de-ministra-afirma-nao-ter-intencao-de-atacar-nem-ser-predador\/#breadcrumb","itemListElement":[{"@type":"ListItem","position":1,"name":"In\u00edcio","item":"https:\/\/portaltela.pt\/"},{"@type":"ListItem","position":2,"name":"Ex-adjunto de ministra afirma n\u00e3o ter inten\u00e7\u00e3o de atacar nem ser predador"}]},{"@type":"WebSite","@id":"https:\/\/portaltela.pt\/#website","url":"https:\/\/portaltela.pt\/","name":"Portal Tela Portugal","description":"","potentialAction":[{"@type":"SearchAction","target":{"@type":"EntryPoint","urlTemplate":"https:\/\/portaltela.pt\/?s={search_term_string}"},"query-input":{"@type":"PropertyValueSpecification","valueRequired":true,"valueName":"search_term_string"}}],"inLanguage":"pt-PT"},{"@type":"Person","@id":"https:\/\/portaltela.pt\/#\/schema\/person\/c4278d4a6028830caff9ee44b42d32ed","name":"Telinha","image":{"@type":"ImageObject","inLanguage":"pt-PT","@id":"https:\/\/portaltela.pt\/s.01k8rhncp4jt1\/2025\/11\/talking-bot-125x125.png","url":"https:\/\/portaltela.pt\/s.01k8rhncp4jt1\/2025\/11\/talking-bot-125x125.png","contentUrl":"https:\/\/portaltela.pt\/s.01k8rhncp4jt1\/2025\/11\/talking-bot-125x125.png","caption":"Telinha"},"sameAs":["https:\/\/portaltela.pt\/"],"url":"https:\/\/portaltela.pt\/por\/367410592786\/"}]}},"_links":{"self":[{"href":"https:\/\/portaltela.pt\/api\/wp\/v2\/posts\/457166","targetHints":{"allow":["GET"]}}],"collection":[{"href":"https:\/\/portaltela.pt\/api\/wp\/v2\/posts"}],"about":[{"href":"https:\/\/portaltela.pt\/api\/wp\/v2\/types\/post"}],"author":[{"embeddable":true,"href":"https:\/\/portaltela.pt\/api\/wp\/v2\/users\/2"}],"replies":[{"embeddable":true,"href":"https:\/\/portaltela.pt\/api\/wp\/v2\/comments?post=457166"}],"version-history":[{"count":0,"href":"https:\/\/portaltela.pt\/api\/wp\/v2\/posts\/457166\/revisions"}],"wp:featuredmedia":[{"embeddable":true,"href":"https:\/\/portaltela.pt\/api\/wp\/v2\/media\/457177"}],"wp:attachment":[{"href":"https:\/\/portaltela.pt\/api\/wp\/v2\/media?parent=457166"}],"wp:term":[{"taxonomy":"category","embeddable":true,"href":"https:\/\/portaltela.pt\/api\/wp\/v2\/categories?post=457166"},{"taxonomy":"post_tag","embeddable":true,"href":"https:\/\/portaltela.pt\/api\/wp\/v2\/tags?post=457166"}],"curies":[{"name":"wp","href":"https:\/\/api.w.org\/{rel}","templated":true}]}}