{"id":457156,"date":"2026-04-24T04:32:59","date_gmt":"2026-04-24T07:32:59","guid":{"rendered":"https:\/\/portaltela.pt\/noticias\/2026\/04\/24\/eslovenia-exibe-filmes-sobre-a-palestina-em-vez-da-eurovisao\/"},"modified":"2026-04-24T04:32:59","modified_gmt":"2026-04-24T07:32:59","slug":"eslovenia-exibe-filmes-sobre-a-palestina-em-vez-da-eurovisao","status":"publish","type":"post","link":"https:\/\/portaltela.pt\/noticias\/internacional\/2026\/04\/24\/eslovenia-exibe-filmes-sobre-a-palestina-em-vez-da-eurovisao\/","title":{"rendered":"Eslov\u00e9nia exibe filmes sobre a Palestina em vez da Eurovis\u00e3o"},"content":{"rendered":"<p>A televis\u00e3o p\u00fablica da Eslov\u00e9nia, RTV Slovenija, decidiu n\u00e3o transmitir este ano a Eurovis\u00e3o, ap\u00f3s j\u00e1 ter se retirado do evento por causa da participa\u00e7\u00e3o de Israel. Em vez do concurso, o canal vai emitir uma s\u00e9rie de filmes sobre a Palestina.<\/p>\n<p>A diretora da RTV Slovenija, Ksenija Horvat, indicou \u00e0 AP que n\u00e3o haver\u00e1 transmiss\u00e3o do Festival Eurovis\u00e3o da Can\u00e7\u00e3o. Em vez disso, ser\u00e1 exibida a s\u00e9rie de document\u00e1rios e longas-metragens palestinianas intitulada Voices of Palestine.<\/p>\n<p>A decis\u00e3o da Eslov\u00e9nia alinha-se com a Irlanda, Espanha, Pa\u00edses Baixos e Isl\u00e2ndia, que tamb\u00e9m recusaram participar ou emitir o evento desta 70.\u00aa edi\u00e7\u00e3o, pela participa\u00e7\u00e3o de Israel na competi\u00e7\u00e3o.<\/p>\n<h3>Contexto e desdobramentos<\/h3>\n<p>Na Espanha, a RTVE j\u00e1 tinha reiterado a decis\u00e3o de n\u00e3o emitir o festival, numa estreia desde 1961. A Irlanda anunciou, em dezembro, que n\u00e3o iria transmitir nem participar. Por outro lado, NPO nos Pa\u00edses Baixos e R\u00daV na Isl\u00e2ndia v\u00e3o emitir a Eurovis\u00e3o.<\/p>\n<p>A edi\u00e7\u00e3o deste ano decorre entre 12 e 16 de maio em Viena, com 35 pa\u00edses em competi\u00e7\u00e3o. O evento celebra o lema United by Music, enquanto continua a gerar controv\u00e9rsia internacional sobre a participa\u00e7\u00e3o de Israel.<\/p>\n<p>A Eurovis\u00e3o atraiu 166 milh\u00f5es de telespectadores no ano anterior, tornando-se no maior evento musical global. A 70.\u00aa edi\u00e7\u00e3o est\u00e1 marcada para Viena, na \u00c1ustria, com a final a realizar-se a 16 de maio de 2026.<\/p>\n","protected":false},"excerpt":{"rendered":"<ul>\n<li>A RTV Slovenia confirmou que n\u00e3o transmitir\u00e1 a edi\u00e7\u00e3o deste ano do Festival Eurovis\u00e3o da Can\u00e7\u00e3o e ir\u00e1 emitir a s\u00e9rie de filmes Voices of Palestine.<\/li>\n<li>A decis\u00e3o envolve a participa\u00e7\u00e3o de Israel no concurso, que motivou o boicote p\u00fablico em direto por parte da Eslov\u00e9nia.<\/li>\n<li>A Eslov\u00e9nia junta-se a Irlanda e Espanha neste boicote; nos Pa\u00edses Baixos e na Isl\u00e2ndia a Eurovis\u00e3o ser\u00e1 transmitida pelos servi\u00e7os p\u00fablicos.<\/li>\n<li>A edi\u00e7\u00e3o de 70 anos da Eurovis\u00e3o, marcada para Viena, entre 12 e 16 de maio de 2026, contar\u00e1 com 35 pa\u00edses em competi\u00e7\u00e3o.<\/li>\n<li>O certame tem sido alvo de cr\u00edticas por permitir a participa\u00e7\u00e3o de Israel, em meio a controv\u00e9rsia cont\u00ednua sobre a guerra em Gaza.<\/li>\n<\/ul>\n","protected":false},"author":2,"featured_media":457160,"comment_status":"closed","ping_status":"closed","sticky":false,"template":"","format":"standard","meta":{"footnotes":""},"categories":[6814,4],"tags":[2487,5547,3759,3708,1809,2030],"class_list":["post-457156","post","type-post","status-publish","format-standard","has-post-thumbnail","hentry","category-geopolitica","category-internacional","tag-europa","tag-informacao-internacional","tag-islandia","tag-israel","tag-paises-baixos","tag-palestina"],"yoast_head":"<!-- This site is optimized with the Yoast SEO plugin v27.2 - https:\/\/yoast.com\/product\/yoast-seo-wordpress\/ -->\n<title>Eslov\u00e9nia exibe filmes sobre a Palestina em vez da Eurovis\u00e3o - Portal Tela Portugal<\/title>\n<meta name=\"robots\" content=\"index, follow, max-snippet:-1, max-image-preview:large, max-video-preview:-1\" \/>\n<meta property=\"og:locale\" content=\"pt_PT\" \/>\n<meta property=\"og:type\" content=\"article\" \/>\n<meta property=\"og:title\" content=\"Eslov\u00e9nia exibe filmes sobre a Palestina em vez da Eurovis\u00e3o - Portal Tela Portugal\" \/>\n<meta property=\"og:description\" content=\"A RTV Slovenia confirmou que n\u00e3o transmitir\u00e1 a edi\u00e7\u00e3o deste ano do Festival Eurovis\u00e3o da Can\u00e7\u00e3o e ir\u00e1 emitir a s\u00e9rie de filmes Voices of Palestine. A decis\u00e3o envolve a participa\u00e7\u00e3o de Israel no concurso, que motivou o boicote p\u00fablico em direto por parte da Eslov\u00e9nia. A Eslov\u00e9nia junta-se a Irlanda e Espanha neste boicote; nos Pa\u00edses Baixos e na Isl\u00e2ndia a Eurovis\u00e3o ser\u00e1 transmitida pelos servi\u00e7os p\u00fablicos. A edi\u00e7\u00e3o de 70 anos da Eurovis\u00e3o, marcada para Viena, entre 12 e 16 de maio de 2026, contar\u00e1 com 35 pa\u00edses em competi\u00e7\u00e3o. O certame tem sido alvo de cr\u00edticas por permitir a participa\u00e7\u00e3o de Israel, em meio a controv\u00e9rsia cont\u00ednua sobre a guerra em Gaza.\" \/>\n<meta property=\"og:url\" content=\"https:\/\/portaltela.pt\/noticias\/2026\/04\/24\/eslovenia-exibe-filmes-sobre-a-palestina-em-vez-da-eurovisao\/\" \/>\n<meta property=\"og:site_name\" content=\"Portal Tela Portugal\" \/>\n<meta property=\"article:published_time\" content=\"2026-04-24T07:32:59+00:00\" \/>\n<meta name=\"author\" content=\"Telinha\" \/>\n<meta name=\"twitter:card\" content=\"summary_large_image\" \/>\n<meta name=\"twitter:label1\" content=\"Escrito por\" \/>\n\t<meta name=\"twitter:data1\" content=\"Telinha\" \/>\n\t<meta name=\"twitter:label2\" content=\"Tempo estimado de leitura\" \/>\n\t<meta name=\"twitter:data2\" content=\"1 minuto\" \/>\n<script type=\"application\/ld+json\" class=\"yoast-schema-graph\">{\"@context\":\"https:\/\/schema.org\",\"@graph\":[{\"@type\":\"Article\",\"@id\":\"https:\/\/portaltela.pt\/noticias\/2026\/04\/24\/eslovenia-exibe-filmes-sobre-a-palestina-em-vez-da-eurovisao\/#article\",\"isPartOf\":{\"@id\":\"https:\/\/portaltela.pt\/noticias\/2026\/04\/24\/eslovenia-exibe-filmes-sobre-a-palestina-em-vez-da-eurovisao\/\"},\"author\":{\"name\":\"Telinha\",\"@id\":\"https:\/\/portaltela.pt\/#\/schema\/person\/c4278d4a6028830caff9ee44b42d32ed\"},\"headline\":\"Eslov\u00e9nia exibe filmes sobre a Palestina em vez da Eurovis\u00e3o\",\"datePublished\":\"2026-04-24T07:32:59+00:00\",\"mainEntityOfPage\":{\"@id\":\"https:\/\/portaltela.pt\/noticias\/2026\/04\/24\/eslovenia-exibe-filmes-sobre-a-palestina-em-vez-da-eurovisao\/\"},\"wordCount\":267,\"image\":{\"@id\":\"https:\/\/portaltela.pt\/noticias\/2026\/04\/24\/eslovenia-exibe-filmes-sobre-a-palestina-em-vez-da-eurovisao\/#primaryimage\"},\"thumbnailUrl\":\"https:\/\/portaltela.pt\/s.01k8rhncp4jt1\/2026\/04\/1536x864_cmsv2_53d2e4f1-42fa-5186-9503-3f720359afe6-9734309.jpg\",\"keywords\":[\"Europa\",\"informa\u00e7\u00e3o internacional\",\"Isl\u00e2ndia\",\"Israel\",\"Pa\u00edses Baixos\",\"Palestina\"],\"articleSection\":[\"Geopol\u00edtica\",\"Internacional\"],\"inLanguage\":\"pt-PT\"},{\"@type\":\"WebPage\",\"@id\":\"https:\/\/portaltela.pt\/noticias\/2026\/04\/24\/eslovenia-exibe-filmes-sobre-a-palestina-em-vez-da-eurovisao\/\",\"url\":\"https:\/\/portaltela.pt\/noticias\/2026\/04\/24\/eslovenia-exibe-filmes-sobre-a-palestina-em-vez-da-eurovisao\/\",\"name\":\"Eslov\u00e9nia exibe filmes sobre a Palestina em vez da Eurovis\u00e3o - Portal Tela Portugal\",\"isPartOf\":{\"@id\":\"https:\/\/portaltela.pt\/#website\"},\"primaryImageOfPage\":{\"@id\":\"https:\/\/portaltela.pt\/noticias\/2026\/04\/24\/eslovenia-exibe-filmes-sobre-a-palestina-em-vez-da-eurovisao\/#primaryimage\"},\"image\":{\"@id\":\"https:\/\/portaltela.pt\/noticias\/2026\/04\/24\/eslovenia-exibe-filmes-sobre-a-palestina-em-vez-da-eurovisao\/#primaryimage\"},\"thumbnailUrl\":\"https:\/\/portaltela.pt\/s.01k8rhncp4jt1\/2026\/04\/1536x864_cmsv2_53d2e4f1-42fa-5186-9503-3f720359afe6-9734309.jpg\",\"datePublished\":\"2026-04-24T07:32:59+00:00\",\"author\":{\"@id\":\"https:\/\/portaltela.pt\/#\/schema\/person\/c4278d4a6028830caff9ee44b42d32ed\"},\"breadcrumb\":{\"@id\":\"https:\/\/portaltela.pt\/noticias\/2026\/04\/24\/eslovenia-exibe-filmes-sobre-a-palestina-em-vez-da-eurovisao\/#breadcrumb\"},\"inLanguage\":\"pt-PT\",\"potentialAction\":[{\"@type\":\"ReadAction\",\"target\":[\"https:\/\/portaltela.pt\/noticias\/2026\/04\/24\/eslovenia-exibe-filmes-sobre-a-palestina-em-vez-da-eurovisao\/\"]}]},{\"@type\":\"ImageObject\",\"inLanguage\":\"pt-PT\",\"@id\":\"https:\/\/portaltela.pt\/noticias\/2026\/04\/24\/eslovenia-exibe-filmes-sobre-a-palestina-em-vez-da-eurovisao\/#primaryimage\",\"url\":\"https:\/\/portaltela.pt\/s.01k8rhncp4jt1\/2026\/04\/1536x864_cmsv2_53d2e4f1-42fa-5186-9503-3f720359afe6-9734309.jpg\",\"contentUrl\":\"https:\/\/portaltela.pt\/s.01k8rhncp4jt1\/2026\/04\/1536x864_cmsv2_53d2e4f1-42fa-5186-9503-3f720359afe6-9734309.jpg\",\"width\":796,\"height\":448,\"caption\":\"Eslov\u00e9nia transmite filmes sobre a Palestina em vez da Eurovis\u00e3o\"},{\"@type\":\"BreadcrumbList\",\"@id\":\"https:\/\/portaltela.pt\/noticias\/2026\/04\/24\/eslovenia-exibe-filmes-sobre-a-palestina-em-vez-da-eurovisao\/#breadcrumb\",\"itemListElement\":[{\"@type\":\"ListItem\",\"position\":1,\"name\":\"In\u00edcio\",\"item\":\"https:\/\/portaltela.pt\/\"},{\"@type\":\"ListItem\",\"position\":2,\"name\":\"Eslov\u00e9nia exibe filmes sobre a Palestina em vez da Eurovis\u00e3o\"}]},{\"@type\":\"WebSite\",\"@id\":\"https:\/\/portaltela.pt\/#website\",\"url\":\"https:\/\/portaltela.pt\/\",\"name\":\"Portal Tela Portugal\",\"description\":\"\",\"potentialAction\":[{\"@type\":\"SearchAction\",\"target\":{\"@type\":\"EntryPoint\",\"urlTemplate\":\"https:\/\/portaltela.pt\/?s={search_term_string}\"},\"query-input\":{\"@type\":\"PropertyValueSpecification\",\"valueRequired\":true,\"valueName\":\"search_term_string\"}}],\"inLanguage\":\"pt-PT\"},{\"@type\":\"Person\",\"@id\":\"https:\/\/portaltela.pt\/#\/schema\/person\/c4278d4a6028830caff9ee44b42d32ed\",\"name\":\"Telinha\",\"image\":{\"@type\":\"ImageObject\",\"inLanguage\":\"pt-PT\",\"@id\":\"https:\/\/portaltela.pt\/s.01k8rhncp4jt1\/2025\/11\/talking-bot-125x125.png\",\"url\":\"https:\/\/portaltela.pt\/s.01k8rhncp4jt1\/2025\/11\/talking-bot-125x125.png\",\"contentUrl\":\"https:\/\/portaltela.pt\/s.01k8rhncp4jt1\/2025\/11\/talking-bot-125x125.png\",\"caption\":\"Telinha\"},\"sameAs\":[\"https:\/\/portaltela.pt\/\"],\"url\":\"https:\/\/portaltela.pt\/por\/367410592786\/\"}]}<\/script>\n<!-- \/ Yoast SEO plugin. -->","yoast_head_json":{"title":"Eslov\u00e9nia exibe filmes sobre a Palestina em vez da Eurovis\u00e3o - Portal Tela Portugal","robots":{"index":"index","follow":"follow","max-snippet":"max-snippet:-1","max-image-preview":"max-image-preview:large","max-video-preview":"max-video-preview:-1"},"og_locale":"pt_PT","og_type":"article","og_title":"Eslov\u00e9nia exibe filmes sobre a Palestina em vez da Eurovis\u00e3o - Portal Tela Portugal","og_description":"A RTV Slovenia confirmou que n\u00e3o transmitir\u00e1 a edi\u00e7\u00e3o deste ano do Festival Eurovis\u00e3o da Can\u00e7\u00e3o e ir\u00e1 emitir a s\u00e9rie de filmes Voices of Palestine. A decis\u00e3o envolve a participa\u00e7\u00e3o de Israel no concurso, que motivou o boicote p\u00fablico em direto por parte da Eslov\u00e9nia. A Eslov\u00e9nia junta-se a Irlanda e Espanha neste boicote; nos Pa\u00edses Baixos e na Isl\u00e2ndia a Eurovis\u00e3o ser\u00e1 transmitida pelos servi\u00e7os p\u00fablicos. A edi\u00e7\u00e3o de 70 anos da Eurovis\u00e3o, marcada para Viena, entre 12 e 16 de maio de 2026, contar\u00e1 com 35 pa\u00edses em competi\u00e7\u00e3o. O certame tem sido alvo de cr\u00edticas por permitir a participa\u00e7\u00e3o de Israel, em meio a controv\u00e9rsia cont\u00ednua sobre a guerra em Gaza.","og_url":"https:\/\/portaltela.pt\/noticias\/2026\/04\/24\/eslovenia-exibe-filmes-sobre-a-palestina-em-vez-da-eurovisao\/","og_site_name":"Portal Tela Portugal","article_published_time":"2026-04-24T07:32:59+00:00","author":"Telinha","twitter_card":"summary_large_image","twitter_misc":{"Escrito por":"Telinha","Tempo estimado de leitura":"1 minuto"},"schema":{"@context":"https:\/\/schema.org","@graph":[{"@type":"Article","@id":"https:\/\/portaltela.pt\/noticias\/2026\/04\/24\/eslovenia-exibe-filmes-sobre-a-palestina-em-vez-da-eurovisao\/#article","isPartOf":{"@id":"https:\/\/portaltela.pt\/noticias\/2026\/04\/24\/eslovenia-exibe-filmes-sobre-a-palestina-em-vez-da-eurovisao\/"},"author":{"name":"Telinha","@id":"https:\/\/portaltela.pt\/#\/schema\/person\/c4278d4a6028830caff9ee44b42d32ed"},"headline":"Eslov\u00e9nia exibe filmes sobre a Palestina em vez da Eurovis\u00e3o","datePublished":"2026-04-24T07:32:59+00:00","mainEntityOfPage":{"@id":"https:\/\/portaltela.pt\/noticias\/2026\/04\/24\/eslovenia-exibe-filmes-sobre-a-palestina-em-vez-da-eurovisao\/"},"wordCount":267,"image":{"@id":"https:\/\/portaltela.pt\/noticias\/2026\/04\/24\/eslovenia-exibe-filmes-sobre-a-palestina-em-vez-da-eurovisao\/#primaryimage"},"thumbnailUrl":"https:\/\/portaltela.pt\/s.01k8rhncp4jt1\/2026\/04\/1536x864_cmsv2_53d2e4f1-42fa-5186-9503-3f720359afe6-9734309.jpg","keywords":["Europa","informa\u00e7\u00e3o internacional","Isl\u00e2ndia","Israel","Pa\u00edses Baixos","Palestina"],"articleSection":["Geopol\u00edtica","Internacional"],"inLanguage":"pt-PT"},{"@type":"WebPage","@id":"https:\/\/portaltela.pt\/noticias\/2026\/04\/24\/eslovenia-exibe-filmes-sobre-a-palestina-em-vez-da-eurovisao\/","url":"https:\/\/portaltela.pt\/noticias\/2026\/04\/24\/eslovenia-exibe-filmes-sobre-a-palestina-em-vez-da-eurovisao\/","name":"Eslov\u00e9nia exibe filmes sobre a Palestina em vez da Eurovis\u00e3o - Portal Tela Portugal","isPartOf":{"@id":"https:\/\/portaltela.pt\/#website"},"primaryImageOfPage":{"@id":"https:\/\/portaltela.pt\/noticias\/2026\/04\/24\/eslovenia-exibe-filmes-sobre-a-palestina-em-vez-da-eurovisao\/#primaryimage"},"image":{"@id":"https:\/\/portaltela.pt\/noticias\/2026\/04\/24\/eslovenia-exibe-filmes-sobre-a-palestina-em-vez-da-eurovisao\/#primaryimage"},"thumbnailUrl":"https:\/\/portaltela.pt\/s.01k8rhncp4jt1\/2026\/04\/1536x864_cmsv2_53d2e4f1-42fa-5186-9503-3f720359afe6-9734309.jpg","datePublished":"2026-04-24T07:32:59+00:00","author":{"@id":"https:\/\/portaltela.pt\/#\/schema\/person\/c4278d4a6028830caff9ee44b42d32ed"},"breadcrumb":{"@id":"https:\/\/portaltela.pt\/noticias\/2026\/04\/24\/eslovenia-exibe-filmes-sobre-a-palestina-em-vez-da-eurovisao\/#breadcrumb"},"inLanguage":"pt-PT","potentialAction":[{"@type":"ReadAction","target":["https:\/\/portaltela.pt\/noticias\/2026\/04\/24\/eslovenia-exibe-filmes-sobre-a-palestina-em-vez-da-eurovisao\/"]}]},{"@type":"ImageObject","inLanguage":"pt-PT","@id":"https:\/\/portaltela.pt\/noticias\/2026\/04\/24\/eslovenia-exibe-filmes-sobre-a-palestina-em-vez-da-eurovisao\/#primaryimage","url":"https:\/\/portaltela.pt\/s.01k8rhncp4jt1\/2026\/04\/1536x864_cmsv2_53d2e4f1-42fa-5186-9503-3f720359afe6-9734309.jpg","contentUrl":"https:\/\/portaltela.pt\/s.01k8rhncp4jt1\/2026\/04\/1536x864_cmsv2_53d2e4f1-42fa-5186-9503-3f720359afe6-9734309.jpg","width":796,"height":448,"caption":"Eslov\u00e9nia transmite filmes sobre a Palestina em vez da Eurovis\u00e3o"},{"@type":"BreadcrumbList","@id":"https:\/\/portaltela.pt\/noticias\/2026\/04\/24\/eslovenia-exibe-filmes-sobre-a-palestina-em-vez-da-eurovisao\/#breadcrumb","itemListElement":[{"@type":"ListItem","position":1,"name":"In\u00edcio","item":"https:\/\/portaltela.pt\/"},{"@type":"ListItem","position":2,"name":"Eslov\u00e9nia exibe filmes sobre a Palestina em vez da Eurovis\u00e3o"}]},{"@type":"WebSite","@id":"https:\/\/portaltela.pt\/#website","url":"https:\/\/portaltela.pt\/","name":"Portal Tela Portugal","description":"","potentialAction":[{"@type":"SearchAction","target":{"@type":"EntryPoint","urlTemplate":"https:\/\/portaltela.pt\/?s={search_term_string}"},"query-input":{"@type":"PropertyValueSpecification","valueRequired":true,"valueName":"search_term_string"}}],"inLanguage":"pt-PT"},{"@type":"Person","@id":"https:\/\/portaltela.pt\/#\/schema\/person\/c4278d4a6028830caff9ee44b42d32ed","name":"Telinha","image":{"@type":"ImageObject","inLanguage":"pt-PT","@id":"https:\/\/portaltela.pt\/s.01k8rhncp4jt1\/2025\/11\/talking-bot-125x125.png","url":"https:\/\/portaltela.pt\/s.01k8rhncp4jt1\/2025\/11\/talking-bot-125x125.png","contentUrl":"https:\/\/portaltela.pt\/s.01k8rhncp4jt1\/2025\/11\/talking-bot-125x125.png","caption":"Telinha"},"sameAs":["https:\/\/portaltela.pt\/"],"url":"https:\/\/portaltela.pt\/por\/367410592786\/"}]}},"_links":{"self":[{"href":"https:\/\/portaltela.pt\/api\/wp\/v2\/posts\/457156","targetHints":{"allow":["GET"]}}],"collection":[{"href":"https:\/\/portaltela.pt\/api\/wp\/v2\/posts"}],"about":[{"href":"https:\/\/portaltela.pt\/api\/wp\/v2\/types\/post"}],"author":[{"embeddable":true,"href":"https:\/\/portaltela.pt\/api\/wp\/v2\/users\/2"}],"replies":[{"embeddable":true,"href":"https:\/\/portaltela.pt\/api\/wp\/v2\/comments?post=457156"}],"version-history":[{"count":0,"href":"https:\/\/portaltela.pt\/api\/wp\/v2\/posts\/457156\/revisions"}],"wp:featuredmedia":[{"embeddable":true,"href":"https:\/\/portaltela.pt\/api\/wp\/v2\/media\/457160"}],"wp:attachment":[{"href":"https:\/\/portaltela.pt\/api\/wp\/v2\/media?parent=457156"}],"wp:term":[{"taxonomy":"category","embeddable":true,"href":"https:\/\/portaltela.pt\/api\/wp\/v2\/categories?post=457156"},{"taxonomy":"post_tag","embeddable":true,"href":"https:\/\/portaltela.pt\/api\/wp\/v2\/tags?post=457156"}],"curies":[{"name":"wp","href":"https:\/\/api.w.org\/{rel}","templated":true}]}}