{"id":457139,"date":"2026-04-24T04:17:55","date_gmt":"2026-04-24T07:17:55","guid":{"rendered":"https:\/\/portaltela.pt\/noticias\/2026\/04\/24\/violino-de-1-milhao-de-euros-cai-no-palco-apos-toque-acidental-do-maestro-2\/"},"modified":"2026-04-24T04:17:55","modified_gmt":"2026-04-24T07:17:55","slug":"violino-de-1-milhao-de-euros-cai-no-palco-apos-toque-acidental-do-maestro-2","status":"publish","type":"post","link":"https:\/\/portaltela.pt\/noticias\/2026\/04\/24\/violino-de-1-milhao-de-euros-cai-no-palco-apos-toque-acidental-do-maestro-2\/","title":{"rendered":"Violino de 1 milh\u00e3o de euros cai no palco ap\u00f3s toque acidental do maestro"},"content":{"rendered":"<p>Um violino hist\u00f3rico avaliado em cerca de 1 milh\u00e3o de euros caiu das m\u00e3os da violinista Elina Vahala durante um concerto em Lathi, Finl\u00e2ndia, quando o maestro Matthew Halls fez um gesto mais en\u00e9rgico a conduzir a orquestra.<\/p>\n<p>O instrumento caiu no palco, diante de uma audi\u00eancia que acompanhou o incidente com surpresa, enquanto t\u00e9cnicos e membros da orquestra garantiam a seguran\u00e7a do espa\u00e7o.<\/p>\n<p>N\u00e3o h\u00e1 informa\u00e7\u00f5es imediatas sobre feridos ou danos graves ao violino, nem sobre a continuidade do programa daquele momento do espet\u00e1culo.<\/p>\n<p>As autoridades da orquestra n\u00e3o divulgaram detalhes adicionais sobre o estado do instrumento ou sobre eventuais a\u00e7\u00f5es de repercuss\u00e3o ap\u00f3s o incidente.<\/p>\n","protected":false},"excerpt":{"rendered":"<ul>\n<li>Um violino hist\u00f3rico, avaliado em cerca de \u20ac 1 milh\u00e3o, caiu das m\u00e3os da violinista Elina Vahala durante um concerto em Lathi, Finl\u00e2ndia.<\/li>\n<li>O incidente aconteceu quando o maestro Matthew Halls tocou no instrumento ao fazer um gesto mais en\u00e9rgico enquanto conduzia a orquestra.<\/li>\n<li>N\u00e3o h\u00e1 informa\u00e7\u00f5es sobre feridos reportados.<\/li>\n<li>O violino \u00e9 descrito como hist\u00f3rico e tem valoriza\u00e7\u00e3o apontada em torno de \u20ac 1 milh\u00e3o.<\/li>\n<\/ul>\n","protected":false},"author":2,"featured_media":457148,"comment_status":"closed","ping_status":"closed","sticky":false,"template":"","format":"standard","meta":{"footnotes":""},"categories":[6676,1],"tags":[5487,593,122,4536,6181],"class_list":["post-457139","post","type-post","status-publish","format-standard","has-post-thumbnail","hentry","category-musica","category-noticias","tag-acidente","tag-concertos","tag-musica","tag-seguranca","tag-violinos"],"yoast_head":"<!-- This site is optimized with the Yoast SEO plugin v27.2 - https:\/\/yoast.com\/product\/yoast-seo-wordpress\/ -->\n<title>Violino de 1 milh\u00e3o de euros cai no palco ap\u00f3s toque acidental do maestro - Portal Tela Portugal<\/title>\n<meta name=\"robots\" content=\"index, follow, max-snippet:-1, max-image-preview:large, max-video-preview:-1\" \/>\n<meta property=\"og:locale\" content=\"pt_PT\" \/>\n<meta property=\"og:type\" content=\"article\" \/>\n<meta property=\"og:title\" content=\"Violino de 1 milh\u00e3o de euros cai no palco ap\u00f3s toque acidental do maestro - Portal Tela Portugal\" \/>\n<meta property=\"og:description\" content=\"Um violino hist\u00f3rico, avaliado em cerca de \u20ac 1 milh\u00e3o, caiu das m\u00e3os da violinista Elina Vahala durante um concerto em Lathi, Finl\u00e2ndia. O incidente aconteceu quando o maestro Matthew Halls tocou no instrumento ao fazer um gesto mais en\u00e9rgico enquanto conduzia a orquestra. N\u00e3o h\u00e1 informa\u00e7\u00f5es sobre feridos reportados. O violino \u00e9 descrito como hist\u00f3rico e tem valoriza\u00e7\u00e3o apontada em torno de \u20ac 1 milh\u00e3o.\" \/>\n<meta property=\"og:url\" content=\"https:\/\/portaltela.pt\/noticias\/2026\/04\/24\/violino-de-1-milhao-de-euros-cai-no-palco-apos-toque-acidental-do-maestro-2\/\" \/>\n<meta property=\"og:site_name\" content=\"Portal Tela Portugal\" \/>\n<meta property=\"article:published_time\" content=\"2026-04-24T07:17:55+00:00\" \/>\n<meta name=\"author\" content=\"Telinha\" \/>\n<meta name=\"twitter:card\" content=\"summary_large_image\" \/>\n<meta name=\"twitter:label1\" content=\"Escrito por\" \/>\n\t<meta name=\"twitter:data1\" content=\"Telinha\" \/>\n\t<meta name=\"twitter:label2\" content=\"Tempo estimado de leitura\" \/>\n\t<meta name=\"twitter:data2\" content=\"1 minuto\" \/>\n<script type=\"application\/ld+json\" class=\"yoast-schema-graph\">{\"@context\":\"https:\/\/schema.org\",\"@graph\":[{\"@type\":\"Article\",\"@id\":\"https:\/\/portaltela.pt\/noticias\/2026\/04\/24\/violino-de-1-milhao-de-euros-cai-no-palco-apos-toque-acidental-do-maestro-2\/#article\",\"isPartOf\":{\"@id\":\"https:\/\/portaltela.pt\/noticias\/2026\/04\/24\/violino-de-1-milhao-de-euros-cai-no-palco-apos-toque-acidental-do-maestro-2\/\"},\"author\":{\"name\":\"Telinha\",\"@id\":\"https:\/\/portaltela.pt\/#\/schema\/person\/c4278d4a6028830caff9ee44b42d32ed\"},\"headline\":\"Violino de 1 milh\u00e3o de euros cai no palco ap\u00f3s toque acidental do maestro\",\"datePublished\":\"2026-04-24T07:17:55+00:00\",\"mainEntityOfPage\":{\"@id\":\"https:\/\/portaltela.pt\/noticias\/2026\/04\/24\/violino-de-1-milhao-de-euros-cai-no-palco-apos-toque-acidental-do-maestro-2\/\"},\"wordCount\":137,\"image\":{\"@id\":\"https:\/\/portaltela.pt\/noticias\/2026\/04\/24\/violino-de-1-milhao-de-euros-cai-no-palco-apos-toque-acidental-do-maestro-2\/#primaryimage\"},\"thumbnailUrl\":\"https:\/\/portaltela.pt\/s.01k8rhncp4jt1\/2026\/04\/img_1200x721uu2026-04-24-08-00-00-2435004.jpg\",\"keywords\":[\"acidente\",\"concertos\",\"m\u00fasica\",\"seguran\u00e7a\",\"violinos\"],\"articleSection\":[\"M\u00fasica\",\"Not\u00edcias\"],\"inLanguage\":\"pt-PT\"},{\"@type\":\"WebPage\",\"@id\":\"https:\/\/portaltela.pt\/noticias\/2026\/04\/24\/violino-de-1-milhao-de-euros-cai-no-palco-apos-toque-acidental-do-maestro-2\/\",\"url\":\"https:\/\/portaltela.pt\/noticias\/2026\/04\/24\/violino-de-1-milhao-de-euros-cai-no-palco-apos-toque-acidental-do-maestro-2\/\",\"name\":\"Violino de 1 milh\u00e3o de euros cai no palco ap\u00f3s toque acidental do maestro - Portal Tela Portugal\",\"isPartOf\":{\"@id\":\"https:\/\/portaltela.pt\/#website\"},\"primaryImageOfPage\":{\"@id\":\"https:\/\/portaltela.pt\/noticias\/2026\/04\/24\/violino-de-1-milhao-de-euros-cai-no-palco-apos-toque-acidental-do-maestro-2\/#primaryimage\"},\"image\":{\"@id\":\"https:\/\/portaltela.pt\/noticias\/2026\/04\/24\/violino-de-1-milhao-de-euros-cai-no-palco-apos-toque-acidental-do-maestro-2\/#primaryimage\"},\"thumbnailUrl\":\"https:\/\/portaltela.pt\/s.01k8rhncp4jt1\/2026\/04\/img_1200x721uu2026-04-24-08-00-00-2435004.jpg\",\"datePublished\":\"2026-04-24T07:17:55+00:00\",\"author\":{\"@id\":\"https:\/\/portaltela.pt\/#\/schema\/person\/c4278d4a6028830caff9ee44b42d32ed\"},\"breadcrumb\":{\"@id\":\"https:\/\/portaltela.pt\/noticias\/2026\/04\/24\/violino-de-1-milhao-de-euros-cai-no-palco-apos-toque-acidental-do-maestro-2\/#breadcrumb\"},\"inLanguage\":\"pt-PT\",\"potentialAction\":[{\"@type\":\"ReadAction\",\"target\":[\"https:\/\/portaltela.pt\/noticias\/2026\/04\/24\/violino-de-1-milhao-de-euros-cai-no-palco-apos-toque-acidental-do-maestro-2\/\"]}]},{\"@type\":\"ImageObject\",\"inLanguage\":\"pt-PT\",\"@id\":\"https:\/\/portaltela.pt\/noticias\/2026\/04\/24\/violino-de-1-milhao-de-euros-cai-no-palco-apos-toque-acidental-do-maestro-2\/#primaryimage\",\"url\":\"https:\/\/portaltela.pt\/s.01k8rhncp4jt1\/2026\/04\/img_1200x721uu2026-04-24-08-00-00-2435004.jpg\",\"contentUrl\":\"https:\/\/portaltela.pt\/s.01k8rhncp4jt1\/2026\/04\/img_1200x721uu2026-04-24-08-00-00-2435004.jpg\",\"width\":1200,\"height\":721,\"caption\":\"Violino de um milh\u00e3o de euros 'voa' em palco ap\u00f3s toque acidental do maestro\"},{\"@type\":\"BreadcrumbList\",\"@id\":\"https:\/\/portaltela.pt\/noticias\/2026\/04\/24\/violino-de-1-milhao-de-euros-cai-no-palco-apos-toque-acidental-do-maestro-2\/#breadcrumb\",\"itemListElement\":[{\"@type\":\"ListItem\",\"position\":1,\"name\":\"In\u00edcio\",\"item\":\"https:\/\/portaltela.pt\/\"},{\"@type\":\"ListItem\",\"position\":2,\"name\":\"Violino de 1 milh\u00e3o de euros cai no palco ap\u00f3s toque acidental do maestro\"}]},{\"@type\":\"WebSite\",\"@id\":\"https:\/\/portaltela.pt\/#website\",\"url\":\"https:\/\/portaltela.pt\/\",\"name\":\"Portal Tela Portugal\",\"description\":\"\",\"potentialAction\":[{\"@type\":\"SearchAction\",\"target\":{\"@type\":\"EntryPoint\",\"urlTemplate\":\"https:\/\/portaltela.pt\/?s={search_term_string}\"},\"query-input\":{\"@type\":\"PropertyValueSpecification\",\"valueRequired\":true,\"valueName\":\"search_term_string\"}}],\"inLanguage\":\"pt-PT\"},{\"@type\":\"Person\",\"@id\":\"https:\/\/portaltela.pt\/#\/schema\/person\/c4278d4a6028830caff9ee44b42d32ed\",\"name\":\"Telinha\",\"image\":{\"@type\":\"ImageObject\",\"inLanguage\":\"pt-PT\",\"@id\":\"https:\/\/portaltela.pt\/s.01k8rhncp4jt1\/2025\/11\/talking-bot-125x125.png\",\"url\":\"https:\/\/portaltela.pt\/s.01k8rhncp4jt1\/2025\/11\/talking-bot-125x125.png\",\"contentUrl\":\"https:\/\/portaltela.pt\/s.01k8rhncp4jt1\/2025\/11\/talking-bot-125x125.png\",\"caption\":\"Telinha\"},\"sameAs\":[\"https:\/\/portaltela.pt\/\"],\"url\":\"https:\/\/portaltela.pt\/por\/367410592786\/\"}]}<\/script>\n<!-- \/ Yoast SEO plugin. -->","yoast_head_json":{"title":"Violino de 1 milh\u00e3o de euros cai no palco ap\u00f3s toque acidental do maestro - Portal Tela Portugal","robots":{"index":"index","follow":"follow","max-snippet":"max-snippet:-1","max-image-preview":"max-image-preview:large","max-video-preview":"max-video-preview:-1"},"og_locale":"pt_PT","og_type":"article","og_title":"Violino de 1 milh\u00e3o de euros cai no palco ap\u00f3s toque acidental do maestro - Portal Tela Portugal","og_description":"Um violino hist\u00f3rico, avaliado em cerca de \u20ac 1 milh\u00e3o, caiu das m\u00e3os da violinista Elina Vahala durante um concerto em Lathi, Finl\u00e2ndia. O incidente aconteceu quando o maestro Matthew Halls tocou no instrumento ao fazer um gesto mais en\u00e9rgico enquanto conduzia a orquestra. N\u00e3o h\u00e1 informa\u00e7\u00f5es sobre feridos reportados. O violino \u00e9 descrito como hist\u00f3rico e tem valoriza\u00e7\u00e3o apontada em torno de \u20ac 1 milh\u00e3o.","og_url":"https:\/\/portaltela.pt\/noticias\/2026\/04\/24\/violino-de-1-milhao-de-euros-cai-no-palco-apos-toque-acidental-do-maestro-2\/","og_site_name":"Portal Tela Portugal","article_published_time":"2026-04-24T07:17:55+00:00","author":"Telinha","twitter_card":"summary_large_image","twitter_misc":{"Escrito por":"Telinha","Tempo estimado de leitura":"1 minuto"},"schema":{"@context":"https:\/\/schema.org","@graph":[{"@type":"Article","@id":"https:\/\/portaltela.pt\/noticias\/2026\/04\/24\/violino-de-1-milhao-de-euros-cai-no-palco-apos-toque-acidental-do-maestro-2\/#article","isPartOf":{"@id":"https:\/\/portaltela.pt\/noticias\/2026\/04\/24\/violino-de-1-milhao-de-euros-cai-no-palco-apos-toque-acidental-do-maestro-2\/"},"author":{"name":"Telinha","@id":"https:\/\/portaltela.pt\/#\/schema\/person\/c4278d4a6028830caff9ee44b42d32ed"},"headline":"Violino de 1 milh\u00e3o de euros cai no palco ap\u00f3s toque acidental do maestro","datePublished":"2026-04-24T07:17:55+00:00","mainEntityOfPage":{"@id":"https:\/\/portaltela.pt\/noticias\/2026\/04\/24\/violino-de-1-milhao-de-euros-cai-no-palco-apos-toque-acidental-do-maestro-2\/"},"wordCount":137,"image":{"@id":"https:\/\/portaltela.pt\/noticias\/2026\/04\/24\/violino-de-1-milhao-de-euros-cai-no-palco-apos-toque-acidental-do-maestro-2\/#primaryimage"},"thumbnailUrl":"https:\/\/portaltela.pt\/s.01k8rhncp4jt1\/2026\/04\/img_1200x721uu2026-04-24-08-00-00-2435004.jpg","keywords":["acidente","concertos","m\u00fasica","seguran\u00e7a","violinos"],"articleSection":["M\u00fasica","Not\u00edcias"],"inLanguage":"pt-PT"},{"@type":"WebPage","@id":"https:\/\/portaltela.pt\/noticias\/2026\/04\/24\/violino-de-1-milhao-de-euros-cai-no-palco-apos-toque-acidental-do-maestro-2\/","url":"https:\/\/portaltela.pt\/noticias\/2026\/04\/24\/violino-de-1-milhao-de-euros-cai-no-palco-apos-toque-acidental-do-maestro-2\/","name":"Violino de 1 milh\u00e3o de euros cai no palco ap\u00f3s toque acidental do maestro - Portal Tela Portugal","isPartOf":{"@id":"https:\/\/portaltela.pt\/#website"},"primaryImageOfPage":{"@id":"https:\/\/portaltela.pt\/noticias\/2026\/04\/24\/violino-de-1-milhao-de-euros-cai-no-palco-apos-toque-acidental-do-maestro-2\/#primaryimage"},"image":{"@id":"https:\/\/portaltela.pt\/noticias\/2026\/04\/24\/violino-de-1-milhao-de-euros-cai-no-palco-apos-toque-acidental-do-maestro-2\/#primaryimage"},"thumbnailUrl":"https:\/\/portaltela.pt\/s.01k8rhncp4jt1\/2026\/04\/img_1200x721uu2026-04-24-08-00-00-2435004.jpg","datePublished":"2026-04-24T07:17:55+00:00","author":{"@id":"https:\/\/portaltela.pt\/#\/schema\/person\/c4278d4a6028830caff9ee44b42d32ed"},"breadcrumb":{"@id":"https:\/\/portaltela.pt\/noticias\/2026\/04\/24\/violino-de-1-milhao-de-euros-cai-no-palco-apos-toque-acidental-do-maestro-2\/#breadcrumb"},"inLanguage":"pt-PT","potentialAction":[{"@type":"ReadAction","target":["https:\/\/portaltela.pt\/noticias\/2026\/04\/24\/violino-de-1-milhao-de-euros-cai-no-palco-apos-toque-acidental-do-maestro-2\/"]}]},{"@type":"ImageObject","inLanguage":"pt-PT","@id":"https:\/\/portaltela.pt\/noticias\/2026\/04\/24\/violino-de-1-milhao-de-euros-cai-no-palco-apos-toque-acidental-do-maestro-2\/#primaryimage","url":"https:\/\/portaltela.pt\/s.01k8rhncp4jt1\/2026\/04\/img_1200x721uu2026-04-24-08-00-00-2435004.jpg","contentUrl":"https:\/\/portaltela.pt\/s.01k8rhncp4jt1\/2026\/04\/img_1200x721uu2026-04-24-08-00-00-2435004.jpg","width":1200,"height":721,"caption":"Violino de um milh\u00e3o de euros 'voa' em palco ap\u00f3s toque acidental do maestro"},{"@type":"BreadcrumbList","@id":"https:\/\/portaltela.pt\/noticias\/2026\/04\/24\/violino-de-1-milhao-de-euros-cai-no-palco-apos-toque-acidental-do-maestro-2\/#breadcrumb","itemListElement":[{"@type":"ListItem","position":1,"name":"In\u00edcio","item":"https:\/\/portaltela.pt\/"},{"@type":"ListItem","position":2,"name":"Violino de 1 milh\u00e3o de euros cai no palco ap\u00f3s toque acidental do maestro"}]},{"@type":"WebSite","@id":"https:\/\/portaltela.pt\/#website","url":"https:\/\/portaltela.pt\/","name":"Portal Tela Portugal","description":"","potentialAction":[{"@type":"SearchAction","target":{"@type":"EntryPoint","urlTemplate":"https:\/\/portaltela.pt\/?s={search_term_string}"},"query-input":{"@type":"PropertyValueSpecification","valueRequired":true,"valueName":"search_term_string"}}],"inLanguage":"pt-PT"},{"@type":"Person","@id":"https:\/\/portaltela.pt\/#\/schema\/person\/c4278d4a6028830caff9ee44b42d32ed","name":"Telinha","image":{"@type":"ImageObject","inLanguage":"pt-PT","@id":"https:\/\/portaltela.pt\/s.01k8rhncp4jt1\/2025\/11\/talking-bot-125x125.png","url":"https:\/\/portaltela.pt\/s.01k8rhncp4jt1\/2025\/11\/talking-bot-125x125.png","contentUrl":"https:\/\/portaltela.pt\/s.01k8rhncp4jt1\/2025\/11\/talking-bot-125x125.png","caption":"Telinha"},"sameAs":["https:\/\/portaltela.pt\/"],"url":"https:\/\/portaltela.pt\/por\/367410592786\/"}]}},"_links":{"self":[{"href":"https:\/\/portaltela.pt\/api\/wp\/v2\/posts\/457139","targetHints":{"allow":["GET"]}}],"collection":[{"href":"https:\/\/portaltela.pt\/api\/wp\/v2\/posts"}],"about":[{"href":"https:\/\/portaltela.pt\/api\/wp\/v2\/types\/post"}],"author":[{"embeddable":true,"href":"https:\/\/portaltela.pt\/api\/wp\/v2\/users\/2"}],"replies":[{"embeddable":true,"href":"https:\/\/portaltela.pt\/api\/wp\/v2\/comments?post=457139"}],"version-history":[{"count":0,"href":"https:\/\/portaltela.pt\/api\/wp\/v2\/posts\/457139\/revisions"}],"wp:featuredmedia":[{"embeddable":true,"href":"https:\/\/portaltela.pt\/api\/wp\/v2\/media\/457148"}],"wp:attachment":[{"href":"https:\/\/portaltela.pt\/api\/wp\/v2\/media?parent=457139"}],"wp:term":[{"taxonomy":"category","embeddable":true,"href":"https:\/\/portaltela.pt\/api\/wp\/v2\/categories?post=457139"},{"taxonomy":"post_tag","embeddable":true,"href":"https:\/\/portaltela.pt\/api\/wp\/v2\/tags?post=457139"}],"curies":[{"name":"wp","href":"https:\/\/api.w.org\/{rel}","templated":true}]}}