{"id":457135,"date":"2026-04-24T04:17:52","date_gmt":"2026-04-24T07:17:52","guid":{"rendered":"https:\/\/portaltela.pt\/noticias\/2026\/04\/24\/bayern-tem-de-baixar-preco-de-palhinha-para-tottenham-ativar-opcao-de-compra\/"},"modified":"2026-04-24T04:17:52","modified_gmt":"2026-04-24T07:17:52","slug":"bayern-tem-de-baixar-preco-de-palhinha-para-tottenham-ativar-opcao-de-compra","status":"publish","type":"post","link":"https:\/\/portaltela.pt\/desporto\/futebol\/2026\/04\/24\/bayern-tem-de-baixar-preco-de-palhinha-para-tottenham-ativar-opcao-de-compra\/","title":{"rendered":"Bayern tem de baixar pre\u00e7o de Palhinha para Tottenham ativar op\u00e7\u00e3o de compra"},"content":{"rendered":"<p>O Tottenham Hotspur enfrenta uma fase sens\u00edvel, com decis\u00f5es j\u00e1 a moldar a pr\u00f3xima \u00e9poca. Jo\u00e3o Palhinha, m\u00e9dio internacional portugu\u00eas, est\u00e1 emprestado pelo Bayern de Munique at\u00e9 ao final desta temporada. A avalia\u00e7\u00e3o sobre o futuro do jogador est\u00e1 dependente da op\u00e7\u00e3o de compra acordada no acordo de empr\u00e9stimo.<\/p>\n<p>Apesar do rendimento positivo em campo, a estrutura do Tottenham n\u00e3o tem garantida a continuidade de Palhinha no plantel. A conten\u00e7\u00e3o financeira e as metas desportivas da equipa influenciam as negocia\u00e7\u00f5es com o Bayern.<\/p>\n<h3>Valor da op\u00e7\u00e3o de compra<\/h3>\n<p>Segundo Florian Plettenberg, da Sky Sports germ\u00e2nica, o clube de Londres pretende manter Palhinha para a \u00e9poca 2026\/27. No entanto, a op\u00e7\u00e3o de compra fixada em 25 milh\u00f5es de euros \u00e9 considerada elevada pela dire\u00e7\u00e3o, dada a proje\u00e7\u00e3o de atingir at\u00e9 30 milh\u00f5es.<\/p>\n<h3>Situa\u00e7\u00e3o desportivo e contrato<\/h3>\n<p>Palhinha somou 40 jogos pelo Tottenham nesta temporada, com cinco golos e duas assist\u00eancias. O jogador tem ainda dois anos de contrato com o Bayern, o que condiciona o custo e a disponibilidade de negocia\u00e7\u00e3o entre as partes.<\/p>\n","protected":false},"excerpt":{"rendered":"<ul>\n<li>O Tottenham pretende manter Jo\u00e3o Palhinha na equipa para a \u00e9poca 2026\/27, mas a op\u00e7\u00e3o de compra est\u00e1 sob escrut\u00ednio pela dire\u00e7\u00e3o.<\/li>\n<li>O Bayern M\u00fcnique exige 25 milh\u00f5es de euros pela op\u00e7\u00e3o de compra, com a possibilidade de subir at\u00e9 aos 30 milh\u00f5es, valor acordado no empr\u00e9stimo.<\/li>\n<li>A dire\u00e7\u00e3o do Tottenham n\u00e3o est\u00e1 inclinada a aceitar o montante m\u00e1ximo, mesmo que o jogador tenha demonstrado utilidade no plantel.<\/li>\n<li>Palhinha j\u00e1 disputou quarenta jogos pelo Tottenham nesta temporada, com cinco golos e duas assist\u00eancias.<\/li>\n<li>O m\u00e9dio defensivo, de 30 anos, encontra-se emprestado at\u00e9 ao fim da \u00e9poca e ainda tem contrato com o Bayern M\u00fcnique por mais dois anos.<\/li>\n<\/ul>\n","protected":false},"author":2,"featured_media":457147,"comment_status":"closed","ping_status":"closed","sticky":false,"template":"","format":"standard","meta":{"footnotes":""},"categories":[21,24],"tags":[1125,2457,32,50,2050,1633],"class_list":["post-457135","post","type-post","status-publish","format-standard","has-post-thumbnail","hentry","category-desporto","category-futebol","tag-contratos","tag-emprestimos","tag-futebol","tag-mercado-da-bola","tag-transferencias","tag-transferencias-internacionais"],"yoast_head":"<!-- This site is optimized with the Yoast SEO plugin v27.2 - https:\/\/yoast.com\/product\/yoast-seo-wordpress\/ -->\n<title>Bayern tem de baixar pre\u00e7o de Palhinha para Tottenham ativar op\u00e7\u00e3o de compra - Portal Tela Portugal<\/title>\n<meta name=\"robots\" content=\"index, follow, max-snippet:-1, max-image-preview:large, max-video-preview:-1\" \/>\n<meta property=\"og:locale\" content=\"pt_PT\" \/>\n<meta property=\"og:type\" content=\"article\" \/>\n<meta property=\"og:title\" content=\"Bayern tem de baixar pre\u00e7o de Palhinha para Tottenham ativar op\u00e7\u00e3o de compra - Portal Tela Portugal\" \/>\n<meta property=\"og:description\" content=\"O Tottenham pretende manter Jo\u00e3o Palhinha na equipa para a \u00e9poca 2026\/27, mas a op\u00e7\u00e3o de compra est\u00e1 sob escrut\u00ednio pela dire\u00e7\u00e3o. O Bayern M\u00fcnique exige 25 milh\u00f5es de euros pela op\u00e7\u00e3o de compra, com a possibilidade de subir at\u00e9 aos 30 milh\u00f5es, valor acordado no empr\u00e9stimo. A dire\u00e7\u00e3o do Tottenham n\u00e3o est\u00e1 inclinada a aceitar o montante m\u00e1ximo, mesmo que o jogador tenha demonstrado utilidade no plantel. Palhinha j\u00e1 disputou quarenta jogos pelo Tottenham nesta temporada, com cinco golos e duas assist\u00eancias. O m\u00e9dio defensivo, de 30 anos, encontra-se emprestado at\u00e9 ao fim da \u00e9poca e ainda tem contrato com o Bayern M\u00fcnique por mais dois anos.\" \/>\n<meta property=\"og:url\" content=\"https:\/\/portaltela.pt\/noticias\/2026\/04\/24\/bayern-tem-de-baixar-preco-de-palhinha-para-tottenham-ativar-opcao-de-compra\/\" \/>\n<meta property=\"og:site_name\" content=\"Portal Tela Portugal\" \/>\n<meta property=\"article:published_time\" content=\"2026-04-24T07:17:52+00:00\" \/>\n<meta name=\"author\" content=\"Telinha\" \/>\n<meta name=\"twitter:card\" content=\"summary_large_image\" \/>\n<meta name=\"twitter:label1\" content=\"Escrito por\" \/>\n\t<meta name=\"twitter:data1\" content=\"Telinha\" \/>\n\t<meta name=\"twitter:label2\" content=\"Tempo estimado de leitura\" \/>\n\t<meta name=\"twitter:data2\" content=\"1 minuto\" \/>\n<script type=\"application\/ld+json\" class=\"yoast-schema-graph\">{\"@context\":\"https:\/\/schema.org\",\"@graph\":[{\"@type\":\"Article\",\"@id\":\"https:\/\/portaltela.pt\/noticias\/2026\/04\/24\/bayern-tem-de-baixar-preco-de-palhinha-para-tottenham-ativar-opcao-de-compra\/#article\",\"isPartOf\":{\"@id\":\"https:\/\/portaltela.pt\/noticias\/2026\/04\/24\/bayern-tem-de-baixar-preco-de-palhinha-para-tottenham-ativar-opcao-de-compra\/\"},\"author\":{\"name\":\"Telinha\",\"@id\":\"https:\/\/portaltela.pt\/#\/schema\/person\/c4278d4a6028830caff9ee44b42d32ed\"},\"headline\":\"Bayern tem de baixar pre\u00e7o de Palhinha para Tottenham ativar op\u00e7\u00e3o de compra\",\"datePublished\":\"2026-04-24T07:17:52+00:00\",\"mainEntityOfPage\":{\"@id\":\"https:\/\/portaltela.pt\/noticias\/2026\/04\/24\/bayern-tem-de-baixar-preco-de-palhinha-para-tottenham-ativar-opcao-de-compra\/\"},\"wordCount\":205,\"image\":{\"@id\":\"https:\/\/portaltela.pt\/noticias\/2026\/04\/24\/bayern-tem-de-baixar-preco-de-palhinha-para-tottenham-ativar-opcao-de-compra\/#primaryimage\"},\"thumbnailUrl\":\"https:\/\/portaltela.pt\/s.01k8rhncp4jt1\/2026\/04\/img_920x518uu2026-04-24-01-12-24-2435002.png\",\"keywords\":[\"contratos\",\"empr\u00e9stimos\",\"futebol\",\"mercado da bola\",\"transfer\u00eancias\",\"transfer\u00eancias internacionais\"],\"articleSection\":[\"Desporto\",\"Futebol\"],\"inLanguage\":\"pt-PT\"},{\"@type\":\"WebPage\",\"@id\":\"https:\/\/portaltela.pt\/noticias\/2026\/04\/24\/bayern-tem-de-baixar-preco-de-palhinha-para-tottenham-ativar-opcao-de-compra\/\",\"url\":\"https:\/\/portaltela.pt\/noticias\/2026\/04\/24\/bayern-tem-de-baixar-preco-de-palhinha-para-tottenham-ativar-opcao-de-compra\/\",\"name\":\"Bayern tem de baixar pre\u00e7o de Palhinha para Tottenham ativar op\u00e7\u00e3o de compra - Portal Tela Portugal\",\"isPartOf\":{\"@id\":\"https:\/\/portaltela.pt\/#website\"},\"primaryImageOfPage\":{\"@id\":\"https:\/\/portaltela.pt\/noticias\/2026\/04\/24\/bayern-tem-de-baixar-preco-de-palhinha-para-tottenham-ativar-opcao-de-compra\/#primaryimage\"},\"image\":{\"@id\":\"https:\/\/portaltela.pt\/noticias\/2026\/04\/24\/bayern-tem-de-baixar-preco-de-palhinha-para-tottenham-ativar-opcao-de-compra\/#primaryimage\"},\"thumbnailUrl\":\"https:\/\/portaltela.pt\/s.01k8rhncp4jt1\/2026\/04\/img_920x518uu2026-04-24-01-12-24-2435002.png\",\"datePublished\":\"2026-04-24T07:17:52+00:00\",\"author\":{\"@id\":\"https:\/\/portaltela.pt\/#\/schema\/person\/c4278d4a6028830caff9ee44b42d32ed\"},\"breadcrumb\":{\"@id\":\"https:\/\/portaltela.pt\/noticias\/2026\/04\/24\/bayern-tem-de-baixar-preco-de-palhinha-para-tottenham-ativar-opcao-de-compra\/#breadcrumb\"},\"inLanguage\":\"pt-PT\",\"potentialAction\":[{\"@type\":\"ReadAction\",\"target\":[\"https:\/\/portaltela.pt\/noticias\/2026\/04\/24\/bayern-tem-de-baixar-preco-de-palhinha-para-tottenham-ativar-opcao-de-compra\/\"]}]},{\"@type\":\"ImageObject\",\"inLanguage\":\"pt-PT\",\"@id\":\"https:\/\/portaltela.pt\/noticias\/2026\/04\/24\/bayern-tem-de-baixar-preco-de-palhinha-para-tottenham-ativar-opcao-de-compra\/#primaryimage\",\"url\":\"https:\/\/portaltela.pt\/s.01k8rhncp4jt1\/2026\/04\/img_920x518uu2026-04-24-01-12-24-2435002.png\",\"contentUrl\":\"https:\/\/portaltela.pt\/s.01k8rhncp4jt1\/2026\/04\/img_920x518uu2026-04-24-01-12-24-2435002.png\",\"width\":920,\"height\":518,\"caption\":\"Jo\u00e3o Palhinha, m\u00e9dio do Tottenham\"},{\"@type\":\"BreadcrumbList\",\"@id\":\"https:\/\/portaltela.pt\/noticias\/2026\/04\/24\/bayern-tem-de-baixar-preco-de-palhinha-para-tottenham-ativar-opcao-de-compra\/#breadcrumb\",\"itemListElement\":[{\"@type\":\"ListItem\",\"position\":1,\"name\":\"In\u00edcio\",\"item\":\"https:\/\/portaltela.pt\/\"},{\"@type\":\"ListItem\",\"position\":2,\"name\":\"Bayern tem de baixar pre\u00e7o de Palhinha para Tottenham ativar op\u00e7\u00e3o de compra\"}]},{\"@type\":\"WebSite\",\"@id\":\"https:\/\/portaltela.pt\/#website\",\"url\":\"https:\/\/portaltela.pt\/\",\"name\":\"Portal Tela Portugal\",\"description\":\"\",\"potentialAction\":[{\"@type\":\"SearchAction\",\"target\":{\"@type\":\"EntryPoint\",\"urlTemplate\":\"https:\/\/portaltela.pt\/?s={search_term_string}\"},\"query-input\":{\"@type\":\"PropertyValueSpecification\",\"valueRequired\":true,\"valueName\":\"search_term_string\"}}],\"inLanguage\":\"pt-PT\"},{\"@type\":\"Person\",\"@id\":\"https:\/\/portaltela.pt\/#\/schema\/person\/c4278d4a6028830caff9ee44b42d32ed\",\"name\":\"Telinha\",\"image\":{\"@type\":\"ImageObject\",\"inLanguage\":\"pt-PT\",\"@id\":\"https:\/\/portaltela.pt\/s.01k8rhncp4jt1\/2025\/11\/talking-bot-125x125.png\",\"url\":\"https:\/\/portaltela.pt\/s.01k8rhncp4jt1\/2025\/11\/talking-bot-125x125.png\",\"contentUrl\":\"https:\/\/portaltela.pt\/s.01k8rhncp4jt1\/2025\/11\/talking-bot-125x125.png\",\"caption\":\"Telinha\"},\"sameAs\":[\"https:\/\/portaltela.pt\/\"],\"url\":\"https:\/\/portaltela.pt\/por\/367410592786\/\"}]}<\/script>\n<!-- \/ Yoast SEO plugin. -->","yoast_head_json":{"title":"Bayern tem de baixar pre\u00e7o de Palhinha para Tottenham ativar op\u00e7\u00e3o de compra - Portal Tela Portugal","robots":{"index":"index","follow":"follow","max-snippet":"max-snippet:-1","max-image-preview":"max-image-preview:large","max-video-preview":"max-video-preview:-1"},"og_locale":"pt_PT","og_type":"article","og_title":"Bayern tem de baixar pre\u00e7o de Palhinha para Tottenham ativar op\u00e7\u00e3o de compra - Portal Tela Portugal","og_description":"O Tottenham pretende manter Jo\u00e3o Palhinha na equipa para a \u00e9poca 2026\/27, mas a op\u00e7\u00e3o de compra est\u00e1 sob escrut\u00ednio pela dire\u00e7\u00e3o. O Bayern M\u00fcnique exige 25 milh\u00f5es de euros pela op\u00e7\u00e3o de compra, com a possibilidade de subir at\u00e9 aos 30 milh\u00f5es, valor acordado no empr\u00e9stimo. A dire\u00e7\u00e3o do Tottenham n\u00e3o est\u00e1 inclinada a aceitar o montante m\u00e1ximo, mesmo que o jogador tenha demonstrado utilidade no plantel. Palhinha j\u00e1 disputou quarenta jogos pelo Tottenham nesta temporada, com cinco golos e duas assist\u00eancias. O m\u00e9dio defensivo, de 30 anos, encontra-se emprestado at\u00e9 ao fim da \u00e9poca e ainda tem contrato com o Bayern M\u00fcnique por mais dois anos.","og_url":"https:\/\/portaltela.pt\/noticias\/2026\/04\/24\/bayern-tem-de-baixar-preco-de-palhinha-para-tottenham-ativar-opcao-de-compra\/","og_site_name":"Portal Tela Portugal","article_published_time":"2026-04-24T07:17:52+00:00","author":"Telinha","twitter_card":"summary_large_image","twitter_misc":{"Escrito por":"Telinha","Tempo estimado de leitura":"1 minuto"},"schema":{"@context":"https:\/\/schema.org","@graph":[{"@type":"Article","@id":"https:\/\/portaltela.pt\/noticias\/2026\/04\/24\/bayern-tem-de-baixar-preco-de-palhinha-para-tottenham-ativar-opcao-de-compra\/#article","isPartOf":{"@id":"https:\/\/portaltela.pt\/noticias\/2026\/04\/24\/bayern-tem-de-baixar-preco-de-palhinha-para-tottenham-ativar-opcao-de-compra\/"},"author":{"name":"Telinha","@id":"https:\/\/portaltela.pt\/#\/schema\/person\/c4278d4a6028830caff9ee44b42d32ed"},"headline":"Bayern tem de baixar pre\u00e7o de Palhinha para Tottenham ativar op\u00e7\u00e3o de compra","datePublished":"2026-04-24T07:17:52+00:00","mainEntityOfPage":{"@id":"https:\/\/portaltela.pt\/noticias\/2026\/04\/24\/bayern-tem-de-baixar-preco-de-palhinha-para-tottenham-ativar-opcao-de-compra\/"},"wordCount":205,"image":{"@id":"https:\/\/portaltela.pt\/noticias\/2026\/04\/24\/bayern-tem-de-baixar-preco-de-palhinha-para-tottenham-ativar-opcao-de-compra\/#primaryimage"},"thumbnailUrl":"https:\/\/portaltela.pt\/s.01k8rhncp4jt1\/2026\/04\/img_920x518uu2026-04-24-01-12-24-2435002.png","keywords":["contratos","empr\u00e9stimos","futebol","mercado da bola","transfer\u00eancias","transfer\u00eancias internacionais"],"articleSection":["Desporto","Futebol"],"inLanguage":"pt-PT"},{"@type":"WebPage","@id":"https:\/\/portaltela.pt\/noticias\/2026\/04\/24\/bayern-tem-de-baixar-preco-de-palhinha-para-tottenham-ativar-opcao-de-compra\/","url":"https:\/\/portaltela.pt\/noticias\/2026\/04\/24\/bayern-tem-de-baixar-preco-de-palhinha-para-tottenham-ativar-opcao-de-compra\/","name":"Bayern tem de baixar pre\u00e7o de Palhinha para Tottenham ativar op\u00e7\u00e3o de compra - Portal Tela Portugal","isPartOf":{"@id":"https:\/\/portaltela.pt\/#website"},"primaryImageOfPage":{"@id":"https:\/\/portaltela.pt\/noticias\/2026\/04\/24\/bayern-tem-de-baixar-preco-de-palhinha-para-tottenham-ativar-opcao-de-compra\/#primaryimage"},"image":{"@id":"https:\/\/portaltela.pt\/noticias\/2026\/04\/24\/bayern-tem-de-baixar-preco-de-palhinha-para-tottenham-ativar-opcao-de-compra\/#primaryimage"},"thumbnailUrl":"https:\/\/portaltela.pt\/s.01k8rhncp4jt1\/2026\/04\/img_920x518uu2026-04-24-01-12-24-2435002.png","datePublished":"2026-04-24T07:17:52+00:00","author":{"@id":"https:\/\/portaltela.pt\/#\/schema\/person\/c4278d4a6028830caff9ee44b42d32ed"},"breadcrumb":{"@id":"https:\/\/portaltela.pt\/noticias\/2026\/04\/24\/bayern-tem-de-baixar-preco-de-palhinha-para-tottenham-ativar-opcao-de-compra\/#breadcrumb"},"inLanguage":"pt-PT","potentialAction":[{"@type":"ReadAction","target":["https:\/\/portaltela.pt\/noticias\/2026\/04\/24\/bayern-tem-de-baixar-preco-de-palhinha-para-tottenham-ativar-opcao-de-compra\/"]}]},{"@type":"ImageObject","inLanguage":"pt-PT","@id":"https:\/\/portaltela.pt\/noticias\/2026\/04\/24\/bayern-tem-de-baixar-preco-de-palhinha-para-tottenham-ativar-opcao-de-compra\/#primaryimage","url":"https:\/\/portaltela.pt\/s.01k8rhncp4jt1\/2026\/04\/img_920x518uu2026-04-24-01-12-24-2435002.png","contentUrl":"https:\/\/portaltela.pt\/s.01k8rhncp4jt1\/2026\/04\/img_920x518uu2026-04-24-01-12-24-2435002.png","width":920,"height":518,"caption":"Jo\u00e3o Palhinha, m\u00e9dio do Tottenham"},{"@type":"BreadcrumbList","@id":"https:\/\/portaltela.pt\/noticias\/2026\/04\/24\/bayern-tem-de-baixar-preco-de-palhinha-para-tottenham-ativar-opcao-de-compra\/#breadcrumb","itemListElement":[{"@type":"ListItem","position":1,"name":"In\u00edcio","item":"https:\/\/portaltela.pt\/"},{"@type":"ListItem","position":2,"name":"Bayern tem de baixar pre\u00e7o de Palhinha para Tottenham ativar op\u00e7\u00e3o de compra"}]},{"@type":"WebSite","@id":"https:\/\/portaltela.pt\/#website","url":"https:\/\/portaltela.pt\/","name":"Portal Tela Portugal","description":"","potentialAction":[{"@type":"SearchAction","target":{"@type":"EntryPoint","urlTemplate":"https:\/\/portaltela.pt\/?s={search_term_string}"},"query-input":{"@type":"PropertyValueSpecification","valueRequired":true,"valueName":"search_term_string"}}],"inLanguage":"pt-PT"},{"@type":"Person","@id":"https:\/\/portaltela.pt\/#\/schema\/person\/c4278d4a6028830caff9ee44b42d32ed","name":"Telinha","image":{"@type":"ImageObject","inLanguage":"pt-PT","@id":"https:\/\/portaltela.pt\/s.01k8rhncp4jt1\/2025\/11\/talking-bot-125x125.png","url":"https:\/\/portaltela.pt\/s.01k8rhncp4jt1\/2025\/11\/talking-bot-125x125.png","contentUrl":"https:\/\/portaltela.pt\/s.01k8rhncp4jt1\/2025\/11\/talking-bot-125x125.png","caption":"Telinha"},"sameAs":["https:\/\/portaltela.pt\/"],"url":"https:\/\/portaltela.pt\/por\/367410592786\/"}]}},"_links":{"self":[{"href":"https:\/\/portaltela.pt\/api\/wp\/v2\/posts\/457135","targetHints":{"allow":["GET"]}}],"collection":[{"href":"https:\/\/portaltela.pt\/api\/wp\/v2\/posts"}],"about":[{"href":"https:\/\/portaltela.pt\/api\/wp\/v2\/types\/post"}],"author":[{"embeddable":true,"href":"https:\/\/portaltela.pt\/api\/wp\/v2\/users\/2"}],"replies":[{"embeddable":true,"href":"https:\/\/portaltela.pt\/api\/wp\/v2\/comments?post=457135"}],"version-history":[{"count":0,"href":"https:\/\/portaltela.pt\/api\/wp\/v2\/posts\/457135\/revisions"}],"wp:featuredmedia":[{"embeddable":true,"href":"https:\/\/portaltela.pt\/api\/wp\/v2\/media\/457147"}],"wp:attachment":[{"href":"https:\/\/portaltela.pt\/api\/wp\/v2\/media?parent=457135"}],"wp:term":[{"taxonomy":"category","embeddable":true,"href":"https:\/\/portaltela.pt\/api\/wp\/v2\/categories?post=457135"},{"taxonomy":"post_tag","embeddable":true,"href":"https:\/\/portaltela.pt\/api\/wp\/v2\/tags?post=457135"}],"curies":[{"name":"wp","href":"https:\/\/api.w.org\/{rel}","templated":true}]}}