{"id":457118,"date":"2026-04-24T03:47:29","date_gmt":"2026-04-24T06:47:29","guid":{"rendered":"https:\/\/portaltela.pt\/noticias\/2026\/04\/24\/presidente-milei-anuncia-recandidatura-para-2027\/"},"modified":"2026-04-24T03:47:29","modified_gmt":"2026-04-24T06:47:29","slug":"presidente-milei-anuncia-recandidatura-para-2027","status":"publish","type":"post","link":"https:\/\/portaltela.pt\/noticias\/internacional\/2026\/04\/24\/presidente-milei-anuncia-recandidatura-para-2027\/","title":{"rendered":"Presidente Milei anuncia recandidatura para 2027"},"content":{"rendered":"<p>O presidente da Argentina, Javier Milei, afirmou que pretende recandidatar-se nas elei\u00e7\u00f5es de 2027. Em entrevista ao canal digital Neura, Milei destacou que n\u00e3o terminar\u00e1 apenas o mandato em curso, mas procurar\u00e1 um novo mandato se, no sua avalia\u00e7\u00e3o, tiver feito um bom trabalho.<\/p>\n<p>O economista ultraliberal e l\u00edder do partido La Libertad Avanza assumiu a presid\u00eancia em dezembro de 2023. Durante o di\u00e1logo, Milei defendeu as pol\u00edticas de austeridade or\u00e7amental, contrariando avalia\u00e7\u00f5es que apontam para um desempenho econ\u00f3mico fraco em fevereiro, segundo dados oficiais.<\/p>\n<p>A entrevista ocorreu na quinta-feira, no formato digital, com Milei a sublinhar que o povo decidir\u00e1 no final. A posi\u00e7\u00e3o de recandidatura mant\u00e9m-se alinhada com a trajet\u00f3ria de reformas promovidas pelo governo desde o in\u00edcio do mandato.<\/p>\n","protected":false},"excerpt":{"rendered":"<ul>\n<li>O presidente da Argentina, Javier Milei, disse que vai recandidatar\u2011se nas elei\u00e7\u00f5es de 2027.<\/li>\n<li>Milei afirmou: \u201cVou candidatar\u2011me. N\u00e3o s\u00f3 terminarei este mandato, como tamb\u00e9m me candidatarei a outro se acreditar que fiz um bom trabalho.\u201d<\/li>\n<li>A declara\u00e7\u00e3o foi feita numa entrevista ao canal digital Neura, na quinta\u2011feira.<\/li>\n<li>Milei lidera o partido de extrema\u2011direita La Libertad Avanza e assumiu a presid\u00eancia em dezembro de 2023.<\/li>\n<li>O economista defendeu pol\u00edticas de austeridade or\u00e7amental, enquanto apontou para fraco desempenho da atividade econ\u00f3mica em fevereiro, segundo dados oficiais.<\/li>\n<\/ul>\n","protected":false},"author":2,"featured_media":457124,"comment_status":"closed","ping_status":"closed","sticky":false,"template":"","format":"standard","meta":{"footnotes":""},"categories":[4,7127],"tags":[28,68,34,2832,7892,30],"class_list":["post-457118","post","type-post","status-publish","format-standard","has-post-thumbnail","hentry","category-internacional","category-politica-internacional","tag-economia","tag-eleicoes","tag-governo","tag-politica","tag-politica-interna","tag-presidente"],"yoast_head":"<!-- This site is optimized with the Yoast SEO plugin v27.2 - https:\/\/yoast.com\/product\/yoast-seo-wordpress\/ -->\n<title>Presidente Milei anuncia recandidatura para 2027 - Portal Tela Portugal<\/title>\n<meta name=\"robots\" content=\"index, follow, max-snippet:-1, max-image-preview:large, max-video-preview:-1\" \/>\n<meta property=\"og:locale\" content=\"pt_PT\" \/>\n<meta property=\"og:type\" content=\"article\" \/>\n<meta property=\"og:title\" content=\"Presidente Milei anuncia recandidatura para 2027 - Portal Tela Portugal\" \/>\n<meta property=\"og:description\" content=\"O presidente da Argentina, Javier Milei, disse que vai recandidatar\u2011se nas elei\u00e7\u00f5es de 2027. Milei afirmou: \u201cVou candidatar\u2011me. N\u00e3o s\u00f3 terminarei este mandato, como tamb\u00e9m me candidatarei a outro se acreditar que fiz um bom trabalho.\u201d A declara\u00e7\u00e3o foi feita numa entrevista ao canal digital Neura, na quinta\u2011feira. Milei lidera o partido de extrema\u2011direita La Libertad Avanza e assumiu a presid\u00eancia em dezembro de 2023. O economista defendeu pol\u00edticas de austeridade or\u00e7amental, enquanto apontou para fraco desempenho da atividade econ\u00f3mica em fevereiro, segundo dados oficiais.\" \/>\n<meta property=\"og:url\" content=\"https:\/\/portaltela.pt\/noticias\/2026\/04\/24\/presidente-milei-anuncia-recandidatura-para-2027\/\" \/>\n<meta property=\"og:site_name\" content=\"Portal Tela Portugal\" \/>\n<meta property=\"article:published_time\" content=\"2026-04-24T06:47:29+00:00\" \/>\n<meta name=\"author\" content=\"Telinha\" \/>\n<meta name=\"twitter:card\" content=\"summary_large_image\" \/>\n<meta name=\"twitter:label1\" content=\"Escrito por\" \/>\n\t<meta name=\"twitter:data1\" content=\"Telinha\" \/>\n\t<meta name=\"twitter:label2\" content=\"Tempo estimado de leitura\" \/>\n\t<meta name=\"twitter:data2\" content=\"1 minuto\" \/>\n<script type=\"application\/ld+json\" class=\"yoast-schema-graph\">{\"@context\":\"https:\/\/schema.org\",\"@graph\":[{\"@type\":\"Article\",\"@id\":\"https:\/\/portaltela.pt\/noticias\/2026\/04\/24\/presidente-milei-anuncia-recandidatura-para-2027\/#article\",\"isPartOf\":{\"@id\":\"https:\/\/portaltela.pt\/noticias\/2026\/04\/24\/presidente-milei-anuncia-recandidatura-para-2027\/\"},\"author\":{\"name\":\"Telinha\",\"@id\":\"https:\/\/portaltela.pt\/#\/schema\/person\/c4278d4a6028830caff9ee44b42d32ed\"},\"headline\":\"Presidente Milei anuncia recandidatura para 2027\",\"datePublished\":\"2026-04-24T06:47:29+00:00\",\"mainEntityOfPage\":{\"@id\":\"https:\/\/portaltela.pt\/noticias\/2026\/04\/24\/presidente-milei-anuncia-recandidatura-para-2027\/\"},\"wordCount\":139,\"image\":{\"@id\":\"https:\/\/portaltela.pt\/noticias\/2026\/04\/24\/presidente-milei-anuncia-recandidatura-para-2027\/#primaryimage\"},\"thumbnailUrl\":\"https:\/\/portaltela.pt\/s.01k8rhncp4jt1\/2026\/04\/img_1280x721uu2026-01-21-22-09-28-2261789.jpg\",\"keywords\":[\"economia\",\"elei\u00e7\u00f5es\",\"governo\",\"pol\u00edtica\",\"pol\u00edtica interna\",\"presidente\"],\"articleSection\":[\"Internacional\",\"Pol\u00edtica Internacional\"],\"inLanguage\":\"pt-PT\"},{\"@type\":\"WebPage\",\"@id\":\"https:\/\/portaltela.pt\/noticias\/2026\/04\/24\/presidente-milei-anuncia-recandidatura-para-2027\/\",\"url\":\"https:\/\/portaltela.pt\/noticias\/2026\/04\/24\/presidente-milei-anuncia-recandidatura-para-2027\/\",\"name\":\"Presidente Milei anuncia recandidatura para 2027 - Portal Tela Portugal\",\"isPartOf\":{\"@id\":\"https:\/\/portaltela.pt\/#website\"},\"primaryImageOfPage\":{\"@id\":\"https:\/\/portaltela.pt\/noticias\/2026\/04\/24\/presidente-milei-anuncia-recandidatura-para-2027\/#primaryimage\"},\"image\":{\"@id\":\"https:\/\/portaltela.pt\/noticias\/2026\/04\/24\/presidente-milei-anuncia-recandidatura-para-2027\/#primaryimage\"},\"thumbnailUrl\":\"https:\/\/portaltela.pt\/s.01k8rhncp4jt1\/2026\/04\/img_1280x721uu2026-01-21-22-09-28-2261789.jpg\",\"datePublished\":\"2026-04-24T06:47:29+00:00\",\"author\":{\"@id\":\"https:\/\/portaltela.pt\/#\/schema\/person\/c4278d4a6028830caff9ee44b42d32ed\"},\"breadcrumb\":{\"@id\":\"https:\/\/portaltela.pt\/noticias\/2026\/04\/24\/presidente-milei-anuncia-recandidatura-para-2027\/#breadcrumb\"},\"inLanguage\":\"pt-PT\",\"potentialAction\":[{\"@type\":\"ReadAction\",\"target\":[\"https:\/\/portaltela.pt\/noticias\/2026\/04\/24\/presidente-milei-anuncia-recandidatura-para-2027\/\"]}]},{\"@type\":\"ImageObject\",\"inLanguage\":\"pt-PT\",\"@id\":\"https:\/\/portaltela.pt\/noticias\/2026\/04\/24\/presidente-milei-anuncia-recandidatura-para-2027\/#primaryimage\",\"url\":\"https:\/\/portaltela.pt\/s.01k8rhncp4jt1\/2026\/04\/img_1280x721uu2026-01-21-22-09-28-2261789.jpg\",\"contentUrl\":\"https:\/\/portaltela.pt\/s.01k8rhncp4jt1\/2026\/04\/img_1280x721uu2026-01-21-22-09-28-2261789.jpg\",\"width\":796,\"height\":448,\"caption\":\"Javier Milei, Presidente da Argentina\"},{\"@type\":\"BreadcrumbList\",\"@id\":\"https:\/\/portaltela.pt\/noticias\/2026\/04\/24\/presidente-milei-anuncia-recandidatura-para-2027\/#breadcrumb\",\"itemListElement\":[{\"@type\":\"ListItem\",\"position\":1,\"name\":\"In\u00edcio\",\"item\":\"https:\/\/portaltela.pt\/\"},{\"@type\":\"ListItem\",\"position\":2,\"name\":\"Presidente Milei anuncia recandidatura para 2027\"}]},{\"@type\":\"WebSite\",\"@id\":\"https:\/\/portaltela.pt\/#website\",\"url\":\"https:\/\/portaltela.pt\/\",\"name\":\"Portal Tela Portugal\",\"description\":\"\",\"potentialAction\":[{\"@type\":\"SearchAction\",\"target\":{\"@type\":\"EntryPoint\",\"urlTemplate\":\"https:\/\/portaltela.pt\/?s={search_term_string}\"},\"query-input\":{\"@type\":\"PropertyValueSpecification\",\"valueRequired\":true,\"valueName\":\"search_term_string\"}}],\"inLanguage\":\"pt-PT\"},{\"@type\":\"Person\",\"@id\":\"https:\/\/portaltela.pt\/#\/schema\/person\/c4278d4a6028830caff9ee44b42d32ed\",\"name\":\"Telinha\",\"image\":{\"@type\":\"ImageObject\",\"inLanguage\":\"pt-PT\",\"@id\":\"https:\/\/portaltela.pt\/s.01k8rhncp4jt1\/2025\/11\/talking-bot-125x125.png\",\"url\":\"https:\/\/portaltela.pt\/s.01k8rhncp4jt1\/2025\/11\/talking-bot-125x125.png\",\"contentUrl\":\"https:\/\/portaltela.pt\/s.01k8rhncp4jt1\/2025\/11\/talking-bot-125x125.png\",\"caption\":\"Telinha\"},\"sameAs\":[\"https:\/\/portaltela.pt\/\"],\"url\":\"https:\/\/portaltela.pt\/por\/367410592786\/\"}]}<\/script>\n<!-- \/ Yoast SEO plugin. -->","yoast_head_json":{"title":"Presidente Milei anuncia recandidatura para 2027 - Portal Tela Portugal","robots":{"index":"index","follow":"follow","max-snippet":"max-snippet:-1","max-image-preview":"max-image-preview:large","max-video-preview":"max-video-preview:-1"},"og_locale":"pt_PT","og_type":"article","og_title":"Presidente Milei anuncia recandidatura para 2027 - Portal Tela Portugal","og_description":"O presidente da Argentina, Javier Milei, disse que vai recandidatar\u2011se nas elei\u00e7\u00f5es de 2027. Milei afirmou: \u201cVou candidatar\u2011me. N\u00e3o s\u00f3 terminarei este mandato, como tamb\u00e9m me candidatarei a outro se acreditar que fiz um bom trabalho.\u201d A declara\u00e7\u00e3o foi feita numa entrevista ao canal digital Neura, na quinta\u2011feira. Milei lidera o partido de extrema\u2011direita La Libertad Avanza e assumiu a presid\u00eancia em dezembro de 2023. O economista defendeu pol\u00edticas de austeridade or\u00e7amental, enquanto apontou para fraco desempenho da atividade econ\u00f3mica em fevereiro, segundo dados oficiais.","og_url":"https:\/\/portaltela.pt\/noticias\/2026\/04\/24\/presidente-milei-anuncia-recandidatura-para-2027\/","og_site_name":"Portal Tela Portugal","article_published_time":"2026-04-24T06:47:29+00:00","author":"Telinha","twitter_card":"summary_large_image","twitter_misc":{"Escrito por":"Telinha","Tempo estimado de leitura":"1 minuto"},"schema":{"@context":"https:\/\/schema.org","@graph":[{"@type":"Article","@id":"https:\/\/portaltela.pt\/noticias\/2026\/04\/24\/presidente-milei-anuncia-recandidatura-para-2027\/#article","isPartOf":{"@id":"https:\/\/portaltela.pt\/noticias\/2026\/04\/24\/presidente-milei-anuncia-recandidatura-para-2027\/"},"author":{"name":"Telinha","@id":"https:\/\/portaltela.pt\/#\/schema\/person\/c4278d4a6028830caff9ee44b42d32ed"},"headline":"Presidente Milei anuncia recandidatura para 2027","datePublished":"2026-04-24T06:47:29+00:00","mainEntityOfPage":{"@id":"https:\/\/portaltela.pt\/noticias\/2026\/04\/24\/presidente-milei-anuncia-recandidatura-para-2027\/"},"wordCount":139,"image":{"@id":"https:\/\/portaltela.pt\/noticias\/2026\/04\/24\/presidente-milei-anuncia-recandidatura-para-2027\/#primaryimage"},"thumbnailUrl":"https:\/\/portaltela.pt\/s.01k8rhncp4jt1\/2026\/04\/img_1280x721uu2026-01-21-22-09-28-2261789.jpg","keywords":["economia","elei\u00e7\u00f5es","governo","pol\u00edtica","pol\u00edtica interna","presidente"],"articleSection":["Internacional","Pol\u00edtica Internacional"],"inLanguage":"pt-PT"},{"@type":"WebPage","@id":"https:\/\/portaltela.pt\/noticias\/2026\/04\/24\/presidente-milei-anuncia-recandidatura-para-2027\/","url":"https:\/\/portaltela.pt\/noticias\/2026\/04\/24\/presidente-milei-anuncia-recandidatura-para-2027\/","name":"Presidente Milei anuncia recandidatura para 2027 - Portal Tela Portugal","isPartOf":{"@id":"https:\/\/portaltela.pt\/#website"},"primaryImageOfPage":{"@id":"https:\/\/portaltela.pt\/noticias\/2026\/04\/24\/presidente-milei-anuncia-recandidatura-para-2027\/#primaryimage"},"image":{"@id":"https:\/\/portaltela.pt\/noticias\/2026\/04\/24\/presidente-milei-anuncia-recandidatura-para-2027\/#primaryimage"},"thumbnailUrl":"https:\/\/portaltela.pt\/s.01k8rhncp4jt1\/2026\/04\/img_1280x721uu2026-01-21-22-09-28-2261789.jpg","datePublished":"2026-04-24T06:47:29+00:00","author":{"@id":"https:\/\/portaltela.pt\/#\/schema\/person\/c4278d4a6028830caff9ee44b42d32ed"},"breadcrumb":{"@id":"https:\/\/portaltela.pt\/noticias\/2026\/04\/24\/presidente-milei-anuncia-recandidatura-para-2027\/#breadcrumb"},"inLanguage":"pt-PT","potentialAction":[{"@type":"ReadAction","target":["https:\/\/portaltela.pt\/noticias\/2026\/04\/24\/presidente-milei-anuncia-recandidatura-para-2027\/"]}]},{"@type":"ImageObject","inLanguage":"pt-PT","@id":"https:\/\/portaltela.pt\/noticias\/2026\/04\/24\/presidente-milei-anuncia-recandidatura-para-2027\/#primaryimage","url":"https:\/\/portaltela.pt\/s.01k8rhncp4jt1\/2026\/04\/img_1280x721uu2026-01-21-22-09-28-2261789.jpg","contentUrl":"https:\/\/portaltela.pt\/s.01k8rhncp4jt1\/2026\/04\/img_1280x721uu2026-01-21-22-09-28-2261789.jpg","width":796,"height":448,"caption":"Javier Milei, Presidente da Argentina"},{"@type":"BreadcrumbList","@id":"https:\/\/portaltela.pt\/noticias\/2026\/04\/24\/presidente-milei-anuncia-recandidatura-para-2027\/#breadcrumb","itemListElement":[{"@type":"ListItem","position":1,"name":"In\u00edcio","item":"https:\/\/portaltela.pt\/"},{"@type":"ListItem","position":2,"name":"Presidente Milei anuncia recandidatura para 2027"}]},{"@type":"WebSite","@id":"https:\/\/portaltela.pt\/#website","url":"https:\/\/portaltela.pt\/","name":"Portal Tela Portugal","description":"","potentialAction":[{"@type":"SearchAction","target":{"@type":"EntryPoint","urlTemplate":"https:\/\/portaltela.pt\/?s={search_term_string}"},"query-input":{"@type":"PropertyValueSpecification","valueRequired":true,"valueName":"search_term_string"}}],"inLanguage":"pt-PT"},{"@type":"Person","@id":"https:\/\/portaltela.pt\/#\/schema\/person\/c4278d4a6028830caff9ee44b42d32ed","name":"Telinha","image":{"@type":"ImageObject","inLanguage":"pt-PT","@id":"https:\/\/portaltela.pt\/s.01k8rhncp4jt1\/2025\/11\/talking-bot-125x125.png","url":"https:\/\/portaltela.pt\/s.01k8rhncp4jt1\/2025\/11\/talking-bot-125x125.png","contentUrl":"https:\/\/portaltela.pt\/s.01k8rhncp4jt1\/2025\/11\/talking-bot-125x125.png","caption":"Telinha"},"sameAs":["https:\/\/portaltela.pt\/"],"url":"https:\/\/portaltela.pt\/por\/367410592786\/"}]}},"_links":{"self":[{"href":"https:\/\/portaltela.pt\/api\/wp\/v2\/posts\/457118","targetHints":{"allow":["GET"]}}],"collection":[{"href":"https:\/\/portaltela.pt\/api\/wp\/v2\/posts"}],"about":[{"href":"https:\/\/portaltela.pt\/api\/wp\/v2\/types\/post"}],"author":[{"embeddable":true,"href":"https:\/\/portaltela.pt\/api\/wp\/v2\/users\/2"}],"replies":[{"embeddable":true,"href":"https:\/\/portaltela.pt\/api\/wp\/v2\/comments?post=457118"}],"version-history":[{"count":0,"href":"https:\/\/portaltela.pt\/api\/wp\/v2\/posts\/457118\/revisions"}],"wp:featuredmedia":[{"embeddable":true,"href":"https:\/\/portaltela.pt\/api\/wp\/v2\/media\/457124"}],"wp:attachment":[{"href":"https:\/\/portaltela.pt\/api\/wp\/v2\/media?parent=457118"}],"wp:term":[{"taxonomy":"category","embeddable":true,"href":"https:\/\/portaltela.pt\/api\/wp\/v2\/categories?post=457118"},{"taxonomy":"post_tag","embeddable":true,"href":"https:\/\/portaltela.pt\/api\/wp\/v2\/tags?post=457118"}],"curies":[{"name":"wp","href":"https:\/\/api.w.org\/{rel}","templated":true}]}}