{"id":457081,"date":"2026-04-24T03:33:01","date_gmt":"2026-04-24T06:33:01","guid":{"rendered":"https:\/\/portaltela.pt\/noticias\/2026\/04\/24\/armenia-assinala-111-o-aniversario-do-genocidio-armenio-em-erevan\/"},"modified":"2026-04-24T03:33:01","modified_gmt":"2026-04-24T06:33:01","slug":"armenia-assinala-111-o-aniversario-do-genocidio-armenio-em-erevan","status":"publish","type":"post","link":"https:\/\/portaltela.pt\/noticias\/2026\/04\/24\/armenia-assinala-111-o-aniversario-do-genocidio-armenio-em-erevan\/","title":{"rendered":"Arm\u00e9nia assinala 111.\u00ba anivers\u00e1rio do genoc\u00eddio arm\u00e9nio em Erevan"},"content":{"rendered":"<p>Arm\u00e9nia assinalou o 111.\u00ba anivers\u00e1rio do genoc\u00eddio arm\u00e9nio em Erevan, nos dias 23 e 24 de abril de 2026, com marchas e cerim\u00f3nias que reuniram milhares de pessoas na capital. A eventos lembraram as exatas datas de 1915 e destacaram o tributo \u00e0s v\u00edtimas sob o Imp\u00e9rio Otomano.<\/p>\n<p>Uma marcha de tochas ligou a Pra\u00e7a da Rep\u00fablica ao memorial de Tsitsernakaberd, em homenagem a cerca de 1,5 milh\u00f5es de arm\u00e9nios mortos. A evoca\u00e7\u00e3o permanece como elemento central da identidade nacional e das rela\u00e7\u00f5es com a Turquia, que rejeita o termo genoc\u00eddio.<\/p>\n<p>No mesmo dia, as celebra\u00e7\u00f5es continuaram na capital e a di\u00e1spora arm\u00e9nia organizou a\u00e7\u00f5es em Londres, Paris e Los Angeles. Milhares participaram na marcha silenciosa, liderada pela ala juvenil da Federa\u00e7\u00e3o Revolucion\u00e1ria Arm\u00e9nia, com tochas e faixas.<\/p>\n<p>Durante o protesto, alguns participantes queimaram bandeiras turcas e azeris, em resposta \u00e0 nega\u00e7\u00e3o do genoc\u00eddio e \u00e0s tens\u00f5es regionais. Tamb\u00e9m houve descontentamento com o estado das rela\u00e7\u00f5es com o Azerbaij\u00e3o ap\u00f3s o conflito de 2023 no Nagorno-Karabakh.<\/p>\n<h3>Contexto geopol\u00edtico<\/h3>\n<p>As cr\u00edticas incidiram sobre o apoio da Turquia a Baku e sobre a rela\u00e7\u00e3o entre Erevan e Ancara. Desde 2022, foram realizados passos de normaliza\u00e7\u00e3o, incluindo voos diretos e encontros comerciais, mas o progresso \u00e9 considerado fr\u00e1gil pela opini\u00e3o p\u00fablica.<\/p>\n<p>As comemora\u00e7\u00f5es em Erevan mant\u00eam, assim, mem\u00f3ria hist\u00f3rica e preocupa\u00e7\u00f5es atuais, sustentando pedidos de reconhecimento e justi\u00e7a, mais de um s\u00e9culo ap\u00f3s os acontecimentos de 1915.<\/p>\n","protected":false},"excerpt":{"rendered":"<ul>\n<li>Em 23 e 24 de abril de 2026, a Arm\u00e9nia celebrou o 111.\u00ba anivers\u00e1rio do genoc\u00eddio arm\u00e9nio em Erevan, com marchas e cerim\u00f3nias que reuniram milhares de pessoas.<\/li>\n<li>Uma marcha de tochas da Pra\u00e7a da Rep\u00fablica at\u00e9 ao memorial de Tsitsernakaberd prestou homenagem a cerca de 1,5 milh\u00f5es de arm\u00e9nios mortos em 1915, no Imp\u00e9rio Otomano.<\/li>\n<li>A evoca\u00e7\u00e3o mant\u00e9m-se como elemento central da identidade nacional e afeta as rela\u00e7\u00f5es com a Turquia, que nega o genoc\u00eddio, apesar do reconhecimento de mais de duas dezenas de pa\u00edses.<\/li>\n<li>No dia 23 de abril, houve deposi\u00e7\u00e3o de flores na chama eterna, com eventos paralelos na di\u00e1spora, incluindo Londres, Paris e Los Angeles; a marcha silenciosa foi liderada pela ala juvenil da Federa\u00e7\u00e3o Revolucion\u00e1ria Arm\u00e9nia.<\/li>\n<li>Manifestantes lan\u00e7aram cr\u00edticas \u00e0 posi\u00e7\u00e3o da Turquia e ao apoio de Ancara a Bacu ap\u00f3s o conflito de Nagorno-Karabakh, num contexto de avan\u00e7os fr\u00e1geis na normaliza\u00e7\u00e3o entre Arm\u00e9nia e Turquia.<\/li>\n<\/ul>\n","protected":false},"author":2,"featured_media":457092,"comment_status":"closed","ping_status":"closed","sticky":false,"template":"","format":"standard","meta":{"footnotes":""},"categories":[6814,1],"tags":[2852,6476,2376,7490,3163,2126],"class_list":["post-457081","post","type-post","status-publish","format-standard","has-post-thumbnail","hentry","category-geopolitica","category-noticias","tag-armenia","tag-azerbaijao","tag-londres","tag-memoria-publica","tag-paris","tag-turquia"],"yoast_head":"<!-- This site is optimized with the Yoast SEO plugin v27.2 - https:\/\/yoast.com\/product\/yoast-seo-wordpress\/ -->\n<title>Arm\u00e9nia assinala 111.\u00ba anivers\u00e1rio do genoc\u00eddio arm\u00e9nio em Erevan - Portal Tela Portugal<\/title>\n<meta name=\"robots\" content=\"index, follow, max-snippet:-1, max-image-preview:large, max-video-preview:-1\" \/>\n<meta property=\"og:locale\" content=\"pt_PT\" \/>\n<meta property=\"og:type\" content=\"article\" \/>\n<meta property=\"og:title\" content=\"Arm\u00e9nia assinala 111.\u00ba anivers\u00e1rio do genoc\u00eddio arm\u00e9nio em Erevan - Portal Tela Portugal\" \/>\n<meta property=\"og:description\" content=\"Em 23 e 24 de abril de 2026, a Arm\u00e9nia celebrou o 111.\u00ba anivers\u00e1rio do genoc\u00eddio arm\u00e9nio em Erevan, com marchas e cerim\u00f3nias que reuniram milhares de pessoas. Uma marcha de tochas da Pra\u00e7a da Rep\u00fablica at\u00e9 ao memorial de Tsitsernakaberd prestou homenagem a cerca de 1,5 milh\u00f5es de arm\u00e9nios mortos em 1915, no Imp\u00e9rio Otomano. A evoca\u00e7\u00e3o mant\u00e9m-se como elemento central da identidade nacional e afeta as rela\u00e7\u00f5es com a Turquia, que nega o genoc\u00eddio, apesar do reconhecimento de mais de duas dezenas de pa\u00edses. No dia 23 de abril, houve deposi\u00e7\u00e3o de flores na chama eterna, com eventos paralelos na di\u00e1spora, incluindo Londres, Paris e Los Angeles; a marcha silenciosa foi liderada pela ala juvenil da Federa\u00e7\u00e3o Revolucion\u00e1ria Arm\u00e9nia. Manifestantes lan\u00e7aram cr\u00edticas \u00e0 posi\u00e7\u00e3o da Turquia e ao apoio de Ancara a Bacu ap\u00f3s o conflito de Nagorno-Karabakh, num contexto de avan\u00e7os fr\u00e1geis na normaliza\u00e7\u00e3o entre Arm\u00e9nia e Turquia.\" \/>\n<meta property=\"og:url\" content=\"https:\/\/portaltela.pt\/noticias\/2026\/04\/24\/armenia-assinala-111-o-aniversario-do-genocidio-armenio-em-erevan\/\" \/>\n<meta property=\"og:site_name\" content=\"Portal Tela Portugal\" \/>\n<meta property=\"article:published_time\" content=\"2026-04-24T06:33:01+00:00\" \/>\n<meta name=\"author\" content=\"Telinha\" \/>\n<meta name=\"twitter:card\" content=\"summary_large_image\" \/>\n<meta name=\"twitter:label1\" content=\"Escrito por\" \/>\n\t<meta name=\"twitter:data1\" content=\"Telinha\" \/>\n\t<meta name=\"twitter:label2\" content=\"Tempo estimado de leitura\" \/>\n\t<meta name=\"twitter:data2\" content=\"1 minuto\" \/>\n<script type=\"application\/ld+json\" class=\"yoast-schema-graph\">{\"@context\":\"https:\/\/schema.org\",\"@graph\":[{\"@type\":\"Article\",\"@id\":\"https:\/\/portaltela.pt\/noticias\/2026\/04\/24\/armenia-assinala-111-o-aniversario-do-genocidio-armenio-em-erevan\/#article\",\"isPartOf\":{\"@id\":\"https:\/\/portaltela.pt\/noticias\/2026\/04\/24\/armenia-assinala-111-o-aniversario-do-genocidio-armenio-em-erevan\/\"},\"author\":{\"name\":\"Telinha\",\"@id\":\"https:\/\/portaltela.pt\/#\/schema\/person\/c4278d4a6028830caff9ee44b42d32ed\"},\"headline\":\"Arm\u00e9nia assinala 111.\u00ba anivers\u00e1rio do genoc\u00eddio arm\u00e9nio em Erevan\",\"datePublished\":\"2026-04-24T06:33:01+00:00\",\"mainEntityOfPage\":{\"@id\":\"https:\/\/portaltela.pt\/noticias\/2026\/04\/24\/armenia-assinala-111-o-aniversario-do-genocidio-armenio-em-erevan\/\"},\"wordCount\":278,\"image\":{\"@id\":\"https:\/\/portaltela.pt\/noticias\/2026\/04\/24\/armenia-assinala-111-o-aniversario-do-genocidio-armenio-em-erevan\/#primaryimage\"},\"thumbnailUrl\":\"https:\/\/portaltela.pt\/s.01k8rhncp4jt1\/2026\/04\/1536x864_cmsv2_ab4eb761-fbbb-5ad0-a013-e2e976b7b303-9734196.jpg\",\"keywords\":[\"Arm\u00e9nia\",\"Azerbaij\u00e3o\",\"Londres\",\"mem\u00f3ria p\u00fablica\",\"Paris\",\"Turquia\"],\"articleSection\":[\"Geopol\u00edtica\",\"Not\u00edcias\"],\"inLanguage\":\"pt-PT\"},{\"@type\":\"WebPage\",\"@id\":\"https:\/\/portaltela.pt\/noticias\/2026\/04\/24\/armenia-assinala-111-o-aniversario-do-genocidio-armenio-em-erevan\/\",\"url\":\"https:\/\/portaltela.pt\/noticias\/2026\/04\/24\/armenia-assinala-111-o-aniversario-do-genocidio-armenio-em-erevan\/\",\"name\":\"Arm\u00e9nia assinala 111.\u00ba anivers\u00e1rio do genoc\u00eddio arm\u00e9nio em Erevan - Portal Tela Portugal\",\"isPartOf\":{\"@id\":\"https:\/\/portaltela.pt\/#website\"},\"primaryImageOfPage\":{\"@id\":\"https:\/\/portaltela.pt\/noticias\/2026\/04\/24\/armenia-assinala-111-o-aniversario-do-genocidio-armenio-em-erevan\/#primaryimage\"},\"image\":{\"@id\":\"https:\/\/portaltela.pt\/noticias\/2026\/04\/24\/armenia-assinala-111-o-aniversario-do-genocidio-armenio-em-erevan\/#primaryimage\"},\"thumbnailUrl\":\"https:\/\/portaltela.pt\/s.01k8rhncp4jt1\/2026\/04\/1536x864_cmsv2_ab4eb761-fbbb-5ad0-a013-e2e976b7b303-9734196.jpg\",\"datePublished\":\"2026-04-24T06:33:01+00:00\",\"author\":{\"@id\":\"https:\/\/portaltela.pt\/#\/schema\/person\/c4278d4a6028830caff9ee44b42d32ed\"},\"breadcrumb\":{\"@id\":\"https:\/\/portaltela.pt\/noticias\/2026\/04\/24\/armenia-assinala-111-o-aniversario-do-genocidio-armenio-em-erevan\/#breadcrumb\"},\"inLanguage\":\"pt-PT\",\"potentialAction\":[{\"@type\":\"ReadAction\",\"target\":[\"https:\/\/portaltela.pt\/noticias\/2026\/04\/24\/armenia-assinala-111-o-aniversario-do-genocidio-armenio-em-erevan\/\"]}]},{\"@type\":\"ImageObject\",\"inLanguage\":\"pt-PT\",\"@id\":\"https:\/\/portaltela.pt\/noticias\/2026\/04\/24\/armenia-assinala-111-o-aniversario-do-genocidio-armenio-em-erevan\/#primaryimage\",\"url\":\"https:\/\/portaltela.pt\/s.01k8rhncp4jt1\/2026\/04\/1536x864_cmsv2_ab4eb761-fbbb-5ad0-a013-e2e976b7b303-9734196.jpg\",\"contentUrl\":\"https:\/\/portaltela.pt\/s.01k8rhncp4jt1\/2026\/04\/1536x864_cmsv2_ab4eb761-fbbb-5ad0-a013-e2e976b7b303-9734196.jpg\",\"width\":796,\"height\":448,\"caption\":\"Arm\u00e9nios participam na marcha anual das tochas na v\u00e9spera do Dia de Recorda\u00e7\u00e3o do Genoc\u00eddio\"},{\"@type\":\"BreadcrumbList\",\"@id\":\"https:\/\/portaltela.pt\/noticias\/2026\/04\/24\/armenia-assinala-111-o-aniversario-do-genocidio-armenio-em-erevan\/#breadcrumb\",\"itemListElement\":[{\"@type\":\"ListItem\",\"position\":1,\"name\":\"In\u00edcio\",\"item\":\"https:\/\/portaltela.pt\/\"},{\"@type\":\"ListItem\",\"position\":2,\"name\":\"Arm\u00e9nia assinala 111.\u00ba anivers\u00e1rio do genoc\u00eddio arm\u00e9nio em Erevan\"}]},{\"@type\":\"WebSite\",\"@id\":\"https:\/\/portaltela.pt\/#website\",\"url\":\"https:\/\/portaltela.pt\/\",\"name\":\"Portal Tela Portugal\",\"description\":\"\",\"potentialAction\":[{\"@type\":\"SearchAction\",\"target\":{\"@type\":\"EntryPoint\",\"urlTemplate\":\"https:\/\/portaltela.pt\/?s={search_term_string}\"},\"query-input\":{\"@type\":\"PropertyValueSpecification\",\"valueRequired\":true,\"valueName\":\"search_term_string\"}}],\"inLanguage\":\"pt-PT\"},{\"@type\":\"Person\",\"@id\":\"https:\/\/portaltela.pt\/#\/schema\/person\/c4278d4a6028830caff9ee44b42d32ed\",\"name\":\"Telinha\",\"image\":{\"@type\":\"ImageObject\",\"inLanguage\":\"pt-PT\",\"@id\":\"https:\/\/portaltela.pt\/s.01k8rhncp4jt1\/2025\/11\/talking-bot-125x125.png\",\"url\":\"https:\/\/portaltela.pt\/s.01k8rhncp4jt1\/2025\/11\/talking-bot-125x125.png\",\"contentUrl\":\"https:\/\/portaltela.pt\/s.01k8rhncp4jt1\/2025\/11\/talking-bot-125x125.png\",\"caption\":\"Telinha\"},\"sameAs\":[\"https:\/\/portaltela.pt\/\"],\"url\":\"https:\/\/portaltela.pt\/por\/367410592786\/\"}]}<\/script>\n<!-- \/ Yoast SEO plugin. -->","yoast_head_json":{"title":"Arm\u00e9nia assinala 111.\u00ba anivers\u00e1rio do genoc\u00eddio arm\u00e9nio em Erevan - Portal Tela Portugal","robots":{"index":"index","follow":"follow","max-snippet":"max-snippet:-1","max-image-preview":"max-image-preview:large","max-video-preview":"max-video-preview:-1"},"og_locale":"pt_PT","og_type":"article","og_title":"Arm\u00e9nia assinala 111.\u00ba anivers\u00e1rio do genoc\u00eddio arm\u00e9nio em Erevan - Portal Tela Portugal","og_description":"Em 23 e 24 de abril de 2026, a Arm\u00e9nia celebrou o 111.\u00ba anivers\u00e1rio do genoc\u00eddio arm\u00e9nio em Erevan, com marchas e cerim\u00f3nias que reuniram milhares de pessoas. Uma marcha de tochas da Pra\u00e7a da Rep\u00fablica at\u00e9 ao memorial de Tsitsernakaberd prestou homenagem a cerca de 1,5 milh\u00f5es de arm\u00e9nios mortos em 1915, no Imp\u00e9rio Otomano. A evoca\u00e7\u00e3o mant\u00e9m-se como elemento central da identidade nacional e afeta as rela\u00e7\u00f5es com a Turquia, que nega o genoc\u00eddio, apesar do reconhecimento de mais de duas dezenas de pa\u00edses. No dia 23 de abril, houve deposi\u00e7\u00e3o de flores na chama eterna, com eventos paralelos na di\u00e1spora, incluindo Londres, Paris e Los Angeles; a marcha silenciosa foi liderada pela ala juvenil da Federa\u00e7\u00e3o Revolucion\u00e1ria Arm\u00e9nia. Manifestantes lan\u00e7aram cr\u00edticas \u00e0 posi\u00e7\u00e3o da Turquia e ao apoio de Ancara a Bacu ap\u00f3s o conflito de Nagorno-Karabakh, num contexto de avan\u00e7os fr\u00e1geis na normaliza\u00e7\u00e3o entre Arm\u00e9nia e Turquia.","og_url":"https:\/\/portaltela.pt\/noticias\/2026\/04\/24\/armenia-assinala-111-o-aniversario-do-genocidio-armenio-em-erevan\/","og_site_name":"Portal Tela Portugal","article_published_time":"2026-04-24T06:33:01+00:00","author":"Telinha","twitter_card":"summary_large_image","twitter_misc":{"Escrito por":"Telinha","Tempo estimado de leitura":"1 minuto"},"schema":{"@context":"https:\/\/schema.org","@graph":[{"@type":"Article","@id":"https:\/\/portaltela.pt\/noticias\/2026\/04\/24\/armenia-assinala-111-o-aniversario-do-genocidio-armenio-em-erevan\/#article","isPartOf":{"@id":"https:\/\/portaltela.pt\/noticias\/2026\/04\/24\/armenia-assinala-111-o-aniversario-do-genocidio-armenio-em-erevan\/"},"author":{"name":"Telinha","@id":"https:\/\/portaltela.pt\/#\/schema\/person\/c4278d4a6028830caff9ee44b42d32ed"},"headline":"Arm\u00e9nia assinala 111.\u00ba anivers\u00e1rio do genoc\u00eddio arm\u00e9nio em Erevan","datePublished":"2026-04-24T06:33:01+00:00","mainEntityOfPage":{"@id":"https:\/\/portaltela.pt\/noticias\/2026\/04\/24\/armenia-assinala-111-o-aniversario-do-genocidio-armenio-em-erevan\/"},"wordCount":278,"image":{"@id":"https:\/\/portaltela.pt\/noticias\/2026\/04\/24\/armenia-assinala-111-o-aniversario-do-genocidio-armenio-em-erevan\/#primaryimage"},"thumbnailUrl":"https:\/\/portaltela.pt\/s.01k8rhncp4jt1\/2026\/04\/1536x864_cmsv2_ab4eb761-fbbb-5ad0-a013-e2e976b7b303-9734196.jpg","keywords":["Arm\u00e9nia","Azerbaij\u00e3o","Londres","mem\u00f3ria p\u00fablica","Paris","Turquia"],"articleSection":["Geopol\u00edtica","Not\u00edcias"],"inLanguage":"pt-PT"},{"@type":"WebPage","@id":"https:\/\/portaltela.pt\/noticias\/2026\/04\/24\/armenia-assinala-111-o-aniversario-do-genocidio-armenio-em-erevan\/","url":"https:\/\/portaltela.pt\/noticias\/2026\/04\/24\/armenia-assinala-111-o-aniversario-do-genocidio-armenio-em-erevan\/","name":"Arm\u00e9nia assinala 111.\u00ba anivers\u00e1rio do genoc\u00eddio arm\u00e9nio em Erevan - Portal Tela Portugal","isPartOf":{"@id":"https:\/\/portaltela.pt\/#website"},"primaryImageOfPage":{"@id":"https:\/\/portaltela.pt\/noticias\/2026\/04\/24\/armenia-assinala-111-o-aniversario-do-genocidio-armenio-em-erevan\/#primaryimage"},"image":{"@id":"https:\/\/portaltela.pt\/noticias\/2026\/04\/24\/armenia-assinala-111-o-aniversario-do-genocidio-armenio-em-erevan\/#primaryimage"},"thumbnailUrl":"https:\/\/portaltela.pt\/s.01k8rhncp4jt1\/2026\/04\/1536x864_cmsv2_ab4eb761-fbbb-5ad0-a013-e2e976b7b303-9734196.jpg","datePublished":"2026-04-24T06:33:01+00:00","author":{"@id":"https:\/\/portaltela.pt\/#\/schema\/person\/c4278d4a6028830caff9ee44b42d32ed"},"breadcrumb":{"@id":"https:\/\/portaltela.pt\/noticias\/2026\/04\/24\/armenia-assinala-111-o-aniversario-do-genocidio-armenio-em-erevan\/#breadcrumb"},"inLanguage":"pt-PT","potentialAction":[{"@type":"ReadAction","target":["https:\/\/portaltela.pt\/noticias\/2026\/04\/24\/armenia-assinala-111-o-aniversario-do-genocidio-armenio-em-erevan\/"]}]},{"@type":"ImageObject","inLanguage":"pt-PT","@id":"https:\/\/portaltela.pt\/noticias\/2026\/04\/24\/armenia-assinala-111-o-aniversario-do-genocidio-armenio-em-erevan\/#primaryimage","url":"https:\/\/portaltela.pt\/s.01k8rhncp4jt1\/2026\/04\/1536x864_cmsv2_ab4eb761-fbbb-5ad0-a013-e2e976b7b303-9734196.jpg","contentUrl":"https:\/\/portaltela.pt\/s.01k8rhncp4jt1\/2026\/04\/1536x864_cmsv2_ab4eb761-fbbb-5ad0-a013-e2e976b7b303-9734196.jpg","width":796,"height":448,"caption":"Arm\u00e9nios participam na marcha anual das tochas na v\u00e9spera do Dia de Recorda\u00e7\u00e3o do Genoc\u00eddio"},{"@type":"BreadcrumbList","@id":"https:\/\/portaltela.pt\/noticias\/2026\/04\/24\/armenia-assinala-111-o-aniversario-do-genocidio-armenio-em-erevan\/#breadcrumb","itemListElement":[{"@type":"ListItem","position":1,"name":"In\u00edcio","item":"https:\/\/portaltela.pt\/"},{"@type":"ListItem","position":2,"name":"Arm\u00e9nia assinala 111.\u00ba anivers\u00e1rio do genoc\u00eddio arm\u00e9nio em Erevan"}]},{"@type":"WebSite","@id":"https:\/\/portaltela.pt\/#website","url":"https:\/\/portaltela.pt\/","name":"Portal Tela Portugal","description":"","potentialAction":[{"@type":"SearchAction","target":{"@type":"EntryPoint","urlTemplate":"https:\/\/portaltela.pt\/?s={search_term_string}"},"query-input":{"@type":"PropertyValueSpecification","valueRequired":true,"valueName":"search_term_string"}}],"inLanguage":"pt-PT"},{"@type":"Person","@id":"https:\/\/portaltela.pt\/#\/schema\/person\/c4278d4a6028830caff9ee44b42d32ed","name":"Telinha","image":{"@type":"ImageObject","inLanguage":"pt-PT","@id":"https:\/\/portaltela.pt\/s.01k8rhncp4jt1\/2025\/11\/talking-bot-125x125.png","url":"https:\/\/portaltela.pt\/s.01k8rhncp4jt1\/2025\/11\/talking-bot-125x125.png","contentUrl":"https:\/\/portaltela.pt\/s.01k8rhncp4jt1\/2025\/11\/talking-bot-125x125.png","caption":"Telinha"},"sameAs":["https:\/\/portaltela.pt\/"],"url":"https:\/\/portaltela.pt\/por\/367410592786\/"}]}},"_links":{"self":[{"href":"https:\/\/portaltela.pt\/api\/wp\/v2\/posts\/457081","targetHints":{"allow":["GET"]}}],"collection":[{"href":"https:\/\/portaltela.pt\/api\/wp\/v2\/posts"}],"about":[{"href":"https:\/\/portaltela.pt\/api\/wp\/v2\/types\/post"}],"author":[{"embeddable":true,"href":"https:\/\/portaltela.pt\/api\/wp\/v2\/users\/2"}],"replies":[{"embeddable":true,"href":"https:\/\/portaltela.pt\/api\/wp\/v2\/comments?post=457081"}],"version-history":[{"count":0,"href":"https:\/\/portaltela.pt\/api\/wp\/v2\/posts\/457081\/revisions"}],"wp:featuredmedia":[{"embeddable":true,"href":"https:\/\/portaltela.pt\/api\/wp\/v2\/media\/457092"}],"wp:attachment":[{"href":"https:\/\/portaltela.pt\/api\/wp\/v2\/media?parent=457081"}],"wp:term":[{"taxonomy":"category","embeddable":true,"href":"https:\/\/portaltela.pt\/api\/wp\/v2\/categories?post=457081"},{"taxonomy":"post_tag","embeddable":true,"href":"https:\/\/portaltela.pt\/api\/wp\/v2\/tags?post=457081"}],"curies":[{"name":"wp","href":"https:\/\/api.w.org\/{rel}","templated":true}]}}