{"id":457073,"date":"2026-04-24T03:32:55","date_gmt":"2026-04-24T06:32:55","guid":{"rendered":"https:\/\/portaltela.pt\/noticias\/2026\/04\/24\/ecologia-e-astrocapitalismo-impactos-ambientais-e-investimentos-no-espaco\/"},"modified":"2026-04-24T03:32:55","modified_gmt":"2026-04-24T06:32:55","slug":"ecologia-e-astrocapitalismo-impactos-ambientais-e-investimentos-no-espaco","status":"publish","type":"post","link":"https:\/\/portaltela.pt\/meio-ambiente\/2026\/04\/24\/ecologia-e-astrocapitalismo-impactos-ambientais-e-investimentos-no-espaco\/","title":{"rendered":"Ecologia e astrocapitalismo: impactos ambientais e investimentos no espa\u00e7o"},"content":{"rendered":"<p>Quatro astronautas da miss\u00e3o Artemis II contornaram a Lua e atingiram uma dist\u00e2ncia sem precedentes da Terra, sinalizando o regresso seguro \u00e0 \u00f3rbita terrestre. A opera\u00e7\u00e3o foi conduzida no \u00e2mbito de um teste de sistemas e trajet\u00f3rias para futuras miss\u00f5es de explora\u00e7\u00e3o.<\/p>\n<p>A viagem, realizada pela NASA, envolveu o conjunto de ve\u00edculos de comando e servi\u00e7os, com monitoriza\u00e7\u00e3o cont\u00ednua das condi\u00e7\u00f5es de voo. A miss\u00e3o proporcionou imagens e dados que refor\u00e7am o conhecimento sobre a \u00f3rbita lunar e as capacidades t\u00e9cnicas da equipa.<\/p>\n<p>A observa\u00e7\u00e3o da Terra a partir do espa\u00e7o foi um dos momentos mais marcantes, com os astronautas a descreverem a impressionante beleza do planeta. A experi\u00eancia gerou reflex\u00f5es sobre a nossa responsabilidade ambiental e a forma como a ci\u00eancia olha para o planeta.<\/p>\n<h3>Perspectivas e desdobramentos<\/h3>\n<p>A comunica\u00e7\u00e3o p\u00fablica da miss\u00e3o destacou a prote\u00e7\u00e3o da Terra como prioridade, sem indicar planos de coloniza\u00e7\u00e3o de outros corpos celestes. Especialistas analisam o desempenho da miss\u00e3o como importante para o desenvolvimento de tecnologias de voo e para o avan\u00e7o do programa lunar.<\/p>\n<p>A equipa envolvida continua em fase de an\u00e1lise de dados recebidos durante o percurso, com foco na melhoria de sistemas de navega\u00e7\u00e3o, propuls\u00e3o e suporte vital. Novos contactos com equipas de investiga\u00e7\u00e3o devem confirmar pr\u00f3ximos passos da Artemis II.<\/p>\n","protected":false},"excerpt":{"rendered":"<ul>\n<li>Quatro astronautas da miss\u00e3o Artemis II contornaram a Lua, atingindo uma dist\u00e2ncia da Terra nunca antes alcan\u00e7ada.<\/li>\n<li>A equipa descreveu a Terra, vista do espa\u00e7o, como uma beleza intensa e comovente.<\/li>\n<li>Durante o percurso, os astronautas entoaram hinos sobre a condi\u00e7\u00e3o terrestre.<\/li>\n<li>A passagem foi interpretada por alguns como associada a um pensamento geocentrista que contraria a revolu\u00e7\u00e3o copernicana.<\/li>\n<li>A reportagem aponta que o objetivo da miss\u00e3o \u00e9 proteger a Terra, n\u00e3o estabelecer a vida em outros planetas.<\/li>\n<\/ul>\n","protected":false},"author":2,"featured_media":457076,"comment_status":"closed","ping_status":"closed","sticky":false,"template":"","format":"standard","meta":{"footnotes":""},"categories":[6725],"tags":[7877,7186,1992,159,4756,153],"class_list":["post-457073","post","type-post","status-publish","format-standard","has-post-thumbnail","hentry","category-meio-ambiente","tag-astronautas","tag-astronomia","tag-ciencia","tag-investigacao-cientifica","tag-observacao-internacional","tag-tecnologia"],"yoast_head":"<!-- This site is optimized with the Yoast SEO plugin v27.2 - https:\/\/yoast.com\/product\/yoast-seo-wordpress\/ -->\n<title>Ecologia e astrocapitalismo: impactos ambientais e investimentos no espa\u00e7o - Portal Tela Portugal<\/title>\n<meta name=\"robots\" content=\"index, follow, max-snippet:-1, max-image-preview:large, max-video-preview:-1\" \/>\n<meta property=\"og:locale\" content=\"pt_PT\" \/>\n<meta property=\"og:type\" content=\"article\" \/>\n<meta property=\"og:title\" content=\"Ecologia e astrocapitalismo: impactos ambientais e investimentos no espa\u00e7o - Portal Tela Portugal\" \/>\n<meta property=\"og:description\" content=\"Quatro astronautas da miss\u00e3o Artemis II contornaram a Lua, atingindo uma dist\u00e2ncia da Terra nunca antes alcan\u00e7ada. A equipa descreveu a Terra, vista do espa\u00e7o, como uma beleza intensa e comovente. Durante o percurso, os astronautas entoaram hinos sobre a condi\u00e7\u00e3o terrestre. A passagem foi interpretada por alguns como associada a um pensamento geocentrista que contraria a revolu\u00e7\u00e3o copernicana. A reportagem aponta que o objetivo da miss\u00e3o \u00e9 proteger a Terra, n\u00e3o estabelecer a vida em outros planetas.\" \/>\n<meta property=\"og:url\" content=\"https:\/\/portaltela.pt\/noticias\/2026\/04\/24\/ecologia-e-astrocapitalismo-impactos-ambientais-e-investimentos-no-espaco\/\" \/>\n<meta property=\"og:site_name\" content=\"Portal Tela Portugal\" \/>\n<meta property=\"article:published_time\" content=\"2026-04-24T06:32:55+00:00\" \/>\n<meta name=\"author\" content=\"Telinha\" \/>\n<meta name=\"twitter:card\" content=\"summary_large_image\" \/>\n<meta name=\"twitter:label1\" content=\"Escrito por\" \/>\n\t<meta name=\"twitter:data1\" content=\"Telinha\" \/>\n\t<meta name=\"twitter:label2\" content=\"Tempo estimado de leitura\" \/>\n\t<meta name=\"twitter:data2\" content=\"1 minuto\" \/>\n<script type=\"application\/ld+json\" class=\"yoast-schema-graph\">{\"@context\":\"https:\/\/schema.org\",\"@graph\":[{\"@type\":\"Article\",\"@id\":\"https:\/\/portaltela.pt\/noticias\/2026\/04\/24\/ecologia-e-astrocapitalismo-impactos-ambientais-e-investimentos-no-espaco\/#article\",\"isPartOf\":{\"@id\":\"https:\/\/portaltela.pt\/noticias\/2026\/04\/24\/ecologia-e-astrocapitalismo-impactos-ambientais-e-investimentos-no-espaco\/\"},\"author\":{\"name\":\"Telinha\",\"@id\":\"https:\/\/portaltela.pt\/#\/schema\/person\/c4278d4a6028830caff9ee44b42d32ed\"},\"headline\":\"Ecologia e astrocapitalismo: impactos ambientais e investimentos no espa\u00e7o\",\"datePublished\":\"2026-04-24T06:32:55+00:00\",\"mainEntityOfPage\":{\"@id\":\"https:\/\/portaltela.pt\/noticias\/2026\/04\/24\/ecologia-e-astrocapitalismo-impactos-ambientais-e-investimentos-no-espaco\/\"},\"wordCount\":251,\"image\":{\"@id\":\"https:\/\/portaltela.pt\/noticias\/2026\/04\/24\/ecologia-e-astrocapitalismo-impactos-ambientais-e-investimentos-no-espaco\/#primaryimage\"},\"thumbnailUrl\":\"https:\/\/portaltela.pt\/s.01k8rhncp4jt1\/2026\/04\/tpUHdbIMAGENStypeJPGshare1oBarraFacebook_Ipsilon-8.jpg\",\"keywords\":[\"astronautas\",\"astronomia\",\"ci\u00eancia\",\"investiga\u00e7\u00e3o cient\u00edfica\",\"observa\u00e7\u00e3o internacional\",\"tecnologia\"],\"articleSection\":[\"Meio Ambiente\"],\"inLanguage\":\"pt-PT\"},{\"@type\":\"WebPage\",\"@id\":\"https:\/\/portaltela.pt\/noticias\/2026\/04\/24\/ecologia-e-astrocapitalismo-impactos-ambientais-e-investimentos-no-espaco\/\",\"url\":\"https:\/\/portaltela.pt\/noticias\/2026\/04\/24\/ecologia-e-astrocapitalismo-impactos-ambientais-e-investimentos-no-espaco\/\",\"name\":\"Ecologia e astrocapitalismo: impactos ambientais e investimentos no espa\u00e7o - Portal Tela Portugal\",\"isPartOf\":{\"@id\":\"https:\/\/portaltela.pt\/#website\"},\"primaryImageOfPage\":{\"@id\":\"https:\/\/portaltela.pt\/noticias\/2026\/04\/24\/ecologia-e-astrocapitalismo-impactos-ambientais-e-investimentos-no-espaco\/#primaryimage\"},\"image\":{\"@id\":\"https:\/\/portaltela.pt\/noticias\/2026\/04\/24\/ecologia-e-astrocapitalismo-impactos-ambientais-e-investimentos-no-espaco\/#primaryimage\"},\"thumbnailUrl\":\"https:\/\/portaltela.pt\/s.01k8rhncp4jt1\/2026\/04\/tpUHdbIMAGENStypeJPGshare1oBarraFacebook_Ipsilon-8.jpg\",\"datePublished\":\"2026-04-24T06:32:55+00:00\",\"author\":{\"@id\":\"https:\/\/portaltela.pt\/#\/schema\/person\/c4278d4a6028830caff9ee44b42d32ed\"},\"breadcrumb\":{\"@id\":\"https:\/\/portaltela.pt\/noticias\/2026\/04\/24\/ecologia-e-astrocapitalismo-impactos-ambientais-e-investimentos-no-espaco\/#breadcrumb\"},\"inLanguage\":\"pt-PT\",\"potentialAction\":[{\"@type\":\"ReadAction\",\"target\":[\"https:\/\/portaltela.pt\/noticias\/2026\/04\/24\/ecologia-e-astrocapitalismo-impactos-ambientais-e-investimentos-no-espaco\/\"]}]},{\"@type\":\"ImageObject\",\"inLanguage\":\"pt-PT\",\"@id\":\"https:\/\/portaltela.pt\/noticias\/2026\/04\/24\/ecologia-e-astrocapitalismo-impactos-ambientais-e-investimentos-no-espaco\/#primaryimage\",\"url\":\"https:\/\/portaltela.pt\/s.01k8rhncp4jt1\/2026\/04\/tpUHdbIMAGENStypeJPGshare1oBarraFacebook_Ipsilon-8.jpg\",\"contentUrl\":\"https:\/\/portaltela.pt\/s.01k8rhncp4jt1\/2026\/04\/tpUHdbIMAGENStypeJPGshare1oBarraFacebook_Ipsilon-8.jpg\",\"width\":1200,\"height\":630,\"caption\":\"Jeff Bezos, \u00e0 direita, no regresso ao solo terrestre, ap\u00f3s um voo na New Shepard, da sua empresa Blue Origin, em Julho de 2021\"},{\"@type\":\"BreadcrumbList\",\"@id\":\"https:\/\/portaltela.pt\/noticias\/2026\/04\/24\/ecologia-e-astrocapitalismo-impactos-ambientais-e-investimentos-no-espaco\/#breadcrumb\",\"itemListElement\":[{\"@type\":\"ListItem\",\"position\":1,\"name\":\"In\u00edcio\",\"item\":\"https:\/\/portaltela.pt\/\"},{\"@type\":\"ListItem\",\"position\":2,\"name\":\"Ecologia e astrocapitalismo: impactos ambientais e investimentos no espa\u00e7o\"}]},{\"@type\":\"WebSite\",\"@id\":\"https:\/\/portaltela.pt\/#website\",\"url\":\"https:\/\/portaltela.pt\/\",\"name\":\"Portal Tela Portugal\",\"description\":\"\",\"potentialAction\":[{\"@type\":\"SearchAction\",\"target\":{\"@type\":\"EntryPoint\",\"urlTemplate\":\"https:\/\/portaltela.pt\/?s={search_term_string}\"},\"query-input\":{\"@type\":\"PropertyValueSpecification\",\"valueRequired\":true,\"valueName\":\"search_term_string\"}}],\"inLanguage\":\"pt-PT\"},{\"@type\":\"Person\",\"@id\":\"https:\/\/portaltela.pt\/#\/schema\/person\/c4278d4a6028830caff9ee44b42d32ed\",\"name\":\"Telinha\",\"image\":{\"@type\":\"ImageObject\",\"inLanguage\":\"pt-PT\",\"@id\":\"https:\/\/portaltela.pt\/s.01k8rhncp4jt1\/2025\/11\/talking-bot-125x125.png\",\"url\":\"https:\/\/portaltela.pt\/s.01k8rhncp4jt1\/2025\/11\/talking-bot-125x125.png\",\"contentUrl\":\"https:\/\/portaltela.pt\/s.01k8rhncp4jt1\/2025\/11\/talking-bot-125x125.png\",\"caption\":\"Telinha\"},\"sameAs\":[\"https:\/\/portaltela.pt\/\"],\"url\":\"https:\/\/portaltela.pt\/por\/367410592786\/\"}]}<\/script>\n<!-- \/ Yoast SEO plugin. -->","yoast_head_json":{"title":"Ecologia e astrocapitalismo: impactos ambientais e investimentos no espa\u00e7o - Portal Tela Portugal","robots":{"index":"index","follow":"follow","max-snippet":"max-snippet:-1","max-image-preview":"max-image-preview:large","max-video-preview":"max-video-preview:-1"},"og_locale":"pt_PT","og_type":"article","og_title":"Ecologia e astrocapitalismo: impactos ambientais e investimentos no espa\u00e7o - Portal Tela Portugal","og_description":"Quatro astronautas da miss\u00e3o Artemis II contornaram a Lua, atingindo uma dist\u00e2ncia da Terra nunca antes alcan\u00e7ada. A equipa descreveu a Terra, vista do espa\u00e7o, como uma beleza intensa e comovente. Durante o percurso, os astronautas entoaram hinos sobre a condi\u00e7\u00e3o terrestre. A passagem foi interpretada por alguns como associada a um pensamento geocentrista que contraria a revolu\u00e7\u00e3o copernicana. A reportagem aponta que o objetivo da miss\u00e3o \u00e9 proteger a Terra, n\u00e3o estabelecer a vida em outros planetas.","og_url":"https:\/\/portaltela.pt\/noticias\/2026\/04\/24\/ecologia-e-astrocapitalismo-impactos-ambientais-e-investimentos-no-espaco\/","og_site_name":"Portal Tela Portugal","article_published_time":"2026-04-24T06:32:55+00:00","author":"Telinha","twitter_card":"summary_large_image","twitter_misc":{"Escrito por":"Telinha","Tempo estimado de leitura":"1 minuto"},"schema":{"@context":"https:\/\/schema.org","@graph":[{"@type":"Article","@id":"https:\/\/portaltela.pt\/noticias\/2026\/04\/24\/ecologia-e-astrocapitalismo-impactos-ambientais-e-investimentos-no-espaco\/#article","isPartOf":{"@id":"https:\/\/portaltela.pt\/noticias\/2026\/04\/24\/ecologia-e-astrocapitalismo-impactos-ambientais-e-investimentos-no-espaco\/"},"author":{"name":"Telinha","@id":"https:\/\/portaltela.pt\/#\/schema\/person\/c4278d4a6028830caff9ee44b42d32ed"},"headline":"Ecologia e astrocapitalismo: impactos ambientais e investimentos no espa\u00e7o","datePublished":"2026-04-24T06:32:55+00:00","mainEntityOfPage":{"@id":"https:\/\/portaltela.pt\/noticias\/2026\/04\/24\/ecologia-e-astrocapitalismo-impactos-ambientais-e-investimentos-no-espaco\/"},"wordCount":251,"image":{"@id":"https:\/\/portaltela.pt\/noticias\/2026\/04\/24\/ecologia-e-astrocapitalismo-impactos-ambientais-e-investimentos-no-espaco\/#primaryimage"},"thumbnailUrl":"https:\/\/portaltela.pt\/s.01k8rhncp4jt1\/2026\/04\/tpUHdbIMAGENStypeJPGshare1oBarraFacebook_Ipsilon-8.jpg","keywords":["astronautas","astronomia","ci\u00eancia","investiga\u00e7\u00e3o cient\u00edfica","observa\u00e7\u00e3o internacional","tecnologia"],"articleSection":["Meio Ambiente"],"inLanguage":"pt-PT"},{"@type":"WebPage","@id":"https:\/\/portaltela.pt\/noticias\/2026\/04\/24\/ecologia-e-astrocapitalismo-impactos-ambientais-e-investimentos-no-espaco\/","url":"https:\/\/portaltela.pt\/noticias\/2026\/04\/24\/ecologia-e-astrocapitalismo-impactos-ambientais-e-investimentos-no-espaco\/","name":"Ecologia e astrocapitalismo: impactos ambientais e investimentos no espa\u00e7o - Portal Tela Portugal","isPartOf":{"@id":"https:\/\/portaltela.pt\/#website"},"primaryImageOfPage":{"@id":"https:\/\/portaltela.pt\/noticias\/2026\/04\/24\/ecologia-e-astrocapitalismo-impactos-ambientais-e-investimentos-no-espaco\/#primaryimage"},"image":{"@id":"https:\/\/portaltela.pt\/noticias\/2026\/04\/24\/ecologia-e-astrocapitalismo-impactos-ambientais-e-investimentos-no-espaco\/#primaryimage"},"thumbnailUrl":"https:\/\/portaltela.pt\/s.01k8rhncp4jt1\/2026\/04\/tpUHdbIMAGENStypeJPGshare1oBarraFacebook_Ipsilon-8.jpg","datePublished":"2026-04-24T06:32:55+00:00","author":{"@id":"https:\/\/portaltela.pt\/#\/schema\/person\/c4278d4a6028830caff9ee44b42d32ed"},"breadcrumb":{"@id":"https:\/\/portaltela.pt\/noticias\/2026\/04\/24\/ecologia-e-astrocapitalismo-impactos-ambientais-e-investimentos-no-espaco\/#breadcrumb"},"inLanguage":"pt-PT","potentialAction":[{"@type":"ReadAction","target":["https:\/\/portaltela.pt\/noticias\/2026\/04\/24\/ecologia-e-astrocapitalismo-impactos-ambientais-e-investimentos-no-espaco\/"]}]},{"@type":"ImageObject","inLanguage":"pt-PT","@id":"https:\/\/portaltela.pt\/noticias\/2026\/04\/24\/ecologia-e-astrocapitalismo-impactos-ambientais-e-investimentos-no-espaco\/#primaryimage","url":"https:\/\/portaltela.pt\/s.01k8rhncp4jt1\/2026\/04\/tpUHdbIMAGENStypeJPGshare1oBarraFacebook_Ipsilon-8.jpg","contentUrl":"https:\/\/portaltela.pt\/s.01k8rhncp4jt1\/2026\/04\/tpUHdbIMAGENStypeJPGshare1oBarraFacebook_Ipsilon-8.jpg","width":1200,"height":630,"caption":"Jeff Bezos, \u00e0 direita, no regresso ao solo terrestre, ap\u00f3s um voo na New Shepard, da sua empresa Blue Origin, em Julho de 2021"},{"@type":"BreadcrumbList","@id":"https:\/\/portaltela.pt\/noticias\/2026\/04\/24\/ecologia-e-astrocapitalismo-impactos-ambientais-e-investimentos-no-espaco\/#breadcrumb","itemListElement":[{"@type":"ListItem","position":1,"name":"In\u00edcio","item":"https:\/\/portaltela.pt\/"},{"@type":"ListItem","position":2,"name":"Ecologia e astrocapitalismo: impactos ambientais e investimentos no espa\u00e7o"}]},{"@type":"WebSite","@id":"https:\/\/portaltela.pt\/#website","url":"https:\/\/portaltela.pt\/","name":"Portal Tela Portugal","description":"","potentialAction":[{"@type":"SearchAction","target":{"@type":"EntryPoint","urlTemplate":"https:\/\/portaltela.pt\/?s={search_term_string}"},"query-input":{"@type":"PropertyValueSpecification","valueRequired":true,"valueName":"search_term_string"}}],"inLanguage":"pt-PT"},{"@type":"Person","@id":"https:\/\/portaltela.pt\/#\/schema\/person\/c4278d4a6028830caff9ee44b42d32ed","name":"Telinha","image":{"@type":"ImageObject","inLanguage":"pt-PT","@id":"https:\/\/portaltela.pt\/s.01k8rhncp4jt1\/2025\/11\/talking-bot-125x125.png","url":"https:\/\/portaltela.pt\/s.01k8rhncp4jt1\/2025\/11\/talking-bot-125x125.png","contentUrl":"https:\/\/portaltela.pt\/s.01k8rhncp4jt1\/2025\/11\/talking-bot-125x125.png","caption":"Telinha"},"sameAs":["https:\/\/portaltela.pt\/"],"url":"https:\/\/portaltela.pt\/por\/367410592786\/"}]}},"_links":{"self":[{"href":"https:\/\/portaltela.pt\/api\/wp\/v2\/posts\/457073","targetHints":{"allow":["GET"]}}],"collection":[{"href":"https:\/\/portaltela.pt\/api\/wp\/v2\/posts"}],"about":[{"href":"https:\/\/portaltela.pt\/api\/wp\/v2\/types\/post"}],"author":[{"embeddable":true,"href":"https:\/\/portaltela.pt\/api\/wp\/v2\/users\/2"}],"replies":[{"embeddable":true,"href":"https:\/\/portaltela.pt\/api\/wp\/v2\/comments?post=457073"}],"version-history":[{"count":0,"href":"https:\/\/portaltela.pt\/api\/wp\/v2\/posts\/457073\/revisions"}],"wp:featuredmedia":[{"embeddable":true,"href":"https:\/\/portaltela.pt\/api\/wp\/v2\/media\/457076"}],"wp:attachment":[{"href":"https:\/\/portaltela.pt\/api\/wp\/v2\/media?parent=457073"}],"wp:term":[{"taxonomy":"category","embeddable":true,"href":"https:\/\/portaltela.pt\/api\/wp\/v2\/categories?post=457073"},{"taxonomy":"post_tag","embeddable":true,"href":"https:\/\/portaltela.pt\/api\/wp\/v2\/tags?post=457073"}],"curies":[{"name":"wp","href":"https:\/\/api.w.org\/{rel}","templated":true}]}}