{"id":457070,"date":"2026-04-24T03:32:52","date_gmt":"2026-04-24T06:32:52","guid":{"rendered":"https:\/\/portaltela.pt\/noticias\/2026\/04\/24\/tanto-mar-de-helena-sarmento-chega-ao-porto-em-abril-apos-a-america-do-sul\/"},"modified":"2026-04-24T03:32:52","modified_gmt":"2026-04-24T06:32:52","slug":"tanto-mar-de-helena-sarmento-chega-ao-porto-em-abril-apos-a-america-do-sul","status":"publish","type":"post","link":"https:\/\/portaltela.pt\/musica\/2026\/04\/24\/tanto-mar-de-helena-sarmento-chega-ao-porto-em-abril-apos-a-america-do-sul\/","title":{"rendered":"Tanto Mar, de Helena Sarmento, chega ao Porto em Abril, ap\u00f3s a Am\u00e9rica do Sul"},"content":{"rendered":"<p>Depois de uma digress\u00e3o sul-americana com 16 concertos, o projeto Tanto Mar, de Helena Sarmento, regressa a Portugal para dois espet\u00e1culos. O primeiro ser\u00e1 nesta sexta-feira, 24 de abril, no Teatro Helena S\u00e1 e Costa, no Porto, \u00e0s 21h. O segundo ocorre a 21 de maio, no Teatro Independente de Oeiras, \u00e0s 21h30.<\/p>\n<p>O espet\u00e1culo surge a partir do \u00e1lbum lan\u00e7ado em julho de 2024, que resultou numa tourn\u00e9e por Brasil, Argentina e Uruguai. A digress\u00e3o sul-americana contou com 10 cidades, em quatro pa\u00edses, antes de chegar novamente a Portugal.<\/p>\n<p><strong>Tanto Mar<\/strong> \u00e9 uma viagem entre fado e tradi\u00e7\u00e3o brasileira, marcada pela poesia como b\u00fassola. O t\u00edtulo remete \u00e0 can\u00e7\u00e3o de Chico Buarque de 1975, escrita em pleno contexto da ditadura portuguesa, ainda que gravada em Portugal.<\/p>\n<p>Para a apresenta\u00e7\u00e3o, al\u00e9m de Helena Sarmento (voz e conce\u00e7\u00e3o art\u00edstica), sobem ao palco Lucas de Campos (viol\u00e3o e dire\u00e7\u00e3o musical), Jo\u00e3o Martins (guitarra portuguesa), Filipe Teixeira (contrabaixo) e H\u00e9lvio Mendes (percuss\u00e3o). Integram a equipa Anahi Nogueira, Joana Rodrigues e as diseuses Francisca Camelo e Nina Wirtti. A dire\u00e7\u00e3o de palco \u00e9 de Daniel Andrade.<\/p>\n<h3>Detalhes da digress\u00e3o<\/h3>\n<p>Durante a tourn\u00e9e sul-americana, o elenco contou ainda com a participa\u00e7\u00e3o de convidados e de uma equipa criativa variada, mantendo o foco na fus\u00e3o de tradi\u00e7\u00f5es musicais ib\u00e9ricas e latino-americanas. O alinhamento do espet\u00e1culo combina temas originais com refer\u00eancias de Chico Buarque, Orestes Barbosa, S\u00edlvio Caldas e Cec\u00edlia Meireles.<\/p>\n","protected":false},"excerpt":{"rendered":"<ul>\n<li>Depois de 16 concertos em 10 cidades de Brasil, Argentina e Uruguai, o projeto Tanto Mar regressa a Portugal para dois espet\u00e1culos.<\/li>\n<li>O espet\u00e1culo, baseado no \u00e1lbum lan\u00e7ado em julho de 2024, chega ao Porto nesta sexta-feira, 24 de abril, no Teatro Helena S\u00e1 e Costa, \u00e0s 21h.<\/li>\n<li>Segue-se uma apresenta\u00e7\u00e3o em Oeiras, no Teatro Independente, no dia 21 de maio, \u00e0s 21h30.<\/li>\n<li>Tanto Mar junta fado e m\u00fasica tradicional brasileira, inspirado na can\u00e7\u00e3o Tanto Mar de Chico Buarque de 1975, escrita em mem\u00f3ria ao 25 de abril.<\/li>\n<li>O elenco inclui Helena Sarmento (voz e conce\u00e7\u00e3o), m\u00fasicos e bailarinos, sob dire\u00e7\u00e3o de Daniel Andrade.<\/li>\n<\/ul>\n","protected":false},"author":2,"featured_media":457075,"comment_status":"closed","ping_status":"closed","sticky":false,"template":"","format":"standard","meta":{"footnotes":""},"categories":[6676],"tags":[2732,2547,593,122,982,7520],"class_list":["post-457070","post","type-post","status-publish","format-standard","has-post-thumbnail","hentry","category-musica","tag-argentina","tag-brasil","tag-concertos","tag-musica","tag-porto","tag-uruguai"],"yoast_head":"<!-- This site is optimized with the Yoast SEO plugin v27.2 - https:\/\/yoast.com\/product\/yoast-seo-wordpress\/ -->\n<title>Tanto Mar, de Helena Sarmento, chega ao Porto em Abril, ap\u00f3s a Am\u00e9rica do Sul - Portal Tela Portugal<\/title>\n<meta name=\"robots\" content=\"index, follow, max-snippet:-1, max-image-preview:large, max-video-preview:-1\" \/>\n<meta property=\"og:locale\" content=\"pt_PT\" \/>\n<meta property=\"og:type\" content=\"article\" \/>\n<meta property=\"og:title\" content=\"Tanto Mar, de Helena Sarmento, chega ao Porto em Abril, ap\u00f3s a Am\u00e9rica do Sul - Portal Tela Portugal\" \/>\n<meta property=\"og:description\" content=\"Depois de 16 concertos em 10 cidades de Brasil, Argentina e Uruguai, o projeto Tanto Mar regressa a Portugal para dois espet\u00e1culos. O espet\u00e1culo, baseado no \u00e1lbum lan\u00e7ado em julho de 2024, chega ao Porto nesta sexta-feira, 24 de abril, no Teatro Helena S\u00e1 e Costa, \u00e0s 21h. Segue-se uma apresenta\u00e7\u00e3o em Oeiras, no Teatro Independente, no dia 21 de maio, \u00e0s 21h30. Tanto Mar junta fado e m\u00fasica tradicional brasileira, inspirado na can\u00e7\u00e3o Tanto Mar de Chico Buarque de 1975, escrita em mem\u00f3ria ao 25 de abril. O elenco inclui Helena Sarmento (voz e conce\u00e7\u00e3o), m\u00fasicos e bailarinos, sob dire\u00e7\u00e3o de Daniel Andrade.\" \/>\n<meta property=\"og:url\" content=\"https:\/\/portaltela.pt\/noticias\/2026\/04\/24\/tanto-mar-de-helena-sarmento-chega-ao-porto-em-abril-apos-a-america-do-sul\/\" \/>\n<meta property=\"og:site_name\" content=\"Portal Tela Portugal\" \/>\n<meta property=\"article:published_time\" content=\"2026-04-24T06:32:52+00:00\" \/>\n<meta name=\"author\" content=\"Telinha\" \/>\n<meta name=\"twitter:card\" content=\"summary_large_image\" \/>\n<meta name=\"twitter:label1\" content=\"Escrito por\" \/>\n\t<meta name=\"twitter:data1\" content=\"Telinha\" \/>\n\t<meta name=\"twitter:label2\" content=\"Tempo estimado de leitura\" \/>\n\t<meta name=\"twitter:data2\" content=\"1 minuto\" \/>\n<script type=\"application\/ld+json\" class=\"yoast-schema-graph\">{\"@context\":\"https:\/\/schema.org\",\"@graph\":[{\"@type\":\"Article\",\"@id\":\"https:\/\/portaltela.pt\/noticias\/2026\/04\/24\/tanto-mar-de-helena-sarmento-chega-ao-porto-em-abril-apos-a-america-do-sul\/#article\",\"isPartOf\":{\"@id\":\"https:\/\/portaltela.pt\/noticias\/2026\/04\/24\/tanto-mar-de-helena-sarmento-chega-ao-porto-em-abril-apos-a-america-do-sul\/\"},\"author\":{\"name\":\"Telinha\",\"@id\":\"https:\/\/portaltela.pt\/#\/schema\/person\/c4278d4a6028830caff9ee44b42d32ed\"},\"headline\":\"Tanto Mar, de Helena Sarmento, chega ao Porto em Abril, ap\u00f3s a Am\u00e9rica do Sul\",\"datePublished\":\"2026-04-24T06:32:52+00:00\",\"mainEntityOfPage\":{\"@id\":\"https:\/\/portaltela.pt\/noticias\/2026\/04\/24\/tanto-mar-de-helena-sarmento-chega-ao-porto-em-abril-apos-a-america-do-sul\/\"},\"wordCount\":273,\"image\":{\"@id\":\"https:\/\/portaltela.pt\/noticias\/2026\/04\/24\/tanto-mar-de-helena-sarmento-chega-ao-porto-em-abril-apos-a-america-do-sul\/#primaryimage\"},\"thumbnailUrl\":\"https:\/\/portaltela.pt\/s.01k8rhncp4jt1\/2026\/04\/2083667.jpg\",\"keywords\":[\"Argentina\",\"Brasil\",\"concertos\",\"m\u00fasica\",\"Porto\",\"Uruguai\"],\"articleSection\":[\"M\u00fasica\"],\"inLanguage\":\"pt-PT\"},{\"@type\":\"WebPage\",\"@id\":\"https:\/\/portaltela.pt\/noticias\/2026\/04\/24\/tanto-mar-de-helena-sarmento-chega-ao-porto-em-abril-apos-a-america-do-sul\/\",\"url\":\"https:\/\/portaltela.pt\/noticias\/2026\/04\/24\/tanto-mar-de-helena-sarmento-chega-ao-porto-em-abril-apos-a-america-do-sul\/\",\"name\":\"Tanto Mar, de Helena Sarmento, chega ao Porto em Abril, ap\u00f3s a Am\u00e9rica do Sul - Portal Tela Portugal\",\"isPartOf\":{\"@id\":\"https:\/\/portaltela.pt\/#website\"},\"primaryImageOfPage\":{\"@id\":\"https:\/\/portaltela.pt\/noticias\/2026\/04\/24\/tanto-mar-de-helena-sarmento-chega-ao-porto-em-abril-apos-a-america-do-sul\/#primaryimage\"},\"image\":{\"@id\":\"https:\/\/portaltela.pt\/noticias\/2026\/04\/24\/tanto-mar-de-helena-sarmento-chega-ao-porto-em-abril-apos-a-america-do-sul\/#primaryimage\"},\"thumbnailUrl\":\"https:\/\/portaltela.pt\/s.01k8rhncp4jt1\/2026\/04\/2083667.jpg\",\"datePublished\":\"2026-04-24T06:32:52+00:00\",\"author\":{\"@id\":\"https:\/\/portaltela.pt\/#\/schema\/person\/c4278d4a6028830caff9ee44b42d32ed\"},\"breadcrumb\":{\"@id\":\"https:\/\/portaltela.pt\/noticias\/2026\/04\/24\/tanto-mar-de-helena-sarmento-chega-ao-porto-em-abril-apos-a-america-do-sul\/#breadcrumb\"},\"inLanguage\":\"pt-PT\",\"potentialAction\":[{\"@type\":\"ReadAction\",\"target\":[\"https:\/\/portaltela.pt\/noticias\/2026\/04\/24\/tanto-mar-de-helena-sarmento-chega-ao-porto-em-abril-apos-a-america-do-sul\/\"]}]},{\"@type\":\"ImageObject\",\"inLanguage\":\"pt-PT\",\"@id\":\"https:\/\/portaltela.pt\/noticias\/2026\/04\/24\/tanto-mar-de-helena-sarmento-chega-ao-porto-em-abril-apos-a-america-do-sul\/#primaryimage\",\"url\":\"https:\/\/portaltela.pt\/s.01k8rhncp4jt1\/2026\/04\/2083667.jpg\",\"contentUrl\":\"https:\/\/portaltela.pt\/s.01k8rhncp4jt1\/2026\/04\/2083667.jpg\",\"width\":796,\"height\":448,\"caption\":\"Helena Sarmento em *Tanto Mar*\"},{\"@type\":\"BreadcrumbList\",\"@id\":\"https:\/\/portaltela.pt\/noticias\/2026\/04\/24\/tanto-mar-de-helena-sarmento-chega-ao-porto-em-abril-apos-a-america-do-sul\/#breadcrumb\",\"itemListElement\":[{\"@type\":\"ListItem\",\"position\":1,\"name\":\"In\u00edcio\",\"item\":\"https:\/\/portaltela.pt\/\"},{\"@type\":\"ListItem\",\"position\":2,\"name\":\"Tanto Mar, de Helena Sarmento, chega ao Porto em Abril, ap\u00f3s a Am\u00e9rica do Sul\"}]},{\"@type\":\"WebSite\",\"@id\":\"https:\/\/portaltela.pt\/#website\",\"url\":\"https:\/\/portaltela.pt\/\",\"name\":\"Portal Tela Portugal\",\"description\":\"\",\"potentialAction\":[{\"@type\":\"SearchAction\",\"target\":{\"@type\":\"EntryPoint\",\"urlTemplate\":\"https:\/\/portaltela.pt\/?s={search_term_string}\"},\"query-input\":{\"@type\":\"PropertyValueSpecification\",\"valueRequired\":true,\"valueName\":\"search_term_string\"}}],\"inLanguage\":\"pt-PT\"},{\"@type\":\"Person\",\"@id\":\"https:\/\/portaltela.pt\/#\/schema\/person\/c4278d4a6028830caff9ee44b42d32ed\",\"name\":\"Telinha\",\"image\":{\"@type\":\"ImageObject\",\"inLanguage\":\"pt-PT\",\"@id\":\"https:\/\/portaltela.pt\/s.01k8rhncp4jt1\/2025\/11\/talking-bot-125x125.png\",\"url\":\"https:\/\/portaltela.pt\/s.01k8rhncp4jt1\/2025\/11\/talking-bot-125x125.png\",\"contentUrl\":\"https:\/\/portaltela.pt\/s.01k8rhncp4jt1\/2025\/11\/talking-bot-125x125.png\",\"caption\":\"Telinha\"},\"sameAs\":[\"https:\/\/portaltela.pt\/\"],\"url\":\"https:\/\/portaltela.pt\/por\/367410592786\/\"}]}<\/script>\n<!-- \/ Yoast SEO plugin. -->","yoast_head_json":{"title":"Tanto Mar, de Helena Sarmento, chega ao Porto em Abril, ap\u00f3s a Am\u00e9rica do Sul - Portal Tela Portugal","robots":{"index":"index","follow":"follow","max-snippet":"max-snippet:-1","max-image-preview":"max-image-preview:large","max-video-preview":"max-video-preview:-1"},"og_locale":"pt_PT","og_type":"article","og_title":"Tanto Mar, de Helena Sarmento, chega ao Porto em Abril, ap\u00f3s a Am\u00e9rica do Sul - Portal Tela Portugal","og_description":"Depois de 16 concertos em 10 cidades de Brasil, Argentina e Uruguai, o projeto Tanto Mar regressa a Portugal para dois espet\u00e1culos. O espet\u00e1culo, baseado no \u00e1lbum lan\u00e7ado em julho de 2024, chega ao Porto nesta sexta-feira, 24 de abril, no Teatro Helena S\u00e1 e Costa, \u00e0s 21h. Segue-se uma apresenta\u00e7\u00e3o em Oeiras, no Teatro Independente, no dia 21 de maio, \u00e0s 21h30. Tanto Mar junta fado e m\u00fasica tradicional brasileira, inspirado na can\u00e7\u00e3o Tanto Mar de Chico Buarque de 1975, escrita em mem\u00f3ria ao 25 de abril. O elenco inclui Helena Sarmento (voz e conce\u00e7\u00e3o), m\u00fasicos e bailarinos, sob dire\u00e7\u00e3o de Daniel Andrade.","og_url":"https:\/\/portaltela.pt\/noticias\/2026\/04\/24\/tanto-mar-de-helena-sarmento-chega-ao-porto-em-abril-apos-a-america-do-sul\/","og_site_name":"Portal Tela Portugal","article_published_time":"2026-04-24T06:32:52+00:00","author":"Telinha","twitter_card":"summary_large_image","twitter_misc":{"Escrito por":"Telinha","Tempo estimado de leitura":"1 minuto"},"schema":{"@context":"https:\/\/schema.org","@graph":[{"@type":"Article","@id":"https:\/\/portaltela.pt\/noticias\/2026\/04\/24\/tanto-mar-de-helena-sarmento-chega-ao-porto-em-abril-apos-a-america-do-sul\/#article","isPartOf":{"@id":"https:\/\/portaltela.pt\/noticias\/2026\/04\/24\/tanto-mar-de-helena-sarmento-chega-ao-porto-em-abril-apos-a-america-do-sul\/"},"author":{"name":"Telinha","@id":"https:\/\/portaltela.pt\/#\/schema\/person\/c4278d4a6028830caff9ee44b42d32ed"},"headline":"Tanto Mar, de Helena Sarmento, chega ao Porto em Abril, ap\u00f3s a Am\u00e9rica do Sul","datePublished":"2026-04-24T06:32:52+00:00","mainEntityOfPage":{"@id":"https:\/\/portaltela.pt\/noticias\/2026\/04\/24\/tanto-mar-de-helena-sarmento-chega-ao-porto-em-abril-apos-a-america-do-sul\/"},"wordCount":273,"image":{"@id":"https:\/\/portaltela.pt\/noticias\/2026\/04\/24\/tanto-mar-de-helena-sarmento-chega-ao-porto-em-abril-apos-a-america-do-sul\/#primaryimage"},"thumbnailUrl":"https:\/\/portaltela.pt\/s.01k8rhncp4jt1\/2026\/04\/2083667.jpg","keywords":["Argentina","Brasil","concertos","m\u00fasica","Porto","Uruguai"],"articleSection":["M\u00fasica"],"inLanguage":"pt-PT"},{"@type":"WebPage","@id":"https:\/\/portaltela.pt\/noticias\/2026\/04\/24\/tanto-mar-de-helena-sarmento-chega-ao-porto-em-abril-apos-a-america-do-sul\/","url":"https:\/\/portaltela.pt\/noticias\/2026\/04\/24\/tanto-mar-de-helena-sarmento-chega-ao-porto-em-abril-apos-a-america-do-sul\/","name":"Tanto Mar, de Helena Sarmento, chega ao Porto em Abril, ap\u00f3s a Am\u00e9rica do Sul - Portal Tela Portugal","isPartOf":{"@id":"https:\/\/portaltela.pt\/#website"},"primaryImageOfPage":{"@id":"https:\/\/portaltela.pt\/noticias\/2026\/04\/24\/tanto-mar-de-helena-sarmento-chega-ao-porto-em-abril-apos-a-america-do-sul\/#primaryimage"},"image":{"@id":"https:\/\/portaltela.pt\/noticias\/2026\/04\/24\/tanto-mar-de-helena-sarmento-chega-ao-porto-em-abril-apos-a-america-do-sul\/#primaryimage"},"thumbnailUrl":"https:\/\/portaltela.pt\/s.01k8rhncp4jt1\/2026\/04\/2083667.jpg","datePublished":"2026-04-24T06:32:52+00:00","author":{"@id":"https:\/\/portaltela.pt\/#\/schema\/person\/c4278d4a6028830caff9ee44b42d32ed"},"breadcrumb":{"@id":"https:\/\/portaltela.pt\/noticias\/2026\/04\/24\/tanto-mar-de-helena-sarmento-chega-ao-porto-em-abril-apos-a-america-do-sul\/#breadcrumb"},"inLanguage":"pt-PT","potentialAction":[{"@type":"ReadAction","target":["https:\/\/portaltela.pt\/noticias\/2026\/04\/24\/tanto-mar-de-helena-sarmento-chega-ao-porto-em-abril-apos-a-america-do-sul\/"]}]},{"@type":"ImageObject","inLanguage":"pt-PT","@id":"https:\/\/portaltela.pt\/noticias\/2026\/04\/24\/tanto-mar-de-helena-sarmento-chega-ao-porto-em-abril-apos-a-america-do-sul\/#primaryimage","url":"https:\/\/portaltela.pt\/s.01k8rhncp4jt1\/2026\/04\/2083667.jpg","contentUrl":"https:\/\/portaltela.pt\/s.01k8rhncp4jt1\/2026\/04\/2083667.jpg","width":796,"height":448,"caption":"Helena Sarmento em *Tanto Mar*"},{"@type":"BreadcrumbList","@id":"https:\/\/portaltela.pt\/noticias\/2026\/04\/24\/tanto-mar-de-helena-sarmento-chega-ao-porto-em-abril-apos-a-america-do-sul\/#breadcrumb","itemListElement":[{"@type":"ListItem","position":1,"name":"In\u00edcio","item":"https:\/\/portaltela.pt\/"},{"@type":"ListItem","position":2,"name":"Tanto Mar, de Helena Sarmento, chega ao Porto em Abril, ap\u00f3s a Am\u00e9rica do Sul"}]},{"@type":"WebSite","@id":"https:\/\/portaltela.pt\/#website","url":"https:\/\/portaltela.pt\/","name":"Portal Tela Portugal","description":"","potentialAction":[{"@type":"SearchAction","target":{"@type":"EntryPoint","urlTemplate":"https:\/\/portaltela.pt\/?s={search_term_string}"},"query-input":{"@type":"PropertyValueSpecification","valueRequired":true,"valueName":"search_term_string"}}],"inLanguage":"pt-PT"},{"@type":"Person","@id":"https:\/\/portaltela.pt\/#\/schema\/person\/c4278d4a6028830caff9ee44b42d32ed","name":"Telinha","image":{"@type":"ImageObject","inLanguage":"pt-PT","@id":"https:\/\/portaltela.pt\/s.01k8rhncp4jt1\/2025\/11\/talking-bot-125x125.png","url":"https:\/\/portaltela.pt\/s.01k8rhncp4jt1\/2025\/11\/talking-bot-125x125.png","contentUrl":"https:\/\/portaltela.pt\/s.01k8rhncp4jt1\/2025\/11\/talking-bot-125x125.png","caption":"Telinha"},"sameAs":["https:\/\/portaltela.pt\/"],"url":"https:\/\/portaltela.pt\/por\/367410592786\/"}]}},"_links":{"self":[{"href":"https:\/\/portaltela.pt\/api\/wp\/v2\/posts\/457070","targetHints":{"allow":["GET"]}}],"collection":[{"href":"https:\/\/portaltela.pt\/api\/wp\/v2\/posts"}],"about":[{"href":"https:\/\/portaltela.pt\/api\/wp\/v2\/types\/post"}],"author":[{"embeddable":true,"href":"https:\/\/portaltela.pt\/api\/wp\/v2\/users\/2"}],"replies":[{"embeddable":true,"href":"https:\/\/portaltela.pt\/api\/wp\/v2\/comments?post=457070"}],"version-history":[{"count":0,"href":"https:\/\/portaltela.pt\/api\/wp\/v2\/posts\/457070\/revisions"}],"wp:featuredmedia":[{"embeddable":true,"href":"https:\/\/portaltela.pt\/api\/wp\/v2\/media\/457075"}],"wp:attachment":[{"href":"https:\/\/portaltela.pt\/api\/wp\/v2\/media?parent=457070"}],"wp:term":[{"taxonomy":"category","embeddable":true,"href":"https:\/\/portaltela.pt\/api\/wp\/v2\/categories?post=457070"},{"taxonomy":"post_tag","embeddable":true,"href":"https:\/\/portaltela.pt\/api\/wp\/v2\/tags?post=457070"}],"curies":[{"name":"wp","href":"https:\/\/api.w.org\/{rel}","templated":true}]}}