{"id":456910,"date":"2026-04-23T21:03:34","date_gmt":"2026-04-24T00:03:34","guid":{"rendered":"https:\/\/portaltela.pt\/noticias\/2026\/04\/23\/torreense-na-final-da-taca-de-portugal-pela-7-a-vez-dos-escaloes-inferiores\/"},"modified":"2026-04-23T21:03:34","modified_gmt":"2026-04-24T00:03:34","slug":"torreense-na-final-da-taca-de-portugal-pela-7-a-vez-dos-escaloes-inferiores","status":"publish","type":"post","link":"https:\/\/portaltela.pt\/desporto\/futebol\/2026\/04\/23\/torreense-na-final-da-taca-de-portugal-pela-7-a-vez-dos-escaloes-inferiores\/","title":{"rendered":"Torreense na final da Ta\u00e7a de Portugal pela 7.\u00aa vez, dos escal\u00f5es inferiores"},"content":{"rendered":"<p>O Torreense, da 2.\u00aa Liga, garantiu a presen\u00e7a na final da Ta\u00e7a de Portugal ao vencer o Fafe, da Liga 3, por 2-0 na segunda m\u00e3o das meias-finais. Na melhor de dois jogos, o conjunto de Torres Vedras j\u00e1 vencia 1-0 no marcador agregado ap\u00f3s o empate 1-1 na primeira m\u00e3o.<\/p>\n<p>David Bruno abriu o marcador aos 85 minutos e Stopira fechou aos 90&#8217;+13, assegurando o regresso do Torreense ao Jamor 70 anos depois da sua primeira e \u00fanica final na prova rainha. O encontro termina no Est\u00e1dio Nacional, em Oeiras, no dia 24 de maio, frente ao Sporting.<\/p>\n<h3>Torreense rumo ao Jamor: hist\u00f3rico de finais entre escal\u00f5es<\/h3>\n<p>A final de 24 de maio repete a f\u00f3rmula de finais entre equipas de diferentes campeonatos, um padr\u00e3o que j\u00e1 ocorreu v\u00e1rias vezes na hist\u00f3ria, com equipas da 2.\u00aa divis\u00e3o ou de escal\u00f5es inferiores a chegar \u00e0 derradeira eliminat\u00f3ria. As memor\u00e1veis finais ocorreram ao longo das d\u00e9cadas de 1940 a 2010, sempre com o desfecho a beneficiar clubes da primeira divis\u00e3o.<\/p>\n<p>O percurso hist\u00f3rico mostra vit\u00f3rias de Benfica, Sporting e FC Porto nessas finais entre escal\u00f5es distintos, incluindo jogos disputados no Campo das Sal\u00e9sias, no Jamor e no Est\u00e1dio Nacional. Este contexto real\u00e7a a singularidade da presen\u00e7a do Torreense na final desta \u00e9poca.<\/p>\n<p>O Sporting, um dos tr\u00eas clubes mais titulados, procura a vit\u00f3ria pela 19.\u00aa vez na prova, repetindo o t\u00edtulo da \u00e9poca transata. A final, marcada para 24 de maio, ter\u00e1 lugar no Est\u00e1dio Nacional, em Oeiras, repetindo a configura\u00e7\u00e3o de finais anteriores entre clubes de diferentes patamares.<\/p>\n","protected":false},"excerpt":{"rendered":"<ul>\n<li>O Torreense, da 2.\u00aa Liga, goleou o Fafe, da Liga 3, por 2-0 na segunda m\u00e3o das meias-finais e carimbou o passaporte para a final da Ta\u00e7a de Portugal frente ao Sporting.<\/li>\n<li>Os golos foram apontados por David Bruno, aos 85 minutos, e Stopira, aos 90&#8217;+13.<\/li>\n<li>A final est\u00e1 agendada para 24 de maio, no Est\u00e1dio Nacional, em Oeiras, repetindo a presen\u00e7a de equipas de escal\u00f5es inferiores em finais da prova.<\/li>\n<li>\u00c9 a s\u00e9tima vez na hist\u00f3ria que uma equipa de escal\u00f5es inferiores participa na final, mantendo vivo o registo de finais entre clubes de diferentes campeonatos.<\/li>\n<li>O Torreense representa a regi\u00e3o de Torres Vedras no Jamor, recordando a sua primeira e \u00fanica final disputada h\u00e1 70 anos, em 1956, frente ao FC Porto.<\/li>\n<\/ul>\n","protected":false},"author":2,"featured_media":456911,"comment_status":"closed","ping_status":"closed","sticky":false,"template":"","format":"standard","meta":{"footnotes":""},"categories":[21,24],"tags":[4175,1147,1198,1652,1266,3226],"class_list":["post-456910","post","type-post","status-publish","format-standard","has-post-thumbnail","hentry","category-desporto","category-futebol","tag-2-a-liga","tag-fafe","tag-oeiras","tag-sporting","tag-taca-de-portugal","tag-torreense"],"yoast_head":"<!-- This site is optimized with the Yoast SEO plugin v27.2 - https:\/\/yoast.com\/product\/yoast-seo-wordpress\/ -->\n<title>Torreense na final da Ta\u00e7a de Portugal pela 7.\u00aa vez, dos escal\u00f5es inferiores - Portal Tela Portugal<\/title>\n<meta name=\"robots\" content=\"index, follow, max-snippet:-1, max-image-preview:large, max-video-preview:-1\" \/>\n<meta property=\"og:locale\" content=\"pt_PT\" \/>\n<meta property=\"og:type\" content=\"article\" \/>\n<meta property=\"og:title\" content=\"Torreense na final da Ta\u00e7a de Portugal pela 7.\u00aa vez, dos escal\u00f5es inferiores - Portal Tela Portugal\" \/>\n<meta property=\"og:description\" content=\"O Torreense, da 2.\u00aa Liga, goleou o Fafe, da Liga 3, por 2-0 na segunda m\u00e3o das meias-finais e carimbou o passaporte para a final da Ta\u00e7a de Portugal frente ao Sporting. Os golos foram apontados por David Bruno, aos 85 minutos, e Stopira, aos 90&#039;+13. A final est\u00e1 agendada para 24 de maio, no Est\u00e1dio Nacional, em Oeiras, repetindo a presen\u00e7a de equipas de escal\u00f5es inferiores em finais da prova. \u00c9 a s\u00e9tima vez na hist\u00f3ria que uma equipa de escal\u00f5es inferiores participa na final, mantendo vivo o registo de finais entre clubes de diferentes campeonatos. O Torreense representa a regi\u00e3o de Torres Vedras no Jamor, recordando a sua primeira e \u00fanica final disputada h\u00e1 70 anos, em 1956, frente ao FC Porto.\" \/>\n<meta property=\"og:url\" content=\"https:\/\/portaltela.pt\/noticias\/2026\/04\/23\/torreense-na-final-da-taca-de-portugal-pela-7-a-vez-dos-escaloes-inferiores\/\" \/>\n<meta property=\"og:site_name\" content=\"Portal Tela Portugal\" \/>\n<meta property=\"article:published_time\" content=\"2026-04-24T00:03:34+00:00\" \/>\n<meta name=\"author\" content=\"Telinha\" \/>\n<meta name=\"twitter:card\" content=\"summary_large_image\" \/>\n<meta name=\"twitter:label1\" content=\"Escrito por\" \/>\n\t<meta name=\"twitter:data1\" content=\"Telinha\" \/>\n\t<meta name=\"twitter:label2\" content=\"Tempo estimado de leitura\" \/>\n\t<meta name=\"twitter:data2\" content=\"1 minuto\" \/>\n<script type=\"application\/ld+json\" class=\"yoast-schema-graph\">{\"@context\":\"https:\/\/schema.org\",\"@graph\":[{\"@type\":\"Article\",\"@id\":\"https:\/\/portaltela.pt\/noticias\/2026\/04\/23\/torreense-na-final-da-taca-de-portugal-pela-7-a-vez-dos-escaloes-inferiores\/#article\",\"isPartOf\":{\"@id\":\"https:\/\/portaltela.pt\/noticias\/2026\/04\/23\/torreense-na-final-da-taca-de-portugal-pela-7-a-vez-dos-escaloes-inferiores\/\"},\"author\":{\"name\":\"Telinha\",\"@id\":\"https:\/\/portaltela.pt\/#\/schema\/person\/c4278d4a6028830caff9ee44b42d32ed\"},\"headline\":\"Torreense na final da Ta\u00e7a de Portugal pela 7.\u00aa vez, dos escal\u00f5es inferiores\",\"datePublished\":\"2026-04-24T00:03:34+00:00\",\"mainEntityOfPage\":{\"@id\":\"https:\/\/portaltela.pt\/noticias\/2026\/04\/23\/torreense-na-final-da-taca-de-portugal-pela-7-a-vez-dos-escaloes-inferiores\/\"},\"wordCount\":289,\"image\":{\"@id\":\"https:\/\/portaltela.pt\/noticias\/2026\/04\/23\/torreense-na-final-da-taca-de-portugal-pela-7-a-vez-dos-escaloes-inferiores\/#primaryimage\"},\"thumbnailUrl\":\"https:\/\/portaltela.pt\/s.01k8rhncp4jt1\/2026\/04\/img_920x518uu2026-04-24-00-47-58-2435000.jpg\",\"keywords\":[\"2.\u00aa Liga\",\"Fafe\",\"Oeiras\",\"Sporting\",\"Ta\u00e7a de Portugal\",\"Torreense\"],\"articleSection\":[\"Desporto\",\"Futebol\"],\"inLanguage\":\"pt-PT\"},{\"@type\":\"WebPage\",\"@id\":\"https:\/\/portaltela.pt\/noticias\/2026\/04\/23\/torreense-na-final-da-taca-de-portugal-pela-7-a-vez-dos-escaloes-inferiores\/\",\"url\":\"https:\/\/portaltela.pt\/noticias\/2026\/04\/23\/torreense-na-final-da-taca-de-portugal-pela-7-a-vez-dos-escaloes-inferiores\/\",\"name\":\"Torreense na final da Ta\u00e7a de Portugal pela 7.\u00aa vez, dos escal\u00f5es inferiores - Portal Tela Portugal\",\"isPartOf\":{\"@id\":\"https:\/\/portaltela.pt\/#website\"},\"primaryImageOfPage\":{\"@id\":\"https:\/\/portaltela.pt\/noticias\/2026\/04\/23\/torreense-na-final-da-taca-de-portugal-pela-7-a-vez-dos-escaloes-inferiores\/#primaryimage\"},\"image\":{\"@id\":\"https:\/\/portaltela.pt\/noticias\/2026\/04\/23\/torreense-na-final-da-taca-de-portugal-pela-7-a-vez-dos-escaloes-inferiores\/#primaryimage\"},\"thumbnailUrl\":\"https:\/\/portaltela.pt\/s.01k8rhncp4jt1\/2026\/04\/img_920x518uu2026-04-24-00-47-58-2435000.jpg\",\"datePublished\":\"2026-04-24T00:03:34+00:00\",\"author\":{\"@id\":\"https:\/\/portaltela.pt\/#\/schema\/person\/c4278d4a6028830caff9ee44b42d32ed\"},\"breadcrumb\":{\"@id\":\"https:\/\/portaltela.pt\/noticias\/2026\/04\/23\/torreense-na-final-da-taca-de-portugal-pela-7-a-vez-dos-escaloes-inferiores\/#breadcrumb\"},\"inLanguage\":\"pt-PT\",\"potentialAction\":[{\"@type\":\"ReadAction\",\"target\":[\"https:\/\/portaltela.pt\/noticias\/2026\/04\/23\/torreense-na-final-da-taca-de-portugal-pela-7-a-vez-dos-escaloes-inferiores\/\"]}]},{\"@type\":\"ImageObject\",\"inLanguage\":\"pt-PT\",\"@id\":\"https:\/\/portaltela.pt\/noticias\/2026\/04\/23\/torreense-na-final-da-taca-de-portugal-pela-7-a-vez-dos-escaloes-inferiores\/#primaryimage\",\"url\":\"https:\/\/portaltela.pt\/s.01k8rhncp4jt1\/2026\/04\/img_920x518uu2026-04-24-00-47-58-2435000.jpg\",\"contentUrl\":\"https:\/\/portaltela.pt\/s.01k8rhncp4jt1\/2026\/04\/img_920x518uu2026-04-24-00-47-58-2435000.jpg\",\"width\":796,\"height\":448,\"caption\":\"Torreense festeja apuramento para a final da Ta\u00e7a de Portugal, a segunda da sua hist\u00f3ria\"},{\"@type\":\"BreadcrumbList\",\"@id\":\"https:\/\/portaltela.pt\/noticias\/2026\/04\/23\/torreense-na-final-da-taca-de-portugal-pela-7-a-vez-dos-escaloes-inferiores\/#breadcrumb\",\"itemListElement\":[{\"@type\":\"ListItem\",\"position\":1,\"name\":\"In\u00edcio\",\"item\":\"https:\/\/portaltela.pt\/\"},{\"@type\":\"ListItem\",\"position\":2,\"name\":\"Torreense na final da Ta\u00e7a de Portugal pela 7.\u00aa vez, dos escal\u00f5es inferiores\"}]},{\"@type\":\"WebSite\",\"@id\":\"https:\/\/portaltela.pt\/#website\",\"url\":\"https:\/\/portaltela.pt\/\",\"name\":\"Portal Tela Portugal\",\"description\":\"\",\"potentialAction\":[{\"@type\":\"SearchAction\",\"target\":{\"@type\":\"EntryPoint\",\"urlTemplate\":\"https:\/\/portaltela.pt\/?s={search_term_string}\"},\"query-input\":{\"@type\":\"PropertyValueSpecification\",\"valueRequired\":true,\"valueName\":\"search_term_string\"}}],\"inLanguage\":\"pt-PT\"},{\"@type\":\"Person\",\"@id\":\"https:\/\/portaltela.pt\/#\/schema\/person\/c4278d4a6028830caff9ee44b42d32ed\",\"name\":\"Telinha\",\"image\":{\"@type\":\"ImageObject\",\"inLanguage\":\"pt-PT\",\"@id\":\"https:\/\/portaltela.pt\/s.01k8rhncp4jt1\/2025\/11\/talking-bot-125x125.png\",\"url\":\"https:\/\/portaltela.pt\/s.01k8rhncp4jt1\/2025\/11\/talking-bot-125x125.png\",\"contentUrl\":\"https:\/\/portaltela.pt\/s.01k8rhncp4jt1\/2025\/11\/talking-bot-125x125.png\",\"caption\":\"Telinha\"},\"sameAs\":[\"https:\/\/portaltela.pt\/\"],\"url\":\"https:\/\/portaltela.pt\/por\/367410592786\/\"}]}<\/script>\n<!-- \/ Yoast SEO plugin. -->","yoast_head_json":{"title":"Torreense na final da Ta\u00e7a de Portugal pela 7.\u00aa vez, dos escal\u00f5es inferiores - Portal Tela Portugal","robots":{"index":"index","follow":"follow","max-snippet":"max-snippet:-1","max-image-preview":"max-image-preview:large","max-video-preview":"max-video-preview:-1"},"og_locale":"pt_PT","og_type":"article","og_title":"Torreense na final da Ta\u00e7a de Portugal pela 7.\u00aa vez, dos escal\u00f5es inferiores - Portal Tela Portugal","og_description":"O Torreense, da 2.\u00aa Liga, goleou o Fafe, da Liga 3, por 2-0 na segunda m\u00e3o das meias-finais e carimbou o passaporte para a final da Ta\u00e7a de Portugal frente ao Sporting. Os golos foram apontados por David Bruno, aos 85 minutos, e Stopira, aos 90'+13. A final est\u00e1 agendada para 24 de maio, no Est\u00e1dio Nacional, em Oeiras, repetindo a presen\u00e7a de equipas de escal\u00f5es inferiores em finais da prova. \u00c9 a s\u00e9tima vez na hist\u00f3ria que uma equipa de escal\u00f5es inferiores participa na final, mantendo vivo o registo de finais entre clubes de diferentes campeonatos. O Torreense representa a regi\u00e3o de Torres Vedras no Jamor, recordando a sua primeira e \u00fanica final disputada h\u00e1 70 anos, em 1956, frente ao FC Porto.","og_url":"https:\/\/portaltela.pt\/noticias\/2026\/04\/23\/torreense-na-final-da-taca-de-portugal-pela-7-a-vez-dos-escaloes-inferiores\/","og_site_name":"Portal Tela Portugal","article_published_time":"2026-04-24T00:03:34+00:00","author":"Telinha","twitter_card":"summary_large_image","twitter_misc":{"Escrito por":"Telinha","Tempo estimado de leitura":"1 minuto"},"schema":{"@context":"https:\/\/schema.org","@graph":[{"@type":"Article","@id":"https:\/\/portaltela.pt\/noticias\/2026\/04\/23\/torreense-na-final-da-taca-de-portugal-pela-7-a-vez-dos-escaloes-inferiores\/#article","isPartOf":{"@id":"https:\/\/portaltela.pt\/noticias\/2026\/04\/23\/torreense-na-final-da-taca-de-portugal-pela-7-a-vez-dos-escaloes-inferiores\/"},"author":{"name":"Telinha","@id":"https:\/\/portaltela.pt\/#\/schema\/person\/c4278d4a6028830caff9ee44b42d32ed"},"headline":"Torreense na final da Ta\u00e7a de Portugal pela 7.\u00aa vez, dos escal\u00f5es inferiores","datePublished":"2026-04-24T00:03:34+00:00","mainEntityOfPage":{"@id":"https:\/\/portaltela.pt\/noticias\/2026\/04\/23\/torreense-na-final-da-taca-de-portugal-pela-7-a-vez-dos-escaloes-inferiores\/"},"wordCount":289,"image":{"@id":"https:\/\/portaltela.pt\/noticias\/2026\/04\/23\/torreense-na-final-da-taca-de-portugal-pela-7-a-vez-dos-escaloes-inferiores\/#primaryimage"},"thumbnailUrl":"https:\/\/portaltela.pt\/s.01k8rhncp4jt1\/2026\/04\/img_920x518uu2026-04-24-00-47-58-2435000.jpg","keywords":["2.\u00aa Liga","Fafe","Oeiras","Sporting","Ta\u00e7a de Portugal","Torreense"],"articleSection":["Desporto","Futebol"],"inLanguage":"pt-PT"},{"@type":"WebPage","@id":"https:\/\/portaltela.pt\/noticias\/2026\/04\/23\/torreense-na-final-da-taca-de-portugal-pela-7-a-vez-dos-escaloes-inferiores\/","url":"https:\/\/portaltela.pt\/noticias\/2026\/04\/23\/torreense-na-final-da-taca-de-portugal-pela-7-a-vez-dos-escaloes-inferiores\/","name":"Torreense na final da Ta\u00e7a de Portugal pela 7.\u00aa vez, dos escal\u00f5es inferiores - Portal Tela Portugal","isPartOf":{"@id":"https:\/\/portaltela.pt\/#website"},"primaryImageOfPage":{"@id":"https:\/\/portaltela.pt\/noticias\/2026\/04\/23\/torreense-na-final-da-taca-de-portugal-pela-7-a-vez-dos-escaloes-inferiores\/#primaryimage"},"image":{"@id":"https:\/\/portaltela.pt\/noticias\/2026\/04\/23\/torreense-na-final-da-taca-de-portugal-pela-7-a-vez-dos-escaloes-inferiores\/#primaryimage"},"thumbnailUrl":"https:\/\/portaltela.pt\/s.01k8rhncp4jt1\/2026\/04\/img_920x518uu2026-04-24-00-47-58-2435000.jpg","datePublished":"2026-04-24T00:03:34+00:00","author":{"@id":"https:\/\/portaltela.pt\/#\/schema\/person\/c4278d4a6028830caff9ee44b42d32ed"},"breadcrumb":{"@id":"https:\/\/portaltela.pt\/noticias\/2026\/04\/23\/torreense-na-final-da-taca-de-portugal-pela-7-a-vez-dos-escaloes-inferiores\/#breadcrumb"},"inLanguage":"pt-PT","potentialAction":[{"@type":"ReadAction","target":["https:\/\/portaltela.pt\/noticias\/2026\/04\/23\/torreense-na-final-da-taca-de-portugal-pela-7-a-vez-dos-escaloes-inferiores\/"]}]},{"@type":"ImageObject","inLanguage":"pt-PT","@id":"https:\/\/portaltela.pt\/noticias\/2026\/04\/23\/torreense-na-final-da-taca-de-portugal-pela-7-a-vez-dos-escaloes-inferiores\/#primaryimage","url":"https:\/\/portaltela.pt\/s.01k8rhncp4jt1\/2026\/04\/img_920x518uu2026-04-24-00-47-58-2435000.jpg","contentUrl":"https:\/\/portaltela.pt\/s.01k8rhncp4jt1\/2026\/04\/img_920x518uu2026-04-24-00-47-58-2435000.jpg","width":796,"height":448,"caption":"Torreense festeja apuramento para a final da Ta\u00e7a de Portugal, a segunda da sua hist\u00f3ria"},{"@type":"BreadcrumbList","@id":"https:\/\/portaltela.pt\/noticias\/2026\/04\/23\/torreense-na-final-da-taca-de-portugal-pela-7-a-vez-dos-escaloes-inferiores\/#breadcrumb","itemListElement":[{"@type":"ListItem","position":1,"name":"In\u00edcio","item":"https:\/\/portaltela.pt\/"},{"@type":"ListItem","position":2,"name":"Torreense na final da Ta\u00e7a de Portugal pela 7.\u00aa vez, dos escal\u00f5es inferiores"}]},{"@type":"WebSite","@id":"https:\/\/portaltela.pt\/#website","url":"https:\/\/portaltela.pt\/","name":"Portal Tela Portugal","description":"","potentialAction":[{"@type":"SearchAction","target":{"@type":"EntryPoint","urlTemplate":"https:\/\/portaltela.pt\/?s={search_term_string}"},"query-input":{"@type":"PropertyValueSpecification","valueRequired":true,"valueName":"search_term_string"}}],"inLanguage":"pt-PT"},{"@type":"Person","@id":"https:\/\/portaltela.pt\/#\/schema\/person\/c4278d4a6028830caff9ee44b42d32ed","name":"Telinha","image":{"@type":"ImageObject","inLanguage":"pt-PT","@id":"https:\/\/portaltela.pt\/s.01k8rhncp4jt1\/2025\/11\/talking-bot-125x125.png","url":"https:\/\/portaltela.pt\/s.01k8rhncp4jt1\/2025\/11\/talking-bot-125x125.png","contentUrl":"https:\/\/portaltela.pt\/s.01k8rhncp4jt1\/2025\/11\/talking-bot-125x125.png","caption":"Telinha"},"sameAs":["https:\/\/portaltela.pt\/"],"url":"https:\/\/portaltela.pt\/por\/367410592786\/"}]}},"_links":{"self":[{"href":"https:\/\/portaltela.pt\/api\/wp\/v2\/posts\/456910","targetHints":{"allow":["GET"]}}],"collection":[{"href":"https:\/\/portaltela.pt\/api\/wp\/v2\/posts"}],"about":[{"href":"https:\/\/portaltela.pt\/api\/wp\/v2\/types\/post"}],"author":[{"embeddable":true,"href":"https:\/\/portaltela.pt\/api\/wp\/v2\/users\/2"}],"replies":[{"embeddable":true,"href":"https:\/\/portaltela.pt\/api\/wp\/v2\/comments?post=456910"}],"version-history":[{"count":0,"href":"https:\/\/portaltela.pt\/api\/wp\/v2\/posts\/456910\/revisions"}],"wp:featuredmedia":[{"embeddable":true,"href":"https:\/\/portaltela.pt\/api\/wp\/v2\/media\/456911"}],"wp:attachment":[{"href":"https:\/\/portaltela.pt\/api\/wp\/v2\/media?parent=456910"}],"wp:term":[{"taxonomy":"category","embeddable":true,"href":"https:\/\/portaltela.pt\/api\/wp\/v2\/categories?post=456910"},{"taxonomy":"post_tag","embeddable":true,"href":"https:\/\/portaltela.pt\/api\/wp\/v2\/tags?post=456910"}],"curies":[{"name":"wp","href":"https:\/\/api.w.org\/{rel}","templated":true}]}}