{"id":456903,"date":"2026-04-23T20:47:47","date_gmt":"2026-04-23T23:47:47","guid":{"rendered":"https:\/\/portaltela.pt\/noticias\/2026\/04\/23\/marco-rubio-nega-que-eua-tentem-impedir-o-irao-no-mundial-2026\/"},"modified":"2026-04-23T20:47:47","modified_gmt":"2026-04-23T23:47:47","slug":"marco-rubio-nega-que-eua-tentem-impedir-o-irao-no-mundial-2026","status":"publish","type":"post","link":"https:\/\/portaltela.pt\/desporto\/copa-do-mundo\/2026\/04\/23\/marco-rubio-nega-que-eua-tentem-impedir-o-irao-no-mundial-2026\/","title":{"rendered":"Marco Rubio nega que EUA tentem impedir o Ir\u00e3o no Mundial 2026"},"content":{"rendered":"<p>O secret\u00e1rio de Estado dos EUA, Marco Rubio, afirmou que Washington n\u00e3o est\u00e1 a tentar excluir o Ir\u00e3o do Mundial 2026. A declara\u00e7\u00e3o surge ap\u00f3s um respons\u00e1vel norte-americano ter sugerido uma poss\u00edvel substitui\u00e7\u00e3o do Ir\u00e3o pela It\u00e1lia, caso este pa\u00eds n\u00e3o se qualificasse.<\/p>\n<p>Rubio explicou que o verdadeiro problema n\u00e3o seriam os jogadores iranianos, mas algumas pessoas associadas \u00e0 Guarda Revolucion\u00e1ria Isl\u00e2mica. Afirmou ainda que n\u00e3o houve qualquer decis\u00e3o oficial sobre substitui\u00e7\u00e3o do Ir\u00e3o.<\/p>\n<p>O Ir\u00e3o garantiu a qualifica\u00e7\u00e3o para o torneio, mas pediu a transfer\u00eancia dos jogos da fase de grupos para al\u00e9m dos EUA desde o in\u00edcio do conflito na regi\u00e3o. A ideia de substitui\u00e7\u00e3o depende de decis\u00f5es da FIFA, segundo o regulamento do evento.<\/p>\n<h3>Contexto e regras da substitui\u00e7\u00e3o<\/h3>\n<p>A FIFA pode substituir uma federa\u00e7\u00e3o classificada que desista ou seja exclu\u00edda, abrindo a possibilidade de designa\u00e7\u00e3o de outra equipa. O regulamento n\u00e3o impede a substitui\u00e7\u00e3o por uma sele\u00e7\u00e3o fora da AFC, em teoria.<\/p>\n<p>O Mundial 2026 decorre entre 11 de junho e 19 de julho, distribu\u00eddo por Estados Unidos, Canad\u00e1 e M\u00e9xico. O Ir\u00e3o estreia a 15 de junho, em Los Angeles, frente \u00e0 Nova Zel\u00e2ndia.<\/p>\n","protected":false},"excerpt":{"rendered":"<ul>\n<li>O secret\u00e1rio de Estado dos EUA, Marco Rubio, disse que os EUA n\u00e3o est\u00e3o a tentar excluir o Ir\u00e3o do Mundial de 2026, desmentindo uma proposta de substitui\u00e7\u00e3o pela It\u00e1lia.<\/li>\n<li>Um respons\u00e1vel norte-americano tinha sugerido que a It\u00e1lia, que n\u00e3o se qualificou, poderia substituir o Ir\u00e3o, pa\u00eds envolvido no conflito no M\u00e9dio Oriente.<\/li>\n<li>Rubio alertou que o risco n\u00e3o seriam os jogadores iranianos, mas algumas pessoas associadas \u00e0 Guarda Revolucion\u00e1ria Isl\u00e2mica, e criticou a ideia de substitui\u00e7\u00e3o por especula\u00e7\u00e3o.<\/li>\n<li>A FIFA pode designar um substituto caso uma sele\u00e7\u00e3o desista, mas n\u00e3o h\u00e1 confirma\u00e7\u00e3o de substitui\u00e7\u00e3o do Ir\u00e3o at\u00e9 ao momento; a It\u00e1lia j\u00e1 rejeitou a hip\u00f3tese de repescagem.<\/li>\n<li>O Mundial realiza-se de 11 de junho a 19 de julho nos EUA, M\u00e9xico e Canad\u00e1; o Ir\u00e3o disputa o seu primeiro jogo a 15 de junho, frente \u00e0 Nova Zel\u00e2ndia, em Los Angeles.<\/li>\n<\/ul>\n","protected":false},"author":2,"featured_media":456904,"comment_status":"closed","ping_status":"closed","sticky":false,"template":"","format":"standard","meta":{"footnotes":""},"categories":[6695,21],"tags":[32,81,3327,2832,7439,2057],"class_list":["post-456903","post","type-post","status-publish","format-standard","has-post-thumbnail","hentry","category-copa-do-mundo","category-desporto","tag-futebol","tag-internacionais","tag-iran","tag-politica","tag-politica-externa","tag-selecao-nacional"],"yoast_head":"<!-- This site is optimized with the Yoast SEO plugin v27.2 - https:\/\/yoast.com\/product\/yoast-seo-wordpress\/ -->\n<title>Marco Rubio nega que EUA tentem impedir o Ir\u00e3o no Mundial 2026 - Portal Tela Portugal<\/title>\n<meta name=\"robots\" content=\"index, follow, max-snippet:-1, max-image-preview:large, max-video-preview:-1\" \/>\n<meta property=\"og:locale\" content=\"pt_PT\" \/>\n<meta property=\"og:type\" content=\"article\" \/>\n<meta property=\"og:title\" content=\"Marco Rubio nega que EUA tentem impedir o Ir\u00e3o no Mundial 2026 - Portal Tela Portugal\" \/>\n<meta property=\"og:description\" content=\"O secret\u00e1rio de Estado dos EUA, Marco Rubio, disse que os EUA n\u00e3o est\u00e3o a tentar excluir o Ir\u00e3o do Mundial de 2026, desmentindo uma proposta de substitui\u00e7\u00e3o pela It\u00e1lia. Um respons\u00e1vel norte-americano tinha sugerido que a It\u00e1lia, que n\u00e3o se qualificou, poderia substituir o Ir\u00e3o, pa\u00eds envolvido no conflito no M\u00e9dio Oriente. Rubio alertou que o risco n\u00e3o seriam os jogadores iranianos, mas algumas pessoas associadas \u00e0 Guarda Revolucion\u00e1ria Isl\u00e2mica, e criticou a ideia de substitui\u00e7\u00e3o por especula\u00e7\u00e3o. A FIFA pode designar um substituto caso uma sele\u00e7\u00e3o desista, mas n\u00e3o h\u00e1 confirma\u00e7\u00e3o de substitui\u00e7\u00e3o do Ir\u00e3o at\u00e9 ao momento; a It\u00e1lia j\u00e1 rejeitou a hip\u00f3tese de repescagem. O Mundial realiza-se de 11 de junho a 19 de julho nos EUA, M\u00e9xico e Canad\u00e1; o Ir\u00e3o disputa o seu primeiro jogo a 15 de junho, frente \u00e0 Nova Zel\u00e2ndia, em Los Angeles.\" \/>\n<meta property=\"og:url\" content=\"https:\/\/portaltela.pt\/noticias\/2026\/04\/23\/marco-rubio-nega-que-eua-tentem-impedir-o-irao-no-mundial-2026\/\" \/>\n<meta property=\"og:site_name\" content=\"Portal Tela Portugal\" \/>\n<meta property=\"article:published_time\" content=\"2026-04-23T23:47:47+00:00\" \/>\n<meta name=\"author\" content=\"Telinha\" \/>\n<meta name=\"twitter:card\" content=\"summary_large_image\" \/>\n<meta name=\"twitter:label1\" content=\"Escrito por\" \/>\n\t<meta name=\"twitter:data1\" content=\"Telinha\" \/>\n\t<meta name=\"twitter:label2\" content=\"Tempo estimado de leitura\" \/>\n\t<meta name=\"twitter:data2\" content=\"1 minuto\" \/>\n<script type=\"application\/ld+json\" class=\"yoast-schema-graph\">{\"@context\":\"https:\/\/schema.org\",\"@graph\":[{\"@type\":\"Article\",\"@id\":\"https:\/\/portaltela.pt\/noticias\/2026\/04\/23\/marco-rubio-nega-que-eua-tentem-impedir-o-irao-no-mundial-2026\/#article\",\"isPartOf\":{\"@id\":\"https:\/\/portaltela.pt\/noticias\/2026\/04\/23\/marco-rubio-nega-que-eua-tentem-impedir-o-irao-no-mundial-2026\/\"},\"author\":{\"name\":\"Telinha\",\"@id\":\"https:\/\/portaltela.pt\/#\/schema\/person\/c4278d4a6028830caff9ee44b42d32ed\"},\"headline\":\"Marco Rubio nega que EUA tentem impedir o Ir\u00e3o no Mundial 2026\",\"datePublished\":\"2026-04-23T23:47:47+00:00\",\"mainEntityOfPage\":{\"@id\":\"https:\/\/portaltela.pt\/noticias\/2026\/04\/23\/marco-rubio-nega-que-eua-tentem-impedir-o-irao-no-mundial-2026\/\"},\"wordCount\":232,\"image\":{\"@id\":\"https:\/\/portaltela.pt\/noticias\/2026\/04\/23\/marco-rubio-nega-que-eua-tentem-impedir-o-irao-no-mundial-2026\/#primaryimage\"},\"thumbnailUrl\":\"https:\/\/portaltela.pt\/s.01k8rhncp4jt1\/2026\/04\/img_920x518uu2026-01-07-17-04-32-2413348.jpg\",\"keywords\":[\"futebol\",\"internacionais\",\"\u00cdr\u00e1n\",\"pol\u00edtica\",\"pol\u00edtica externa\",\"Sele\u00e7\u00e3o Nacional\"],\"articleSection\":[\"Copa do Mundo\",\"Desporto\"],\"inLanguage\":\"pt-PT\"},{\"@type\":\"WebPage\",\"@id\":\"https:\/\/portaltela.pt\/noticias\/2026\/04\/23\/marco-rubio-nega-que-eua-tentem-impedir-o-irao-no-mundial-2026\/\",\"url\":\"https:\/\/portaltela.pt\/noticias\/2026\/04\/23\/marco-rubio-nega-que-eua-tentem-impedir-o-irao-no-mundial-2026\/\",\"name\":\"Marco Rubio nega que EUA tentem impedir o Ir\u00e3o no Mundial 2026 - Portal Tela Portugal\",\"isPartOf\":{\"@id\":\"https:\/\/portaltela.pt\/#website\"},\"primaryImageOfPage\":{\"@id\":\"https:\/\/portaltela.pt\/noticias\/2026\/04\/23\/marco-rubio-nega-que-eua-tentem-impedir-o-irao-no-mundial-2026\/#primaryimage\"},\"image\":{\"@id\":\"https:\/\/portaltela.pt\/noticias\/2026\/04\/23\/marco-rubio-nega-que-eua-tentem-impedir-o-irao-no-mundial-2026\/#primaryimage\"},\"thumbnailUrl\":\"https:\/\/portaltela.pt\/s.01k8rhncp4jt1\/2026\/04\/img_920x518uu2026-01-07-17-04-32-2413348.jpg\",\"datePublished\":\"2026-04-23T23:47:47+00:00\",\"author\":{\"@id\":\"https:\/\/portaltela.pt\/#\/schema\/person\/c4278d4a6028830caff9ee44b42d32ed\"},\"breadcrumb\":{\"@id\":\"https:\/\/portaltela.pt\/noticias\/2026\/04\/23\/marco-rubio-nega-que-eua-tentem-impedir-o-irao-no-mundial-2026\/#breadcrumb\"},\"inLanguage\":\"pt-PT\",\"potentialAction\":[{\"@type\":\"ReadAction\",\"target\":[\"https:\/\/portaltela.pt\/noticias\/2026\/04\/23\/marco-rubio-nega-que-eua-tentem-impedir-o-irao-no-mundial-2026\/\"]}]},{\"@type\":\"ImageObject\",\"inLanguage\":\"pt-PT\",\"@id\":\"https:\/\/portaltela.pt\/noticias\/2026\/04\/23\/marco-rubio-nega-que-eua-tentem-impedir-o-irao-no-mundial-2026\/#primaryimage\",\"url\":\"https:\/\/portaltela.pt\/s.01k8rhncp4jt1\/2026\/04\/img_920x518uu2026-01-07-17-04-32-2413348.jpg\",\"contentUrl\":\"https:\/\/portaltela.pt\/s.01k8rhncp4jt1\/2026\/04\/img_920x518uu2026-01-07-17-04-32-2413348.jpg\",\"width\":796,\"height\":448,\"caption\":\"Marco Rubio lidera o Departamento de Estado\"},{\"@type\":\"BreadcrumbList\",\"@id\":\"https:\/\/portaltela.pt\/noticias\/2026\/04\/23\/marco-rubio-nega-que-eua-tentem-impedir-o-irao-no-mundial-2026\/#breadcrumb\",\"itemListElement\":[{\"@type\":\"ListItem\",\"position\":1,\"name\":\"In\u00edcio\",\"item\":\"https:\/\/portaltela.pt\/\"},{\"@type\":\"ListItem\",\"position\":2,\"name\":\"Marco Rubio nega que EUA tentem impedir o Ir\u00e3o no Mundial 2026\"}]},{\"@type\":\"WebSite\",\"@id\":\"https:\/\/portaltela.pt\/#website\",\"url\":\"https:\/\/portaltela.pt\/\",\"name\":\"Portal Tela Portugal\",\"description\":\"\",\"potentialAction\":[{\"@type\":\"SearchAction\",\"target\":{\"@type\":\"EntryPoint\",\"urlTemplate\":\"https:\/\/portaltela.pt\/?s={search_term_string}\"},\"query-input\":{\"@type\":\"PropertyValueSpecification\",\"valueRequired\":true,\"valueName\":\"search_term_string\"}}],\"inLanguage\":\"pt-PT\"},{\"@type\":\"Person\",\"@id\":\"https:\/\/portaltela.pt\/#\/schema\/person\/c4278d4a6028830caff9ee44b42d32ed\",\"name\":\"Telinha\",\"image\":{\"@type\":\"ImageObject\",\"inLanguage\":\"pt-PT\",\"@id\":\"https:\/\/portaltela.pt\/s.01k8rhncp4jt1\/2025\/11\/talking-bot-125x125.png\",\"url\":\"https:\/\/portaltela.pt\/s.01k8rhncp4jt1\/2025\/11\/talking-bot-125x125.png\",\"contentUrl\":\"https:\/\/portaltela.pt\/s.01k8rhncp4jt1\/2025\/11\/talking-bot-125x125.png\",\"caption\":\"Telinha\"},\"sameAs\":[\"https:\/\/portaltela.pt\/\"],\"url\":\"https:\/\/portaltela.pt\/por\/367410592786\/\"}]}<\/script>\n<!-- \/ Yoast SEO plugin. -->","yoast_head_json":{"title":"Marco Rubio nega que EUA tentem impedir o Ir\u00e3o no Mundial 2026 - Portal Tela Portugal","robots":{"index":"index","follow":"follow","max-snippet":"max-snippet:-1","max-image-preview":"max-image-preview:large","max-video-preview":"max-video-preview:-1"},"og_locale":"pt_PT","og_type":"article","og_title":"Marco Rubio nega que EUA tentem impedir o Ir\u00e3o no Mundial 2026 - Portal Tela Portugal","og_description":"O secret\u00e1rio de Estado dos EUA, Marco Rubio, disse que os EUA n\u00e3o est\u00e3o a tentar excluir o Ir\u00e3o do Mundial de 2026, desmentindo uma proposta de substitui\u00e7\u00e3o pela It\u00e1lia. Um respons\u00e1vel norte-americano tinha sugerido que a It\u00e1lia, que n\u00e3o se qualificou, poderia substituir o Ir\u00e3o, pa\u00eds envolvido no conflito no M\u00e9dio Oriente. Rubio alertou que o risco n\u00e3o seriam os jogadores iranianos, mas algumas pessoas associadas \u00e0 Guarda Revolucion\u00e1ria Isl\u00e2mica, e criticou a ideia de substitui\u00e7\u00e3o por especula\u00e7\u00e3o. A FIFA pode designar um substituto caso uma sele\u00e7\u00e3o desista, mas n\u00e3o h\u00e1 confirma\u00e7\u00e3o de substitui\u00e7\u00e3o do Ir\u00e3o at\u00e9 ao momento; a It\u00e1lia j\u00e1 rejeitou a hip\u00f3tese de repescagem. O Mundial realiza-se de 11 de junho a 19 de julho nos EUA, M\u00e9xico e Canad\u00e1; o Ir\u00e3o disputa o seu primeiro jogo a 15 de junho, frente \u00e0 Nova Zel\u00e2ndia, em Los Angeles.","og_url":"https:\/\/portaltela.pt\/noticias\/2026\/04\/23\/marco-rubio-nega-que-eua-tentem-impedir-o-irao-no-mundial-2026\/","og_site_name":"Portal Tela Portugal","article_published_time":"2026-04-23T23:47:47+00:00","author":"Telinha","twitter_card":"summary_large_image","twitter_misc":{"Escrito por":"Telinha","Tempo estimado de leitura":"1 minuto"},"schema":{"@context":"https:\/\/schema.org","@graph":[{"@type":"Article","@id":"https:\/\/portaltela.pt\/noticias\/2026\/04\/23\/marco-rubio-nega-que-eua-tentem-impedir-o-irao-no-mundial-2026\/#article","isPartOf":{"@id":"https:\/\/portaltela.pt\/noticias\/2026\/04\/23\/marco-rubio-nega-que-eua-tentem-impedir-o-irao-no-mundial-2026\/"},"author":{"name":"Telinha","@id":"https:\/\/portaltela.pt\/#\/schema\/person\/c4278d4a6028830caff9ee44b42d32ed"},"headline":"Marco Rubio nega que EUA tentem impedir o Ir\u00e3o no Mundial 2026","datePublished":"2026-04-23T23:47:47+00:00","mainEntityOfPage":{"@id":"https:\/\/portaltela.pt\/noticias\/2026\/04\/23\/marco-rubio-nega-que-eua-tentem-impedir-o-irao-no-mundial-2026\/"},"wordCount":232,"image":{"@id":"https:\/\/portaltela.pt\/noticias\/2026\/04\/23\/marco-rubio-nega-que-eua-tentem-impedir-o-irao-no-mundial-2026\/#primaryimage"},"thumbnailUrl":"https:\/\/portaltela.pt\/s.01k8rhncp4jt1\/2026\/04\/img_920x518uu2026-01-07-17-04-32-2413348.jpg","keywords":["futebol","internacionais","\u00cdr\u00e1n","pol\u00edtica","pol\u00edtica externa","Sele\u00e7\u00e3o Nacional"],"articleSection":["Copa do Mundo","Desporto"],"inLanguage":"pt-PT"},{"@type":"WebPage","@id":"https:\/\/portaltela.pt\/noticias\/2026\/04\/23\/marco-rubio-nega-que-eua-tentem-impedir-o-irao-no-mundial-2026\/","url":"https:\/\/portaltela.pt\/noticias\/2026\/04\/23\/marco-rubio-nega-que-eua-tentem-impedir-o-irao-no-mundial-2026\/","name":"Marco Rubio nega que EUA tentem impedir o Ir\u00e3o no Mundial 2026 - Portal Tela Portugal","isPartOf":{"@id":"https:\/\/portaltela.pt\/#website"},"primaryImageOfPage":{"@id":"https:\/\/portaltela.pt\/noticias\/2026\/04\/23\/marco-rubio-nega-que-eua-tentem-impedir-o-irao-no-mundial-2026\/#primaryimage"},"image":{"@id":"https:\/\/portaltela.pt\/noticias\/2026\/04\/23\/marco-rubio-nega-que-eua-tentem-impedir-o-irao-no-mundial-2026\/#primaryimage"},"thumbnailUrl":"https:\/\/portaltela.pt\/s.01k8rhncp4jt1\/2026\/04\/img_920x518uu2026-01-07-17-04-32-2413348.jpg","datePublished":"2026-04-23T23:47:47+00:00","author":{"@id":"https:\/\/portaltela.pt\/#\/schema\/person\/c4278d4a6028830caff9ee44b42d32ed"},"breadcrumb":{"@id":"https:\/\/portaltela.pt\/noticias\/2026\/04\/23\/marco-rubio-nega-que-eua-tentem-impedir-o-irao-no-mundial-2026\/#breadcrumb"},"inLanguage":"pt-PT","potentialAction":[{"@type":"ReadAction","target":["https:\/\/portaltela.pt\/noticias\/2026\/04\/23\/marco-rubio-nega-que-eua-tentem-impedir-o-irao-no-mundial-2026\/"]}]},{"@type":"ImageObject","inLanguage":"pt-PT","@id":"https:\/\/portaltela.pt\/noticias\/2026\/04\/23\/marco-rubio-nega-que-eua-tentem-impedir-o-irao-no-mundial-2026\/#primaryimage","url":"https:\/\/portaltela.pt\/s.01k8rhncp4jt1\/2026\/04\/img_920x518uu2026-01-07-17-04-32-2413348.jpg","contentUrl":"https:\/\/portaltela.pt\/s.01k8rhncp4jt1\/2026\/04\/img_920x518uu2026-01-07-17-04-32-2413348.jpg","width":796,"height":448,"caption":"Marco Rubio lidera o Departamento de Estado"},{"@type":"BreadcrumbList","@id":"https:\/\/portaltela.pt\/noticias\/2026\/04\/23\/marco-rubio-nega-que-eua-tentem-impedir-o-irao-no-mundial-2026\/#breadcrumb","itemListElement":[{"@type":"ListItem","position":1,"name":"In\u00edcio","item":"https:\/\/portaltela.pt\/"},{"@type":"ListItem","position":2,"name":"Marco Rubio nega que EUA tentem impedir o Ir\u00e3o no Mundial 2026"}]},{"@type":"WebSite","@id":"https:\/\/portaltela.pt\/#website","url":"https:\/\/portaltela.pt\/","name":"Portal Tela Portugal","description":"","potentialAction":[{"@type":"SearchAction","target":{"@type":"EntryPoint","urlTemplate":"https:\/\/portaltela.pt\/?s={search_term_string}"},"query-input":{"@type":"PropertyValueSpecification","valueRequired":true,"valueName":"search_term_string"}}],"inLanguage":"pt-PT"},{"@type":"Person","@id":"https:\/\/portaltela.pt\/#\/schema\/person\/c4278d4a6028830caff9ee44b42d32ed","name":"Telinha","image":{"@type":"ImageObject","inLanguage":"pt-PT","@id":"https:\/\/portaltela.pt\/s.01k8rhncp4jt1\/2025\/11\/talking-bot-125x125.png","url":"https:\/\/portaltela.pt\/s.01k8rhncp4jt1\/2025\/11\/talking-bot-125x125.png","contentUrl":"https:\/\/portaltela.pt\/s.01k8rhncp4jt1\/2025\/11\/talking-bot-125x125.png","caption":"Telinha"},"sameAs":["https:\/\/portaltela.pt\/"],"url":"https:\/\/portaltela.pt\/por\/367410592786\/"}]}},"_links":{"self":[{"href":"https:\/\/portaltela.pt\/api\/wp\/v2\/posts\/456903","targetHints":{"allow":["GET"]}}],"collection":[{"href":"https:\/\/portaltela.pt\/api\/wp\/v2\/posts"}],"about":[{"href":"https:\/\/portaltela.pt\/api\/wp\/v2\/types\/post"}],"author":[{"embeddable":true,"href":"https:\/\/portaltela.pt\/api\/wp\/v2\/users\/2"}],"replies":[{"embeddable":true,"href":"https:\/\/portaltela.pt\/api\/wp\/v2\/comments?post=456903"}],"version-history":[{"count":0,"href":"https:\/\/portaltela.pt\/api\/wp\/v2\/posts\/456903\/revisions"}],"wp:featuredmedia":[{"embeddable":true,"href":"https:\/\/portaltela.pt\/api\/wp\/v2\/media\/456904"}],"wp:attachment":[{"href":"https:\/\/portaltela.pt\/api\/wp\/v2\/media?parent=456903"}],"wp:term":[{"taxonomy":"category","embeddable":true,"href":"https:\/\/portaltela.pt\/api\/wp\/v2\/categories?post=456903"},{"taxonomy":"post_tag","embeddable":true,"href":"https:\/\/portaltela.pt\/api\/wp\/v2\/tags?post=456903"}],"curies":[{"name":"wp","href":"https:\/\/api.w.org\/{rel}","templated":true}]}}