{"id":456866,"date":"2026-04-23T19:33:19","date_gmt":"2026-04-23T22:33:19","guid":{"rendered":"https:\/\/portaltela.pt\/noticias\/2026\/04\/23\/david-bruno-anteve-temporada-diferente-torreense-tenta-levantar-a-taca\/"},"modified":"2026-04-23T19:33:19","modified_gmt":"2026-04-23T22:33:19","slug":"david-bruno-anteve-temporada-diferente-torreense-tenta-levantar-a-taca","status":"publish","type":"post","link":"https:\/\/portaltela.pt\/desporto\/futebol\/2026\/04\/23\/david-bruno-anteve-temporada-diferente-torreense-tenta-levantar-a-taca\/","title":{"rendered":"David Bruno antev\u00ea temporada diferente, Torreense tenta levantar a Ta\u00e7a"},"content":{"rendered":"<p>David Bruno abriu a sequ\u00eancia de celebra\u00e7\u00f5es no Manuel Marques ap\u00f3s a vit\u00f3ria do Torreense frente ao Fafe, por 2-0. O lateral-direito destacou a ambi\u00e7\u00e3o de conquistar a Ta\u00e7a de Portugal, agendada para o dia 24 de maio no Jamor, frente ao Sporting, bem como a possibilidade de subida \u00e0 Liga Betclic.<\/p>\n<p>A partida foi decisiva para manter o Torreense na luta pela ta\u00e7a e subir no campeonato, num encontro em que a equipa mostrou consist\u00eancia defensiva e efic\u00e1cia no ataque. Bruno reconheceu o apoio da cidade e dos torresenses ao longo do trajeto na competi\u00e7\u00e3o nacional.<\/p>\n<p>O jogador referiu ainda que faltam quatro finais no campeonato e que o objetivo hist\u00f3rico permanece poss\u00edvel, com a equipa centrada no pr\u00f3ximo desafio e no sonho de novo feito no torneio.<\/p>\n<h3>Contexto e pr\u00f3ximos passos<\/h3>\n<p>David Bruno afirmou \u00e0 Sport TV que a equipa est\u00e1 determinada a manter o n\u00edvel e a vencer as finais que restam, com foco tamb\u00e9m na Ta\u00e7a de Portugal frente ao Sporting. A vit\u00f3ria sobre o Fafe refor\u00e7a a esperan\u00e7a de continuidade da equipa na prova rainha e de poss\u00edvel subida de divis\u00e3o.<\/p>\n<p>O Torreense, treinado por [nome do treinador], segue assim com 1a prioridade na Ta\u00e7a, enquanto compete pelo campeonato, procurando consolidar posi\u00e7\u00e3o na classifica\u00e7\u00e3o. O objetivo \u00e9 manter-se competitivo at\u00e9 ao fim da temporada.<\/p>\n","protected":false},"excerpt":{"rendered":"<ul>\n<li>O Torreense venceu o Fafe por 2-0 no est\u00e1dio Manuel Marques, em jogo da Ta\u00e7a de Portugal.<\/li>\n<li>David Bruno revelou a alegria do momento e a ambi\u00e7\u00e3o de vencer a Ta\u00e7a no Jamor.<\/li>\n<li>A final est\u00e1 marcada para o dia 24 de maio, no Jamor, frente ao Sporting.<\/li>\n<li>Al\u00e9m da Ta\u00e7a, o objetivo do clube passa pela subida \u00e0 Liga Betclic, ainda com quatro finais no campeonato.<\/li>\n<li>O jogador destacou o apoio da cidade e o momento hist\u00f3rico que a equipa est\u00e1 a viver.<\/li>\n<\/ul>\n","protected":false},"author":2,"featured_media":456871,"comment_status":"closed","ping_status":"closed","sticky":false,"template":"","format":"standard","meta":{"footnotes":""},"categories":[21,24],"tags":[4059,1147,32,2245,1652,1266],"class_list":["post-456866","post","type-post","status-publish","format-standard","has-post-thumbnail","hentry","category-desporto","category-futebol","tag-1-a-liga","tag-fafe","tag-futebol","tag-liga-betclic","tag-sporting","tag-taca-de-portugal"],"yoast_head":"<!-- This site is optimized with the Yoast SEO plugin v27.2 - https:\/\/yoast.com\/product\/yoast-seo-wordpress\/ -->\n<title>David Bruno antev\u00ea temporada diferente, Torreense tenta levantar a Ta\u00e7a - Portal Tela Portugal<\/title>\n<meta name=\"robots\" content=\"index, follow, max-snippet:-1, max-image-preview:large, max-video-preview:-1\" \/>\n<meta property=\"og:locale\" content=\"pt_PT\" \/>\n<meta property=\"og:type\" content=\"article\" \/>\n<meta property=\"og:title\" content=\"David Bruno antev\u00ea temporada diferente, Torreense tenta levantar a Ta\u00e7a - Portal Tela Portugal\" \/>\n<meta property=\"og:description\" content=\"O Torreense venceu o Fafe por 2-0 no est\u00e1dio Manuel Marques, em jogo da Ta\u00e7a de Portugal. David Bruno revelou a alegria do momento e a ambi\u00e7\u00e3o de vencer a Ta\u00e7a no Jamor. A final est\u00e1 marcada para o dia 24 de maio, no Jamor, frente ao Sporting. Al\u00e9m da Ta\u00e7a, o objetivo do clube passa pela subida \u00e0 Liga Betclic, ainda com quatro finais no campeonato. O jogador destacou o apoio da cidade e o momento hist\u00f3rico que a equipa est\u00e1 a viver.\" \/>\n<meta property=\"og:url\" content=\"https:\/\/portaltela.pt\/noticias\/2026\/04\/23\/david-bruno-anteve-temporada-diferente-torreense-tenta-levantar-a-taca\/\" \/>\n<meta property=\"og:site_name\" content=\"Portal Tela Portugal\" \/>\n<meta property=\"article:published_time\" content=\"2026-04-23T22:33:19+00:00\" \/>\n<meta name=\"author\" content=\"Telinha\" \/>\n<meta name=\"twitter:card\" content=\"summary_large_image\" \/>\n<meta name=\"twitter:label1\" content=\"Escrito por\" \/>\n\t<meta name=\"twitter:data1\" content=\"Telinha\" \/>\n\t<meta name=\"twitter:label2\" content=\"Tempo estimado de leitura\" \/>\n\t<meta name=\"twitter:data2\" content=\"1 minuto\" \/>\n<script type=\"application\/ld+json\" class=\"yoast-schema-graph\">{\"@context\":\"https:\/\/schema.org\",\"@graph\":[{\"@type\":\"Article\",\"@id\":\"https:\/\/portaltela.pt\/noticias\/2026\/04\/23\/david-bruno-anteve-temporada-diferente-torreense-tenta-levantar-a-taca\/#article\",\"isPartOf\":{\"@id\":\"https:\/\/portaltela.pt\/noticias\/2026\/04\/23\/david-bruno-anteve-temporada-diferente-torreense-tenta-levantar-a-taca\/\"},\"author\":{\"name\":\"Telinha\",\"@id\":\"https:\/\/portaltela.pt\/#\/schema\/person\/c4278d4a6028830caff9ee44b42d32ed\"},\"headline\":\"David Bruno antev\u00ea temporada diferente, Torreense tenta levantar a Ta\u00e7a\",\"datePublished\":\"2026-04-23T22:33:19+00:00\",\"mainEntityOfPage\":{\"@id\":\"https:\/\/portaltela.pt\/noticias\/2026\/04\/23\/david-bruno-anteve-temporada-diferente-torreense-tenta-levantar-a-taca\/\"},\"wordCount\":251,\"image\":{\"@id\":\"https:\/\/portaltela.pt\/noticias\/2026\/04\/23\/david-bruno-anteve-temporada-diferente-torreense-tenta-levantar-a-taca\/#primaryimage\"},\"thumbnailUrl\":\"https:\/\/portaltela.pt\/s.01k8rhncp4jt1\/2026\/04\/img_920x518uu2026-04-23-23-22-43-2434984.jpg\",\"keywords\":[\"1.\u00aa Liga\",\"Fafe\",\"futebol\",\"Liga Betclic\",\"Sporting\",\"Ta\u00e7a de Portugal\"],\"articleSection\":[\"Desporto\",\"Futebol\"],\"inLanguage\":\"pt-PT\"},{\"@type\":\"WebPage\",\"@id\":\"https:\/\/portaltela.pt\/noticias\/2026\/04\/23\/david-bruno-anteve-temporada-diferente-torreense-tenta-levantar-a-taca\/\",\"url\":\"https:\/\/portaltela.pt\/noticias\/2026\/04\/23\/david-bruno-anteve-temporada-diferente-torreense-tenta-levantar-a-taca\/\",\"name\":\"David Bruno antev\u00ea temporada diferente, Torreense tenta levantar a Ta\u00e7a - Portal Tela Portugal\",\"isPartOf\":{\"@id\":\"https:\/\/portaltela.pt\/#website\"},\"primaryImageOfPage\":{\"@id\":\"https:\/\/portaltela.pt\/noticias\/2026\/04\/23\/david-bruno-anteve-temporada-diferente-torreense-tenta-levantar-a-taca\/#primaryimage\"},\"image\":{\"@id\":\"https:\/\/portaltela.pt\/noticias\/2026\/04\/23\/david-bruno-anteve-temporada-diferente-torreense-tenta-levantar-a-taca\/#primaryimage\"},\"thumbnailUrl\":\"https:\/\/portaltela.pt\/s.01k8rhncp4jt1\/2026\/04\/img_920x518uu2026-04-23-23-22-43-2434984.jpg\",\"datePublished\":\"2026-04-23T22:33:19+00:00\",\"author\":{\"@id\":\"https:\/\/portaltela.pt\/#\/schema\/person\/c4278d4a6028830caff9ee44b42d32ed\"},\"breadcrumb\":{\"@id\":\"https:\/\/portaltela.pt\/noticias\/2026\/04\/23\/david-bruno-anteve-temporada-diferente-torreense-tenta-levantar-a-taca\/#breadcrumb\"},\"inLanguage\":\"pt-PT\",\"potentialAction\":[{\"@type\":\"ReadAction\",\"target\":[\"https:\/\/portaltela.pt\/noticias\/2026\/04\/23\/david-bruno-anteve-temporada-diferente-torreense-tenta-levantar-a-taca\/\"]}]},{\"@type\":\"ImageObject\",\"inLanguage\":\"pt-PT\",\"@id\":\"https:\/\/portaltela.pt\/noticias\/2026\/04\/23\/david-bruno-anteve-temporada-diferente-torreense-tenta-levantar-a-taca\/#primaryimage\",\"url\":\"https:\/\/portaltela.pt\/s.01k8rhncp4jt1\/2026\/04\/img_920x518uu2026-04-23-23-22-43-2434984.jpg\",\"contentUrl\":\"https:\/\/portaltela.pt\/s.01k8rhncp4jt1\/2026\/04\/img_920x518uu2026-04-23-23-22-43-2434984.jpg\",\"width\":796,\"height\":448,\"caption\":\"Torreense celebra com os adeptos a passagem \u00e0 final da Ta\u00e7a de Portugal\"},{\"@type\":\"BreadcrumbList\",\"@id\":\"https:\/\/portaltela.pt\/noticias\/2026\/04\/23\/david-bruno-anteve-temporada-diferente-torreense-tenta-levantar-a-taca\/#breadcrumb\",\"itemListElement\":[{\"@type\":\"ListItem\",\"position\":1,\"name\":\"In\u00edcio\",\"item\":\"https:\/\/portaltela.pt\/\"},{\"@type\":\"ListItem\",\"position\":2,\"name\":\"David Bruno antev\u00ea temporada diferente, Torreense tenta levantar a Ta\u00e7a\"}]},{\"@type\":\"WebSite\",\"@id\":\"https:\/\/portaltela.pt\/#website\",\"url\":\"https:\/\/portaltela.pt\/\",\"name\":\"Portal Tela Portugal\",\"description\":\"\",\"potentialAction\":[{\"@type\":\"SearchAction\",\"target\":{\"@type\":\"EntryPoint\",\"urlTemplate\":\"https:\/\/portaltela.pt\/?s={search_term_string}\"},\"query-input\":{\"@type\":\"PropertyValueSpecification\",\"valueRequired\":true,\"valueName\":\"search_term_string\"}}],\"inLanguage\":\"pt-PT\"},{\"@type\":\"Person\",\"@id\":\"https:\/\/portaltela.pt\/#\/schema\/person\/c4278d4a6028830caff9ee44b42d32ed\",\"name\":\"Telinha\",\"image\":{\"@type\":\"ImageObject\",\"inLanguage\":\"pt-PT\",\"@id\":\"https:\/\/portaltela.pt\/s.01k8rhncp4jt1\/2025\/11\/talking-bot-125x125.png\",\"url\":\"https:\/\/portaltela.pt\/s.01k8rhncp4jt1\/2025\/11\/talking-bot-125x125.png\",\"contentUrl\":\"https:\/\/portaltela.pt\/s.01k8rhncp4jt1\/2025\/11\/talking-bot-125x125.png\",\"caption\":\"Telinha\"},\"sameAs\":[\"https:\/\/portaltela.pt\/\"],\"url\":\"https:\/\/portaltela.pt\/por\/367410592786\/\"}]}<\/script>\n<!-- \/ Yoast SEO plugin. -->","yoast_head_json":{"title":"David Bruno antev\u00ea temporada diferente, Torreense tenta levantar a Ta\u00e7a - Portal Tela Portugal","robots":{"index":"index","follow":"follow","max-snippet":"max-snippet:-1","max-image-preview":"max-image-preview:large","max-video-preview":"max-video-preview:-1"},"og_locale":"pt_PT","og_type":"article","og_title":"David Bruno antev\u00ea temporada diferente, Torreense tenta levantar a Ta\u00e7a - Portal Tela Portugal","og_description":"O Torreense venceu o Fafe por 2-0 no est\u00e1dio Manuel Marques, em jogo da Ta\u00e7a de Portugal. David Bruno revelou a alegria do momento e a ambi\u00e7\u00e3o de vencer a Ta\u00e7a no Jamor. A final est\u00e1 marcada para o dia 24 de maio, no Jamor, frente ao Sporting. Al\u00e9m da Ta\u00e7a, o objetivo do clube passa pela subida \u00e0 Liga Betclic, ainda com quatro finais no campeonato. O jogador destacou o apoio da cidade e o momento hist\u00f3rico que a equipa est\u00e1 a viver.","og_url":"https:\/\/portaltela.pt\/noticias\/2026\/04\/23\/david-bruno-anteve-temporada-diferente-torreense-tenta-levantar-a-taca\/","og_site_name":"Portal Tela Portugal","article_published_time":"2026-04-23T22:33:19+00:00","author":"Telinha","twitter_card":"summary_large_image","twitter_misc":{"Escrito por":"Telinha","Tempo estimado de leitura":"1 minuto"},"schema":{"@context":"https:\/\/schema.org","@graph":[{"@type":"Article","@id":"https:\/\/portaltela.pt\/noticias\/2026\/04\/23\/david-bruno-anteve-temporada-diferente-torreense-tenta-levantar-a-taca\/#article","isPartOf":{"@id":"https:\/\/portaltela.pt\/noticias\/2026\/04\/23\/david-bruno-anteve-temporada-diferente-torreense-tenta-levantar-a-taca\/"},"author":{"name":"Telinha","@id":"https:\/\/portaltela.pt\/#\/schema\/person\/c4278d4a6028830caff9ee44b42d32ed"},"headline":"David Bruno antev\u00ea temporada diferente, Torreense tenta levantar a Ta\u00e7a","datePublished":"2026-04-23T22:33:19+00:00","mainEntityOfPage":{"@id":"https:\/\/portaltela.pt\/noticias\/2026\/04\/23\/david-bruno-anteve-temporada-diferente-torreense-tenta-levantar-a-taca\/"},"wordCount":251,"image":{"@id":"https:\/\/portaltela.pt\/noticias\/2026\/04\/23\/david-bruno-anteve-temporada-diferente-torreense-tenta-levantar-a-taca\/#primaryimage"},"thumbnailUrl":"https:\/\/portaltela.pt\/s.01k8rhncp4jt1\/2026\/04\/img_920x518uu2026-04-23-23-22-43-2434984.jpg","keywords":["1.\u00aa Liga","Fafe","futebol","Liga Betclic","Sporting","Ta\u00e7a de Portugal"],"articleSection":["Desporto","Futebol"],"inLanguage":"pt-PT"},{"@type":"WebPage","@id":"https:\/\/portaltela.pt\/noticias\/2026\/04\/23\/david-bruno-anteve-temporada-diferente-torreense-tenta-levantar-a-taca\/","url":"https:\/\/portaltela.pt\/noticias\/2026\/04\/23\/david-bruno-anteve-temporada-diferente-torreense-tenta-levantar-a-taca\/","name":"David Bruno antev\u00ea temporada diferente, Torreense tenta levantar a Ta\u00e7a - Portal Tela Portugal","isPartOf":{"@id":"https:\/\/portaltela.pt\/#website"},"primaryImageOfPage":{"@id":"https:\/\/portaltela.pt\/noticias\/2026\/04\/23\/david-bruno-anteve-temporada-diferente-torreense-tenta-levantar-a-taca\/#primaryimage"},"image":{"@id":"https:\/\/portaltela.pt\/noticias\/2026\/04\/23\/david-bruno-anteve-temporada-diferente-torreense-tenta-levantar-a-taca\/#primaryimage"},"thumbnailUrl":"https:\/\/portaltela.pt\/s.01k8rhncp4jt1\/2026\/04\/img_920x518uu2026-04-23-23-22-43-2434984.jpg","datePublished":"2026-04-23T22:33:19+00:00","author":{"@id":"https:\/\/portaltela.pt\/#\/schema\/person\/c4278d4a6028830caff9ee44b42d32ed"},"breadcrumb":{"@id":"https:\/\/portaltela.pt\/noticias\/2026\/04\/23\/david-bruno-anteve-temporada-diferente-torreense-tenta-levantar-a-taca\/#breadcrumb"},"inLanguage":"pt-PT","potentialAction":[{"@type":"ReadAction","target":["https:\/\/portaltela.pt\/noticias\/2026\/04\/23\/david-bruno-anteve-temporada-diferente-torreense-tenta-levantar-a-taca\/"]}]},{"@type":"ImageObject","inLanguage":"pt-PT","@id":"https:\/\/portaltela.pt\/noticias\/2026\/04\/23\/david-bruno-anteve-temporada-diferente-torreense-tenta-levantar-a-taca\/#primaryimage","url":"https:\/\/portaltela.pt\/s.01k8rhncp4jt1\/2026\/04\/img_920x518uu2026-04-23-23-22-43-2434984.jpg","contentUrl":"https:\/\/portaltela.pt\/s.01k8rhncp4jt1\/2026\/04\/img_920x518uu2026-04-23-23-22-43-2434984.jpg","width":796,"height":448,"caption":"Torreense celebra com os adeptos a passagem \u00e0 final da Ta\u00e7a de Portugal"},{"@type":"BreadcrumbList","@id":"https:\/\/portaltela.pt\/noticias\/2026\/04\/23\/david-bruno-anteve-temporada-diferente-torreense-tenta-levantar-a-taca\/#breadcrumb","itemListElement":[{"@type":"ListItem","position":1,"name":"In\u00edcio","item":"https:\/\/portaltela.pt\/"},{"@type":"ListItem","position":2,"name":"David Bruno antev\u00ea temporada diferente, Torreense tenta levantar a Ta\u00e7a"}]},{"@type":"WebSite","@id":"https:\/\/portaltela.pt\/#website","url":"https:\/\/portaltela.pt\/","name":"Portal Tela Portugal","description":"","potentialAction":[{"@type":"SearchAction","target":{"@type":"EntryPoint","urlTemplate":"https:\/\/portaltela.pt\/?s={search_term_string}"},"query-input":{"@type":"PropertyValueSpecification","valueRequired":true,"valueName":"search_term_string"}}],"inLanguage":"pt-PT"},{"@type":"Person","@id":"https:\/\/portaltela.pt\/#\/schema\/person\/c4278d4a6028830caff9ee44b42d32ed","name":"Telinha","image":{"@type":"ImageObject","inLanguage":"pt-PT","@id":"https:\/\/portaltela.pt\/s.01k8rhncp4jt1\/2025\/11\/talking-bot-125x125.png","url":"https:\/\/portaltela.pt\/s.01k8rhncp4jt1\/2025\/11\/talking-bot-125x125.png","contentUrl":"https:\/\/portaltela.pt\/s.01k8rhncp4jt1\/2025\/11\/talking-bot-125x125.png","caption":"Telinha"},"sameAs":["https:\/\/portaltela.pt\/"],"url":"https:\/\/portaltela.pt\/por\/367410592786\/"}]}},"_links":{"self":[{"href":"https:\/\/portaltela.pt\/api\/wp\/v2\/posts\/456866","targetHints":{"allow":["GET"]}}],"collection":[{"href":"https:\/\/portaltela.pt\/api\/wp\/v2\/posts"}],"about":[{"href":"https:\/\/portaltela.pt\/api\/wp\/v2\/types\/post"}],"author":[{"embeddable":true,"href":"https:\/\/portaltela.pt\/api\/wp\/v2\/users\/2"}],"replies":[{"embeddable":true,"href":"https:\/\/portaltela.pt\/api\/wp\/v2\/comments?post=456866"}],"version-history":[{"count":0,"href":"https:\/\/portaltela.pt\/api\/wp\/v2\/posts\/456866\/revisions"}],"wp:featuredmedia":[{"embeddable":true,"href":"https:\/\/portaltela.pt\/api\/wp\/v2\/media\/456871"}],"wp:attachment":[{"href":"https:\/\/portaltela.pt\/api\/wp\/v2\/media?parent=456866"}],"wp:term":[{"taxonomy":"category","embeddable":true,"href":"https:\/\/portaltela.pt\/api\/wp\/v2\/categories?post=456866"},{"taxonomy":"post_tag","embeddable":true,"href":"https:\/\/portaltela.pt\/api\/wp\/v2\/tags?post=456866"}],"curies":[{"name":"wp","href":"https:\/\/api.w.org\/{rel}","templated":true}]}}