{"id":456853,"date":"2026-04-23T19:18:12","date_gmt":"2026-04-23T22:18:12","guid":{"rendered":"https:\/\/portaltela.pt\/noticias\/2026\/04\/23\/tomas-araujo-assistiu-ao-torreense-fafe-no-manuel-marques\/"},"modified":"2026-04-23T19:18:12","modified_gmt":"2026-04-23T22:18:12","slug":"tomas-araujo-assistiu-ao-torreense-fafe-no-manuel-marques","status":"publish","type":"post","link":"https:\/\/portaltela.pt\/desporto\/futebol\/2026\/04\/23\/tomas-araujo-assistiu-ao-torreense-fafe-no-manuel-marques\/","title":{"rendered":"Tom\u00e1s Ara\u00fajo assistiu ao Torreense-Fafe no Manuel Marques"},"content":{"rendered":"<p>Tom\u00e1s Ara\u00fajo, defesa-central do Benfica, esteve esta quinta-feira no Est\u00e1dio Manuel Marques, em Torres Vedras, a ver o Torreense-Fafe (2-0), correspondente \u00e0 segunda m\u00e3o das meias-finais da Ta\u00e7a de Portugal. O jogador foi filmado pela transmiss\u00e3o da Sport TV durante o encontro.<\/p>\n<p>A not\u00edcia vem na sequ\u00eancia de o internacional portugu\u00eas ter sido observado em tempo real durante a partida da equipa da regi\u00e3o de Lisboa. A presen\u00e7a do defesa-central no recinto n\u00e3o foi anunciada pela equipa de arbitragem nem pela imprensa oficial do clube.<\/p>\n<p>No \u00faltimo domingo, Tom\u00e1s Ara\u00fajo disputou o d\u00e9rbi com o Benfica, que terminou 2-1, e regressa de uma vit\u00f3ria que deixou o jogador com queixas nos g\u00e9meos da perna esquerda. A recupera\u00e7\u00e3o est\u00e1 a ser acompanhada pela estrutura m\u00e9dica.<\/p>\n<h3>Estado de forma e pr\u00f3ximas fases<\/h3>\n<p>A cinco dias de o Benfica medir for\u00e7as com o Moreirense, para a 31.\u00aa jornada da Liga Portugal Betclic, o jogador continua em d\u00favida para a desloca\u00e7\u00e3o ao terreno do Famalic\u00e3o. A desloca\u00e7\u00e3o de s\u00e1bado est\u00e1 marcada para as 18h00.<\/p>\n<p>A equipa m\u00e9dica do Benfica n\u00e3o divulgou detalhes adicionais sobre o estado do atleta. A prioridade \u00e9 determinar se o atleta est\u00e1 apto para atuar ou se ser\u00e1 necess\u00e1rio partir para uma alternativa na organiza\u00e7\u00e3o da defesa.<\/p>\n","protected":false},"excerpt":{"rendered":"<ul>\n<li>Tom\u00e1s Ara\u00fajo, defesa-central do Benfica, esteve quinta-feira no Est\u00e1dio Manuel Marques, em Torres Vedras, a assistir ao Torreense-Fafe (2-0), na segunda m\u00e3o das meias-finais da Ta\u00e7a de Portugal.<\/li>\n<li>O jogador foi apanhado pela transmiss\u00e3o da Sport TV durante o evento.<\/li>\n<li>A partida marcou a segunda m\u00e3o da eliminat\u00f3ria entre Torreense e Fafe, disputada em Torres Vedras.<\/li>\n<li>Ara\u00fajo falhar\u00e1 o jogo com o Moreirense, da 31.\u00aa jornada da Liga Portugal Betclic, agendado para s\u00e1bado \u00e0s 18h.<\/li>\n<li>O defesa-central terminou o d\u00e9rbi do \u00faltimo domingo (1-2) com queixas nos g\u00e9meos da perna esquerda, mantendo-se em d\u00favida para o confronto em casa do Famalic\u00e3o.<\/li>\n<\/ul>\n","protected":false},"author":2,"featured_media":456859,"comment_status":"closed","ping_status":"closed","sticky":false,"template":"","format":"standard","meta":{"footnotes":""},"categories":[21,24],"tags":[1946,1147,32,2538,1266,3226],"class_list":["post-456853","post","type-post","status-publish","format-standard","has-post-thumbnail","hentry","category-desporto","category-futebol","tag-benfica","tag-fafe","tag-futebol","tag-lesoes","tag-taca-de-portugal","tag-torreense"],"yoast_head":"<!-- This site is optimized with the Yoast SEO plugin v27.2 - https:\/\/yoast.com\/product\/yoast-seo-wordpress\/ -->\n<title>Tom\u00e1s Ara\u00fajo assistiu ao Torreense-Fafe no Manuel Marques - Portal Tela Portugal<\/title>\n<meta name=\"robots\" content=\"index, follow, max-snippet:-1, max-image-preview:large, max-video-preview:-1\" \/>\n<meta property=\"og:locale\" content=\"pt_PT\" \/>\n<meta property=\"og:type\" content=\"article\" \/>\n<meta property=\"og:title\" content=\"Tom\u00e1s Ara\u00fajo assistiu ao Torreense-Fafe no Manuel Marques - Portal Tela Portugal\" \/>\n<meta property=\"og:description\" content=\"Tom\u00e1s Ara\u00fajo, defesa-central do Benfica, esteve quinta-feira no Est\u00e1dio Manuel Marques, em Torres Vedras, a assistir ao Torreense-Fafe (2-0), na segunda m\u00e3o das meias-finais da Ta\u00e7a de Portugal. O jogador foi apanhado pela transmiss\u00e3o da Sport TV durante o evento. A partida marcou a segunda m\u00e3o da eliminat\u00f3ria entre Torreense e Fafe, disputada em Torres Vedras. Ara\u00fajo falhar\u00e1 o jogo com o Moreirense, da 31.\u00aa jornada da Liga Portugal Betclic, agendado para s\u00e1bado \u00e0s 18h. O defesa-central terminou o d\u00e9rbi do \u00faltimo domingo (1-2) com queixas nos g\u00e9meos da perna esquerda, mantendo-se em d\u00favida para o confronto em casa do Famalic\u00e3o.\" \/>\n<meta property=\"og:url\" content=\"https:\/\/portaltela.pt\/noticias\/2026\/04\/23\/tomas-araujo-assistiu-ao-torreense-fafe-no-manuel-marques\/\" \/>\n<meta property=\"og:site_name\" content=\"Portal Tela Portugal\" \/>\n<meta property=\"article:published_time\" content=\"2026-04-23T22:18:12+00:00\" \/>\n<meta name=\"author\" content=\"Telinha\" \/>\n<meta name=\"twitter:card\" content=\"summary_large_image\" \/>\n<meta name=\"twitter:label1\" content=\"Escrito por\" \/>\n\t<meta name=\"twitter:data1\" content=\"Telinha\" \/>\n\t<meta name=\"twitter:label2\" content=\"Tempo estimado de leitura\" \/>\n\t<meta name=\"twitter:data2\" content=\"1 minuto\" \/>\n<script type=\"application\/ld+json\" class=\"yoast-schema-graph\">{\"@context\":\"https:\/\/schema.org\",\"@graph\":[{\"@type\":\"Article\",\"@id\":\"https:\/\/portaltela.pt\/noticias\/2026\/04\/23\/tomas-araujo-assistiu-ao-torreense-fafe-no-manuel-marques\/#article\",\"isPartOf\":{\"@id\":\"https:\/\/portaltela.pt\/noticias\/2026\/04\/23\/tomas-araujo-assistiu-ao-torreense-fafe-no-manuel-marques\/\"},\"author\":{\"name\":\"Telinha\",\"@id\":\"https:\/\/portaltela.pt\/#\/schema\/person\/c4278d4a6028830caff9ee44b42d32ed\"},\"headline\":\"Tom\u00e1s Ara\u00fajo assistiu ao Torreense-Fafe no Manuel Marques\",\"datePublished\":\"2026-04-23T22:18:12+00:00\",\"mainEntityOfPage\":{\"@id\":\"https:\/\/portaltela.pt\/noticias\/2026\/04\/23\/tomas-araujo-assistiu-ao-torreense-fafe-no-manuel-marques\/\"},\"wordCount\":244,\"image\":{\"@id\":\"https:\/\/portaltela.pt\/noticias\/2026\/04\/23\/tomas-araujo-assistiu-ao-torreense-fafe-no-manuel-marques\/#primaryimage\"},\"thumbnailUrl\":\"https:\/\/portaltela.pt\/s.01k8rhncp4jt1\/2026\/04\/img_920x518uu2026-04-23-23-04-47-2434980.jpg\",\"keywords\":[\"Benfica\",\"Fafe\",\"futebol\",\"les\u00f5es\",\"Ta\u00e7a de Portugal\",\"Torreense\"],\"articleSection\":[\"Desporto\",\"Futebol\"],\"inLanguage\":\"pt-PT\"},{\"@type\":\"WebPage\",\"@id\":\"https:\/\/portaltela.pt\/noticias\/2026\/04\/23\/tomas-araujo-assistiu-ao-torreense-fafe-no-manuel-marques\/\",\"url\":\"https:\/\/portaltela.pt\/noticias\/2026\/04\/23\/tomas-araujo-assistiu-ao-torreense-fafe-no-manuel-marques\/\",\"name\":\"Tom\u00e1s Ara\u00fajo assistiu ao Torreense-Fafe no Manuel Marques - Portal Tela Portugal\",\"isPartOf\":{\"@id\":\"https:\/\/portaltela.pt\/#website\"},\"primaryImageOfPage\":{\"@id\":\"https:\/\/portaltela.pt\/noticias\/2026\/04\/23\/tomas-araujo-assistiu-ao-torreense-fafe-no-manuel-marques\/#primaryimage\"},\"image\":{\"@id\":\"https:\/\/portaltela.pt\/noticias\/2026\/04\/23\/tomas-araujo-assistiu-ao-torreense-fafe-no-manuel-marques\/#primaryimage\"},\"thumbnailUrl\":\"https:\/\/portaltela.pt\/s.01k8rhncp4jt1\/2026\/04\/img_920x518uu2026-04-23-23-04-47-2434980.jpg\",\"datePublished\":\"2026-04-23T22:18:12+00:00\",\"author\":{\"@id\":\"https:\/\/portaltela.pt\/#\/schema\/person\/c4278d4a6028830caff9ee44b42d32ed\"},\"breadcrumb\":{\"@id\":\"https:\/\/portaltela.pt\/noticias\/2026\/04\/23\/tomas-araujo-assistiu-ao-torreense-fafe-no-manuel-marques\/#breadcrumb\"},\"inLanguage\":\"pt-PT\",\"potentialAction\":[{\"@type\":\"ReadAction\",\"target\":[\"https:\/\/portaltela.pt\/noticias\/2026\/04\/23\/tomas-araujo-assistiu-ao-torreense-fafe-no-manuel-marques\/\"]}]},{\"@type\":\"ImageObject\",\"inLanguage\":\"pt-PT\",\"@id\":\"https:\/\/portaltela.pt\/noticias\/2026\/04\/23\/tomas-araujo-assistiu-ao-torreense-fafe-no-manuel-marques\/#primaryimage\",\"url\":\"https:\/\/portaltela.pt\/s.01k8rhncp4jt1\/2026\/04\/img_920x518uu2026-04-23-23-04-47-2434980.jpg\",\"contentUrl\":\"https:\/\/portaltela.pt\/s.01k8rhncp4jt1\/2026\/04\/img_920x518uu2026-04-23-23-04-47-2434980.jpg\",\"width\":796,\"height\":448,\"caption\":\"Tom\u00e1s Ara\u00fajo\"},{\"@type\":\"BreadcrumbList\",\"@id\":\"https:\/\/portaltela.pt\/noticias\/2026\/04\/23\/tomas-araujo-assistiu-ao-torreense-fafe-no-manuel-marques\/#breadcrumb\",\"itemListElement\":[{\"@type\":\"ListItem\",\"position\":1,\"name\":\"In\u00edcio\",\"item\":\"https:\/\/portaltela.pt\/\"},{\"@type\":\"ListItem\",\"position\":2,\"name\":\"Tom\u00e1s Ara\u00fajo assistiu ao Torreense-Fafe no Manuel Marques\"}]},{\"@type\":\"WebSite\",\"@id\":\"https:\/\/portaltela.pt\/#website\",\"url\":\"https:\/\/portaltela.pt\/\",\"name\":\"Portal Tela Portugal\",\"description\":\"\",\"potentialAction\":[{\"@type\":\"SearchAction\",\"target\":{\"@type\":\"EntryPoint\",\"urlTemplate\":\"https:\/\/portaltela.pt\/?s={search_term_string}\"},\"query-input\":{\"@type\":\"PropertyValueSpecification\",\"valueRequired\":true,\"valueName\":\"search_term_string\"}}],\"inLanguage\":\"pt-PT\"},{\"@type\":\"Person\",\"@id\":\"https:\/\/portaltela.pt\/#\/schema\/person\/c4278d4a6028830caff9ee44b42d32ed\",\"name\":\"Telinha\",\"image\":{\"@type\":\"ImageObject\",\"inLanguage\":\"pt-PT\",\"@id\":\"https:\/\/portaltela.pt\/s.01k8rhncp4jt1\/2025\/11\/talking-bot-125x125.png\",\"url\":\"https:\/\/portaltela.pt\/s.01k8rhncp4jt1\/2025\/11\/talking-bot-125x125.png\",\"contentUrl\":\"https:\/\/portaltela.pt\/s.01k8rhncp4jt1\/2025\/11\/talking-bot-125x125.png\",\"caption\":\"Telinha\"},\"sameAs\":[\"https:\/\/portaltela.pt\/\"],\"url\":\"https:\/\/portaltela.pt\/por\/367410592786\/\"}]}<\/script>\n<!-- \/ Yoast SEO plugin. -->","yoast_head_json":{"title":"Tom\u00e1s Ara\u00fajo assistiu ao Torreense-Fafe no Manuel Marques - Portal Tela Portugal","robots":{"index":"index","follow":"follow","max-snippet":"max-snippet:-1","max-image-preview":"max-image-preview:large","max-video-preview":"max-video-preview:-1"},"og_locale":"pt_PT","og_type":"article","og_title":"Tom\u00e1s Ara\u00fajo assistiu ao Torreense-Fafe no Manuel Marques - Portal Tela Portugal","og_description":"Tom\u00e1s Ara\u00fajo, defesa-central do Benfica, esteve quinta-feira no Est\u00e1dio Manuel Marques, em Torres Vedras, a assistir ao Torreense-Fafe (2-0), na segunda m\u00e3o das meias-finais da Ta\u00e7a de Portugal. O jogador foi apanhado pela transmiss\u00e3o da Sport TV durante o evento. A partida marcou a segunda m\u00e3o da eliminat\u00f3ria entre Torreense e Fafe, disputada em Torres Vedras. Ara\u00fajo falhar\u00e1 o jogo com o Moreirense, da 31.\u00aa jornada da Liga Portugal Betclic, agendado para s\u00e1bado \u00e0s 18h. O defesa-central terminou o d\u00e9rbi do \u00faltimo domingo (1-2) com queixas nos g\u00e9meos da perna esquerda, mantendo-se em d\u00favida para o confronto em casa do Famalic\u00e3o.","og_url":"https:\/\/portaltela.pt\/noticias\/2026\/04\/23\/tomas-araujo-assistiu-ao-torreense-fafe-no-manuel-marques\/","og_site_name":"Portal Tela Portugal","article_published_time":"2026-04-23T22:18:12+00:00","author":"Telinha","twitter_card":"summary_large_image","twitter_misc":{"Escrito por":"Telinha","Tempo estimado de leitura":"1 minuto"},"schema":{"@context":"https:\/\/schema.org","@graph":[{"@type":"Article","@id":"https:\/\/portaltela.pt\/noticias\/2026\/04\/23\/tomas-araujo-assistiu-ao-torreense-fafe-no-manuel-marques\/#article","isPartOf":{"@id":"https:\/\/portaltela.pt\/noticias\/2026\/04\/23\/tomas-araujo-assistiu-ao-torreense-fafe-no-manuel-marques\/"},"author":{"name":"Telinha","@id":"https:\/\/portaltela.pt\/#\/schema\/person\/c4278d4a6028830caff9ee44b42d32ed"},"headline":"Tom\u00e1s Ara\u00fajo assistiu ao Torreense-Fafe no Manuel Marques","datePublished":"2026-04-23T22:18:12+00:00","mainEntityOfPage":{"@id":"https:\/\/portaltela.pt\/noticias\/2026\/04\/23\/tomas-araujo-assistiu-ao-torreense-fafe-no-manuel-marques\/"},"wordCount":244,"image":{"@id":"https:\/\/portaltela.pt\/noticias\/2026\/04\/23\/tomas-araujo-assistiu-ao-torreense-fafe-no-manuel-marques\/#primaryimage"},"thumbnailUrl":"https:\/\/portaltela.pt\/s.01k8rhncp4jt1\/2026\/04\/img_920x518uu2026-04-23-23-04-47-2434980.jpg","keywords":["Benfica","Fafe","futebol","les\u00f5es","Ta\u00e7a de Portugal","Torreense"],"articleSection":["Desporto","Futebol"],"inLanguage":"pt-PT"},{"@type":"WebPage","@id":"https:\/\/portaltela.pt\/noticias\/2026\/04\/23\/tomas-araujo-assistiu-ao-torreense-fafe-no-manuel-marques\/","url":"https:\/\/portaltela.pt\/noticias\/2026\/04\/23\/tomas-araujo-assistiu-ao-torreense-fafe-no-manuel-marques\/","name":"Tom\u00e1s Ara\u00fajo assistiu ao Torreense-Fafe no Manuel Marques - Portal Tela Portugal","isPartOf":{"@id":"https:\/\/portaltela.pt\/#website"},"primaryImageOfPage":{"@id":"https:\/\/portaltela.pt\/noticias\/2026\/04\/23\/tomas-araujo-assistiu-ao-torreense-fafe-no-manuel-marques\/#primaryimage"},"image":{"@id":"https:\/\/portaltela.pt\/noticias\/2026\/04\/23\/tomas-araujo-assistiu-ao-torreense-fafe-no-manuel-marques\/#primaryimage"},"thumbnailUrl":"https:\/\/portaltela.pt\/s.01k8rhncp4jt1\/2026\/04\/img_920x518uu2026-04-23-23-04-47-2434980.jpg","datePublished":"2026-04-23T22:18:12+00:00","author":{"@id":"https:\/\/portaltela.pt\/#\/schema\/person\/c4278d4a6028830caff9ee44b42d32ed"},"breadcrumb":{"@id":"https:\/\/portaltela.pt\/noticias\/2026\/04\/23\/tomas-araujo-assistiu-ao-torreense-fafe-no-manuel-marques\/#breadcrumb"},"inLanguage":"pt-PT","potentialAction":[{"@type":"ReadAction","target":["https:\/\/portaltela.pt\/noticias\/2026\/04\/23\/tomas-araujo-assistiu-ao-torreense-fafe-no-manuel-marques\/"]}]},{"@type":"ImageObject","inLanguage":"pt-PT","@id":"https:\/\/portaltela.pt\/noticias\/2026\/04\/23\/tomas-araujo-assistiu-ao-torreense-fafe-no-manuel-marques\/#primaryimage","url":"https:\/\/portaltela.pt\/s.01k8rhncp4jt1\/2026\/04\/img_920x518uu2026-04-23-23-04-47-2434980.jpg","contentUrl":"https:\/\/portaltela.pt\/s.01k8rhncp4jt1\/2026\/04\/img_920x518uu2026-04-23-23-04-47-2434980.jpg","width":796,"height":448,"caption":"Tom\u00e1s Ara\u00fajo"},{"@type":"BreadcrumbList","@id":"https:\/\/portaltela.pt\/noticias\/2026\/04\/23\/tomas-araujo-assistiu-ao-torreense-fafe-no-manuel-marques\/#breadcrumb","itemListElement":[{"@type":"ListItem","position":1,"name":"In\u00edcio","item":"https:\/\/portaltela.pt\/"},{"@type":"ListItem","position":2,"name":"Tom\u00e1s Ara\u00fajo assistiu ao Torreense-Fafe no Manuel Marques"}]},{"@type":"WebSite","@id":"https:\/\/portaltela.pt\/#website","url":"https:\/\/portaltela.pt\/","name":"Portal Tela Portugal","description":"","potentialAction":[{"@type":"SearchAction","target":{"@type":"EntryPoint","urlTemplate":"https:\/\/portaltela.pt\/?s={search_term_string}"},"query-input":{"@type":"PropertyValueSpecification","valueRequired":true,"valueName":"search_term_string"}}],"inLanguage":"pt-PT"},{"@type":"Person","@id":"https:\/\/portaltela.pt\/#\/schema\/person\/c4278d4a6028830caff9ee44b42d32ed","name":"Telinha","image":{"@type":"ImageObject","inLanguage":"pt-PT","@id":"https:\/\/portaltela.pt\/s.01k8rhncp4jt1\/2025\/11\/talking-bot-125x125.png","url":"https:\/\/portaltela.pt\/s.01k8rhncp4jt1\/2025\/11\/talking-bot-125x125.png","contentUrl":"https:\/\/portaltela.pt\/s.01k8rhncp4jt1\/2025\/11\/talking-bot-125x125.png","caption":"Telinha"},"sameAs":["https:\/\/portaltela.pt\/"],"url":"https:\/\/portaltela.pt\/por\/367410592786\/"}]}},"_links":{"self":[{"href":"https:\/\/portaltela.pt\/api\/wp\/v2\/posts\/456853","targetHints":{"allow":["GET"]}}],"collection":[{"href":"https:\/\/portaltela.pt\/api\/wp\/v2\/posts"}],"about":[{"href":"https:\/\/portaltela.pt\/api\/wp\/v2\/types\/post"}],"author":[{"embeddable":true,"href":"https:\/\/portaltela.pt\/api\/wp\/v2\/users\/2"}],"replies":[{"embeddable":true,"href":"https:\/\/portaltela.pt\/api\/wp\/v2\/comments?post=456853"}],"version-history":[{"count":0,"href":"https:\/\/portaltela.pt\/api\/wp\/v2\/posts\/456853\/revisions"}],"wp:featuredmedia":[{"embeddable":true,"href":"https:\/\/portaltela.pt\/api\/wp\/v2\/media\/456859"}],"wp:attachment":[{"href":"https:\/\/portaltela.pt\/api\/wp\/v2\/media?parent=456853"}],"wp:term":[{"taxonomy":"category","embeddable":true,"href":"https:\/\/portaltela.pt\/api\/wp\/v2\/categories?post=456853"},{"taxonomy":"post_tag","embeddable":true,"href":"https:\/\/portaltela.pt\/api\/wp\/v2\/tags?post=456853"}],"curies":[{"name":"wp","href":"https:\/\/api.w.org\/{rel}","templated":true}]}}