{"id":456852,"date":"2026-04-23T19:18:10","date_gmt":"2026-04-23T22:18:10","guid":{"rendered":"https:\/\/portaltela.pt\/noticias\/2026\/04\/23\/torreense-vence-fafe-e-vai-a-final-da-taca-de-portugal\/"},"modified":"2026-04-23T19:18:10","modified_gmt":"2026-04-23T22:18:10","slug":"torreense-vence-fafe-e-vai-a-final-da-taca-de-portugal","status":"publish","type":"post","link":"https:\/\/portaltela.pt\/desporto\/futebol\/2026\/04\/23\/torreense-vence-fafe-e-vai-a-final-da-taca-de-portugal\/","title":{"rendered":"Torreense vence Fafe e vai \u00e0 final da Ta\u00e7a de Portugal"},"content":{"rendered":"<p>O Torreense, da II Liga, garantiu a sua segunda final da Ta\u00e7a de Portugal ao vencer o Fafe, da Liga 3, por 2-0, na segunda m\u00e3o das meias-finais, em Torres Vedras. O jogo ficou decidido com um golo de David Bruno aos 85 minutos e uma grande penalidade convertida por Stopira aos 90+13.<\/p>\n<p>Na eliminat\u00f3ria, o Torreense j\u00e1 tinha empatado 1-1 em Fafe na primeira m\u00e3o, no dia 4 de fevereiro. O percurso at\u00e9 \u00e0 final incluiu vit\u00f3rias sobre o Correlh\u00e3 (Distritais), Oliveirense (II Liga), Lusit\u00e2nia de Lourosa (II Liga), Casa Pia (I Liga) e Uni\u00e3o Leiria (II Liga).<\/p>\n<p>A final est\u00e1 agendada para 24 de maio, com o Torreense a defrontar o Sporting, detentor do trof\u00e9u. Os le\u00f5es eliminaram o FC Porto nas meias-finais, com vit\u00f3ria por 1-0 no Est\u00e1dio Jos\u00e9 Alvalade e um empate sem gols no Drag\u00e3o.<\/p>\n<h3>Final vs Sporting<\/h3>\n<p>O Sporting chega \u00e0 final ap\u00f3s eliminar o FC Porto, mantendo o registo recente de conquista da Ta\u00e7a de Portugal. A equipa de Torres Vedras segue como atual terceiro classificado da II Liga, procurando alcan\u00e7ar a primeira presen\u00e7a numa final desde 1955\/56, quando perdeu com o FC Porto.<\/p>\n","protected":false},"excerpt":{"rendered":"<ul>\n<li>O Torreense qualificou-se para a final da Ta\u00e7a de Portugal ao vencer o Fafe por 2-0 na segunda m\u00e3o das meias-finais.<\/li>\n<li>Os golos foram de David Bruno aos 85 minutos e de Stopira numa grande penalidade aos 90+13.<\/li>\n<li>Na primeira m\u00e3o, o empate 1-1 realizou-se em Fafe, a 4 de fevereiro.<\/li>\n<li>A final est\u00e1 agendada para 24 de maio, e o Torreense defronta o Sporting.<\/li>\n<li>O percurso at\u00e9 ao jogo decisivo inclui elimina\u00e7\u00f5es de Correlh\u00e3, Oliveirense, Lusit\u00e2nia de Lourosa, Casa Pia e Uni\u00e3o Leiria.<\/li>\n<\/ul>\n","protected":false},"author":2,"featured_media":456855,"comment_status":"closed","ping_status":"closed","sticky":false,"template":"","format":"standard","meta":{"footnotes":""},"categories":[21,24],"tags":[8832,1147,32,1786,1652,1266],"class_list":["post-456852","post","type-post","status-publish","format-standard","has-post-thumbnail","hentry","category-desporto","category-futebol","tag-_2-a-liga","tag-fafe","tag-futebol","tag-liga","tag-sporting","tag-taca-de-portugal"],"yoast_head":"<!-- This site is optimized with the Yoast SEO plugin v27.2 - https:\/\/yoast.com\/product\/yoast-seo-wordpress\/ -->\n<title>Torreense vence Fafe e vai \u00e0 final da Ta\u00e7a de Portugal - Portal Tela Portugal<\/title>\n<meta name=\"robots\" content=\"index, follow, max-snippet:-1, max-image-preview:large, max-video-preview:-1\" \/>\n<meta property=\"og:locale\" content=\"pt_PT\" \/>\n<meta property=\"og:type\" content=\"article\" \/>\n<meta property=\"og:title\" content=\"Torreense vence Fafe e vai \u00e0 final da Ta\u00e7a de Portugal - Portal Tela Portugal\" \/>\n<meta property=\"og:description\" content=\"O Torreense qualificou-se para a final da Ta\u00e7a de Portugal ao vencer o Fafe por 2-0 na segunda m\u00e3o das meias-finais. Os golos foram de David Bruno aos 85 minutos e de Stopira numa grande penalidade aos 90+13. Na primeira m\u00e3o, o empate 1-1 realizou-se em Fafe, a 4 de fevereiro. A final est\u00e1 agendada para 24 de maio, e o Torreense defronta o Sporting. O percurso at\u00e9 ao jogo decisivo inclui elimina\u00e7\u00f5es de Correlh\u00e3, Oliveirense, Lusit\u00e2nia de Lourosa, Casa Pia e Uni\u00e3o Leiria.\" \/>\n<meta property=\"og:url\" content=\"https:\/\/portaltela.pt\/noticias\/2026\/04\/23\/torreense-vence-fafe-e-vai-a-final-da-taca-de-portugal\/\" \/>\n<meta property=\"og:site_name\" content=\"Portal Tela Portugal\" \/>\n<meta property=\"article:published_time\" content=\"2026-04-23T22:18:10+00:00\" \/>\n<meta name=\"author\" content=\"Telinha\" \/>\n<meta name=\"twitter:card\" content=\"summary_large_image\" \/>\n<meta name=\"twitter:label1\" content=\"Escrito por\" \/>\n\t<meta name=\"twitter:data1\" content=\"Telinha\" \/>\n\t<meta name=\"twitter:label2\" content=\"Tempo estimado de leitura\" \/>\n\t<meta name=\"twitter:data2\" content=\"1 minuto\" \/>\n<script type=\"application\/ld+json\" class=\"yoast-schema-graph\">{\"@context\":\"https:\/\/schema.org\",\"@graph\":[{\"@type\":\"Article\",\"@id\":\"https:\/\/portaltela.pt\/noticias\/2026\/04\/23\/torreense-vence-fafe-e-vai-a-final-da-taca-de-portugal\/#article\",\"isPartOf\":{\"@id\":\"https:\/\/portaltela.pt\/noticias\/2026\/04\/23\/torreense-vence-fafe-e-vai-a-final-da-taca-de-portugal\/\"},\"author\":{\"name\":\"Telinha\",\"@id\":\"https:\/\/portaltela.pt\/#\/schema\/person\/c4278d4a6028830caff9ee44b42d32ed\"},\"headline\":\"Torreense vence Fafe e vai \u00e0 final da Ta\u00e7a de Portugal\",\"datePublished\":\"2026-04-23T22:18:10+00:00\",\"mainEntityOfPage\":{\"@id\":\"https:\/\/portaltela.pt\/noticias\/2026\/04\/23\/torreense-vence-fafe-e-vai-a-final-da-taca-de-portugal\/\"},\"wordCount\":210,\"image\":{\"@id\":\"https:\/\/portaltela.pt\/noticias\/2026\/04\/23\/torreense-vence-fafe-e-vai-a-final-da-taca-de-portugal\/#primaryimage\"},\"thumbnailUrl\":\"https:\/\/portaltela.pt\/s.01k8rhncp4jt1\/2026\/04\/3be7a8f8-411a-461c-8c70-a8571b5c12a9_1200x675.jpg\",\"keywords\":[\"_2.\u00aa Liga\",\"Fafe\",\"futebol\",\"Liga\",\"Sporting\",\"Ta\u00e7a de Portugal\"],\"articleSection\":[\"Desporto\",\"Futebol\"],\"inLanguage\":\"pt-PT\"},{\"@type\":\"WebPage\",\"@id\":\"https:\/\/portaltela.pt\/noticias\/2026\/04\/23\/torreense-vence-fafe-e-vai-a-final-da-taca-de-portugal\/\",\"url\":\"https:\/\/portaltela.pt\/noticias\/2026\/04\/23\/torreense-vence-fafe-e-vai-a-final-da-taca-de-portugal\/\",\"name\":\"Torreense vence Fafe e vai \u00e0 final da Ta\u00e7a de Portugal - Portal Tela Portugal\",\"isPartOf\":{\"@id\":\"https:\/\/portaltela.pt\/#website\"},\"primaryImageOfPage\":{\"@id\":\"https:\/\/portaltela.pt\/noticias\/2026\/04\/23\/torreense-vence-fafe-e-vai-a-final-da-taca-de-portugal\/#primaryimage\"},\"image\":{\"@id\":\"https:\/\/portaltela.pt\/noticias\/2026\/04\/23\/torreense-vence-fafe-e-vai-a-final-da-taca-de-portugal\/#primaryimage\"},\"thumbnailUrl\":\"https:\/\/portaltela.pt\/s.01k8rhncp4jt1\/2026\/04\/3be7a8f8-411a-461c-8c70-a8571b5c12a9_1200x675.jpg\",\"datePublished\":\"2026-04-23T22:18:10+00:00\",\"author\":{\"@id\":\"https:\/\/portaltela.pt\/#\/schema\/person\/c4278d4a6028830caff9ee44b42d32ed\"},\"breadcrumb\":{\"@id\":\"https:\/\/portaltela.pt\/noticias\/2026\/04\/23\/torreense-vence-fafe-e-vai-a-final-da-taca-de-portugal\/#breadcrumb\"},\"inLanguage\":\"pt-PT\",\"potentialAction\":[{\"@type\":\"ReadAction\",\"target\":[\"https:\/\/portaltela.pt\/noticias\/2026\/04\/23\/torreense-vence-fafe-e-vai-a-final-da-taca-de-portugal\/\"]}]},{\"@type\":\"ImageObject\",\"inLanguage\":\"pt-PT\",\"@id\":\"https:\/\/portaltela.pt\/noticias\/2026\/04\/23\/torreense-vence-fafe-e-vai-a-final-da-taca-de-portugal\/#primaryimage\",\"url\":\"https:\/\/portaltela.pt\/s.01k8rhncp4jt1\/2026\/04\/3be7a8f8-411a-461c-8c70-a8571b5c12a9_1200x675.jpg\",\"contentUrl\":\"https:\/\/portaltela.pt\/s.01k8rhncp4jt1\/2026\/04\/3be7a8f8-411a-461c-8c70-a8571b5c12a9_1200x675.jpg\",\"width\":796,\"height\":448,\"caption\":\"Torreense venceu semifinal contra o Fafe\"},{\"@type\":\"BreadcrumbList\",\"@id\":\"https:\/\/portaltela.pt\/noticias\/2026\/04\/23\/torreense-vence-fafe-e-vai-a-final-da-taca-de-portugal\/#breadcrumb\",\"itemListElement\":[{\"@type\":\"ListItem\",\"position\":1,\"name\":\"In\u00edcio\",\"item\":\"https:\/\/portaltela.pt\/\"},{\"@type\":\"ListItem\",\"position\":2,\"name\":\"Torreense vence Fafe e vai \u00e0 final da Ta\u00e7a de Portugal\"}]},{\"@type\":\"WebSite\",\"@id\":\"https:\/\/portaltela.pt\/#website\",\"url\":\"https:\/\/portaltela.pt\/\",\"name\":\"Portal Tela Portugal\",\"description\":\"\",\"potentialAction\":[{\"@type\":\"SearchAction\",\"target\":{\"@type\":\"EntryPoint\",\"urlTemplate\":\"https:\/\/portaltela.pt\/?s={search_term_string}\"},\"query-input\":{\"@type\":\"PropertyValueSpecification\",\"valueRequired\":true,\"valueName\":\"search_term_string\"}}],\"inLanguage\":\"pt-PT\"},{\"@type\":\"Person\",\"@id\":\"https:\/\/portaltela.pt\/#\/schema\/person\/c4278d4a6028830caff9ee44b42d32ed\",\"name\":\"Telinha\",\"image\":{\"@type\":\"ImageObject\",\"inLanguage\":\"pt-PT\",\"@id\":\"https:\/\/portaltela.pt\/s.01k8rhncp4jt1\/2025\/11\/talking-bot-125x125.png\",\"url\":\"https:\/\/portaltela.pt\/s.01k8rhncp4jt1\/2025\/11\/talking-bot-125x125.png\",\"contentUrl\":\"https:\/\/portaltela.pt\/s.01k8rhncp4jt1\/2025\/11\/talking-bot-125x125.png\",\"caption\":\"Telinha\"},\"sameAs\":[\"https:\/\/portaltela.pt\/\"],\"url\":\"https:\/\/portaltela.pt\/por\/367410592786\/\"}]}<\/script>\n<!-- \/ Yoast SEO plugin. -->","yoast_head_json":{"title":"Torreense vence Fafe e vai \u00e0 final da Ta\u00e7a de Portugal - Portal Tela Portugal","robots":{"index":"index","follow":"follow","max-snippet":"max-snippet:-1","max-image-preview":"max-image-preview:large","max-video-preview":"max-video-preview:-1"},"og_locale":"pt_PT","og_type":"article","og_title":"Torreense vence Fafe e vai \u00e0 final da Ta\u00e7a de Portugal - Portal Tela Portugal","og_description":"O Torreense qualificou-se para a final da Ta\u00e7a de Portugal ao vencer o Fafe por 2-0 na segunda m\u00e3o das meias-finais. Os golos foram de David Bruno aos 85 minutos e de Stopira numa grande penalidade aos 90+13. Na primeira m\u00e3o, o empate 1-1 realizou-se em Fafe, a 4 de fevereiro. A final est\u00e1 agendada para 24 de maio, e o Torreense defronta o Sporting. O percurso at\u00e9 ao jogo decisivo inclui elimina\u00e7\u00f5es de Correlh\u00e3, Oliveirense, Lusit\u00e2nia de Lourosa, Casa Pia e Uni\u00e3o Leiria.","og_url":"https:\/\/portaltela.pt\/noticias\/2026\/04\/23\/torreense-vence-fafe-e-vai-a-final-da-taca-de-portugal\/","og_site_name":"Portal Tela Portugal","article_published_time":"2026-04-23T22:18:10+00:00","author":"Telinha","twitter_card":"summary_large_image","twitter_misc":{"Escrito por":"Telinha","Tempo estimado de leitura":"1 minuto"},"schema":{"@context":"https:\/\/schema.org","@graph":[{"@type":"Article","@id":"https:\/\/portaltela.pt\/noticias\/2026\/04\/23\/torreense-vence-fafe-e-vai-a-final-da-taca-de-portugal\/#article","isPartOf":{"@id":"https:\/\/portaltela.pt\/noticias\/2026\/04\/23\/torreense-vence-fafe-e-vai-a-final-da-taca-de-portugal\/"},"author":{"name":"Telinha","@id":"https:\/\/portaltela.pt\/#\/schema\/person\/c4278d4a6028830caff9ee44b42d32ed"},"headline":"Torreense vence Fafe e vai \u00e0 final da Ta\u00e7a de Portugal","datePublished":"2026-04-23T22:18:10+00:00","mainEntityOfPage":{"@id":"https:\/\/portaltela.pt\/noticias\/2026\/04\/23\/torreense-vence-fafe-e-vai-a-final-da-taca-de-portugal\/"},"wordCount":210,"image":{"@id":"https:\/\/portaltela.pt\/noticias\/2026\/04\/23\/torreense-vence-fafe-e-vai-a-final-da-taca-de-portugal\/#primaryimage"},"thumbnailUrl":"https:\/\/portaltela.pt\/s.01k8rhncp4jt1\/2026\/04\/3be7a8f8-411a-461c-8c70-a8571b5c12a9_1200x675.jpg","keywords":["_2.\u00aa Liga","Fafe","futebol","Liga","Sporting","Ta\u00e7a de Portugal"],"articleSection":["Desporto","Futebol"],"inLanguage":"pt-PT"},{"@type":"WebPage","@id":"https:\/\/portaltela.pt\/noticias\/2026\/04\/23\/torreense-vence-fafe-e-vai-a-final-da-taca-de-portugal\/","url":"https:\/\/portaltela.pt\/noticias\/2026\/04\/23\/torreense-vence-fafe-e-vai-a-final-da-taca-de-portugal\/","name":"Torreense vence Fafe e vai \u00e0 final da Ta\u00e7a de Portugal - Portal Tela Portugal","isPartOf":{"@id":"https:\/\/portaltela.pt\/#website"},"primaryImageOfPage":{"@id":"https:\/\/portaltela.pt\/noticias\/2026\/04\/23\/torreense-vence-fafe-e-vai-a-final-da-taca-de-portugal\/#primaryimage"},"image":{"@id":"https:\/\/portaltela.pt\/noticias\/2026\/04\/23\/torreense-vence-fafe-e-vai-a-final-da-taca-de-portugal\/#primaryimage"},"thumbnailUrl":"https:\/\/portaltela.pt\/s.01k8rhncp4jt1\/2026\/04\/3be7a8f8-411a-461c-8c70-a8571b5c12a9_1200x675.jpg","datePublished":"2026-04-23T22:18:10+00:00","author":{"@id":"https:\/\/portaltela.pt\/#\/schema\/person\/c4278d4a6028830caff9ee44b42d32ed"},"breadcrumb":{"@id":"https:\/\/portaltela.pt\/noticias\/2026\/04\/23\/torreense-vence-fafe-e-vai-a-final-da-taca-de-portugal\/#breadcrumb"},"inLanguage":"pt-PT","potentialAction":[{"@type":"ReadAction","target":["https:\/\/portaltela.pt\/noticias\/2026\/04\/23\/torreense-vence-fafe-e-vai-a-final-da-taca-de-portugal\/"]}]},{"@type":"ImageObject","inLanguage":"pt-PT","@id":"https:\/\/portaltela.pt\/noticias\/2026\/04\/23\/torreense-vence-fafe-e-vai-a-final-da-taca-de-portugal\/#primaryimage","url":"https:\/\/portaltela.pt\/s.01k8rhncp4jt1\/2026\/04\/3be7a8f8-411a-461c-8c70-a8571b5c12a9_1200x675.jpg","contentUrl":"https:\/\/portaltela.pt\/s.01k8rhncp4jt1\/2026\/04\/3be7a8f8-411a-461c-8c70-a8571b5c12a9_1200x675.jpg","width":796,"height":448,"caption":"Torreense venceu semifinal contra o Fafe"},{"@type":"BreadcrumbList","@id":"https:\/\/portaltela.pt\/noticias\/2026\/04\/23\/torreense-vence-fafe-e-vai-a-final-da-taca-de-portugal\/#breadcrumb","itemListElement":[{"@type":"ListItem","position":1,"name":"In\u00edcio","item":"https:\/\/portaltela.pt\/"},{"@type":"ListItem","position":2,"name":"Torreense vence Fafe e vai \u00e0 final da Ta\u00e7a de Portugal"}]},{"@type":"WebSite","@id":"https:\/\/portaltela.pt\/#website","url":"https:\/\/portaltela.pt\/","name":"Portal Tela Portugal","description":"","potentialAction":[{"@type":"SearchAction","target":{"@type":"EntryPoint","urlTemplate":"https:\/\/portaltela.pt\/?s={search_term_string}"},"query-input":{"@type":"PropertyValueSpecification","valueRequired":true,"valueName":"search_term_string"}}],"inLanguage":"pt-PT"},{"@type":"Person","@id":"https:\/\/portaltela.pt\/#\/schema\/person\/c4278d4a6028830caff9ee44b42d32ed","name":"Telinha","image":{"@type":"ImageObject","inLanguage":"pt-PT","@id":"https:\/\/portaltela.pt\/s.01k8rhncp4jt1\/2025\/11\/talking-bot-125x125.png","url":"https:\/\/portaltela.pt\/s.01k8rhncp4jt1\/2025\/11\/talking-bot-125x125.png","contentUrl":"https:\/\/portaltela.pt\/s.01k8rhncp4jt1\/2025\/11\/talking-bot-125x125.png","caption":"Telinha"},"sameAs":["https:\/\/portaltela.pt\/"],"url":"https:\/\/portaltela.pt\/por\/367410592786\/"}]}},"_links":{"self":[{"href":"https:\/\/portaltela.pt\/api\/wp\/v2\/posts\/456852","targetHints":{"allow":["GET"]}}],"collection":[{"href":"https:\/\/portaltela.pt\/api\/wp\/v2\/posts"}],"about":[{"href":"https:\/\/portaltela.pt\/api\/wp\/v2\/types\/post"}],"author":[{"embeddable":true,"href":"https:\/\/portaltela.pt\/api\/wp\/v2\/users\/2"}],"replies":[{"embeddable":true,"href":"https:\/\/portaltela.pt\/api\/wp\/v2\/comments?post=456852"}],"version-history":[{"count":0,"href":"https:\/\/portaltela.pt\/api\/wp\/v2\/posts\/456852\/revisions"}],"wp:featuredmedia":[{"embeddable":true,"href":"https:\/\/portaltela.pt\/api\/wp\/v2\/media\/456855"}],"wp:attachment":[{"href":"https:\/\/portaltela.pt\/api\/wp\/v2\/media?parent=456852"}],"wp:term":[{"taxonomy":"category","embeddable":true,"href":"https:\/\/portaltela.pt\/api\/wp\/v2\/categories?post=456852"},{"taxonomy":"post_tag","embeddable":true,"href":"https:\/\/portaltela.pt\/api\/wp\/v2\/tags?post=456852"}],"curies":[{"name":"wp","href":"https:\/\/api.w.org\/{rel}","templated":true}]}}