{"id":456835,"date":"2026-04-23T19:03:05","date_gmt":"2026-04-23T22:03:05","guid":{"rendered":"https:\/\/portaltela.pt\/noticias\/2026\/04\/23\/torreense-volta-a-final-da-taca-de-portugal-70-anos-depois\/"},"modified":"2026-04-23T19:03:05","modified_gmt":"2026-04-23T22:03:05","slug":"torreense-volta-a-final-da-taca-de-portugal-70-anos-depois","status":"publish","type":"post","link":"https:\/\/portaltela.pt\/desporto\/futebol\/2026\/04\/23\/torreense-volta-a-final-da-taca-de-portugal-70-anos-depois\/","title":{"rendered":"Torreense volta \u00e0 final da Ta\u00e7a de Portugal 70 anos depois"},"content":{"rendered":"<p>O Torreense garantiu hoje a presen\u00e7a na final da Ta\u00e7a de Portugal ao vencer o Fafe por 2-0, na segunda m\u00e3o das meias-finais disputada no Manuel Marques, em Torres Vedras. Os golos foram de David Bruno e Stopira, perto do final, fixando o resultado global.<\/p>\n<p>Os torreenses, da Liga de Honra, ultrapassaram o Fafe, equipa da Liga 3, que tinha eliminado advers\u00e1rios da I Liga nas eliminat\u00f3rias anteriores. O Torreense volta a disputar a final da Ta\u00e7a 70 anos depois do regresso de uma equipa da divis\u00e3o secund\u00e1ria a esta fase.<\/p>\n<p>No segundo tempo, o dom\u00ednio foi cada vez mais claro para o Torreense, que criou v\u00e1rias oportunidades. Aos 84 minutos, Zohi serviu David Bruno, que finalizou com um remate cruzado para o 2-0, selando a vit\u00f3ria e a passagem ao Jamor frente ao Sporting.<\/p>\n<h3>Finalista pela primeira vez desde 1956<\/h3>\n<p>A final da Ta\u00e7a de Portugal est\u00e1 marcada para 24 de maio, no Est\u00e1dio Nacional. O Torreense defronta o Sporting, numa cidade que celebra o regresso da equipa ao palcos da competi\u00e7\u00e3o nacional ap\u00f3s d\u00e9cadas.<\/p>\n<p>O p\u00fablico viu uma resposta consistente da equipa de Torres Vedras, que manteve a organiza\u00e7\u00e3o defensiva e explorou os espa\u00e7os deixados pelo Fafe, sobretudo na segunda parte. A derrota encerra a participa\u00e7\u00e3o minhota na edi\u00e7\u00e3o deste ano.<\/p>\n","protected":false},"excerpt":{"rendered":"<ul>\n<li>O Torreense venceu o Fafe por 2-0 na segunda m\u00e3o das meias-finais e vai defrontar o Sporting na final da Ta\u00e7a de Portugal, no Jamor.<\/li>\n<li>Os golos de David Bruno e Stopira garantiram o regresso da equipa de Torres Vedras \u00e0 final 70 anos depois, igualando a final de 1956 (perdeu para o FC Porto).<\/li>\n<li>O Torreense, equipa da oposi\u00e7\u00e3o fora da I divis\u00e3o, pode tornar-se na primeira equipa fora da primeira divis\u00e3o a vencer a Ta\u00e7a, na final a 24 de maio, no Est\u00e1dio Nacional.<\/li>\n<li>O Fafe, da Liga 3, tinha afastado tr\u00eas advers\u00e1rios da I Liga nas eliminat\u00f3rias anteriores, mas n\u00e3o conseguiu repetir o feito no Manuel Marques.<\/li>\n<li>No segundo tempo, o Torreense dominou e consolidou a vit\u00f3ria aos 84 minutos com o golo de David Bruno, ap\u00f3s uma jogada na \u00e1rea.<\/li>\n<\/ul>\n","protected":false},"author":2,"featured_media":456836,"comment_status":"closed","ping_status":"closed","sticky":false,"template":"","format":"standard","meta":{"footnotes":""},"categories":[21,24],"tags":[4175,1147,32,1652,1266,3226],"class_list":["post-456835","post","type-post","status-publish","format-standard","has-post-thumbnail","hentry","category-desporto","category-futebol","tag-2-a-liga","tag-fafe","tag-futebol","tag-sporting","tag-taca-de-portugal","tag-torreense"],"yoast_head":"<!-- This site is optimized with the Yoast SEO plugin v27.2 - https:\/\/yoast.com\/product\/yoast-seo-wordpress\/ -->\n<title>Torreense volta \u00e0 final da Ta\u00e7a de Portugal 70 anos depois - Portal Tela Portugal<\/title>\n<meta name=\"robots\" content=\"index, follow, max-snippet:-1, max-image-preview:large, max-video-preview:-1\" \/>\n<meta property=\"og:locale\" content=\"pt_PT\" \/>\n<meta property=\"og:type\" content=\"article\" \/>\n<meta property=\"og:title\" content=\"Torreense volta \u00e0 final da Ta\u00e7a de Portugal 70 anos depois - Portal Tela Portugal\" \/>\n<meta property=\"og:description\" content=\"O Torreense venceu o Fafe por 2-0 na segunda m\u00e3o das meias-finais e vai defrontar o Sporting na final da Ta\u00e7a de Portugal, no Jamor. Os golos de David Bruno e Stopira garantiram o regresso da equipa de Torres Vedras \u00e0 final 70 anos depois, igualando a final de 1956 (perdeu para o FC Porto). O Torreense, equipa da oposi\u00e7\u00e3o fora da I divis\u00e3o, pode tornar-se na primeira equipa fora da primeira divis\u00e3o a vencer a Ta\u00e7a, na final a 24 de maio, no Est\u00e1dio Nacional. O Fafe, da Liga 3, tinha afastado tr\u00eas advers\u00e1rios da I Liga nas eliminat\u00f3rias anteriores, mas n\u00e3o conseguiu repetir o feito no Manuel Marques. No segundo tempo, o Torreense dominou e consolidou a vit\u00f3ria aos 84 minutos com o golo de David Bruno, ap\u00f3s uma jogada na \u00e1rea.\" \/>\n<meta property=\"og:url\" content=\"https:\/\/portaltela.pt\/noticias\/2026\/04\/23\/torreense-volta-a-final-da-taca-de-portugal-70-anos-depois\/\" \/>\n<meta property=\"og:site_name\" content=\"Portal Tela Portugal\" \/>\n<meta property=\"article:published_time\" content=\"2026-04-23T22:03:05+00:00\" \/>\n<meta name=\"author\" content=\"Telinha\" \/>\n<meta name=\"twitter:card\" content=\"summary_large_image\" \/>\n<meta name=\"twitter:label1\" content=\"Escrito por\" \/>\n\t<meta name=\"twitter:data1\" content=\"Telinha\" \/>\n\t<meta name=\"twitter:label2\" content=\"Tempo estimado de leitura\" \/>\n\t<meta name=\"twitter:data2\" content=\"1 minuto\" \/>\n<script type=\"application\/ld+json\" class=\"yoast-schema-graph\">{\"@context\":\"https:\/\/schema.org\",\"@graph\":[{\"@type\":\"Article\",\"@id\":\"https:\/\/portaltela.pt\/noticias\/2026\/04\/23\/torreense-volta-a-final-da-taca-de-portugal-70-anos-depois\/#article\",\"isPartOf\":{\"@id\":\"https:\/\/portaltela.pt\/noticias\/2026\/04\/23\/torreense-volta-a-final-da-taca-de-portugal-70-anos-depois\/\"},\"author\":{\"name\":\"Telinha\",\"@id\":\"https:\/\/portaltela.pt\/#\/schema\/person\/c4278d4a6028830caff9ee44b42d32ed\"},\"headline\":\"Torreense volta \u00e0 final da Ta\u00e7a de Portugal 70 anos depois\",\"datePublished\":\"2026-04-23T22:03:05+00:00\",\"mainEntityOfPage\":{\"@id\":\"https:\/\/portaltela.pt\/noticias\/2026\/04\/23\/torreense-volta-a-final-da-taca-de-portugal-70-anos-depois\/\"},\"wordCount\":239,\"image\":{\"@id\":\"https:\/\/portaltela.pt\/noticias\/2026\/04\/23\/torreense-volta-a-final-da-taca-de-portugal-70-anos-depois\/#primaryimage\"},\"thumbnailUrl\":\"https:\/\/portaltela.pt\/s.01k8rhncp4jt1\/2026\/04\/2083666.jpg\",\"keywords\":[\"2.\u00aa Liga\",\"Fafe\",\"futebol\",\"Sporting\",\"Ta\u00e7a de Portugal\",\"Torreense\"],\"articleSection\":[\"Desporto\",\"Futebol\"],\"inLanguage\":\"pt-PT\"},{\"@type\":\"WebPage\",\"@id\":\"https:\/\/portaltela.pt\/noticias\/2026\/04\/23\/torreense-volta-a-final-da-taca-de-portugal-70-anos-depois\/\",\"url\":\"https:\/\/portaltela.pt\/noticias\/2026\/04\/23\/torreense-volta-a-final-da-taca-de-portugal-70-anos-depois\/\",\"name\":\"Torreense volta \u00e0 final da Ta\u00e7a de Portugal 70 anos depois - Portal Tela Portugal\",\"isPartOf\":{\"@id\":\"https:\/\/portaltela.pt\/#website\"},\"primaryImageOfPage\":{\"@id\":\"https:\/\/portaltela.pt\/noticias\/2026\/04\/23\/torreense-volta-a-final-da-taca-de-portugal-70-anos-depois\/#primaryimage\"},\"image\":{\"@id\":\"https:\/\/portaltela.pt\/noticias\/2026\/04\/23\/torreense-volta-a-final-da-taca-de-portugal-70-anos-depois\/#primaryimage\"},\"thumbnailUrl\":\"https:\/\/portaltela.pt\/s.01k8rhncp4jt1\/2026\/04\/2083666.jpg\",\"datePublished\":\"2026-04-23T22:03:05+00:00\",\"author\":{\"@id\":\"https:\/\/portaltela.pt\/#\/schema\/person\/c4278d4a6028830caff9ee44b42d32ed\"},\"breadcrumb\":{\"@id\":\"https:\/\/portaltela.pt\/noticias\/2026\/04\/23\/torreense-volta-a-final-da-taca-de-portugal-70-anos-depois\/#breadcrumb\"},\"inLanguage\":\"pt-PT\",\"potentialAction\":[{\"@type\":\"ReadAction\",\"target\":[\"https:\/\/portaltela.pt\/noticias\/2026\/04\/23\/torreense-volta-a-final-da-taca-de-portugal-70-anos-depois\/\"]}]},{\"@type\":\"ImageObject\",\"inLanguage\":\"pt-PT\",\"@id\":\"https:\/\/portaltela.pt\/noticias\/2026\/04\/23\/torreense-volta-a-final-da-taca-de-portugal-70-anos-depois\/#primaryimage\",\"url\":\"https:\/\/portaltela.pt\/s.01k8rhncp4jt1\/2026\/04\/2083666.jpg\",\"contentUrl\":\"https:\/\/portaltela.pt\/s.01k8rhncp4jt1\/2026\/04\/2083666.jpg\",\"width\":796,\"height\":448,\"caption\":\"O Torreense vai \u00e0 final da Ta\u00e7a pela segunda vez\"},{\"@type\":\"BreadcrumbList\",\"@id\":\"https:\/\/portaltela.pt\/noticias\/2026\/04\/23\/torreense-volta-a-final-da-taca-de-portugal-70-anos-depois\/#breadcrumb\",\"itemListElement\":[{\"@type\":\"ListItem\",\"position\":1,\"name\":\"In\u00edcio\",\"item\":\"https:\/\/portaltela.pt\/\"},{\"@type\":\"ListItem\",\"position\":2,\"name\":\"Torreense volta \u00e0 final da Ta\u00e7a de Portugal 70 anos depois\"}]},{\"@type\":\"WebSite\",\"@id\":\"https:\/\/portaltela.pt\/#website\",\"url\":\"https:\/\/portaltela.pt\/\",\"name\":\"Portal Tela Portugal\",\"description\":\"\",\"potentialAction\":[{\"@type\":\"SearchAction\",\"target\":{\"@type\":\"EntryPoint\",\"urlTemplate\":\"https:\/\/portaltela.pt\/?s={search_term_string}\"},\"query-input\":{\"@type\":\"PropertyValueSpecification\",\"valueRequired\":true,\"valueName\":\"search_term_string\"}}],\"inLanguage\":\"pt-PT\"},{\"@type\":\"Person\",\"@id\":\"https:\/\/portaltela.pt\/#\/schema\/person\/c4278d4a6028830caff9ee44b42d32ed\",\"name\":\"Telinha\",\"image\":{\"@type\":\"ImageObject\",\"inLanguage\":\"pt-PT\",\"@id\":\"https:\/\/portaltela.pt\/s.01k8rhncp4jt1\/2025\/11\/talking-bot-125x125.png\",\"url\":\"https:\/\/portaltela.pt\/s.01k8rhncp4jt1\/2025\/11\/talking-bot-125x125.png\",\"contentUrl\":\"https:\/\/portaltela.pt\/s.01k8rhncp4jt1\/2025\/11\/talking-bot-125x125.png\",\"caption\":\"Telinha\"},\"sameAs\":[\"https:\/\/portaltela.pt\/\"],\"url\":\"https:\/\/portaltela.pt\/por\/367410592786\/\"}]}<\/script>\n<!-- \/ Yoast SEO plugin. -->","yoast_head_json":{"title":"Torreense volta \u00e0 final da Ta\u00e7a de Portugal 70 anos depois - Portal Tela Portugal","robots":{"index":"index","follow":"follow","max-snippet":"max-snippet:-1","max-image-preview":"max-image-preview:large","max-video-preview":"max-video-preview:-1"},"og_locale":"pt_PT","og_type":"article","og_title":"Torreense volta \u00e0 final da Ta\u00e7a de Portugal 70 anos depois - Portal Tela Portugal","og_description":"O Torreense venceu o Fafe por 2-0 na segunda m\u00e3o das meias-finais e vai defrontar o Sporting na final da Ta\u00e7a de Portugal, no Jamor. Os golos de David Bruno e Stopira garantiram o regresso da equipa de Torres Vedras \u00e0 final 70 anos depois, igualando a final de 1956 (perdeu para o FC Porto). O Torreense, equipa da oposi\u00e7\u00e3o fora da I divis\u00e3o, pode tornar-se na primeira equipa fora da primeira divis\u00e3o a vencer a Ta\u00e7a, na final a 24 de maio, no Est\u00e1dio Nacional. O Fafe, da Liga 3, tinha afastado tr\u00eas advers\u00e1rios da I Liga nas eliminat\u00f3rias anteriores, mas n\u00e3o conseguiu repetir o feito no Manuel Marques. No segundo tempo, o Torreense dominou e consolidou a vit\u00f3ria aos 84 minutos com o golo de David Bruno, ap\u00f3s uma jogada na \u00e1rea.","og_url":"https:\/\/portaltela.pt\/noticias\/2026\/04\/23\/torreense-volta-a-final-da-taca-de-portugal-70-anos-depois\/","og_site_name":"Portal Tela Portugal","article_published_time":"2026-04-23T22:03:05+00:00","author":"Telinha","twitter_card":"summary_large_image","twitter_misc":{"Escrito por":"Telinha","Tempo estimado de leitura":"1 minuto"},"schema":{"@context":"https:\/\/schema.org","@graph":[{"@type":"Article","@id":"https:\/\/portaltela.pt\/noticias\/2026\/04\/23\/torreense-volta-a-final-da-taca-de-portugal-70-anos-depois\/#article","isPartOf":{"@id":"https:\/\/portaltela.pt\/noticias\/2026\/04\/23\/torreense-volta-a-final-da-taca-de-portugal-70-anos-depois\/"},"author":{"name":"Telinha","@id":"https:\/\/portaltela.pt\/#\/schema\/person\/c4278d4a6028830caff9ee44b42d32ed"},"headline":"Torreense volta \u00e0 final da Ta\u00e7a de Portugal 70 anos depois","datePublished":"2026-04-23T22:03:05+00:00","mainEntityOfPage":{"@id":"https:\/\/portaltela.pt\/noticias\/2026\/04\/23\/torreense-volta-a-final-da-taca-de-portugal-70-anos-depois\/"},"wordCount":239,"image":{"@id":"https:\/\/portaltela.pt\/noticias\/2026\/04\/23\/torreense-volta-a-final-da-taca-de-portugal-70-anos-depois\/#primaryimage"},"thumbnailUrl":"https:\/\/portaltela.pt\/s.01k8rhncp4jt1\/2026\/04\/2083666.jpg","keywords":["2.\u00aa Liga","Fafe","futebol","Sporting","Ta\u00e7a de Portugal","Torreense"],"articleSection":["Desporto","Futebol"],"inLanguage":"pt-PT"},{"@type":"WebPage","@id":"https:\/\/portaltela.pt\/noticias\/2026\/04\/23\/torreense-volta-a-final-da-taca-de-portugal-70-anos-depois\/","url":"https:\/\/portaltela.pt\/noticias\/2026\/04\/23\/torreense-volta-a-final-da-taca-de-portugal-70-anos-depois\/","name":"Torreense volta \u00e0 final da Ta\u00e7a de Portugal 70 anos depois - Portal Tela Portugal","isPartOf":{"@id":"https:\/\/portaltela.pt\/#website"},"primaryImageOfPage":{"@id":"https:\/\/portaltela.pt\/noticias\/2026\/04\/23\/torreense-volta-a-final-da-taca-de-portugal-70-anos-depois\/#primaryimage"},"image":{"@id":"https:\/\/portaltela.pt\/noticias\/2026\/04\/23\/torreense-volta-a-final-da-taca-de-portugal-70-anos-depois\/#primaryimage"},"thumbnailUrl":"https:\/\/portaltela.pt\/s.01k8rhncp4jt1\/2026\/04\/2083666.jpg","datePublished":"2026-04-23T22:03:05+00:00","author":{"@id":"https:\/\/portaltela.pt\/#\/schema\/person\/c4278d4a6028830caff9ee44b42d32ed"},"breadcrumb":{"@id":"https:\/\/portaltela.pt\/noticias\/2026\/04\/23\/torreense-volta-a-final-da-taca-de-portugal-70-anos-depois\/#breadcrumb"},"inLanguage":"pt-PT","potentialAction":[{"@type":"ReadAction","target":["https:\/\/portaltela.pt\/noticias\/2026\/04\/23\/torreense-volta-a-final-da-taca-de-portugal-70-anos-depois\/"]}]},{"@type":"ImageObject","inLanguage":"pt-PT","@id":"https:\/\/portaltela.pt\/noticias\/2026\/04\/23\/torreense-volta-a-final-da-taca-de-portugal-70-anos-depois\/#primaryimage","url":"https:\/\/portaltela.pt\/s.01k8rhncp4jt1\/2026\/04\/2083666.jpg","contentUrl":"https:\/\/portaltela.pt\/s.01k8rhncp4jt1\/2026\/04\/2083666.jpg","width":796,"height":448,"caption":"O Torreense vai \u00e0 final da Ta\u00e7a pela segunda vez"},{"@type":"BreadcrumbList","@id":"https:\/\/portaltela.pt\/noticias\/2026\/04\/23\/torreense-volta-a-final-da-taca-de-portugal-70-anos-depois\/#breadcrumb","itemListElement":[{"@type":"ListItem","position":1,"name":"In\u00edcio","item":"https:\/\/portaltela.pt\/"},{"@type":"ListItem","position":2,"name":"Torreense volta \u00e0 final da Ta\u00e7a de Portugal 70 anos depois"}]},{"@type":"WebSite","@id":"https:\/\/portaltela.pt\/#website","url":"https:\/\/portaltela.pt\/","name":"Portal Tela Portugal","description":"","potentialAction":[{"@type":"SearchAction","target":{"@type":"EntryPoint","urlTemplate":"https:\/\/portaltela.pt\/?s={search_term_string}"},"query-input":{"@type":"PropertyValueSpecification","valueRequired":true,"valueName":"search_term_string"}}],"inLanguage":"pt-PT"},{"@type":"Person","@id":"https:\/\/portaltela.pt\/#\/schema\/person\/c4278d4a6028830caff9ee44b42d32ed","name":"Telinha","image":{"@type":"ImageObject","inLanguage":"pt-PT","@id":"https:\/\/portaltela.pt\/s.01k8rhncp4jt1\/2025\/11\/talking-bot-125x125.png","url":"https:\/\/portaltela.pt\/s.01k8rhncp4jt1\/2025\/11\/talking-bot-125x125.png","contentUrl":"https:\/\/portaltela.pt\/s.01k8rhncp4jt1\/2025\/11\/talking-bot-125x125.png","caption":"Telinha"},"sameAs":["https:\/\/portaltela.pt\/"],"url":"https:\/\/portaltela.pt\/por\/367410592786\/"}]}},"_links":{"self":[{"href":"https:\/\/portaltela.pt\/api\/wp\/v2\/posts\/456835","targetHints":{"allow":["GET"]}}],"collection":[{"href":"https:\/\/portaltela.pt\/api\/wp\/v2\/posts"}],"about":[{"href":"https:\/\/portaltela.pt\/api\/wp\/v2\/types\/post"}],"author":[{"embeddable":true,"href":"https:\/\/portaltela.pt\/api\/wp\/v2\/users\/2"}],"replies":[{"embeddable":true,"href":"https:\/\/portaltela.pt\/api\/wp\/v2\/comments?post=456835"}],"version-history":[{"count":0,"href":"https:\/\/portaltela.pt\/api\/wp\/v2\/posts\/456835\/revisions"}],"wp:featuredmedia":[{"embeddable":true,"href":"https:\/\/portaltela.pt\/api\/wp\/v2\/media\/456836"}],"wp:attachment":[{"href":"https:\/\/portaltela.pt\/api\/wp\/v2\/media?parent=456835"}],"wp:term":[{"taxonomy":"category","embeddable":true,"href":"https:\/\/portaltela.pt\/api\/wp\/v2\/categories?post=456835"},{"taxonomy":"post_tag","embeddable":true,"href":"https:\/\/portaltela.pt\/api\/wp\/v2\/tags?post=456835"}],"curies":[{"name":"wp","href":"https:\/\/api.w.org\/{rel}","templated":true}]}}