{"id":456799,"date":"2026-04-23T18:03:18","date_gmt":"2026-04-23T21:03:18","guid":{"rendered":"https:\/\/portaltela.pt\/noticias\/2026\/04\/23\/pedido-de-cartao-vermelho-provoca-bate-boca-entre-torreense-e-fafe\/"},"modified":"2026-04-23T18:03:18","modified_gmt":"2026-04-23T21:03:18","slug":"pedido-de-cartao-vermelho-provoca-bate-boca-entre-torreense-e-fafe","status":"publish","type":"post","link":"https:\/\/portaltela.pt\/desporto\/futebol\/2026\/04\/23\/pedido-de-cartao-vermelho-provoca-bate-boca-entre-torreense-e-fafe\/","title":{"rendered":"Pedido de cart\u00e3o vermelho provoca bate-boca entre Torreense e Fafe"},"content":{"rendered":"<p>Durante a segunda m\u00e3o da meia-final da Ta\u00e7a de Portugal, adeptos do Torreense e jogadores do Fafe que ocupavam um camarote do Est\u00e1dio Manuel Marques envolveram-se em bate-boca. O epis\u00f3dio ocorreu aos 45&#8217;+1, na primeira parte, perto do fim do per\u00edodo.<\/p>\n<p>O incidente come\u00e7ou quando o Fafe pediu cart\u00e3o vermelho para Stopira, ap\u00f3s uma falta sobre Jo\u00e3o Santos, que deixaria o avan\u00e7ado visitante isolado. O \u00e1rbitro entendeu que Santos j\u00e1 n\u00e3o chegaria \u00e0 bola e manteve o amarelo ao defesa do Torreense.<\/p>\n<p>A proximidade entre jogadores e adeptos gerou protestos significativos nas bancadas. O guarda-redes Lucas Paes aproximou-se da situa\u00e7\u00e3o, enquanto a audi\u00eancia aguardava a decis\u00e3o oficial do \u00e1rbitro.<\/p>\n","protected":false},"excerpt":{"rendered":"<ul>\n<li>Durante a segunda m\u00e3o da meia-final da Ta\u00e7a de Portugal, adepts do Torreense e alguns jogadores do Fafe trocaram argumentos num camarote do Est\u00e1dio Manuel Marques.<\/li>\n<li>O incidente ocorreu aos 45 minutos e 1 segundo da primeira parte, perto do final do primeiro tempo.<\/li>\n<li>O Fafe pediu cart\u00e3o vermelho para Stopira ap\u00f3s uma falta sobre Jo\u00e3o Santos, que poderia deix\u00e1-lo isolado.<\/li>\n<li>O \u00e1rbitro considerou que Jo\u00e3o Santos n\u00e3o chegaria \u00e0 bola e manteve o amarelo ao central do Torreense, gerando protestos nas bancadas.<\/li>\n<li>O clima de tens\u00e3o ficou patente entre adeptos e jogadores no camarote.<\/li>\n<\/ul>\n","protected":false},"author":2,"featured_media":456802,"comment_status":"closed","ping_status":"closed","sticky":false,"template":"","format":"standard","meta":{"footnotes":""},"categories":[21,24],"tags":[6122,1147,32,2857,1266,3226],"class_list":["post-456799","post","type-post","status-publish","format-standard","has-post-thumbnail","hentry","category-desporto","category-futebol","tag-cartoes","tag-fafe","tag-futebol","tag-protestos","tag-taca-de-portugal","tag-torreense"],"yoast_head":"<!-- This site is optimized with the Yoast SEO plugin v27.2 - https:\/\/yoast.com\/product\/yoast-seo-wordpress\/ -->\n<title>Pedido de cart\u00e3o vermelho provoca bate-boca entre Torreense e Fafe - Portal Tela Portugal<\/title>\n<meta name=\"robots\" content=\"index, follow, max-snippet:-1, max-image-preview:large, max-video-preview:-1\" \/>\n<meta property=\"og:locale\" content=\"pt_PT\" \/>\n<meta property=\"og:type\" content=\"article\" \/>\n<meta property=\"og:title\" content=\"Pedido de cart\u00e3o vermelho provoca bate-boca entre Torreense e Fafe - Portal Tela Portugal\" \/>\n<meta property=\"og:description\" content=\"Durante a segunda m\u00e3o da meia-final da Ta\u00e7a de Portugal, adepts do Torreense e alguns jogadores do Fafe trocaram argumentos num camarote do Est\u00e1dio Manuel Marques. O incidente ocorreu aos 45 minutos e 1 segundo da primeira parte, perto do final do primeiro tempo. O Fafe pediu cart\u00e3o vermelho para Stopira ap\u00f3s uma falta sobre Jo\u00e3o Santos, que poderia deix\u00e1-lo isolado. O \u00e1rbitro considerou que Jo\u00e3o Santos n\u00e3o chegaria \u00e0 bola e manteve o amarelo ao central do Torreense, gerando protestos nas bancadas. O clima de tens\u00e3o ficou patente entre adeptos e jogadores no camarote.\" \/>\n<meta property=\"og:url\" content=\"https:\/\/portaltela.pt\/noticias\/2026\/04\/23\/pedido-de-cartao-vermelho-provoca-bate-boca-entre-torreense-e-fafe\/\" \/>\n<meta property=\"og:site_name\" content=\"Portal Tela Portugal\" \/>\n<meta property=\"article:published_time\" content=\"2026-04-23T21:03:18+00:00\" \/>\n<meta name=\"author\" content=\"Telinha\" \/>\n<meta name=\"twitter:card\" content=\"summary_large_image\" \/>\n<meta name=\"twitter:label1\" content=\"Escrito por\" \/>\n\t<meta name=\"twitter:data1\" content=\"Telinha\" \/>\n\t<meta name=\"twitter:label2\" content=\"Tempo estimado de leitura\" \/>\n\t<meta name=\"twitter:data2\" content=\"1 minuto\" \/>\n<script type=\"application\/ld+json\" class=\"yoast-schema-graph\">{\"@context\":\"https:\/\/schema.org\",\"@graph\":[{\"@type\":\"Article\",\"@id\":\"https:\/\/portaltela.pt\/noticias\/2026\/04\/23\/pedido-de-cartao-vermelho-provoca-bate-boca-entre-torreense-e-fafe\/#article\",\"isPartOf\":{\"@id\":\"https:\/\/portaltela.pt\/noticias\/2026\/04\/23\/pedido-de-cartao-vermelho-provoca-bate-boca-entre-torreense-e-fafe\/\"},\"author\":{\"name\":\"Telinha\",\"@id\":\"https:\/\/portaltela.pt\/#\/schema\/person\/c4278d4a6028830caff9ee44b42d32ed\"},\"headline\":\"Pedido de cart\u00e3o vermelho provoca bate-boca entre Torreense e Fafe\",\"datePublished\":\"2026-04-23T21:03:18+00:00\",\"mainEntityOfPage\":{\"@id\":\"https:\/\/portaltela.pt\/noticias\/2026\/04\/23\/pedido-de-cartao-vermelho-provoca-bate-boca-entre-torreense-e-fafe\/\"},\"wordCount\":132,\"image\":{\"@id\":\"https:\/\/portaltela.pt\/noticias\/2026\/04\/23\/pedido-de-cartao-vermelho-provoca-bate-boca-entre-torreense-e-fafe\/#primaryimage\"},\"thumbnailUrl\":\"https:\/\/portaltela.pt\/s.01k8rhncp4jt1\/2026\/04\/img_1200x721uu2026-04-23-21-48-03-2434965.jpg\",\"keywords\":[\"cart\u00f5es\",\"Fafe\",\"futebol\",\"protestos\",\"Ta\u00e7a de Portugal\",\"Torreense\"],\"articleSection\":[\"Desporto\",\"Futebol\"],\"inLanguage\":\"pt-PT\"},{\"@type\":\"WebPage\",\"@id\":\"https:\/\/portaltela.pt\/noticias\/2026\/04\/23\/pedido-de-cartao-vermelho-provoca-bate-boca-entre-torreense-e-fafe\/\",\"url\":\"https:\/\/portaltela.pt\/noticias\/2026\/04\/23\/pedido-de-cartao-vermelho-provoca-bate-boca-entre-torreense-e-fafe\/\",\"name\":\"Pedido de cart\u00e3o vermelho provoca bate-boca entre Torreense e Fafe - Portal Tela Portugal\",\"isPartOf\":{\"@id\":\"https:\/\/portaltela.pt\/#website\"},\"primaryImageOfPage\":{\"@id\":\"https:\/\/portaltela.pt\/noticias\/2026\/04\/23\/pedido-de-cartao-vermelho-provoca-bate-boca-entre-torreense-e-fafe\/#primaryimage\"},\"image\":{\"@id\":\"https:\/\/portaltela.pt\/noticias\/2026\/04\/23\/pedido-de-cartao-vermelho-provoca-bate-boca-entre-torreense-e-fafe\/#primaryimage\"},\"thumbnailUrl\":\"https:\/\/portaltela.pt\/s.01k8rhncp4jt1\/2026\/04\/img_1200x721uu2026-04-23-21-48-03-2434965.jpg\",\"datePublished\":\"2026-04-23T21:03:18+00:00\",\"author\":{\"@id\":\"https:\/\/portaltela.pt\/#\/schema\/person\/c4278d4a6028830caff9ee44b42d32ed\"},\"breadcrumb\":{\"@id\":\"https:\/\/portaltela.pt\/noticias\/2026\/04\/23\/pedido-de-cartao-vermelho-provoca-bate-boca-entre-torreense-e-fafe\/#breadcrumb\"},\"inLanguage\":\"pt-PT\",\"potentialAction\":[{\"@type\":\"ReadAction\",\"target\":[\"https:\/\/portaltela.pt\/noticias\/2026\/04\/23\/pedido-de-cartao-vermelho-provoca-bate-boca-entre-torreense-e-fafe\/\"]}]},{\"@type\":\"ImageObject\",\"inLanguage\":\"pt-PT\",\"@id\":\"https:\/\/portaltela.pt\/noticias\/2026\/04\/23\/pedido-de-cartao-vermelho-provoca-bate-boca-entre-torreense-e-fafe\/#primaryimage\",\"url\":\"https:\/\/portaltela.pt\/s.01k8rhncp4jt1\/2026\/04\/img_1200x721uu2026-04-23-21-48-03-2434965.jpg\",\"contentUrl\":\"https:\/\/portaltela.pt\/s.01k8rhncp4jt1\/2026\/04\/img_1200x721uu2026-04-23-21-48-03-2434965.jpg\",\"width\":796,\"height\":448,\"caption\":\"Pedido de cart\u00e3o vermelho gera bate-boca entre adeptos do Torreense e jogadores do Fafe no camarote\"},{\"@type\":\"BreadcrumbList\",\"@id\":\"https:\/\/portaltela.pt\/noticias\/2026\/04\/23\/pedido-de-cartao-vermelho-provoca-bate-boca-entre-torreense-e-fafe\/#breadcrumb\",\"itemListElement\":[{\"@type\":\"ListItem\",\"position\":1,\"name\":\"In\u00edcio\",\"item\":\"https:\/\/portaltela.pt\/\"},{\"@type\":\"ListItem\",\"position\":2,\"name\":\"Pedido de cart\u00e3o vermelho provoca bate-boca entre Torreense e Fafe\"}]},{\"@type\":\"WebSite\",\"@id\":\"https:\/\/portaltela.pt\/#website\",\"url\":\"https:\/\/portaltela.pt\/\",\"name\":\"Portal Tela Portugal\",\"description\":\"\",\"potentialAction\":[{\"@type\":\"SearchAction\",\"target\":{\"@type\":\"EntryPoint\",\"urlTemplate\":\"https:\/\/portaltela.pt\/?s={search_term_string}\"},\"query-input\":{\"@type\":\"PropertyValueSpecification\",\"valueRequired\":true,\"valueName\":\"search_term_string\"}}],\"inLanguage\":\"pt-PT\"},{\"@type\":\"Person\",\"@id\":\"https:\/\/portaltela.pt\/#\/schema\/person\/c4278d4a6028830caff9ee44b42d32ed\",\"name\":\"Telinha\",\"image\":{\"@type\":\"ImageObject\",\"inLanguage\":\"pt-PT\",\"@id\":\"https:\/\/portaltela.pt\/s.01k8rhncp4jt1\/2025\/11\/talking-bot-125x125.png\",\"url\":\"https:\/\/portaltela.pt\/s.01k8rhncp4jt1\/2025\/11\/talking-bot-125x125.png\",\"contentUrl\":\"https:\/\/portaltela.pt\/s.01k8rhncp4jt1\/2025\/11\/talking-bot-125x125.png\",\"caption\":\"Telinha\"},\"sameAs\":[\"https:\/\/portaltela.pt\/\"],\"url\":\"https:\/\/portaltela.pt\/por\/367410592786\/\"}]}<\/script>\n<!-- \/ Yoast SEO plugin. -->","yoast_head_json":{"title":"Pedido de cart\u00e3o vermelho provoca bate-boca entre Torreense e Fafe - Portal Tela Portugal","robots":{"index":"index","follow":"follow","max-snippet":"max-snippet:-1","max-image-preview":"max-image-preview:large","max-video-preview":"max-video-preview:-1"},"og_locale":"pt_PT","og_type":"article","og_title":"Pedido de cart\u00e3o vermelho provoca bate-boca entre Torreense e Fafe - Portal Tela Portugal","og_description":"Durante a segunda m\u00e3o da meia-final da Ta\u00e7a de Portugal, adepts do Torreense e alguns jogadores do Fafe trocaram argumentos num camarote do Est\u00e1dio Manuel Marques. O incidente ocorreu aos 45 minutos e 1 segundo da primeira parte, perto do final do primeiro tempo. O Fafe pediu cart\u00e3o vermelho para Stopira ap\u00f3s uma falta sobre Jo\u00e3o Santos, que poderia deix\u00e1-lo isolado. O \u00e1rbitro considerou que Jo\u00e3o Santos n\u00e3o chegaria \u00e0 bola e manteve o amarelo ao central do Torreense, gerando protestos nas bancadas. O clima de tens\u00e3o ficou patente entre adeptos e jogadores no camarote.","og_url":"https:\/\/portaltela.pt\/noticias\/2026\/04\/23\/pedido-de-cartao-vermelho-provoca-bate-boca-entre-torreense-e-fafe\/","og_site_name":"Portal Tela Portugal","article_published_time":"2026-04-23T21:03:18+00:00","author":"Telinha","twitter_card":"summary_large_image","twitter_misc":{"Escrito por":"Telinha","Tempo estimado de leitura":"1 minuto"},"schema":{"@context":"https:\/\/schema.org","@graph":[{"@type":"Article","@id":"https:\/\/portaltela.pt\/noticias\/2026\/04\/23\/pedido-de-cartao-vermelho-provoca-bate-boca-entre-torreense-e-fafe\/#article","isPartOf":{"@id":"https:\/\/portaltela.pt\/noticias\/2026\/04\/23\/pedido-de-cartao-vermelho-provoca-bate-boca-entre-torreense-e-fafe\/"},"author":{"name":"Telinha","@id":"https:\/\/portaltela.pt\/#\/schema\/person\/c4278d4a6028830caff9ee44b42d32ed"},"headline":"Pedido de cart\u00e3o vermelho provoca bate-boca entre Torreense e Fafe","datePublished":"2026-04-23T21:03:18+00:00","mainEntityOfPage":{"@id":"https:\/\/portaltela.pt\/noticias\/2026\/04\/23\/pedido-de-cartao-vermelho-provoca-bate-boca-entre-torreense-e-fafe\/"},"wordCount":132,"image":{"@id":"https:\/\/portaltela.pt\/noticias\/2026\/04\/23\/pedido-de-cartao-vermelho-provoca-bate-boca-entre-torreense-e-fafe\/#primaryimage"},"thumbnailUrl":"https:\/\/portaltela.pt\/s.01k8rhncp4jt1\/2026\/04\/img_1200x721uu2026-04-23-21-48-03-2434965.jpg","keywords":["cart\u00f5es","Fafe","futebol","protestos","Ta\u00e7a de Portugal","Torreense"],"articleSection":["Desporto","Futebol"],"inLanguage":"pt-PT"},{"@type":"WebPage","@id":"https:\/\/portaltela.pt\/noticias\/2026\/04\/23\/pedido-de-cartao-vermelho-provoca-bate-boca-entre-torreense-e-fafe\/","url":"https:\/\/portaltela.pt\/noticias\/2026\/04\/23\/pedido-de-cartao-vermelho-provoca-bate-boca-entre-torreense-e-fafe\/","name":"Pedido de cart\u00e3o vermelho provoca bate-boca entre Torreense e Fafe - Portal Tela Portugal","isPartOf":{"@id":"https:\/\/portaltela.pt\/#website"},"primaryImageOfPage":{"@id":"https:\/\/portaltela.pt\/noticias\/2026\/04\/23\/pedido-de-cartao-vermelho-provoca-bate-boca-entre-torreense-e-fafe\/#primaryimage"},"image":{"@id":"https:\/\/portaltela.pt\/noticias\/2026\/04\/23\/pedido-de-cartao-vermelho-provoca-bate-boca-entre-torreense-e-fafe\/#primaryimage"},"thumbnailUrl":"https:\/\/portaltela.pt\/s.01k8rhncp4jt1\/2026\/04\/img_1200x721uu2026-04-23-21-48-03-2434965.jpg","datePublished":"2026-04-23T21:03:18+00:00","author":{"@id":"https:\/\/portaltela.pt\/#\/schema\/person\/c4278d4a6028830caff9ee44b42d32ed"},"breadcrumb":{"@id":"https:\/\/portaltela.pt\/noticias\/2026\/04\/23\/pedido-de-cartao-vermelho-provoca-bate-boca-entre-torreense-e-fafe\/#breadcrumb"},"inLanguage":"pt-PT","potentialAction":[{"@type":"ReadAction","target":["https:\/\/portaltela.pt\/noticias\/2026\/04\/23\/pedido-de-cartao-vermelho-provoca-bate-boca-entre-torreense-e-fafe\/"]}]},{"@type":"ImageObject","inLanguage":"pt-PT","@id":"https:\/\/portaltela.pt\/noticias\/2026\/04\/23\/pedido-de-cartao-vermelho-provoca-bate-boca-entre-torreense-e-fafe\/#primaryimage","url":"https:\/\/portaltela.pt\/s.01k8rhncp4jt1\/2026\/04\/img_1200x721uu2026-04-23-21-48-03-2434965.jpg","contentUrl":"https:\/\/portaltela.pt\/s.01k8rhncp4jt1\/2026\/04\/img_1200x721uu2026-04-23-21-48-03-2434965.jpg","width":796,"height":448,"caption":"Pedido de cart\u00e3o vermelho gera bate-boca entre adeptos do Torreense e jogadores do Fafe no camarote"},{"@type":"BreadcrumbList","@id":"https:\/\/portaltela.pt\/noticias\/2026\/04\/23\/pedido-de-cartao-vermelho-provoca-bate-boca-entre-torreense-e-fafe\/#breadcrumb","itemListElement":[{"@type":"ListItem","position":1,"name":"In\u00edcio","item":"https:\/\/portaltela.pt\/"},{"@type":"ListItem","position":2,"name":"Pedido de cart\u00e3o vermelho provoca bate-boca entre Torreense e Fafe"}]},{"@type":"WebSite","@id":"https:\/\/portaltela.pt\/#website","url":"https:\/\/portaltela.pt\/","name":"Portal Tela Portugal","description":"","potentialAction":[{"@type":"SearchAction","target":{"@type":"EntryPoint","urlTemplate":"https:\/\/portaltela.pt\/?s={search_term_string}"},"query-input":{"@type":"PropertyValueSpecification","valueRequired":true,"valueName":"search_term_string"}}],"inLanguage":"pt-PT"},{"@type":"Person","@id":"https:\/\/portaltela.pt\/#\/schema\/person\/c4278d4a6028830caff9ee44b42d32ed","name":"Telinha","image":{"@type":"ImageObject","inLanguage":"pt-PT","@id":"https:\/\/portaltela.pt\/s.01k8rhncp4jt1\/2025\/11\/talking-bot-125x125.png","url":"https:\/\/portaltela.pt\/s.01k8rhncp4jt1\/2025\/11\/talking-bot-125x125.png","contentUrl":"https:\/\/portaltela.pt\/s.01k8rhncp4jt1\/2025\/11\/talking-bot-125x125.png","caption":"Telinha"},"sameAs":["https:\/\/portaltela.pt\/"],"url":"https:\/\/portaltela.pt\/por\/367410592786\/"}]}},"_links":{"self":[{"href":"https:\/\/portaltela.pt\/api\/wp\/v2\/posts\/456799","targetHints":{"allow":["GET"]}}],"collection":[{"href":"https:\/\/portaltela.pt\/api\/wp\/v2\/posts"}],"about":[{"href":"https:\/\/portaltela.pt\/api\/wp\/v2\/types\/post"}],"author":[{"embeddable":true,"href":"https:\/\/portaltela.pt\/api\/wp\/v2\/users\/2"}],"replies":[{"embeddable":true,"href":"https:\/\/portaltela.pt\/api\/wp\/v2\/comments?post=456799"}],"version-history":[{"count":0,"href":"https:\/\/portaltela.pt\/api\/wp\/v2\/posts\/456799\/revisions"}],"wp:featuredmedia":[{"embeddable":true,"href":"https:\/\/portaltela.pt\/api\/wp\/v2\/media\/456802"}],"wp:attachment":[{"href":"https:\/\/portaltela.pt\/api\/wp\/v2\/media?parent=456799"}],"wp:term":[{"taxonomy":"category","embeddable":true,"href":"https:\/\/portaltela.pt\/api\/wp\/v2\/categories?post=456799"},{"taxonomy":"post_tag","embeddable":true,"href":"https:\/\/portaltela.pt\/api\/wp\/v2\/tags?post=456799"}],"curies":[{"name":"wp","href":"https:\/\/api.w.org\/{rel}","templated":true}]}}