{"id":456772,"date":"2026-04-23T17:33:25","date_gmt":"2026-04-23T20:33:25","guid":{"rendered":"https:\/\/portaltela.pt\/noticias\/2026\/04\/23\/tomas-contte-vence-a-1-a-etapa-do-gp-o-jogo-e-veste-a-amarela\/"},"modified":"2026-04-23T17:33:25","modified_gmt":"2026-04-23T20:33:25","slug":"tomas-contte-vence-a-1-a-etapa-do-gp-o-jogo-e-veste-a-amarela","status":"publish","type":"post","link":"https:\/\/portaltela.pt\/desporto\/futebol\/2026\/04\/23\/tomas-contte-vence-a-1-a-etapa-do-gp-o-jogo-e-veste-a-amarela\/","title":{"rendered":"Tomas Contte vence a 1.\u00aa etapa do GP O Jogo e veste a amarela"},"content":{"rendered":"<p>Tomas Contte tornou-se o homem mais forte na 1.\u00aa etapa do Grande Pr\u00e9mio de ciclismo O Jogo\/Leilosoc, disputada em Sabugal. O sprint final, num pelot\u00e3o de 32 corredores, levou o argentino da Aviludo-Louletano \u00e0 vit\u00f3ria. A tirada de 136,5 quil\u00f3metros terminou com Contte na frente, mantendo a camisola amarela.<\/p>\n<p>A etapa foi marcada por v\u00e1rias entradas de ataque, com um trio de escapados a assegurar o protagonismo durante grande parte da corrida. Diogo Narciso, Jo\u00e3o Martins (Credibom-LA Alum\u00ednios) e Jo\u00e3o Silva (Boavista) estiveram na dianteira, mas o grupo de refer\u00eancia foi neutralizado pelo pelot\u00e3o antes da \u00faltima passagem pela meta.<\/p>\n<p>Vestido de amarelo, Contte assumiu a lideran\u00e7a da geral ao vencer a etapa e est\u00e1 four segundos \u00e0 frente do segundo classificado. A equipa dele, Aviludo-Louletano, pretende manter a camisola amarela at\u00e9 \u00e0 segunda metade da prova, que continua no domingo em Paredes.<\/p>\n","protected":false},"excerpt":{"rendered":"<ul>\n<li>Tomas Contte venceu a 1.\u00aa etapa do Grande Pr\u00e9mio de ciclismo O Jogo\/Leilosoc ao sprint no Sabugal, entre 32 corredores.<\/li>\n<li>O argentino da Aviludo-Louletano chegou em primeiro, vestindo a camisola amarela como l\u00edder da classifica\u00e7\u00e3o geral, com quatro segundos de vantagem.<\/li>\n<li>A tirada de 136,5 quil\u00f3metros foi marcada por tentativas de ataque de tr\u00eas escapados \u2014 Diogo Narciso, Jo\u00e3o Martins e Jo\u00e3o Silva \u2014 mas a fuga foi neutralizada pelo pelot\u00e3o.<\/li>\n<li>Contte mant\u00e9m a camisola amarela e fica mais pr\u00f3ximo da vit\u00f3ria global do GP, que termina em Paredes no pr\u00f3ximo domingo.<\/li>\n<li>O evento decorre em territ\u00f3rio portugu\u00eas, com a pr\u00f3xima etapa prevista para domingo em Paredes.<\/li>\n<\/ul>\n","protected":false},"author":2,"featured_media":456778,"comment_status":"closed","ping_status":"closed","sticky":false,"template":"","format":"standard","meta":{"footnotes":""},"categories":[21,24],"tags":[8451,7902,8547,7868,3059,4551],"class_list":["post-456772","post","type-post","status-publish","format-standard","has-post-thumbnail","hentry","category-desporto","category-futebol","tag-_ciclismo","tag-_desporto","tag-_desporto-federado","tag-camisola-amarela","tag-paredes","tag-sabugal"],"yoast_head":"<!-- This site is optimized with the Yoast SEO plugin v27.2 - https:\/\/yoast.com\/product\/yoast-seo-wordpress\/ -->\n<title>Tomas Contte vence a 1.\u00aa etapa do GP O Jogo e veste a amarela - Portal Tela Portugal<\/title>\n<meta name=\"robots\" content=\"index, follow, max-snippet:-1, max-image-preview:large, max-video-preview:-1\" \/>\n<meta property=\"og:locale\" content=\"pt_PT\" \/>\n<meta property=\"og:type\" content=\"article\" \/>\n<meta property=\"og:title\" content=\"Tomas Contte vence a 1.\u00aa etapa do GP O Jogo e veste a amarela - Portal Tela Portugal\" \/>\n<meta property=\"og:description\" content=\"Tomas Contte venceu a 1.\u00aa etapa do Grande Pr\u00e9mio de ciclismo O Jogo\/Leilosoc ao sprint no Sabugal, entre 32 corredores. O argentino da Aviludo-Louletano chegou em primeiro, vestindo a camisola amarela como l\u00edder da classifica\u00e7\u00e3o geral, com quatro segundos de vantagem. A tirada de 136,5 quil\u00f3metros foi marcada por tentativas de ataque de tr\u00eas escapados \u2014 Diogo Narciso, Jo\u00e3o Martins e Jo\u00e3o Silva \u2014 mas a fuga foi neutralizada pelo pelot\u00e3o. Contte mant\u00e9m a camisola amarela e fica mais pr\u00f3ximo da vit\u00f3ria global do GP, que termina em Paredes no pr\u00f3ximo domingo. O evento decorre em territ\u00f3rio portugu\u00eas, com a pr\u00f3xima etapa prevista para domingo em Paredes.\" \/>\n<meta property=\"og:url\" content=\"https:\/\/portaltela.pt\/noticias\/2026\/04\/23\/tomas-contte-vence-a-1-a-etapa-do-gp-o-jogo-e-veste-a-amarela\/\" \/>\n<meta property=\"og:site_name\" content=\"Portal Tela Portugal\" \/>\n<meta property=\"article:published_time\" content=\"2026-04-23T20:33:25+00:00\" \/>\n<meta name=\"author\" content=\"Telinha\" \/>\n<meta name=\"twitter:card\" content=\"summary_large_image\" \/>\n<meta name=\"twitter:label1\" content=\"Escrito por\" \/>\n\t<meta name=\"twitter:data1\" content=\"Telinha\" \/>\n\t<meta name=\"twitter:label2\" content=\"Tempo estimado de leitura\" \/>\n\t<meta name=\"twitter:data2\" content=\"1 minuto\" \/>\n<script type=\"application\/ld+json\" class=\"yoast-schema-graph\">{\"@context\":\"https:\/\/schema.org\",\"@graph\":[{\"@type\":\"Article\",\"@id\":\"https:\/\/portaltela.pt\/noticias\/2026\/04\/23\/tomas-contte-vence-a-1-a-etapa-do-gp-o-jogo-e-veste-a-amarela\/#article\",\"isPartOf\":{\"@id\":\"https:\/\/portaltela.pt\/noticias\/2026\/04\/23\/tomas-contte-vence-a-1-a-etapa-do-gp-o-jogo-e-veste-a-amarela\/\"},\"author\":{\"name\":\"Telinha\",\"@id\":\"https:\/\/portaltela.pt\/#\/schema\/person\/c4278d4a6028830caff9ee44b42d32ed\"},\"headline\":\"Tomas Contte vence a 1.\u00aa etapa do GP O Jogo e veste a amarela\",\"datePublished\":\"2026-04-23T20:33:25+00:00\",\"mainEntityOfPage\":{\"@id\":\"https:\/\/portaltela.pt\/noticias\/2026\/04\/23\/tomas-contte-vence-a-1-a-etapa-do-gp-o-jogo-e-veste-a-amarela\/\"},\"wordCount\":162,\"image\":{\"@id\":\"https:\/\/portaltela.pt\/noticias\/2026\/04\/23\/tomas-contte-vence-a-1-a-etapa-do-gp-o-jogo-e-veste-a-amarela\/#primaryimage\"},\"thumbnailUrl\":\"https:\/\/portaltela.pt\/s.01k8rhncp4jt1\/2026\/04\/96515449-1e59-47c1-9819-da9219525ed2_1200x675.jpg\",\"keywords\":[\"_ciclismo\",\"_desporto\",\"_desporto federado\",\"camisola amarela\",\"Paredes\",\"Sabugal\"],\"articleSection\":[\"Desporto\",\"Futebol\"],\"inLanguage\":\"pt-PT\"},{\"@type\":\"WebPage\",\"@id\":\"https:\/\/portaltela.pt\/noticias\/2026\/04\/23\/tomas-contte-vence-a-1-a-etapa-do-gp-o-jogo-e-veste-a-amarela\/\",\"url\":\"https:\/\/portaltela.pt\/noticias\/2026\/04\/23\/tomas-contte-vence-a-1-a-etapa-do-gp-o-jogo-e-veste-a-amarela\/\",\"name\":\"Tomas Contte vence a 1.\u00aa etapa do GP O Jogo e veste a amarela - Portal Tela Portugal\",\"isPartOf\":{\"@id\":\"https:\/\/portaltela.pt\/#website\"},\"primaryImageOfPage\":{\"@id\":\"https:\/\/portaltela.pt\/noticias\/2026\/04\/23\/tomas-contte-vence-a-1-a-etapa-do-gp-o-jogo-e-veste-a-amarela\/#primaryimage\"},\"image\":{\"@id\":\"https:\/\/portaltela.pt\/noticias\/2026\/04\/23\/tomas-contte-vence-a-1-a-etapa-do-gp-o-jogo-e-veste-a-amarela\/#primaryimage\"},\"thumbnailUrl\":\"https:\/\/portaltela.pt\/s.01k8rhncp4jt1\/2026\/04\/96515449-1e59-47c1-9819-da9219525ed2_1200x675.jpg\",\"datePublished\":\"2026-04-23T20:33:25+00:00\",\"author\":{\"@id\":\"https:\/\/portaltela.pt\/#\/schema\/person\/c4278d4a6028830caff9ee44b42d32ed\"},\"breadcrumb\":{\"@id\":\"https:\/\/portaltela.pt\/noticias\/2026\/04\/23\/tomas-contte-vence-a-1-a-etapa-do-gp-o-jogo-e-veste-a-amarela\/#breadcrumb\"},\"inLanguage\":\"pt-PT\",\"potentialAction\":[{\"@type\":\"ReadAction\",\"target\":[\"https:\/\/portaltela.pt\/noticias\/2026\/04\/23\/tomas-contte-vence-a-1-a-etapa-do-gp-o-jogo-e-veste-a-amarela\/\"]}]},{\"@type\":\"ImageObject\",\"inLanguage\":\"pt-PT\",\"@id\":\"https:\/\/portaltela.pt\/noticias\/2026\/04\/23\/tomas-contte-vence-a-1-a-etapa-do-gp-o-jogo-e-veste-a-amarela\/#primaryimage\",\"url\":\"https:\/\/portaltela.pt\/s.01k8rhncp4jt1\/2026\/04\/96515449-1e59-47c1-9819-da9219525ed2_1200x675.jpg\",\"contentUrl\":\"https:\/\/portaltela.pt\/s.01k8rhncp4jt1\/2026\/04\/96515449-1e59-47c1-9819-da9219525ed2_1200x675.jpg\",\"width\":796,\"height\":448,\"caption\":\"Photo\"},{\"@type\":\"BreadcrumbList\",\"@id\":\"https:\/\/portaltela.pt\/noticias\/2026\/04\/23\/tomas-contte-vence-a-1-a-etapa-do-gp-o-jogo-e-veste-a-amarela\/#breadcrumb\",\"itemListElement\":[{\"@type\":\"ListItem\",\"position\":1,\"name\":\"In\u00edcio\",\"item\":\"https:\/\/portaltela.pt\/\"},{\"@type\":\"ListItem\",\"position\":2,\"name\":\"Tomas Contte vence a 1.\u00aa etapa do GP O Jogo e veste a amarela\"}]},{\"@type\":\"WebSite\",\"@id\":\"https:\/\/portaltela.pt\/#website\",\"url\":\"https:\/\/portaltela.pt\/\",\"name\":\"Portal Tela Portugal\",\"description\":\"\",\"potentialAction\":[{\"@type\":\"SearchAction\",\"target\":{\"@type\":\"EntryPoint\",\"urlTemplate\":\"https:\/\/portaltela.pt\/?s={search_term_string}\"},\"query-input\":{\"@type\":\"PropertyValueSpecification\",\"valueRequired\":true,\"valueName\":\"search_term_string\"}}],\"inLanguage\":\"pt-PT\"},{\"@type\":\"Person\",\"@id\":\"https:\/\/portaltela.pt\/#\/schema\/person\/c4278d4a6028830caff9ee44b42d32ed\",\"name\":\"Telinha\",\"image\":{\"@type\":\"ImageObject\",\"inLanguage\":\"pt-PT\",\"@id\":\"https:\/\/portaltela.pt\/s.01k8rhncp4jt1\/2025\/11\/talking-bot-125x125.png\",\"url\":\"https:\/\/portaltela.pt\/s.01k8rhncp4jt1\/2025\/11\/talking-bot-125x125.png\",\"contentUrl\":\"https:\/\/portaltela.pt\/s.01k8rhncp4jt1\/2025\/11\/talking-bot-125x125.png\",\"caption\":\"Telinha\"},\"sameAs\":[\"https:\/\/portaltela.pt\/\"],\"url\":\"https:\/\/portaltela.pt\/por\/367410592786\/\"}]}<\/script>\n<!-- \/ Yoast SEO plugin. -->","yoast_head_json":{"title":"Tomas Contte vence a 1.\u00aa etapa do GP O Jogo e veste a amarela - Portal Tela Portugal","robots":{"index":"index","follow":"follow","max-snippet":"max-snippet:-1","max-image-preview":"max-image-preview:large","max-video-preview":"max-video-preview:-1"},"og_locale":"pt_PT","og_type":"article","og_title":"Tomas Contte vence a 1.\u00aa etapa do GP O Jogo e veste a amarela - Portal Tela Portugal","og_description":"Tomas Contte venceu a 1.\u00aa etapa do Grande Pr\u00e9mio de ciclismo O Jogo\/Leilosoc ao sprint no Sabugal, entre 32 corredores. O argentino da Aviludo-Louletano chegou em primeiro, vestindo a camisola amarela como l\u00edder da classifica\u00e7\u00e3o geral, com quatro segundos de vantagem. A tirada de 136,5 quil\u00f3metros foi marcada por tentativas de ataque de tr\u00eas escapados \u2014 Diogo Narciso, Jo\u00e3o Martins e Jo\u00e3o Silva \u2014 mas a fuga foi neutralizada pelo pelot\u00e3o. Contte mant\u00e9m a camisola amarela e fica mais pr\u00f3ximo da vit\u00f3ria global do GP, que termina em Paredes no pr\u00f3ximo domingo. O evento decorre em territ\u00f3rio portugu\u00eas, com a pr\u00f3xima etapa prevista para domingo em Paredes.","og_url":"https:\/\/portaltela.pt\/noticias\/2026\/04\/23\/tomas-contte-vence-a-1-a-etapa-do-gp-o-jogo-e-veste-a-amarela\/","og_site_name":"Portal Tela Portugal","article_published_time":"2026-04-23T20:33:25+00:00","author":"Telinha","twitter_card":"summary_large_image","twitter_misc":{"Escrito por":"Telinha","Tempo estimado de leitura":"1 minuto"},"schema":{"@context":"https:\/\/schema.org","@graph":[{"@type":"Article","@id":"https:\/\/portaltela.pt\/noticias\/2026\/04\/23\/tomas-contte-vence-a-1-a-etapa-do-gp-o-jogo-e-veste-a-amarela\/#article","isPartOf":{"@id":"https:\/\/portaltela.pt\/noticias\/2026\/04\/23\/tomas-contte-vence-a-1-a-etapa-do-gp-o-jogo-e-veste-a-amarela\/"},"author":{"name":"Telinha","@id":"https:\/\/portaltela.pt\/#\/schema\/person\/c4278d4a6028830caff9ee44b42d32ed"},"headline":"Tomas Contte vence a 1.\u00aa etapa do GP O Jogo e veste a amarela","datePublished":"2026-04-23T20:33:25+00:00","mainEntityOfPage":{"@id":"https:\/\/portaltela.pt\/noticias\/2026\/04\/23\/tomas-contte-vence-a-1-a-etapa-do-gp-o-jogo-e-veste-a-amarela\/"},"wordCount":162,"image":{"@id":"https:\/\/portaltela.pt\/noticias\/2026\/04\/23\/tomas-contte-vence-a-1-a-etapa-do-gp-o-jogo-e-veste-a-amarela\/#primaryimage"},"thumbnailUrl":"https:\/\/portaltela.pt\/s.01k8rhncp4jt1\/2026\/04\/96515449-1e59-47c1-9819-da9219525ed2_1200x675.jpg","keywords":["_ciclismo","_desporto","_desporto federado","camisola amarela","Paredes","Sabugal"],"articleSection":["Desporto","Futebol"],"inLanguage":"pt-PT"},{"@type":"WebPage","@id":"https:\/\/portaltela.pt\/noticias\/2026\/04\/23\/tomas-contte-vence-a-1-a-etapa-do-gp-o-jogo-e-veste-a-amarela\/","url":"https:\/\/portaltela.pt\/noticias\/2026\/04\/23\/tomas-contte-vence-a-1-a-etapa-do-gp-o-jogo-e-veste-a-amarela\/","name":"Tomas Contte vence a 1.\u00aa etapa do GP O Jogo e veste a amarela - Portal Tela Portugal","isPartOf":{"@id":"https:\/\/portaltela.pt\/#website"},"primaryImageOfPage":{"@id":"https:\/\/portaltela.pt\/noticias\/2026\/04\/23\/tomas-contte-vence-a-1-a-etapa-do-gp-o-jogo-e-veste-a-amarela\/#primaryimage"},"image":{"@id":"https:\/\/portaltela.pt\/noticias\/2026\/04\/23\/tomas-contte-vence-a-1-a-etapa-do-gp-o-jogo-e-veste-a-amarela\/#primaryimage"},"thumbnailUrl":"https:\/\/portaltela.pt\/s.01k8rhncp4jt1\/2026\/04\/96515449-1e59-47c1-9819-da9219525ed2_1200x675.jpg","datePublished":"2026-04-23T20:33:25+00:00","author":{"@id":"https:\/\/portaltela.pt\/#\/schema\/person\/c4278d4a6028830caff9ee44b42d32ed"},"breadcrumb":{"@id":"https:\/\/portaltela.pt\/noticias\/2026\/04\/23\/tomas-contte-vence-a-1-a-etapa-do-gp-o-jogo-e-veste-a-amarela\/#breadcrumb"},"inLanguage":"pt-PT","potentialAction":[{"@type":"ReadAction","target":["https:\/\/portaltela.pt\/noticias\/2026\/04\/23\/tomas-contte-vence-a-1-a-etapa-do-gp-o-jogo-e-veste-a-amarela\/"]}]},{"@type":"ImageObject","inLanguage":"pt-PT","@id":"https:\/\/portaltela.pt\/noticias\/2026\/04\/23\/tomas-contte-vence-a-1-a-etapa-do-gp-o-jogo-e-veste-a-amarela\/#primaryimage","url":"https:\/\/portaltela.pt\/s.01k8rhncp4jt1\/2026\/04\/96515449-1e59-47c1-9819-da9219525ed2_1200x675.jpg","contentUrl":"https:\/\/portaltela.pt\/s.01k8rhncp4jt1\/2026\/04\/96515449-1e59-47c1-9819-da9219525ed2_1200x675.jpg","width":796,"height":448,"caption":"Photo"},{"@type":"BreadcrumbList","@id":"https:\/\/portaltela.pt\/noticias\/2026\/04\/23\/tomas-contte-vence-a-1-a-etapa-do-gp-o-jogo-e-veste-a-amarela\/#breadcrumb","itemListElement":[{"@type":"ListItem","position":1,"name":"In\u00edcio","item":"https:\/\/portaltela.pt\/"},{"@type":"ListItem","position":2,"name":"Tomas Contte vence a 1.\u00aa etapa do GP O Jogo e veste a amarela"}]},{"@type":"WebSite","@id":"https:\/\/portaltela.pt\/#website","url":"https:\/\/portaltela.pt\/","name":"Portal Tela Portugal","description":"","potentialAction":[{"@type":"SearchAction","target":{"@type":"EntryPoint","urlTemplate":"https:\/\/portaltela.pt\/?s={search_term_string}"},"query-input":{"@type":"PropertyValueSpecification","valueRequired":true,"valueName":"search_term_string"}}],"inLanguage":"pt-PT"},{"@type":"Person","@id":"https:\/\/portaltela.pt\/#\/schema\/person\/c4278d4a6028830caff9ee44b42d32ed","name":"Telinha","image":{"@type":"ImageObject","inLanguage":"pt-PT","@id":"https:\/\/portaltela.pt\/s.01k8rhncp4jt1\/2025\/11\/talking-bot-125x125.png","url":"https:\/\/portaltela.pt\/s.01k8rhncp4jt1\/2025\/11\/talking-bot-125x125.png","contentUrl":"https:\/\/portaltela.pt\/s.01k8rhncp4jt1\/2025\/11\/talking-bot-125x125.png","caption":"Telinha"},"sameAs":["https:\/\/portaltela.pt\/"],"url":"https:\/\/portaltela.pt\/por\/367410592786\/"}]}},"_links":{"self":[{"href":"https:\/\/portaltela.pt\/api\/wp\/v2\/posts\/456772","targetHints":{"allow":["GET"]}}],"collection":[{"href":"https:\/\/portaltela.pt\/api\/wp\/v2\/posts"}],"about":[{"href":"https:\/\/portaltela.pt\/api\/wp\/v2\/types\/post"}],"author":[{"embeddable":true,"href":"https:\/\/portaltela.pt\/api\/wp\/v2\/users\/2"}],"replies":[{"embeddable":true,"href":"https:\/\/portaltela.pt\/api\/wp\/v2\/comments?post=456772"}],"version-history":[{"count":0,"href":"https:\/\/portaltela.pt\/api\/wp\/v2\/posts\/456772\/revisions"}],"wp:featuredmedia":[{"embeddable":true,"href":"https:\/\/portaltela.pt\/api\/wp\/v2\/media\/456778"}],"wp:attachment":[{"href":"https:\/\/portaltela.pt\/api\/wp\/v2\/media?parent=456772"}],"wp:term":[{"taxonomy":"category","embeddable":true,"href":"https:\/\/portaltela.pt\/api\/wp\/v2\/categories?post=456772"},{"taxonomy":"post_tag","embeddable":true,"href":"https:\/\/portaltela.pt\/api\/wp\/v2\/tags?post=456772"}],"curies":[{"name":"wp","href":"https:\/\/api.w.org\/{rel}","templated":true}]}}