{"id":456771,"date":"2026-04-23T17:33:20","date_gmt":"2026-04-23T20:33:20","guid":{"rendered":"https:\/\/portaltela.pt\/noticias\/2026\/04\/23\/claudio-ranieri-deixa-a-roma\/"},"modified":"2026-04-23T17:33:20","modified_gmt":"2026-04-23T20:33:20","slug":"claudio-ranieri-deixa-a-roma","status":"publish","type":"post","link":"https:\/\/portaltela.pt\/desporto\/futebol\/2026\/04\/23\/claudio-ranieri-deixa-a-roma\/","title":{"rendered":"Cl\u00e1udio Ranieri deixa a Roma"},"content":{"rendered":"<p>O Roma anunciou que Claudio Ranieri vai deixar de exercer o cargo de consultor s\u00e9nior do clube. A decis\u00e3o resulta de um desentendimento p\u00fablico com Gian Piero Gasperini, treinador da equipa da capital. Ranieri tem 74 anos e mant\u00e9m um contrato com o clube at\u00e9 2027.<\/p>\n<p>A disc\u00f3rdia ganhou contornos p\u00fablicos quando Ranieri afirmou numa entrevista que Gasperini n\u00e3o era sequer um dos tr\u00eas alvos priorit\u00e1rios na altura em que Gasperini foi indicado como seu eventual substituto. O facto gerou tens\u00e3o entre os dois ao longo das \u00faltimas semanas.<\/p>\n<p>Segundo relatos da imprensa italiana, a rela\u00e7\u00e3o entre ambos deteriorou-se a ponto de n\u00e3o se darem olhares no centro de treinos, situa\u00e7\u00e3o descrita como insustent\u00e1vel. A Roma optou por encerrar a liga\u00e7\u00e3o com Ranieri, mantendo o foco nas respetivas fun\u00e7\u00f5es da \u00e9poca desportiva.<\/p>\n<h3>Situa\u00e7\u00e3o contratual e desfecho<\/h3>\n<p>Ranieri deixa o papel sem comentar por ora os passos seguintes. O clube n\u00e3o indicou, publicamente, planos de substitui\u00e7\u00e3o imediata. A dire\u00e7\u00e3o da Roma aponta para uma conclus\u00e3o do ciclo profissional do comentador junto do clube, mantendo o foco na equipa principal.<\/p>\n<p>O desfecho da rela\u00e7\u00e3o ocorre numa altura de reestrutura\u00e7\u00e3o interna no clube. A opera\u00e7\u00e3o, segundo fontes pr\u00f3ximas, visa estabilizar o ambiente t\u00e9cnico e manter a continuidade dos trabalhos no centro de treinos e no staff da equipa.<\/p>\n","protected":false},"excerpt":{"rendered":"<ul>\n<li>Claudio Ranieri vai deixar o cargo de consultor s\u00e9nior da Roma.<\/li>\n<li>O motivo \u00e9 um desentendimento p\u00fablico com o treinador do clube da capital, Gian Piero Gasperini, gerando um clima de tens\u00e3o.<\/li>\n<li>O italiano tem 74 anos e o contrato com a Roma \u00e9 v\u00e1lido at\u00e9 2027.<\/li>\n<li>Em entrevista, Ranieri afirmou que Gasperini n\u00e3o era sequer um dos tr\u00eas alvos priorit\u00e1rios quando foi nomeado seu sucessor.<\/li>\n<li>H\u00e1 cerca de uma semana surgiram relatos de que os dois se ignoravam no centro de treinos, o que tornou a situa\u00e7\u00e3o insustent\u00e1vel.<\/li>\n<\/ul>\n","protected":false},"author":2,"featured_media":456775,"comment_status":"closed","ping_status":"closed","sticky":false,"template":"","format":"standard","meta":{"footnotes":""},"categories":[21,24],"tags":[152,32,1857,4815,2477],"class_list":["post-456771","post","type-post","status-publish","format-standard","has-post-thumbnail","hentry","category-desporto","category-futebol","tag-desporto","tag-futebol","tag-italia","tag-roma","tag-treinadores"],"yoast_head":"<!-- This site is optimized with the Yoast SEO plugin v27.2 - https:\/\/yoast.com\/product\/yoast-seo-wordpress\/ -->\n<title>Cl\u00e1udio Ranieri deixa a Roma - Portal Tela Portugal<\/title>\n<meta name=\"robots\" content=\"index, follow, max-snippet:-1, max-image-preview:large, max-video-preview:-1\" \/>\n<meta property=\"og:locale\" content=\"pt_PT\" \/>\n<meta property=\"og:type\" content=\"article\" \/>\n<meta property=\"og:title\" content=\"Cl\u00e1udio Ranieri deixa a Roma - Portal Tela Portugal\" \/>\n<meta property=\"og:description\" content=\"Claudio Ranieri vai deixar o cargo de consultor s\u00e9nior da Roma. O motivo \u00e9 um desentendimento p\u00fablico com o treinador do clube da capital, Gian Piero Gasperini, gerando um clima de tens\u00e3o. O italiano tem 74 anos e o contrato com a Roma \u00e9 v\u00e1lido at\u00e9 2027. Em entrevista, Ranieri afirmou que Gasperini n\u00e3o era sequer um dos tr\u00eas alvos priorit\u00e1rios quando foi nomeado seu sucessor. H\u00e1 cerca de uma semana surgiram relatos de que os dois se ignoravam no centro de treinos, o que tornou a situa\u00e7\u00e3o insustent\u00e1vel.\" \/>\n<meta property=\"og:url\" content=\"https:\/\/portaltela.pt\/noticias\/2026\/04\/23\/claudio-ranieri-deixa-a-roma\/\" \/>\n<meta property=\"og:site_name\" content=\"Portal Tela Portugal\" \/>\n<meta property=\"article:published_time\" content=\"2026-04-23T20:33:20+00:00\" \/>\n<meta name=\"author\" content=\"Telinha\" \/>\n<meta name=\"twitter:card\" content=\"summary_large_image\" \/>\n<meta name=\"twitter:label1\" content=\"Escrito por\" \/>\n\t<meta name=\"twitter:data1\" content=\"Telinha\" \/>\n\t<meta name=\"twitter:label2\" content=\"Tempo estimado de leitura\" \/>\n\t<meta name=\"twitter:data2\" content=\"1 minuto\" \/>\n<script type=\"application\/ld+json\" class=\"yoast-schema-graph\">{\"@context\":\"https:\/\/schema.org\",\"@graph\":[{\"@type\":\"Article\",\"@id\":\"https:\/\/portaltela.pt\/noticias\/2026\/04\/23\/claudio-ranieri-deixa-a-roma\/#article\",\"isPartOf\":{\"@id\":\"https:\/\/portaltela.pt\/noticias\/2026\/04\/23\/claudio-ranieri-deixa-a-roma\/\"},\"author\":{\"name\":\"Telinha\",\"@id\":\"https:\/\/portaltela.pt\/#\/schema\/person\/c4278d4a6028830caff9ee44b42d32ed\"},\"headline\":\"Cl\u00e1udio Ranieri deixa a Roma\",\"datePublished\":\"2026-04-23T20:33:20+00:00\",\"mainEntityOfPage\":{\"@id\":\"https:\/\/portaltela.pt\/noticias\/2026\/04\/23\/claudio-ranieri-deixa-a-roma\/\"},\"wordCount\":245,\"image\":{\"@id\":\"https:\/\/portaltela.pt\/noticias\/2026\/04\/23\/claudio-ranieri-deixa-a-roma\/#primaryimage\"},\"thumbnailUrl\":\"https:\/\/portaltela.pt\/s.01k8rhncp4jt1\/2026\/04\/img_920x518uu2023-09-26-19-01-04-2175396.jpg\",\"keywords\":[\"desporto\",\"futebol\",\"It\u00e1lia\",\"Roma\",\"treinadores\"],\"articleSection\":[\"Desporto\",\"Futebol\"],\"inLanguage\":\"pt-PT\"},{\"@type\":\"WebPage\",\"@id\":\"https:\/\/portaltela.pt\/noticias\/2026\/04\/23\/claudio-ranieri-deixa-a-roma\/\",\"url\":\"https:\/\/portaltela.pt\/noticias\/2026\/04\/23\/claudio-ranieri-deixa-a-roma\/\",\"name\":\"Cl\u00e1udio Ranieri deixa a Roma - Portal Tela Portugal\",\"isPartOf\":{\"@id\":\"https:\/\/portaltela.pt\/#website\"},\"primaryImageOfPage\":{\"@id\":\"https:\/\/portaltela.pt\/noticias\/2026\/04\/23\/claudio-ranieri-deixa-a-roma\/#primaryimage\"},\"image\":{\"@id\":\"https:\/\/portaltela.pt\/noticias\/2026\/04\/23\/claudio-ranieri-deixa-a-roma\/#primaryimage\"},\"thumbnailUrl\":\"https:\/\/portaltela.pt\/s.01k8rhncp4jt1\/2026\/04\/img_920x518uu2023-09-26-19-01-04-2175396.jpg\",\"datePublished\":\"2026-04-23T20:33:20+00:00\",\"author\":{\"@id\":\"https:\/\/portaltela.pt\/#\/schema\/person\/c4278d4a6028830caff9ee44b42d32ed\"},\"breadcrumb\":{\"@id\":\"https:\/\/portaltela.pt\/noticias\/2026\/04\/23\/claudio-ranieri-deixa-a-roma\/#breadcrumb\"},\"inLanguage\":\"pt-PT\",\"potentialAction\":[{\"@type\":\"ReadAction\",\"target\":[\"https:\/\/portaltela.pt\/noticias\/2026\/04\/23\/claudio-ranieri-deixa-a-roma\/\"]}]},{\"@type\":\"ImageObject\",\"inLanguage\":\"pt-PT\",\"@id\":\"https:\/\/portaltela.pt\/noticias\/2026\/04\/23\/claudio-ranieri-deixa-a-roma\/#primaryimage\",\"url\":\"https:\/\/portaltela.pt\/s.01k8rhncp4jt1\/2026\/04\/img_920x518uu2023-09-26-19-01-04-2175396.jpg\",\"contentUrl\":\"https:\/\/portaltela.pt\/s.01k8rhncp4jt1\/2026\/04\/img_920x518uu2023-09-26-19-01-04-2175396.jpg\",\"width\":796,\"height\":448,\"caption\":\"Corda parte do lado de Claudio Ranieri\"},{\"@type\":\"BreadcrumbList\",\"@id\":\"https:\/\/portaltela.pt\/noticias\/2026\/04\/23\/claudio-ranieri-deixa-a-roma\/#breadcrumb\",\"itemListElement\":[{\"@type\":\"ListItem\",\"position\":1,\"name\":\"In\u00edcio\",\"item\":\"https:\/\/portaltela.pt\/\"},{\"@type\":\"ListItem\",\"position\":2,\"name\":\"Cl\u00e1udio Ranieri deixa a Roma\"}]},{\"@type\":\"WebSite\",\"@id\":\"https:\/\/portaltela.pt\/#website\",\"url\":\"https:\/\/portaltela.pt\/\",\"name\":\"Portal Tela Portugal\",\"description\":\"\",\"potentialAction\":[{\"@type\":\"SearchAction\",\"target\":{\"@type\":\"EntryPoint\",\"urlTemplate\":\"https:\/\/portaltela.pt\/?s={search_term_string}\"},\"query-input\":{\"@type\":\"PropertyValueSpecification\",\"valueRequired\":true,\"valueName\":\"search_term_string\"}}],\"inLanguage\":\"pt-PT\"},{\"@type\":\"Person\",\"@id\":\"https:\/\/portaltela.pt\/#\/schema\/person\/c4278d4a6028830caff9ee44b42d32ed\",\"name\":\"Telinha\",\"image\":{\"@type\":\"ImageObject\",\"inLanguage\":\"pt-PT\",\"@id\":\"https:\/\/portaltela.pt\/s.01k8rhncp4jt1\/2025\/11\/talking-bot-125x125.png\",\"url\":\"https:\/\/portaltela.pt\/s.01k8rhncp4jt1\/2025\/11\/talking-bot-125x125.png\",\"contentUrl\":\"https:\/\/portaltela.pt\/s.01k8rhncp4jt1\/2025\/11\/talking-bot-125x125.png\",\"caption\":\"Telinha\"},\"sameAs\":[\"https:\/\/portaltela.pt\/\"],\"url\":\"https:\/\/portaltela.pt\/por\/367410592786\/\"}]}<\/script>\n<!-- \/ Yoast SEO plugin. -->","yoast_head_json":{"title":"Cl\u00e1udio Ranieri deixa a Roma - Portal Tela Portugal","robots":{"index":"index","follow":"follow","max-snippet":"max-snippet:-1","max-image-preview":"max-image-preview:large","max-video-preview":"max-video-preview:-1"},"og_locale":"pt_PT","og_type":"article","og_title":"Cl\u00e1udio Ranieri deixa a Roma - Portal Tela Portugal","og_description":"Claudio Ranieri vai deixar o cargo de consultor s\u00e9nior da Roma. O motivo \u00e9 um desentendimento p\u00fablico com o treinador do clube da capital, Gian Piero Gasperini, gerando um clima de tens\u00e3o. O italiano tem 74 anos e o contrato com a Roma \u00e9 v\u00e1lido at\u00e9 2027. Em entrevista, Ranieri afirmou que Gasperini n\u00e3o era sequer um dos tr\u00eas alvos priorit\u00e1rios quando foi nomeado seu sucessor. H\u00e1 cerca de uma semana surgiram relatos de que os dois se ignoravam no centro de treinos, o que tornou a situa\u00e7\u00e3o insustent\u00e1vel.","og_url":"https:\/\/portaltela.pt\/noticias\/2026\/04\/23\/claudio-ranieri-deixa-a-roma\/","og_site_name":"Portal Tela Portugal","article_published_time":"2026-04-23T20:33:20+00:00","author":"Telinha","twitter_card":"summary_large_image","twitter_misc":{"Escrito por":"Telinha","Tempo estimado de leitura":"1 minuto"},"schema":{"@context":"https:\/\/schema.org","@graph":[{"@type":"Article","@id":"https:\/\/portaltela.pt\/noticias\/2026\/04\/23\/claudio-ranieri-deixa-a-roma\/#article","isPartOf":{"@id":"https:\/\/portaltela.pt\/noticias\/2026\/04\/23\/claudio-ranieri-deixa-a-roma\/"},"author":{"name":"Telinha","@id":"https:\/\/portaltela.pt\/#\/schema\/person\/c4278d4a6028830caff9ee44b42d32ed"},"headline":"Cl\u00e1udio Ranieri deixa a Roma","datePublished":"2026-04-23T20:33:20+00:00","mainEntityOfPage":{"@id":"https:\/\/portaltela.pt\/noticias\/2026\/04\/23\/claudio-ranieri-deixa-a-roma\/"},"wordCount":245,"image":{"@id":"https:\/\/portaltela.pt\/noticias\/2026\/04\/23\/claudio-ranieri-deixa-a-roma\/#primaryimage"},"thumbnailUrl":"https:\/\/portaltela.pt\/s.01k8rhncp4jt1\/2026\/04\/img_920x518uu2023-09-26-19-01-04-2175396.jpg","keywords":["desporto","futebol","It\u00e1lia","Roma","treinadores"],"articleSection":["Desporto","Futebol"],"inLanguage":"pt-PT"},{"@type":"WebPage","@id":"https:\/\/portaltela.pt\/noticias\/2026\/04\/23\/claudio-ranieri-deixa-a-roma\/","url":"https:\/\/portaltela.pt\/noticias\/2026\/04\/23\/claudio-ranieri-deixa-a-roma\/","name":"Cl\u00e1udio Ranieri deixa a Roma - Portal Tela Portugal","isPartOf":{"@id":"https:\/\/portaltela.pt\/#website"},"primaryImageOfPage":{"@id":"https:\/\/portaltela.pt\/noticias\/2026\/04\/23\/claudio-ranieri-deixa-a-roma\/#primaryimage"},"image":{"@id":"https:\/\/portaltela.pt\/noticias\/2026\/04\/23\/claudio-ranieri-deixa-a-roma\/#primaryimage"},"thumbnailUrl":"https:\/\/portaltela.pt\/s.01k8rhncp4jt1\/2026\/04\/img_920x518uu2023-09-26-19-01-04-2175396.jpg","datePublished":"2026-04-23T20:33:20+00:00","author":{"@id":"https:\/\/portaltela.pt\/#\/schema\/person\/c4278d4a6028830caff9ee44b42d32ed"},"breadcrumb":{"@id":"https:\/\/portaltela.pt\/noticias\/2026\/04\/23\/claudio-ranieri-deixa-a-roma\/#breadcrumb"},"inLanguage":"pt-PT","potentialAction":[{"@type":"ReadAction","target":["https:\/\/portaltela.pt\/noticias\/2026\/04\/23\/claudio-ranieri-deixa-a-roma\/"]}]},{"@type":"ImageObject","inLanguage":"pt-PT","@id":"https:\/\/portaltela.pt\/noticias\/2026\/04\/23\/claudio-ranieri-deixa-a-roma\/#primaryimage","url":"https:\/\/portaltela.pt\/s.01k8rhncp4jt1\/2026\/04\/img_920x518uu2023-09-26-19-01-04-2175396.jpg","contentUrl":"https:\/\/portaltela.pt\/s.01k8rhncp4jt1\/2026\/04\/img_920x518uu2023-09-26-19-01-04-2175396.jpg","width":796,"height":448,"caption":"Corda parte do lado de Claudio Ranieri"},{"@type":"BreadcrumbList","@id":"https:\/\/portaltela.pt\/noticias\/2026\/04\/23\/claudio-ranieri-deixa-a-roma\/#breadcrumb","itemListElement":[{"@type":"ListItem","position":1,"name":"In\u00edcio","item":"https:\/\/portaltela.pt\/"},{"@type":"ListItem","position":2,"name":"Cl\u00e1udio Ranieri deixa a Roma"}]},{"@type":"WebSite","@id":"https:\/\/portaltela.pt\/#website","url":"https:\/\/portaltela.pt\/","name":"Portal Tela Portugal","description":"","potentialAction":[{"@type":"SearchAction","target":{"@type":"EntryPoint","urlTemplate":"https:\/\/portaltela.pt\/?s={search_term_string}"},"query-input":{"@type":"PropertyValueSpecification","valueRequired":true,"valueName":"search_term_string"}}],"inLanguage":"pt-PT"},{"@type":"Person","@id":"https:\/\/portaltela.pt\/#\/schema\/person\/c4278d4a6028830caff9ee44b42d32ed","name":"Telinha","image":{"@type":"ImageObject","inLanguage":"pt-PT","@id":"https:\/\/portaltela.pt\/s.01k8rhncp4jt1\/2025\/11\/talking-bot-125x125.png","url":"https:\/\/portaltela.pt\/s.01k8rhncp4jt1\/2025\/11\/talking-bot-125x125.png","contentUrl":"https:\/\/portaltela.pt\/s.01k8rhncp4jt1\/2025\/11\/talking-bot-125x125.png","caption":"Telinha"},"sameAs":["https:\/\/portaltela.pt\/"],"url":"https:\/\/portaltela.pt\/por\/367410592786\/"}]}},"_links":{"self":[{"href":"https:\/\/portaltela.pt\/api\/wp\/v2\/posts\/456771","targetHints":{"allow":["GET"]}}],"collection":[{"href":"https:\/\/portaltela.pt\/api\/wp\/v2\/posts"}],"about":[{"href":"https:\/\/portaltela.pt\/api\/wp\/v2\/types\/post"}],"author":[{"embeddable":true,"href":"https:\/\/portaltela.pt\/api\/wp\/v2\/users\/2"}],"replies":[{"embeddable":true,"href":"https:\/\/portaltela.pt\/api\/wp\/v2\/comments?post=456771"}],"version-history":[{"count":0,"href":"https:\/\/portaltela.pt\/api\/wp\/v2\/posts\/456771\/revisions"}],"wp:featuredmedia":[{"embeddable":true,"href":"https:\/\/portaltela.pt\/api\/wp\/v2\/media\/456775"}],"wp:attachment":[{"href":"https:\/\/portaltela.pt\/api\/wp\/v2\/media?parent=456771"}],"wp:term":[{"taxonomy":"category","embeddable":true,"href":"https:\/\/portaltela.pt\/api\/wp\/v2\/categories?post=456771"},{"taxonomy":"post_tag","embeddable":true,"href":"https:\/\/portaltela.pt\/api\/wp\/v2\/tags?post=456771"}],"curies":[{"name":"wp","href":"https:\/\/api.w.org\/{rel}","templated":true}]}}