{"id":456754,"date":"2026-04-23T17:18:27","date_gmt":"2026-04-23T20:18:27","guid":{"rendered":"https:\/\/portaltela.pt\/noticias\/2026\/04\/23\/filipe-admite-dificuldades-por-ser-filho-de-rui-costa-e-segue-o-seu-caminho\/"},"modified":"2026-04-23T17:18:27","modified_gmt":"2026-04-23T20:18:27","slug":"filipe-admite-dificuldades-por-ser-filho-de-rui-costa-e-segue-o-seu-caminho","status":"publish","type":"post","link":"https:\/\/portaltela.pt\/desporto\/futebol\/2026\/04\/23\/filipe-admite-dificuldades-por-ser-filho-de-rui-costa-e-segue-o-seu-caminho\/","title":{"rendered":"Filipe admite dificuldades por ser filho de Rui Costa e segue o seu caminho"},"content":{"rendered":"<p>Filipe Costa, filho de Rui Costa, assumiu o cargo de diretor-desportivo do Louletano, clube do Algarve que vai disputar o acesso \u00e0 Liga 3 na presente temporada. A nomea\u00e7\u00e3o coloca Filipe num papel-chave fora do campo, orientando a gest\u00e3o desportiva do clube.<\/p>\n<p>No in\u00edcio da carreira, Filipe Costa j\u00e1 atuou como diretor-desportivo no Damaiense, no futebol feminino, numa opera\u00e7\u00e3o-teste para avaliar o seu interesse na \u00e1rea. O objetivo era perceber se a fun\u00e7\u00e3o o atra\u00eda a longo prazo.<\/p>\n<p>O pr\u00f3prio admite as dificuldades de seguir os passos do pai no futebol, destacando que sempre quis construir o seu pr\u00f3prio caminho e n\u00e3o apenas seguir uma linha tra\u00e7ada por algu\u00e9m pr\u00f3ximo.<\/p>\n<h3>Trajet\u00f3ria atual e objetivos<\/h3>\n<p>No Louletano, Filipe \u00e9 respons\u00e1vel pela estrat\u00e9gia desportiva da equipa, com foco no planeamento para o acesso \u00e0 Liga 3. O clube alentejano\/algarvio est\u00e1 orientado para competitividade e refor\u00e7os que permitam alcan\u00e7ar essa meta na pr\u00f3xima fase. Fonte: RECORD<\/p>\n","protected":false},"excerpt":{"rendered":"<ul>\n<li>Filipe Costa, filho de Rui Costa, afirma que \u00e9 dif\u00edcil seguir os passos do pai no mundo do futebol, mas quer construir o pr\u00f3prio caminho.<\/li>\n<li>Revela que, ainda jogador, come\u00e7ou a trabalhar como diretor-desportivo do futebol feminino do Damaiense, num teste para perceber interesse nessa \u00e1rea.<\/li>\n<li>Atualmente \u00e9 diretor-desportivo do Louletano.<\/li>\n<li>O Louletano vai disputar o acesso \u00e0 Liga 3.<\/li>\n<li>A entrevista destaca o objetivo de Filipe de afirmar-se pela pr\u00f3pria carreira no desporto.<\/li>\n<\/ul>\n","protected":false},"author":2,"featured_media":456759,"comment_status":"closed","ping_status":"closed","sticky":false,"template":"","format":"standard","meta":{"footnotes":""},"categories":[21,24],"tags":[928,152,32,2302,2139],"class_list":["post-456754","post","type-post","status-publish","format-standard","has-post-thumbnail","hentry","category-desporto","category-futebol","tag-algarve","tag-desporto","tag-futebol","tag-loule","tag-rui-costa"],"yoast_head":"<!-- This site is optimized with the Yoast SEO plugin v27.2 - https:\/\/yoast.com\/product\/yoast-seo-wordpress\/ -->\n<title>Filipe admite dificuldades por ser filho de Rui Costa e segue o seu caminho - Portal Tela Portugal<\/title>\n<meta name=\"robots\" content=\"index, follow, max-snippet:-1, max-image-preview:large, max-video-preview:-1\" \/>\n<meta property=\"og:locale\" content=\"pt_PT\" \/>\n<meta property=\"og:type\" content=\"article\" \/>\n<meta property=\"og:title\" content=\"Filipe admite dificuldades por ser filho de Rui Costa e segue o seu caminho - Portal Tela Portugal\" \/>\n<meta property=\"og:description\" content=\"Filipe Costa, filho de Rui Costa, afirma que \u00e9 dif\u00edcil seguir os passos do pai no mundo do futebol, mas quer construir o pr\u00f3prio caminho. Revela que, ainda jogador, come\u00e7ou a trabalhar como diretor-desportivo do futebol feminino do Damaiense, num teste para perceber interesse nessa \u00e1rea. Atualmente \u00e9 diretor-desportivo do Louletano. O Louletano vai disputar o acesso \u00e0 Liga 3. A entrevista destaca o objetivo de Filipe de afirmar-se pela pr\u00f3pria carreira no desporto.\" \/>\n<meta property=\"og:url\" content=\"https:\/\/portaltela.pt\/noticias\/2026\/04\/23\/filipe-admite-dificuldades-por-ser-filho-de-rui-costa-e-segue-o-seu-caminho\/\" \/>\n<meta property=\"og:site_name\" content=\"Portal Tela Portugal\" \/>\n<meta property=\"article:published_time\" content=\"2026-04-23T20:18:27+00:00\" \/>\n<meta name=\"author\" content=\"Telinha\" \/>\n<meta name=\"twitter:card\" content=\"summary_large_image\" \/>\n<meta name=\"twitter:label1\" content=\"Escrito por\" \/>\n\t<meta name=\"twitter:data1\" content=\"Telinha\" \/>\n\t<meta name=\"twitter:label2\" content=\"Tempo estimado de leitura\" \/>\n\t<meta name=\"twitter:data2\" content=\"1 minuto\" \/>\n<script type=\"application\/ld+json\" class=\"yoast-schema-graph\">{\"@context\":\"https:\/\/schema.org\",\"@graph\":[{\"@type\":\"Article\",\"@id\":\"https:\/\/portaltela.pt\/noticias\/2026\/04\/23\/filipe-admite-dificuldades-por-ser-filho-de-rui-costa-e-segue-o-seu-caminho\/#article\",\"isPartOf\":{\"@id\":\"https:\/\/portaltela.pt\/noticias\/2026\/04\/23\/filipe-admite-dificuldades-por-ser-filho-de-rui-costa-e-segue-o-seu-caminho\/\"},\"author\":{\"name\":\"Telinha\",\"@id\":\"https:\/\/portaltela.pt\/#\/schema\/person\/c4278d4a6028830caff9ee44b42d32ed\"},\"headline\":\"Filipe admite dificuldades por ser filho de Rui Costa e segue o seu caminho\",\"datePublished\":\"2026-04-23T20:18:27+00:00\",\"mainEntityOfPage\":{\"@id\":\"https:\/\/portaltela.pt\/noticias\/2026\/04\/23\/filipe-admite-dificuldades-por-ser-filho-de-rui-costa-e-segue-o-seu-caminho\/\"},\"wordCount\":181,\"image\":{\"@id\":\"https:\/\/portaltela.pt\/noticias\/2026\/04\/23\/filipe-admite-dificuldades-por-ser-filho-de-rui-costa-e-segue-o-seu-caminho\/#primaryimage\"},\"thumbnailUrl\":\"https:\/\/portaltela.pt\/s.01k8rhncp4jt1\/2026\/04\/img_920x518uu2026-04-22-22-33-47-2434774.jpg\",\"keywords\":[\"Algarve\",\"desporto\",\"futebol\",\"Loul\u00e9\",\"Rui Costa\"],\"articleSection\":[\"Desporto\",\"Futebol\"],\"inLanguage\":\"pt-PT\"},{\"@type\":\"WebPage\",\"@id\":\"https:\/\/portaltela.pt\/noticias\/2026\/04\/23\/filipe-admite-dificuldades-por-ser-filho-de-rui-costa-e-segue-o-seu-caminho\/\",\"url\":\"https:\/\/portaltela.pt\/noticias\/2026\/04\/23\/filipe-admite-dificuldades-por-ser-filho-de-rui-costa-e-segue-o-seu-caminho\/\",\"name\":\"Filipe admite dificuldades por ser filho de Rui Costa e segue o seu caminho - Portal Tela Portugal\",\"isPartOf\":{\"@id\":\"https:\/\/portaltela.pt\/#website\"},\"primaryImageOfPage\":{\"@id\":\"https:\/\/portaltela.pt\/noticias\/2026\/04\/23\/filipe-admite-dificuldades-por-ser-filho-de-rui-costa-e-segue-o-seu-caminho\/#primaryimage\"},\"image\":{\"@id\":\"https:\/\/portaltela.pt\/noticias\/2026\/04\/23\/filipe-admite-dificuldades-por-ser-filho-de-rui-costa-e-segue-o-seu-caminho\/#primaryimage\"},\"thumbnailUrl\":\"https:\/\/portaltela.pt\/s.01k8rhncp4jt1\/2026\/04\/img_920x518uu2026-04-22-22-33-47-2434774.jpg\",\"datePublished\":\"2026-04-23T20:18:27+00:00\",\"author\":{\"@id\":\"https:\/\/portaltela.pt\/#\/schema\/person\/c4278d4a6028830caff9ee44b42d32ed\"},\"breadcrumb\":{\"@id\":\"https:\/\/portaltela.pt\/noticias\/2026\/04\/23\/filipe-admite-dificuldades-por-ser-filho-de-rui-costa-e-segue-o-seu-caminho\/#breadcrumb\"},\"inLanguage\":\"pt-PT\",\"potentialAction\":[{\"@type\":\"ReadAction\",\"target\":[\"https:\/\/portaltela.pt\/noticias\/2026\/04\/23\/filipe-admite-dificuldades-por-ser-filho-de-rui-costa-e-segue-o-seu-caminho\/\"]}]},{\"@type\":\"ImageObject\",\"inLanguage\":\"pt-PT\",\"@id\":\"https:\/\/portaltela.pt\/noticias\/2026\/04\/23\/filipe-admite-dificuldades-por-ser-filho-de-rui-costa-e-segue-o-seu-caminho\/#primaryimage\",\"url\":\"https:\/\/portaltela.pt\/s.01k8rhncp4jt1\/2026\/04\/img_920x518uu2026-04-22-22-33-47-2434774.jpg\",\"contentUrl\":\"https:\/\/portaltela.pt\/s.01k8rhncp4jt1\/2026\/04\/img_920x518uu2026-04-22-22-33-47-2434774.jpg\",\"width\":796,\"height\":448,\"caption\":\"Filipe Costa, filho de Rui Costa, quer construir o pr\u00f3prio caminho no futebol\"},{\"@type\":\"BreadcrumbList\",\"@id\":\"https:\/\/portaltela.pt\/noticias\/2026\/04\/23\/filipe-admite-dificuldades-por-ser-filho-de-rui-costa-e-segue-o-seu-caminho\/#breadcrumb\",\"itemListElement\":[{\"@type\":\"ListItem\",\"position\":1,\"name\":\"In\u00edcio\",\"item\":\"https:\/\/portaltela.pt\/\"},{\"@type\":\"ListItem\",\"position\":2,\"name\":\"Filipe admite dificuldades por ser filho de Rui Costa e segue o seu caminho\"}]},{\"@type\":\"WebSite\",\"@id\":\"https:\/\/portaltela.pt\/#website\",\"url\":\"https:\/\/portaltela.pt\/\",\"name\":\"Portal Tela Portugal\",\"description\":\"\",\"potentialAction\":[{\"@type\":\"SearchAction\",\"target\":{\"@type\":\"EntryPoint\",\"urlTemplate\":\"https:\/\/portaltela.pt\/?s={search_term_string}\"},\"query-input\":{\"@type\":\"PropertyValueSpecification\",\"valueRequired\":true,\"valueName\":\"search_term_string\"}}],\"inLanguage\":\"pt-PT\"},{\"@type\":\"Person\",\"@id\":\"https:\/\/portaltela.pt\/#\/schema\/person\/c4278d4a6028830caff9ee44b42d32ed\",\"name\":\"Telinha\",\"image\":{\"@type\":\"ImageObject\",\"inLanguage\":\"pt-PT\",\"@id\":\"https:\/\/portaltela.pt\/s.01k8rhncp4jt1\/2025\/11\/talking-bot-125x125.png\",\"url\":\"https:\/\/portaltela.pt\/s.01k8rhncp4jt1\/2025\/11\/talking-bot-125x125.png\",\"contentUrl\":\"https:\/\/portaltela.pt\/s.01k8rhncp4jt1\/2025\/11\/talking-bot-125x125.png\",\"caption\":\"Telinha\"},\"sameAs\":[\"https:\/\/portaltela.pt\/\"],\"url\":\"https:\/\/portaltela.pt\/por\/367410592786\/\"}]}<\/script>\n<!-- \/ Yoast SEO plugin. -->","yoast_head_json":{"title":"Filipe admite dificuldades por ser filho de Rui Costa e segue o seu caminho - Portal Tela Portugal","robots":{"index":"index","follow":"follow","max-snippet":"max-snippet:-1","max-image-preview":"max-image-preview:large","max-video-preview":"max-video-preview:-1"},"og_locale":"pt_PT","og_type":"article","og_title":"Filipe admite dificuldades por ser filho de Rui Costa e segue o seu caminho - Portal Tela Portugal","og_description":"Filipe Costa, filho de Rui Costa, afirma que \u00e9 dif\u00edcil seguir os passos do pai no mundo do futebol, mas quer construir o pr\u00f3prio caminho. Revela que, ainda jogador, come\u00e7ou a trabalhar como diretor-desportivo do futebol feminino do Damaiense, num teste para perceber interesse nessa \u00e1rea. Atualmente \u00e9 diretor-desportivo do Louletano. O Louletano vai disputar o acesso \u00e0 Liga 3. A entrevista destaca o objetivo de Filipe de afirmar-se pela pr\u00f3pria carreira no desporto.","og_url":"https:\/\/portaltela.pt\/noticias\/2026\/04\/23\/filipe-admite-dificuldades-por-ser-filho-de-rui-costa-e-segue-o-seu-caminho\/","og_site_name":"Portal Tela Portugal","article_published_time":"2026-04-23T20:18:27+00:00","author":"Telinha","twitter_card":"summary_large_image","twitter_misc":{"Escrito por":"Telinha","Tempo estimado de leitura":"1 minuto"},"schema":{"@context":"https:\/\/schema.org","@graph":[{"@type":"Article","@id":"https:\/\/portaltela.pt\/noticias\/2026\/04\/23\/filipe-admite-dificuldades-por-ser-filho-de-rui-costa-e-segue-o-seu-caminho\/#article","isPartOf":{"@id":"https:\/\/portaltela.pt\/noticias\/2026\/04\/23\/filipe-admite-dificuldades-por-ser-filho-de-rui-costa-e-segue-o-seu-caminho\/"},"author":{"name":"Telinha","@id":"https:\/\/portaltela.pt\/#\/schema\/person\/c4278d4a6028830caff9ee44b42d32ed"},"headline":"Filipe admite dificuldades por ser filho de Rui Costa e segue o seu caminho","datePublished":"2026-04-23T20:18:27+00:00","mainEntityOfPage":{"@id":"https:\/\/portaltela.pt\/noticias\/2026\/04\/23\/filipe-admite-dificuldades-por-ser-filho-de-rui-costa-e-segue-o-seu-caminho\/"},"wordCount":181,"image":{"@id":"https:\/\/portaltela.pt\/noticias\/2026\/04\/23\/filipe-admite-dificuldades-por-ser-filho-de-rui-costa-e-segue-o-seu-caminho\/#primaryimage"},"thumbnailUrl":"https:\/\/portaltela.pt\/s.01k8rhncp4jt1\/2026\/04\/img_920x518uu2026-04-22-22-33-47-2434774.jpg","keywords":["Algarve","desporto","futebol","Loul\u00e9","Rui Costa"],"articleSection":["Desporto","Futebol"],"inLanguage":"pt-PT"},{"@type":"WebPage","@id":"https:\/\/portaltela.pt\/noticias\/2026\/04\/23\/filipe-admite-dificuldades-por-ser-filho-de-rui-costa-e-segue-o-seu-caminho\/","url":"https:\/\/portaltela.pt\/noticias\/2026\/04\/23\/filipe-admite-dificuldades-por-ser-filho-de-rui-costa-e-segue-o-seu-caminho\/","name":"Filipe admite dificuldades por ser filho de Rui Costa e segue o seu caminho - Portal Tela Portugal","isPartOf":{"@id":"https:\/\/portaltela.pt\/#website"},"primaryImageOfPage":{"@id":"https:\/\/portaltela.pt\/noticias\/2026\/04\/23\/filipe-admite-dificuldades-por-ser-filho-de-rui-costa-e-segue-o-seu-caminho\/#primaryimage"},"image":{"@id":"https:\/\/portaltela.pt\/noticias\/2026\/04\/23\/filipe-admite-dificuldades-por-ser-filho-de-rui-costa-e-segue-o-seu-caminho\/#primaryimage"},"thumbnailUrl":"https:\/\/portaltela.pt\/s.01k8rhncp4jt1\/2026\/04\/img_920x518uu2026-04-22-22-33-47-2434774.jpg","datePublished":"2026-04-23T20:18:27+00:00","author":{"@id":"https:\/\/portaltela.pt\/#\/schema\/person\/c4278d4a6028830caff9ee44b42d32ed"},"breadcrumb":{"@id":"https:\/\/portaltela.pt\/noticias\/2026\/04\/23\/filipe-admite-dificuldades-por-ser-filho-de-rui-costa-e-segue-o-seu-caminho\/#breadcrumb"},"inLanguage":"pt-PT","potentialAction":[{"@type":"ReadAction","target":["https:\/\/portaltela.pt\/noticias\/2026\/04\/23\/filipe-admite-dificuldades-por-ser-filho-de-rui-costa-e-segue-o-seu-caminho\/"]}]},{"@type":"ImageObject","inLanguage":"pt-PT","@id":"https:\/\/portaltela.pt\/noticias\/2026\/04\/23\/filipe-admite-dificuldades-por-ser-filho-de-rui-costa-e-segue-o-seu-caminho\/#primaryimage","url":"https:\/\/portaltela.pt\/s.01k8rhncp4jt1\/2026\/04\/img_920x518uu2026-04-22-22-33-47-2434774.jpg","contentUrl":"https:\/\/portaltela.pt\/s.01k8rhncp4jt1\/2026\/04\/img_920x518uu2026-04-22-22-33-47-2434774.jpg","width":796,"height":448,"caption":"Filipe Costa, filho de Rui Costa, quer construir o pr\u00f3prio caminho no futebol"},{"@type":"BreadcrumbList","@id":"https:\/\/portaltela.pt\/noticias\/2026\/04\/23\/filipe-admite-dificuldades-por-ser-filho-de-rui-costa-e-segue-o-seu-caminho\/#breadcrumb","itemListElement":[{"@type":"ListItem","position":1,"name":"In\u00edcio","item":"https:\/\/portaltela.pt\/"},{"@type":"ListItem","position":2,"name":"Filipe admite dificuldades por ser filho de Rui Costa e segue o seu caminho"}]},{"@type":"WebSite","@id":"https:\/\/portaltela.pt\/#website","url":"https:\/\/portaltela.pt\/","name":"Portal Tela Portugal","description":"","potentialAction":[{"@type":"SearchAction","target":{"@type":"EntryPoint","urlTemplate":"https:\/\/portaltela.pt\/?s={search_term_string}"},"query-input":{"@type":"PropertyValueSpecification","valueRequired":true,"valueName":"search_term_string"}}],"inLanguage":"pt-PT"},{"@type":"Person","@id":"https:\/\/portaltela.pt\/#\/schema\/person\/c4278d4a6028830caff9ee44b42d32ed","name":"Telinha","image":{"@type":"ImageObject","inLanguage":"pt-PT","@id":"https:\/\/portaltela.pt\/s.01k8rhncp4jt1\/2025\/11\/talking-bot-125x125.png","url":"https:\/\/portaltela.pt\/s.01k8rhncp4jt1\/2025\/11\/talking-bot-125x125.png","contentUrl":"https:\/\/portaltela.pt\/s.01k8rhncp4jt1\/2025\/11\/talking-bot-125x125.png","caption":"Telinha"},"sameAs":["https:\/\/portaltela.pt\/"],"url":"https:\/\/portaltela.pt\/por\/367410592786\/"}]}},"_links":{"self":[{"href":"https:\/\/portaltela.pt\/api\/wp\/v2\/posts\/456754","targetHints":{"allow":["GET"]}}],"collection":[{"href":"https:\/\/portaltela.pt\/api\/wp\/v2\/posts"}],"about":[{"href":"https:\/\/portaltela.pt\/api\/wp\/v2\/types\/post"}],"author":[{"embeddable":true,"href":"https:\/\/portaltela.pt\/api\/wp\/v2\/users\/2"}],"replies":[{"embeddable":true,"href":"https:\/\/portaltela.pt\/api\/wp\/v2\/comments?post=456754"}],"version-history":[{"count":0,"href":"https:\/\/portaltela.pt\/api\/wp\/v2\/posts\/456754\/revisions"}],"wp:featuredmedia":[{"embeddable":true,"href":"https:\/\/portaltela.pt\/api\/wp\/v2\/media\/456759"}],"wp:attachment":[{"href":"https:\/\/portaltela.pt\/api\/wp\/v2\/media?parent=456754"}],"wp:term":[{"taxonomy":"category","embeddable":true,"href":"https:\/\/portaltela.pt\/api\/wp\/v2\/categories?post=456754"},{"taxonomy":"post_tag","embeddable":true,"href":"https:\/\/portaltela.pt\/api\/wp\/v2\/tags?post=456754"}],"curies":[{"name":"wp","href":"https:\/\/api.w.org\/{rel}","templated":true}]}}