{"id":456727,"date":"2026-04-23T17:03:03","date_gmt":"2026-04-23T20:03:03","guid":{"rendered":"https:\/\/portaltela.pt\/noticias\/2026\/04\/23\/prodigio-diz-ter-sido-chamado-de-bandido-por-origem-e-cor\/"},"modified":"2026-04-23T17:03:03","modified_gmt":"2026-04-23T20:03:03","slug":"prodigio-diz-ter-sido-chamado-de-bandido-por-origem-e-cor","status":"publish","type":"post","link":"https:\/\/portaltela.pt\/musica\/2026\/04\/23\/prodigio-diz-ter-sido-chamado-de-bandido-por-origem-e-cor\/","title":{"rendered":"Prod\u00edgio diz ter sido chamado de bandido por origem e cor"},"content":{"rendered":"<p>Prod\u00edgio apresenta o \u00e1lbum A \u00daltima Ceia do Bandido, uma abordagem que junta f\u00e9 crist\u00e3 e gospel ao imagin\u00e1rio b\u00edblico. O projeto assume uma leitura arriscada do tema, centrando-se na figura do bandido como conceito narrativo.<\/p>\n<p>O lan\u00e7amento coloca o rapper lus\u00f3fono no centro da discuss\u00e3o, com uma proposta que mistura refer\u00eancias religiosas e cr\u00edticas sociais. A obra j\u00e1 foi apresentada publicamente neste m\u00eas, como parte da agenda de divulga\u00e7\u00e3o do artista.<\/p>\n<p>Prod\u00edgio, 37 anos, nasceu em Angola, cresceu em Portugal e teve uma passagem pelo Reino Unido. Criou o grupo For\u00e7a Suprema, tornando-se uma das vozes mais influentes do hip-hop em l\u00edngua portuguesa. O \u00e1lbum espelha a trajet\u00f3ria e a identidade do artista.<\/p>\n<p>A \u00daltima Ceia do Bandido mira o futuro da carreira, explorando temas de f\u00e9, origem e perten\u00e7a. Os respons\u00e1veis pelo projeto destacam a inten\u00e7\u00e3o de provocar reflex\u00e3o sem abrir m\u00e3o da linguagem direta do hip-hop.<\/p>\n","protected":false},"excerpt":{"rendered":"<ul>\n<li>Prod\u00edgio apresenta o \u00e1lbum A \u00daltima Ceia do Bandido, inspirado no mundo b\u00edblico e na f\u00e9 crist\u00e3, com abordagem ousada ao imagin\u00e1rio b\u00edblico.<\/li>\n<li>O rapper tem 37 anos, nasceu em Angola e foi criado em Portugal, com passagem pelo Reino Unido.<\/li>\n<li>Foi uma figura de destaque no coletivo For\u00e7a Suprema e \u00e9 hoje um dos maiores nomes do hip-hop lus\u00f3fono.<\/li>\n<li>O projeto mistura refer\u00eancias religiosas, desconstru\u00e7\u00e3o da f\u00e9 e o passado musical do artista.<\/li>\n<li>A obra explora o futuro do artista como uma figura de relev\u00e2ncia no hip-hop, num tom que combina rap e gospel.<\/li>\n<\/ul>\n","protected":false},"author":2,"featured_media":456732,"comment_status":"closed","ping_status":"closed","sticky":false,"template":"","format":"standard","meta":{"footnotes":""},"categories":[6676],"tags":[8174,8180,7756,9040,8457,8233],"class_list":["post-456727","post","type-post","status-publish","format-standard","has-post-thumbnail","hentry","category-musica","tag-_angola","tag-_cristianismo","tag-_cultura","tag-_fe","tag-_lingua","tag-_musica"],"yoast_head":"<!-- This site is optimized with the Yoast SEO plugin v27.2 - https:\/\/yoast.com\/product\/yoast-seo-wordpress\/ -->\n<title>Prod\u00edgio diz ter sido chamado de bandido por origem e cor - Portal Tela Portugal<\/title>\n<meta name=\"robots\" content=\"index, follow, max-snippet:-1, max-image-preview:large, max-video-preview:-1\" \/>\n<meta property=\"og:locale\" content=\"pt_PT\" \/>\n<meta property=\"og:type\" content=\"article\" \/>\n<meta property=\"og:title\" content=\"Prod\u00edgio diz ter sido chamado de bandido por origem e cor - Portal Tela Portugal\" \/>\n<meta property=\"og:description\" content=\"Prod\u00edgio apresenta o \u00e1lbum A \u00daltima Ceia do Bandido, inspirado no mundo b\u00edblico e na f\u00e9 crist\u00e3, com abordagem ousada ao imagin\u00e1rio b\u00edblico. O rapper tem 37 anos, nasceu em Angola e foi criado em Portugal, com passagem pelo Reino Unido. Foi uma figura de destaque no coletivo For\u00e7a Suprema e \u00e9 hoje um dos maiores nomes do hip-hop lus\u00f3fono. O projeto mistura refer\u00eancias religiosas, desconstru\u00e7\u00e3o da f\u00e9 e o passado musical do artista. A obra explora o futuro do artista como uma figura de relev\u00e2ncia no hip-hop, num tom que combina rap e gospel.\" \/>\n<meta property=\"og:url\" content=\"https:\/\/portaltela.pt\/noticias\/2026\/04\/23\/prodigio-diz-ter-sido-chamado-de-bandido-por-origem-e-cor\/\" \/>\n<meta property=\"og:site_name\" content=\"Portal Tela Portugal\" \/>\n<meta property=\"article:published_time\" content=\"2026-04-23T20:03:03+00:00\" \/>\n<meta name=\"author\" content=\"Telinha\" \/>\n<meta name=\"twitter:card\" content=\"summary_large_image\" \/>\n<meta name=\"twitter:label1\" content=\"Escrito por\" \/>\n\t<meta name=\"twitter:data1\" content=\"Telinha\" \/>\n\t<meta name=\"twitter:label2\" content=\"Tempo estimado de leitura\" \/>\n\t<meta name=\"twitter:data2\" content=\"1 minuto\" \/>\n<script type=\"application\/ld+json\" class=\"yoast-schema-graph\">{\"@context\":\"https:\/\/schema.org\",\"@graph\":[{\"@type\":\"Article\",\"@id\":\"https:\/\/portaltela.pt\/noticias\/2026\/04\/23\/prodigio-diz-ter-sido-chamado-de-bandido-por-origem-e-cor\/#article\",\"isPartOf\":{\"@id\":\"https:\/\/portaltela.pt\/noticias\/2026\/04\/23\/prodigio-diz-ter-sido-chamado-de-bandido-por-origem-e-cor\/\"},\"author\":{\"name\":\"Telinha\",\"@id\":\"https:\/\/portaltela.pt\/#\/schema\/person\/c4278d4a6028830caff9ee44b42d32ed\"},\"headline\":\"Prod\u00edgio diz ter sido chamado de bandido por origem e cor\",\"datePublished\":\"2026-04-23T20:03:03+00:00\",\"mainEntityOfPage\":{\"@id\":\"https:\/\/portaltela.pt\/noticias\/2026\/04\/23\/prodigio-diz-ter-sido-chamado-de-bandido-por-origem-e-cor\/\"},\"wordCount\":179,\"image\":{\"@id\":\"https:\/\/portaltela.pt\/noticias\/2026\/04\/23\/prodigio-diz-ter-sido-chamado-de-bandido-por-origem-e-cor\/#primaryimage\"},\"thumbnailUrl\":\"https:\/\/portaltela.pt\/s.01k8rhncp4jt1\/2026\/04\/2083202.jpg\",\"keywords\":[\"_Angola\",\"_cristianismo\",\"_cultura\",\"_f\u00e9\",\"_l\u00edngua\",\"_m\u00fasica\"],\"articleSection\":[\"M\u00fasica\"],\"inLanguage\":\"pt-PT\"},{\"@type\":\"WebPage\",\"@id\":\"https:\/\/portaltela.pt\/noticias\/2026\/04\/23\/prodigio-diz-ter-sido-chamado-de-bandido-por-origem-e-cor\/\",\"url\":\"https:\/\/portaltela.pt\/noticias\/2026\/04\/23\/prodigio-diz-ter-sido-chamado-de-bandido-por-origem-e-cor\/\",\"name\":\"Prod\u00edgio diz ter sido chamado de bandido por origem e cor - Portal Tela Portugal\",\"isPartOf\":{\"@id\":\"https:\/\/portaltela.pt\/#website\"},\"primaryImageOfPage\":{\"@id\":\"https:\/\/portaltela.pt\/noticias\/2026\/04\/23\/prodigio-diz-ter-sido-chamado-de-bandido-por-origem-e-cor\/#primaryimage\"},\"image\":{\"@id\":\"https:\/\/portaltela.pt\/noticias\/2026\/04\/23\/prodigio-diz-ter-sido-chamado-de-bandido-por-origem-e-cor\/#primaryimage\"},\"thumbnailUrl\":\"https:\/\/portaltela.pt\/s.01k8rhncp4jt1\/2026\/04\/2083202.jpg\",\"datePublished\":\"2026-04-23T20:03:03+00:00\",\"author\":{\"@id\":\"https:\/\/portaltela.pt\/#\/schema\/person\/c4278d4a6028830caff9ee44b42d32ed\"},\"breadcrumb\":{\"@id\":\"https:\/\/portaltela.pt\/noticias\/2026\/04\/23\/prodigio-diz-ter-sido-chamado-de-bandido-por-origem-e-cor\/#breadcrumb\"},\"inLanguage\":\"pt-PT\",\"potentialAction\":[{\"@type\":\"ReadAction\",\"target\":[\"https:\/\/portaltela.pt\/noticias\/2026\/04\/23\/prodigio-diz-ter-sido-chamado-de-bandido-por-origem-e-cor\/\"]}]},{\"@type\":\"ImageObject\",\"inLanguage\":\"pt-PT\",\"@id\":\"https:\/\/portaltela.pt\/noticias\/2026\/04\/23\/prodigio-diz-ter-sido-chamado-de-bandido-por-origem-e-cor\/#primaryimage\",\"url\":\"https:\/\/portaltela.pt\/s.01k8rhncp4jt1\/2026\/04\/2083202.jpg\",\"contentUrl\":\"https:\/\/portaltela.pt\/s.01k8rhncp4jt1\/2026\/04\/2083202.jpg\",\"width\":796,\"height\":448,\"caption\":\"O luso-angolano Prod\u00edgio \u00e9 um dos grandes nomes do hip-hop lus\u00f3fono\"},{\"@type\":\"BreadcrumbList\",\"@id\":\"https:\/\/portaltela.pt\/noticias\/2026\/04\/23\/prodigio-diz-ter-sido-chamado-de-bandido-por-origem-e-cor\/#breadcrumb\",\"itemListElement\":[{\"@type\":\"ListItem\",\"position\":1,\"name\":\"In\u00edcio\",\"item\":\"https:\/\/portaltela.pt\/\"},{\"@type\":\"ListItem\",\"position\":2,\"name\":\"Prod\u00edgio diz ter sido chamado de bandido por origem e cor\"}]},{\"@type\":\"WebSite\",\"@id\":\"https:\/\/portaltela.pt\/#website\",\"url\":\"https:\/\/portaltela.pt\/\",\"name\":\"Portal Tela Portugal\",\"description\":\"\",\"potentialAction\":[{\"@type\":\"SearchAction\",\"target\":{\"@type\":\"EntryPoint\",\"urlTemplate\":\"https:\/\/portaltela.pt\/?s={search_term_string}\"},\"query-input\":{\"@type\":\"PropertyValueSpecification\",\"valueRequired\":true,\"valueName\":\"search_term_string\"}}],\"inLanguage\":\"pt-PT\"},{\"@type\":\"Person\",\"@id\":\"https:\/\/portaltela.pt\/#\/schema\/person\/c4278d4a6028830caff9ee44b42d32ed\",\"name\":\"Telinha\",\"image\":{\"@type\":\"ImageObject\",\"inLanguage\":\"pt-PT\",\"@id\":\"https:\/\/portaltela.pt\/s.01k8rhncp4jt1\/2025\/11\/talking-bot-125x125.png\",\"url\":\"https:\/\/portaltela.pt\/s.01k8rhncp4jt1\/2025\/11\/talking-bot-125x125.png\",\"contentUrl\":\"https:\/\/portaltela.pt\/s.01k8rhncp4jt1\/2025\/11\/talking-bot-125x125.png\",\"caption\":\"Telinha\"},\"sameAs\":[\"https:\/\/portaltela.pt\/\"],\"url\":\"https:\/\/portaltela.pt\/por\/367410592786\/\"}]}<\/script>\n<!-- \/ Yoast SEO plugin. -->","yoast_head_json":{"title":"Prod\u00edgio diz ter sido chamado de bandido por origem e cor - Portal Tela Portugal","robots":{"index":"index","follow":"follow","max-snippet":"max-snippet:-1","max-image-preview":"max-image-preview:large","max-video-preview":"max-video-preview:-1"},"og_locale":"pt_PT","og_type":"article","og_title":"Prod\u00edgio diz ter sido chamado de bandido por origem e cor - Portal Tela Portugal","og_description":"Prod\u00edgio apresenta o \u00e1lbum A \u00daltima Ceia do Bandido, inspirado no mundo b\u00edblico e na f\u00e9 crist\u00e3, com abordagem ousada ao imagin\u00e1rio b\u00edblico. O rapper tem 37 anos, nasceu em Angola e foi criado em Portugal, com passagem pelo Reino Unido. Foi uma figura de destaque no coletivo For\u00e7a Suprema e \u00e9 hoje um dos maiores nomes do hip-hop lus\u00f3fono. O projeto mistura refer\u00eancias religiosas, desconstru\u00e7\u00e3o da f\u00e9 e o passado musical do artista. A obra explora o futuro do artista como uma figura de relev\u00e2ncia no hip-hop, num tom que combina rap e gospel.","og_url":"https:\/\/portaltela.pt\/noticias\/2026\/04\/23\/prodigio-diz-ter-sido-chamado-de-bandido-por-origem-e-cor\/","og_site_name":"Portal Tela Portugal","article_published_time":"2026-04-23T20:03:03+00:00","author":"Telinha","twitter_card":"summary_large_image","twitter_misc":{"Escrito por":"Telinha","Tempo estimado de leitura":"1 minuto"},"schema":{"@context":"https:\/\/schema.org","@graph":[{"@type":"Article","@id":"https:\/\/portaltela.pt\/noticias\/2026\/04\/23\/prodigio-diz-ter-sido-chamado-de-bandido-por-origem-e-cor\/#article","isPartOf":{"@id":"https:\/\/portaltela.pt\/noticias\/2026\/04\/23\/prodigio-diz-ter-sido-chamado-de-bandido-por-origem-e-cor\/"},"author":{"name":"Telinha","@id":"https:\/\/portaltela.pt\/#\/schema\/person\/c4278d4a6028830caff9ee44b42d32ed"},"headline":"Prod\u00edgio diz ter sido chamado de bandido por origem e cor","datePublished":"2026-04-23T20:03:03+00:00","mainEntityOfPage":{"@id":"https:\/\/portaltela.pt\/noticias\/2026\/04\/23\/prodigio-diz-ter-sido-chamado-de-bandido-por-origem-e-cor\/"},"wordCount":179,"image":{"@id":"https:\/\/portaltela.pt\/noticias\/2026\/04\/23\/prodigio-diz-ter-sido-chamado-de-bandido-por-origem-e-cor\/#primaryimage"},"thumbnailUrl":"https:\/\/portaltela.pt\/s.01k8rhncp4jt1\/2026\/04\/2083202.jpg","keywords":["_Angola","_cristianismo","_cultura","_f\u00e9","_l\u00edngua","_m\u00fasica"],"articleSection":["M\u00fasica"],"inLanguage":"pt-PT"},{"@type":"WebPage","@id":"https:\/\/portaltela.pt\/noticias\/2026\/04\/23\/prodigio-diz-ter-sido-chamado-de-bandido-por-origem-e-cor\/","url":"https:\/\/portaltela.pt\/noticias\/2026\/04\/23\/prodigio-diz-ter-sido-chamado-de-bandido-por-origem-e-cor\/","name":"Prod\u00edgio diz ter sido chamado de bandido por origem e cor - Portal Tela Portugal","isPartOf":{"@id":"https:\/\/portaltela.pt\/#website"},"primaryImageOfPage":{"@id":"https:\/\/portaltela.pt\/noticias\/2026\/04\/23\/prodigio-diz-ter-sido-chamado-de-bandido-por-origem-e-cor\/#primaryimage"},"image":{"@id":"https:\/\/portaltela.pt\/noticias\/2026\/04\/23\/prodigio-diz-ter-sido-chamado-de-bandido-por-origem-e-cor\/#primaryimage"},"thumbnailUrl":"https:\/\/portaltela.pt\/s.01k8rhncp4jt1\/2026\/04\/2083202.jpg","datePublished":"2026-04-23T20:03:03+00:00","author":{"@id":"https:\/\/portaltela.pt\/#\/schema\/person\/c4278d4a6028830caff9ee44b42d32ed"},"breadcrumb":{"@id":"https:\/\/portaltela.pt\/noticias\/2026\/04\/23\/prodigio-diz-ter-sido-chamado-de-bandido-por-origem-e-cor\/#breadcrumb"},"inLanguage":"pt-PT","potentialAction":[{"@type":"ReadAction","target":["https:\/\/portaltela.pt\/noticias\/2026\/04\/23\/prodigio-diz-ter-sido-chamado-de-bandido-por-origem-e-cor\/"]}]},{"@type":"ImageObject","inLanguage":"pt-PT","@id":"https:\/\/portaltela.pt\/noticias\/2026\/04\/23\/prodigio-diz-ter-sido-chamado-de-bandido-por-origem-e-cor\/#primaryimage","url":"https:\/\/portaltela.pt\/s.01k8rhncp4jt1\/2026\/04\/2083202.jpg","contentUrl":"https:\/\/portaltela.pt\/s.01k8rhncp4jt1\/2026\/04\/2083202.jpg","width":796,"height":448,"caption":"O luso-angolano Prod\u00edgio \u00e9 um dos grandes nomes do hip-hop lus\u00f3fono"},{"@type":"BreadcrumbList","@id":"https:\/\/portaltela.pt\/noticias\/2026\/04\/23\/prodigio-diz-ter-sido-chamado-de-bandido-por-origem-e-cor\/#breadcrumb","itemListElement":[{"@type":"ListItem","position":1,"name":"In\u00edcio","item":"https:\/\/portaltela.pt\/"},{"@type":"ListItem","position":2,"name":"Prod\u00edgio diz ter sido chamado de bandido por origem e cor"}]},{"@type":"WebSite","@id":"https:\/\/portaltela.pt\/#website","url":"https:\/\/portaltela.pt\/","name":"Portal Tela Portugal","description":"","potentialAction":[{"@type":"SearchAction","target":{"@type":"EntryPoint","urlTemplate":"https:\/\/portaltela.pt\/?s={search_term_string}"},"query-input":{"@type":"PropertyValueSpecification","valueRequired":true,"valueName":"search_term_string"}}],"inLanguage":"pt-PT"},{"@type":"Person","@id":"https:\/\/portaltela.pt\/#\/schema\/person\/c4278d4a6028830caff9ee44b42d32ed","name":"Telinha","image":{"@type":"ImageObject","inLanguage":"pt-PT","@id":"https:\/\/portaltela.pt\/s.01k8rhncp4jt1\/2025\/11\/talking-bot-125x125.png","url":"https:\/\/portaltela.pt\/s.01k8rhncp4jt1\/2025\/11\/talking-bot-125x125.png","contentUrl":"https:\/\/portaltela.pt\/s.01k8rhncp4jt1\/2025\/11\/talking-bot-125x125.png","caption":"Telinha"},"sameAs":["https:\/\/portaltela.pt\/"],"url":"https:\/\/portaltela.pt\/por\/367410592786\/"}]}},"_links":{"self":[{"href":"https:\/\/portaltela.pt\/api\/wp\/v2\/posts\/456727","targetHints":{"allow":["GET"]}}],"collection":[{"href":"https:\/\/portaltela.pt\/api\/wp\/v2\/posts"}],"about":[{"href":"https:\/\/portaltela.pt\/api\/wp\/v2\/types\/post"}],"author":[{"embeddable":true,"href":"https:\/\/portaltela.pt\/api\/wp\/v2\/users\/2"}],"replies":[{"embeddable":true,"href":"https:\/\/portaltela.pt\/api\/wp\/v2\/comments?post=456727"}],"version-history":[{"count":0,"href":"https:\/\/portaltela.pt\/api\/wp\/v2\/posts\/456727\/revisions"}],"wp:featuredmedia":[{"embeddable":true,"href":"https:\/\/portaltela.pt\/api\/wp\/v2\/media\/456732"}],"wp:attachment":[{"href":"https:\/\/portaltela.pt\/api\/wp\/v2\/media?parent=456727"}],"wp:term":[{"taxonomy":"category","embeddable":true,"href":"https:\/\/portaltela.pt\/api\/wp\/v2\/categories?post=456727"},{"taxonomy":"post_tag","embeddable":true,"href":"https:\/\/portaltela.pt\/api\/wp\/v2\/tags?post=456727"}],"curies":[{"name":"wp","href":"https:\/\/api.w.org\/{rel}","templated":true}]}}