{"id":456621,"date":"2026-04-23T15:33:06","date_gmt":"2026-04-23T18:33:06","guid":{"rendered":"https:\/\/portaltela.pt\/noticias\/2026\/04\/23\/aguero-comenta-o-futuro-de-messi-fara-o-que-quiser\/"},"modified":"2026-04-23T15:33:06","modified_gmt":"2026-04-23T18:33:06","slug":"aguero-comenta-o-futuro-de-messi-fara-o-que-quiser","status":"publish","type":"post","link":"https:\/\/portaltela.pt\/desporto\/futebol\/2026\/04\/23\/aguero-comenta-o-futuro-de-messi-fara-o-que-quiser\/","title":{"rendered":"Ag\u00fcero comenta o futuro de Messi: far\u00e1 o que quiser"},"content":{"rendered":"<p>Sergio Kun Ag\u00fcero, amigo pr\u00f3ximo de Lionel Messi, comentou publicamente sobre o futuro do astro no Inter Miami, clube da Major League Soccer com contrato at\u00e9 2028. O antigo jogador explicou que Messi far\u00e1 o que lhe apetecer, dependendo da forma f\u00edsica e do bem-estar.<\/p>\n<p>Ag\u00fcero afirmou que, caso esteja em boa condi\u00e7\u00e3o f\u00edsica, Messi poder\u00e1 continuar no clube, mesmo que seja apenas para um refinamento de minutos. O coment\u00e1rio destaca o ambiente de cidade confort\u00e1vel e o afeto de muitos f\u00e3s latinos pela estrela.<\/p>\n<p>O tema permanece em aberto, uma vez que os pr\u00f3ximos meses poder\u00e3o revelar a evolu\u00e7\u00e3o f\u00edsica de Messi e o seu estado de esp\u00edrito. questions sobre o que acontecer\u00e1 ap\u00f3s o Mundial e a \u00e9poca da MLS ainda n\u00e3o possuem resposta. Ag\u00fcero acredita que o tempo dir\u00e1.<\/p>\n","protected":false},"excerpt":{"rendered":"<ul>\n<li>Sergio Ag\u00fcero, amigo de Lionel Messi, comenta o futuro do jogador no Inter Miami, clube onde o argentino tem contrato at\u00e9 2028.<\/li>\n<li>Messi far\u00e1 o que lhe apetecer; se estiver bem fisicamente, feliz e calmo, poder\u00e1 permanecer no clube.<\/li>\n<li>Ag\u00fcero destaca que Messi \u00e9 competitivo e odeia perder, e que est\u00e1 em uma cidade bonita com apoio de muitos latinos.<\/li>\n<li>O futuro depende da condi\u00e7\u00e3o f\u00edsica; se fosse ele, Messi poderia ficar mesmo que fosse apenas para jogar cinco minutos.<\/li>\n<li>Saberemos mais nos pr\u00f3ximos meses, depois do Mundial e da \u00e9poca da MLS, ainda h\u00e1 tempo de contrato.<\/li>\n<\/ul>\n","protected":false},"author":2,"featured_media":456624,"comment_status":"closed","ping_status":"closed","sticky":false,"template":"","format":"standard","meta":{"footnotes":""},"categories":[21,24],"tags":[72,32,3338,50,3550,2057],"class_list":["post-456621","post","type-post","status-publish","format-standard","has-post-thumbnail","hentry","category-desporto","category-futebol","tag-craques","tag-futebol","tag-futebol-internacional","tag-mercado-da-bola","tag-messi","tag-selecao-nacional"],"yoast_head":"<!-- This site is optimized with the Yoast SEO plugin v27.2 - https:\/\/yoast.com\/product\/yoast-seo-wordpress\/ -->\n<title>Ag\u00fcero comenta o futuro de Messi: far\u00e1 o que quiser - Portal Tela Portugal<\/title>\n<meta name=\"robots\" content=\"index, follow, max-snippet:-1, max-image-preview:large, max-video-preview:-1\" \/>\n<meta property=\"og:locale\" content=\"pt_PT\" \/>\n<meta property=\"og:type\" content=\"article\" \/>\n<meta property=\"og:title\" content=\"Ag\u00fcero comenta o futuro de Messi: far\u00e1 o que quiser - Portal Tela Portugal\" \/>\n<meta property=\"og:description\" content=\"Sergio Ag\u00fcero, amigo de Lionel Messi, comenta o futuro do jogador no Inter Miami, clube onde o argentino tem contrato at\u00e9 2028. Messi far\u00e1 o que lhe apetecer; se estiver bem fisicamente, feliz e calmo, poder\u00e1 permanecer no clube. Ag\u00fcero destaca que Messi \u00e9 competitivo e odeia perder, e que est\u00e1 em uma cidade bonita com apoio de muitos latinos. O futuro depende da condi\u00e7\u00e3o f\u00edsica; se fosse ele, Messi poderia ficar mesmo que fosse apenas para jogar cinco minutos. Saberemos mais nos pr\u00f3ximos meses, depois do Mundial e da \u00e9poca da MLS, ainda h\u00e1 tempo de contrato.\" \/>\n<meta property=\"og:url\" content=\"https:\/\/portaltela.pt\/noticias\/2026\/04\/23\/aguero-comenta-o-futuro-de-messi-fara-o-que-quiser\/\" \/>\n<meta property=\"og:site_name\" content=\"Portal Tela Portugal\" \/>\n<meta property=\"article:published_time\" content=\"2026-04-23T18:33:06+00:00\" \/>\n<meta name=\"author\" content=\"Telinha\" \/>\n<meta name=\"twitter:card\" content=\"summary_large_image\" \/>\n<meta name=\"twitter:label1\" content=\"Escrito por\" \/>\n\t<meta name=\"twitter:data1\" content=\"Telinha\" \/>\n\t<meta name=\"twitter:label2\" content=\"Tempo estimado de leitura\" \/>\n\t<meta name=\"twitter:data2\" content=\"1 minuto\" \/>\n<script type=\"application\/ld+json\" class=\"yoast-schema-graph\">{\"@context\":\"https:\/\/schema.org\",\"@graph\":[{\"@type\":\"Article\",\"@id\":\"https:\/\/portaltela.pt\/noticias\/2026\/04\/23\/aguero-comenta-o-futuro-de-messi-fara-o-que-quiser\/#article\",\"isPartOf\":{\"@id\":\"https:\/\/portaltela.pt\/noticias\/2026\/04\/23\/aguero-comenta-o-futuro-de-messi-fara-o-que-quiser\/\"},\"author\":{\"name\":\"Telinha\",\"@id\":\"https:\/\/portaltela.pt\/#\/schema\/person\/c4278d4a6028830caff9ee44b42d32ed\"},\"headline\":\"Ag\u00fcero comenta o futuro de Messi: far\u00e1 o que quiser\",\"datePublished\":\"2026-04-23T18:33:06+00:00\",\"mainEntityOfPage\":{\"@id\":\"https:\/\/portaltela.pt\/noticias\/2026\/04\/23\/aguero-comenta-o-futuro-de-messi-fara-o-que-quiser\/\"},\"wordCount\":159,\"image\":{\"@id\":\"https:\/\/portaltela.pt\/noticias\/2026\/04\/23\/aguero-comenta-o-futuro-de-messi-fara-o-que-quiser\/#primaryimage\"},\"thumbnailUrl\":\"https:\/\/portaltela.pt\/s.01k8rhncp4jt1\/2026\/04\/img_920x518uu2026-04-23-19-27-28-2434946.jpg\",\"keywords\":[\"craques\",\"futebol\",\"futebol internacional\",\"mercado da bola\",\"Messi\",\"Sele\u00e7\u00e3o Nacional\"],\"articleSection\":[\"Desporto\",\"Futebol\"],\"inLanguage\":\"pt-PT\"},{\"@type\":\"WebPage\",\"@id\":\"https:\/\/portaltela.pt\/noticias\/2026\/04\/23\/aguero-comenta-o-futuro-de-messi-fara-o-que-quiser\/\",\"url\":\"https:\/\/portaltela.pt\/noticias\/2026\/04\/23\/aguero-comenta-o-futuro-de-messi-fara-o-que-quiser\/\",\"name\":\"Ag\u00fcero comenta o futuro de Messi: far\u00e1 o que quiser - Portal Tela Portugal\",\"isPartOf\":{\"@id\":\"https:\/\/portaltela.pt\/#website\"},\"primaryImageOfPage\":{\"@id\":\"https:\/\/portaltela.pt\/noticias\/2026\/04\/23\/aguero-comenta-o-futuro-de-messi-fara-o-que-quiser\/#primaryimage\"},\"image\":{\"@id\":\"https:\/\/portaltela.pt\/noticias\/2026\/04\/23\/aguero-comenta-o-futuro-de-messi-fara-o-que-quiser\/#primaryimage\"},\"thumbnailUrl\":\"https:\/\/portaltela.pt\/s.01k8rhncp4jt1\/2026\/04\/img_920x518uu2026-04-23-19-27-28-2434946.jpg\",\"datePublished\":\"2026-04-23T18:33:06+00:00\",\"author\":{\"@id\":\"https:\/\/portaltela.pt\/#\/schema\/person\/c4278d4a6028830caff9ee44b42d32ed\"},\"breadcrumb\":{\"@id\":\"https:\/\/portaltela.pt\/noticias\/2026\/04\/23\/aguero-comenta-o-futuro-de-messi-fara-o-que-quiser\/#breadcrumb\"},\"inLanguage\":\"pt-PT\",\"potentialAction\":[{\"@type\":\"ReadAction\",\"target\":[\"https:\/\/portaltela.pt\/noticias\/2026\/04\/23\/aguero-comenta-o-futuro-de-messi-fara-o-que-quiser\/\"]}]},{\"@type\":\"ImageObject\",\"inLanguage\":\"pt-PT\",\"@id\":\"https:\/\/portaltela.pt\/noticias\/2026\/04\/23\/aguero-comenta-o-futuro-de-messi-fara-o-que-quiser\/#primaryimage\",\"url\":\"https:\/\/portaltela.pt\/s.01k8rhncp4jt1\/2026\/04\/img_920x518uu2026-04-23-19-27-28-2434946.jpg\",\"contentUrl\":\"https:\/\/portaltela.pt\/s.01k8rhncp4jt1\/2026\/04\/img_920x518uu2026-04-23-19-27-28-2434946.jpg\",\"width\":796,\"height\":448,\"caption\":\"Ag\u00fcero fala sobre o futuro de Messi no Inter Miami\"},{\"@type\":\"BreadcrumbList\",\"@id\":\"https:\/\/portaltela.pt\/noticias\/2026\/04\/23\/aguero-comenta-o-futuro-de-messi-fara-o-que-quiser\/#breadcrumb\",\"itemListElement\":[{\"@type\":\"ListItem\",\"position\":1,\"name\":\"In\u00edcio\",\"item\":\"https:\/\/portaltela.pt\/\"},{\"@type\":\"ListItem\",\"position\":2,\"name\":\"Ag\u00fcero comenta o futuro de Messi: far\u00e1 o que quiser\"}]},{\"@type\":\"WebSite\",\"@id\":\"https:\/\/portaltela.pt\/#website\",\"url\":\"https:\/\/portaltela.pt\/\",\"name\":\"Portal Tela Portugal\",\"description\":\"\",\"potentialAction\":[{\"@type\":\"SearchAction\",\"target\":{\"@type\":\"EntryPoint\",\"urlTemplate\":\"https:\/\/portaltela.pt\/?s={search_term_string}\"},\"query-input\":{\"@type\":\"PropertyValueSpecification\",\"valueRequired\":true,\"valueName\":\"search_term_string\"}}],\"inLanguage\":\"pt-PT\"},{\"@type\":\"Person\",\"@id\":\"https:\/\/portaltela.pt\/#\/schema\/person\/c4278d4a6028830caff9ee44b42d32ed\",\"name\":\"Telinha\",\"image\":{\"@type\":\"ImageObject\",\"inLanguage\":\"pt-PT\",\"@id\":\"https:\/\/portaltela.pt\/s.01k8rhncp4jt1\/2025\/11\/talking-bot-125x125.png\",\"url\":\"https:\/\/portaltela.pt\/s.01k8rhncp4jt1\/2025\/11\/talking-bot-125x125.png\",\"contentUrl\":\"https:\/\/portaltela.pt\/s.01k8rhncp4jt1\/2025\/11\/talking-bot-125x125.png\",\"caption\":\"Telinha\"},\"sameAs\":[\"https:\/\/portaltela.pt\/\"],\"url\":\"https:\/\/portaltela.pt\/por\/367410592786\/\"}]}<\/script>\n<!-- \/ Yoast SEO plugin. -->","yoast_head_json":{"title":"Ag\u00fcero comenta o futuro de Messi: far\u00e1 o que quiser - Portal Tela Portugal","robots":{"index":"index","follow":"follow","max-snippet":"max-snippet:-1","max-image-preview":"max-image-preview:large","max-video-preview":"max-video-preview:-1"},"og_locale":"pt_PT","og_type":"article","og_title":"Ag\u00fcero comenta o futuro de Messi: far\u00e1 o que quiser - Portal Tela Portugal","og_description":"Sergio Ag\u00fcero, amigo de Lionel Messi, comenta o futuro do jogador no Inter Miami, clube onde o argentino tem contrato at\u00e9 2028. Messi far\u00e1 o que lhe apetecer; se estiver bem fisicamente, feliz e calmo, poder\u00e1 permanecer no clube. Ag\u00fcero destaca que Messi \u00e9 competitivo e odeia perder, e que est\u00e1 em uma cidade bonita com apoio de muitos latinos. O futuro depende da condi\u00e7\u00e3o f\u00edsica; se fosse ele, Messi poderia ficar mesmo que fosse apenas para jogar cinco minutos. Saberemos mais nos pr\u00f3ximos meses, depois do Mundial e da \u00e9poca da MLS, ainda h\u00e1 tempo de contrato.","og_url":"https:\/\/portaltela.pt\/noticias\/2026\/04\/23\/aguero-comenta-o-futuro-de-messi-fara-o-que-quiser\/","og_site_name":"Portal Tela Portugal","article_published_time":"2026-04-23T18:33:06+00:00","author":"Telinha","twitter_card":"summary_large_image","twitter_misc":{"Escrito por":"Telinha","Tempo estimado de leitura":"1 minuto"},"schema":{"@context":"https:\/\/schema.org","@graph":[{"@type":"Article","@id":"https:\/\/portaltela.pt\/noticias\/2026\/04\/23\/aguero-comenta-o-futuro-de-messi-fara-o-que-quiser\/#article","isPartOf":{"@id":"https:\/\/portaltela.pt\/noticias\/2026\/04\/23\/aguero-comenta-o-futuro-de-messi-fara-o-que-quiser\/"},"author":{"name":"Telinha","@id":"https:\/\/portaltela.pt\/#\/schema\/person\/c4278d4a6028830caff9ee44b42d32ed"},"headline":"Ag\u00fcero comenta o futuro de Messi: far\u00e1 o que quiser","datePublished":"2026-04-23T18:33:06+00:00","mainEntityOfPage":{"@id":"https:\/\/portaltela.pt\/noticias\/2026\/04\/23\/aguero-comenta-o-futuro-de-messi-fara-o-que-quiser\/"},"wordCount":159,"image":{"@id":"https:\/\/portaltela.pt\/noticias\/2026\/04\/23\/aguero-comenta-o-futuro-de-messi-fara-o-que-quiser\/#primaryimage"},"thumbnailUrl":"https:\/\/portaltela.pt\/s.01k8rhncp4jt1\/2026\/04\/img_920x518uu2026-04-23-19-27-28-2434946.jpg","keywords":["craques","futebol","futebol internacional","mercado da bola","Messi","Sele\u00e7\u00e3o Nacional"],"articleSection":["Desporto","Futebol"],"inLanguage":"pt-PT"},{"@type":"WebPage","@id":"https:\/\/portaltela.pt\/noticias\/2026\/04\/23\/aguero-comenta-o-futuro-de-messi-fara-o-que-quiser\/","url":"https:\/\/portaltela.pt\/noticias\/2026\/04\/23\/aguero-comenta-o-futuro-de-messi-fara-o-que-quiser\/","name":"Ag\u00fcero comenta o futuro de Messi: far\u00e1 o que quiser - Portal Tela Portugal","isPartOf":{"@id":"https:\/\/portaltela.pt\/#website"},"primaryImageOfPage":{"@id":"https:\/\/portaltela.pt\/noticias\/2026\/04\/23\/aguero-comenta-o-futuro-de-messi-fara-o-que-quiser\/#primaryimage"},"image":{"@id":"https:\/\/portaltela.pt\/noticias\/2026\/04\/23\/aguero-comenta-o-futuro-de-messi-fara-o-que-quiser\/#primaryimage"},"thumbnailUrl":"https:\/\/portaltela.pt\/s.01k8rhncp4jt1\/2026\/04\/img_920x518uu2026-04-23-19-27-28-2434946.jpg","datePublished":"2026-04-23T18:33:06+00:00","author":{"@id":"https:\/\/portaltela.pt\/#\/schema\/person\/c4278d4a6028830caff9ee44b42d32ed"},"breadcrumb":{"@id":"https:\/\/portaltela.pt\/noticias\/2026\/04\/23\/aguero-comenta-o-futuro-de-messi-fara-o-que-quiser\/#breadcrumb"},"inLanguage":"pt-PT","potentialAction":[{"@type":"ReadAction","target":["https:\/\/portaltela.pt\/noticias\/2026\/04\/23\/aguero-comenta-o-futuro-de-messi-fara-o-que-quiser\/"]}]},{"@type":"ImageObject","inLanguage":"pt-PT","@id":"https:\/\/portaltela.pt\/noticias\/2026\/04\/23\/aguero-comenta-o-futuro-de-messi-fara-o-que-quiser\/#primaryimage","url":"https:\/\/portaltela.pt\/s.01k8rhncp4jt1\/2026\/04\/img_920x518uu2026-04-23-19-27-28-2434946.jpg","contentUrl":"https:\/\/portaltela.pt\/s.01k8rhncp4jt1\/2026\/04\/img_920x518uu2026-04-23-19-27-28-2434946.jpg","width":796,"height":448,"caption":"Ag\u00fcero fala sobre o futuro de Messi no Inter Miami"},{"@type":"BreadcrumbList","@id":"https:\/\/portaltela.pt\/noticias\/2026\/04\/23\/aguero-comenta-o-futuro-de-messi-fara-o-que-quiser\/#breadcrumb","itemListElement":[{"@type":"ListItem","position":1,"name":"In\u00edcio","item":"https:\/\/portaltela.pt\/"},{"@type":"ListItem","position":2,"name":"Ag\u00fcero comenta o futuro de Messi: far\u00e1 o que quiser"}]},{"@type":"WebSite","@id":"https:\/\/portaltela.pt\/#website","url":"https:\/\/portaltela.pt\/","name":"Portal Tela Portugal","description":"","potentialAction":[{"@type":"SearchAction","target":{"@type":"EntryPoint","urlTemplate":"https:\/\/portaltela.pt\/?s={search_term_string}"},"query-input":{"@type":"PropertyValueSpecification","valueRequired":true,"valueName":"search_term_string"}}],"inLanguage":"pt-PT"},{"@type":"Person","@id":"https:\/\/portaltela.pt\/#\/schema\/person\/c4278d4a6028830caff9ee44b42d32ed","name":"Telinha","image":{"@type":"ImageObject","inLanguage":"pt-PT","@id":"https:\/\/portaltela.pt\/s.01k8rhncp4jt1\/2025\/11\/talking-bot-125x125.png","url":"https:\/\/portaltela.pt\/s.01k8rhncp4jt1\/2025\/11\/talking-bot-125x125.png","contentUrl":"https:\/\/portaltela.pt\/s.01k8rhncp4jt1\/2025\/11\/talking-bot-125x125.png","caption":"Telinha"},"sameAs":["https:\/\/portaltela.pt\/"],"url":"https:\/\/portaltela.pt\/por\/367410592786\/"}]}},"_links":{"self":[{"href":"https:\/\/portaltela.pt\/api\/wp\/v2\/posts\/456621","targetHints":{"allow":["GET"]}}],"collection":[{"href":"https:\/\/portaltela.pt\/api\/wp\/v2\/posts"}],"about":[{"href":"https:\/\/portaltela.pt\/api\/wp\/v2\/types\/post"}],"author":[{"embeddable":true,"href":"https:\/\/portaltela.pt\/api\/wp\/v2\/users\/2"}],"replies":[{"embeddable":true,"href":"https:\/\/portaltela.pt\/api\/wp\/v2\/comments?post=456621"}],"version-history":[{"count":0,"href":"https:\/\/portaltela.pt\/api\/wp\/v2\/posts\/456621\/revisions"}],"wp:featuredmedia":[{"embeddable":true,"href":"https:\/\/portaltela.pt\/api\/wp\/v2\/media\/456624"}],"wp:attachment":[{"href":"https:\/\/portaltela.pt\/api\/wp\/v2\/media?parent=456621"}],"wp:term":[{"taxonomy":"category","embeddable":true,"href":"https:\/\/portaltela.pt\/api\/wp\/v2\/categories?post=456621"},{"taxonomy":"post_tag","embeddable":true,"href":"https:\/\/portaltela.pt\/api\/wp\/v2\/tags?post=456621"}],"curies":[{"name":"wp","href":"https:\/\/api.w.org\/{rel}","templated":true}]}}