{"id":456548,"date":"2026-04-23T14:48:36","date_gmt":"2026-04-23T17:48:36","guid":{"rendered":"https:\/\/portaltela.pt\/noticias\/2026\/04\/23\/governo-nomeia-lider-da-conselhia-do-psd-para-a-gestao-de-hospital\/"},"modified":"2026-04-23T14:48:36","modified_gmt":"2026-04-23T17:48:36","slug":"governo-nomeia-lider-da-conselhia-do-psd-para-a-gestao-de-hospital","status":"publish","type":"post","link":"https:\/\/portaltela.pt\/noticias\/2026\/04\/23\/governo-nomeia-lider-da-conselhia-do-psd-para-a-gestao-de-hospital\/","title":{"rendered":"Governo nomeia l\u00edder da conselhia do PSD para a gest\u00e3o de hospital"},"content":{"rendered":"<p>Miguel Abrunhosa foi nomeado, pelo Governo, presidente da administra\u00e7\u00e3o da Unidade Local de Sa\u00fade (ULS) do Nordeste. A decis\u00e3o, tomada esta quinta-feira, ocorre quatro meses ap\u00f3s a ULS entrar em gest\u00e3o devido \u00e0 reforma do anterior presidente. A nomea\u00e7\u00e3o consta na Resolu\u00e7\u00e3o de Ministros.<\/p>\n<p>O an\u00fancio indica tamb\u00e9m os vogais executivos a integrar a dire\u00e7\u00e3o: Rui M\u00e1rio do Nascimento, Terras Alexandre, Filipa Sofia Guedes Faria, Lino Andr\u00e9 Meireles Olmo e Anabela Paula Seixas Gon\u00e7alves Martins. O conjunto forma a equipa diretiva da ULS Nordeste.<\/p>\n<p>Miguel Abrunhosa, que foi vereador do PSD na C\u00e2mara de Bragan\u00e7a (2021-2025) e presidente da Concelhia de Bragan\u00e7a do partido, assume o cargo. Rui Terras ficar\u00e1 como diretor cl\u00ednico, substituindo Duarte Soares, e \u00e9 o atual coordenador da VMER no distrito de Bragan\u00e7a.<\/p>\n<p>A ULS Nordeste esteve sob gest\u00e3o desde dezembro, ap\u00f3s o presidente do conselho de administra\u00e7\u00e3o ter entrado em reforma aos 70 anos. O Governo j\u00e1 indicou que a nova dire\u00e7\u00e3o seria anunciada em breve, not\u00edcia referida pela autoridade competente.<\/p>\n<p>A Lusa contactou repetidamente o Minist\u00e9rio da Sa\u00fade e a Administra\u00e7\u00e3o Central do SNS sobre o atraso na nomea\u00e7\u00e3o, sem obter explica\u00e7\u00f5es oficiais. A nomea\u00e7\u00e3o confirma a continuidade administrativa na regi\u00e3o norte do pa\u00eds.<\/p>\n","protected":false},"excerpt":{"rendered":"<ul>\n<li>O Governo nomeou Miguel Abrunhosa como novo presidente da administra\u00e7\u00e3o da Unidade Local de Sa\u00fade do Nordeste (ULS Nordeste), em decis\u00e3o publicada em Resolu\u00e7\u00e3o de Ministros.<\/li>\n<li>Foram tamb\u00e9m indicados os vogais executivos: Rui M\u00e1rio do Nascimento, Terras Alexandre, Filipa Sofia Guedes Faria, Lino Andr\u00e9 Meireles Olmo e Anabela Paula Seixas Gon\u00e7alves Martins.<\/li>\n<li>Miguel Abrunhosa \u00e9 antigo vereador pelo PSD na C\u00e2mara de Bragan\u00e7a (2021-2025) e atual presidente da Concelhia de Bragan\u00e7a do PSD.<\/li>\n<li>O novo diretor cl\u00ednico \u00e9 Rui Terras, atual coordenador da Viatura M\u00e9dica de Emerg\u00eancia e Reanima\u00e7\u00e3o (VMER) do distrito de Bragan\u00e7a, substituindo Duarte Soares.<\/li>\n<li>A ULS Nordeste estava sob gest\u00e3o desde dezembro, altura em que o presidente do conselho de administra\u00e7\u00e3o se reformou aos 70 anos; o SNS indicou que a nomea\u00e7\u00e3o da nova dire\u00e7\u00e3o estaria para breve, mas houve atraso de mais de quatro meses.<\/li>\n<\/ul>\n","protected":false},"author":2,"featured_media":456552,"comment_status":"closed","ping_status":"closed","sticky":false,"template":"","format":"standard","meta":{"footnotes":""},"categories":[7377,1],"tags":[7927,8558,7952,7913,8567,7889],"class_list":["post-456548","post","type-post","status-publish","format-standard","has-post-thumbnail","hentry","category-hospitais","category-noticias","tag-_administracao-publica","tag-_braganca","tag-_governo","tag-_politica","tag-_psd","tag-_saude"],"yoast_head":"<!-- This site is optimized with the Yoast SEO plugin v27.2 - https:\/\/yoast.com\/product\/yoast-seo-wordpress\/ -->\n<title>Governo nomeia l\u00edder da conselhia do PSD para a gest\u00e3o de hospital - Portal Tela Portugal<\/title>\n<meta name=\"robots\" content=\"index, follow, max-snippet:-1, max-image-preview:large, max-video-preview:-1\" \/>\n<meta property=\"og:locale\" content=\"pt_PT\" \/>\n<meta property=\"og:type\" content=\"article\" \/>\n<meta property=\"og:title\" content=\"Governo nomeia l\u00edder da conselhia do PSD para a gest\u00e3o de hospital - Portal Tela Portugal\" \/>\n<meta property=\"og:description\" content=\"O Governo nomeou Miguel Abrunhosa como novo presidente da administra\u00e7\u00e3o da Unidade Local de Sa\u00fade do Nordeste (ULS Nordeste), em decis\u00e3o publicada em Resolu\u00e7\u00e3o de Ministros. Foram tamb\u00e9m indicados os vogais executivos: Rui M\u00e1rio do Nascimento, Terras Alexandre, Filipa Sofia Guedes Faria, Lino Andr\u00e9 Meireles Olmo e Anabela Paula Seixas Gon\u00e7alves Martins. Miguel Abrunhosa \u00e9 antigo vereador pelo PSD na C\u00e2mara de Bragan\u00e7a (2021-2025) e atual presidente da Concelhia de Bragan\u00e7a do PSD. O novo diretor cl\u00ednico \u00e9 Rui Terras, atual coordenador da Viatura M\u00e9dica de Emerg\u00eancia e Reanima\u00e7\u00e3o (VMER) do distrito de Bragan\u00e7a, substituindo Duarte Soares. A ULS Nordeste estava sob gest\u00e3o desde dezembro, altura em que o presidente do conselho de administra\u00e7\u00e3o se reformou aos 70 anos; o SNS indicou que a nomea\u00e7\u00e3o da nova dire\u00e7\u00e3o estaria para breve, mas houve atraso de mais de quatro meses.\" \/>\n<meta property=\"og:url\" content=\"https:\/\/portaltela.pt\/noticias\/2026\/04\/23\/governo-nomeia-lider-da-conselhia-do-psd-para-a-gestao-de-hospital\/\" \/>\n<meta property=\"og:site_name\" content=\"Portal Tela Portugal\" \/>\n<meta property=\"article:published_time\" content=\"2026-04-23T17:48:36+00:00\" \/>\n<meta name=\"author\" content=\"Telinha\" \/>\n<meta name=\"twitter:card\" content=\"summary_large_image\" \/>\n<meta name=\"twitter:label1\" content=\"Escrito por\" \/>\n\t<meta name=\"twitter:data1\" content=\"Telinha\" \/>\n\t<meta name=\"twitter:label2\" content=\"Tempo estimado de leitura\" \/>\n\t<meta name=\"twitter:data2\" content=\"1 minuto\" \/>\n<script type=\"application\/ld+json\" class=\"yoast-schema-graph\">{\"@context\":\"https:\/\/schema.org\",\"@graph\":[{\"@type\":\"Article\",\"@id\":\"https:\/\/portaltela.pt\/noticias\/2026\/04\/23\/governo-nomeia-lider-da-conselhia-do-psd-para-a-gestao-de-hospital\/#article\",\"isPartOf\":{\"@id\":\"https:\/\/portaltela.pt\/noticias\/2026\/04\/23\/governo-nomeia-lider-da-conselhia-do-psd-para-a-gestao-de-hospital\/\"},\"author\":{\"name\":\"Telinha\",\"@id\":\"https:\/\/portaltela.pt\/#\/schema\/person\/c4278d4a6028830caff9ee44b42d32ed\"},\"headline\":\"Governo nomeia l\u00edder da conselhia do PSD para a gest\u00e3o de hospital\",\"datePublished\":\"2026-04-23T17:48:36+00:00\",\"mainEntityOfPage\":{\"@id\":\"https:\/\/portaltela.pt\/noticias\/2026\/04\/23\/governo-nomeia-lider-da-conselhia-do-psd-para-a-gestao-de-hospital\/\"},\"wordCount\":241,\"image\":{\"@id\":\"https:\/\/portaltela.pt\/noticias\/2026\/04\/23\/governo-nomeia-lider-da-conselhia-do-psd-para-a-gestao-de-hospital\/#primaryimage\"},\"thumbnailUrl\":\"https:\/\/portaltela.pt\/s.01k8rhncp4jt1\/2026\/04\/img_1500x1000uu2026-04-23-18-43-42-2280589.jpg\",\"keywords\":[\"_administra\u00e7\u00e3o p\u00fablica\",\"_Bragan\u00e7a\",\"_governo\",\"_pol\u00edtica\",\"_PSD\",\"_sa\u00fade\"],\"articleSection\":[\"Hospitais\",\"Not\u00edcias\"],\"inLanguage\":\"pt-PT\"},{\"@type\":\"WebPage\",\"@id\":\"https:\/\/portaltela.pt\/noticias\/2026\/04\/23\/governo-nomeia-lider-da-conselhia-do-psd-para-a-gestao-de-hospital\/\",\"url\":\"https:\/\/portaltela.pt\/noticias\/2026\/04\/23\/governo-nomeia-lider-da-conselhia-do-psd-para-a-gestao-de-hospital\/\",\"name\":\"Governo nomeia l\u00edder da conselhia do PSD para a gest\u00e3o de hospital - Portal Tela Portugal\",\"isPartOf\":{\"@id\":\"https:\/\/portaltela.pt\/#website\"},\"primaryImageOfPage\":{\"@id\":\"https:\/\/portaltela.pt\/noticias\/2026\/04\/23\/governo-nomeia-lider-da-conselhia-do-psd-para-a-gestao-de-hospital\/#primaryimage\"},\"image\":{\"@id\":\"https:\/\/portaltela.pt\/noticias\/2026\/04\/23\/governo-nomeia-lider-da-conselhia-do-psd-para-a-gestao-de-hospital\/#primaryimage\"},\"thumbnailUrl\":\"https:\/\/portaltela.pt\/s.01k8rhncp4jt1\/2026\/04\/img_1500x1000uu2026-04-23-18-43-42-2280589.jpg\",\"datePublished\":\"2026-04-23T17:48:36+00:00\",\"author\":{\"@id\":\"https:\/\/portaltela.pt\/#\/schema\/person\/c4278d4a6028830caff9ee44b42d32ed\"},\"breadcrumb\":{\"@id\":\"https:\/\/portaltela.pt\/noticias\/2026\/04\/23\/governo-nomeia-lider-da-conselhia-do-psd-para-a-gestao-de-hospital\/#breadcrumb\"},\"inLanguage\":\"pt-PT\",\"potentialAction\":[{\"@type\":\"ReadAction\",\"target\":[\"https:\/\/portaltela.pt\/noticias\/2026\/04\/23\/governo-nomeia-lider-da-conselhia-do-psd-para-a-gestao-de-hospital\/\"]}]},{\"@type\":\"ImageObject\",\"inLanguage\":\"pt-PT\",\"@id\":\"https:\/\/portaltela.pt\/noticias\/2026\/04\/23\/governo-nomeia-lider-da-conselhia-do-psd-para-a-gestao-de-hospital\/#primaryimage\",\"url\":\"https:\/\/portaltela.pt\/s.01k8rhncp4jt1\/2026\/04\/img_1500x1000uu2026-04-23-18-43-42-2280589.jpg\",\"contentUrl\":\"https:\/\/portaltela.pt\/s.01k8rhncp4jt1\/2026\/04\/img_1500x1000uu2026-04-23-18-43-42-2280589.jpg\",\"width\":796,\"height\":448,\"caption\":\"Miguel Abrunhosa\"},{\"@type\":\"BreadcrumbList\",\"@id\":\"https:\/\/portaltela.pt\/noticias\/2026\/04\/23\/governo-nomeia-lider-da-conselhia-do-psd-para-a-gestao-de-hospital\/#breadcrumb\",\"itemListElement\":[{\"@type\":\"ListItem\",\"position\":1,\"name\":\"In\u00edcio\",\"item\":\"https:\/\/portaltela.pt\/\"},{\"@type\":\"ListItem\",\"position\":2,\"name\":\"Governo nomeia l\u00edder da conselhia do PSD para a gest\u00e3o de hospital\"}]},{\"@type\":\"WebSite\",\"@id\":\"https:\/\/portaltela.pt\/#website\",\"url\":\"https:\/\/portaltela.pt\/\",\"name\":\"Portal Tela Portugal\",\"description\":\"\",\"potentialAction\":[{\"@type\":\"SearchAction\",\"target\":{\"@type\":\"EntryPoint\",\"urlTemplate\":\"https:\/\/portaltela.pt\/?s={search_term_string}\"},\"query-input\":{\"@type\":\"PropertyValueSpecification\",\"valueRequired\":true,\"valueName\":\"search_term_string\"}}],\"inLanguage\":\"pt-PT\"},{\"@type\":\"Person\",\"@id\":\"https:\/\/portaltela.pt\/#\/schema\/person\/c4278d4a6028830caff9ee44b42d32ed\",\"name\":\"Telinha\",\"image\":{\"@type\":\"ImageObject\",\"inLanguage\":\"pt-PT\",\"@id\":\"https:\/\/portaltela.pt\/s.01k8rhncp4jt1\/2025\/11\/talking-bot-125x125.png\",\"url\":\"https:\/\/portaltela.pt\/s.01k8rhncp4jt1\/2025\/11\/talking-bot-125x125.png\",\"contentUrl\":\"https:\/\/portaltela.pt\/s.01k8rhncp4jt1\/2025\/11\/talking-bot-125x125.png\",\"caption\":\"Telinha\"},\"sameAs\":[\"https:\/\/portaltela.pt\/\"],\"url\":\"https:\/\/portaltela.pt\/por\/367410592786\/\"}]}<\/script>\n<!-- \/ Yoast SEO plugin. -->","yoast_head_json":{"title":"Governo nomeia l\u00edder da conselhia do PSD para a gest\u00e3o de hospital - Portal Tela Portugal","robots":{"index":"index","follow":"follow","max-snippet":"max-snippet:-1","max-image-preview":"max-image-preview:large","max-video-preview":"max-video-preview:-1"},"og_locale":"pt_PT","og_type":"article","og_title":"Governo nomeia l\u00edder da conselhia do PSD para a gest\u00e3o de hospital - Portal Tela Portugal","og_description":"O Governo nomeou Miguel Abrunhosa como novo presidente da administra\u00e7\u00e3o da Unidade Local de Sa\u00fade do Nordeste (ULS Nordeste), em decis\u00e3o publicada em Resolu\u00e7\u00e3o de Ministros. Foram tamb\u00e9m indicados os vogais executivos: Rui M\u00e1rio do Nascimento, Terras Alexandre, Filipa Sofia Guedes Faria, Lino Andr\u00e9 Meireles Olmo e Anabela Paula Seixas Gon\u00e7alves Martins. Miguel Abrunhosa \u00e9 antigo vereador pelo PSD na C\u00e2mara de Bragan\u00e7a (2021-2025) e atual presidente da Concelhia de Bragan\u00e7a do PSD. O novo diretor cl\u00ednico \u00e9 Rui Terras, atual coordenador da Viatura M\u00e9dica de Emerg\u00eancia e Reanima\u00e7\u00e3o (VMER) do distrito de Bragan\u00e7a, substituindo Duarte Soares. A ULS Nordeste estava sob gest\u00e3o desde dezembro, altura em que o presidente do conselho de administra\u00e7\u00e3o se reformou aos 70 anos; o SNS indicou que a nomea\u00e7\u00e3o da nova dire\u00e7\u00e3o estaria para breve, mas houve atraso de mais de quatro meses.","og_url":"https:\/\/portaltela.pt\/noticias\/2026\/04\/23\/governo-nomeia-lider-da-conselhia-do-psd-para-a-gestao-de-hospital\/","og_site_name":"Portal Tela Portugal","article_published_time":"2026-04-23T17:48:36+00:00","author":"Telinha","twitter_card":"summary_large_image","twitter_misc":{"Escrito por":"Telinha","Tempo estimado de leitura":"1 minuto"},"schema":{"@context":"https:\/\/schema.org","@graph":[{"@type":"Article","@id":"https:\/\/portaltela.pt\/noticias\/2026\/04\/23\/governo-nomeia-lider-da-conselhia-do-psd-para-a-gestao-de-hospital\/#article","isPartOf":{"@id":"https:\/\/portaltela.pt\/noticias\/2026\/04\/23\/governo-nomeia-lider-da-conselhia-do-psd-para-a-gestao-de-hospital\/"},"author":{"name":"Telinha","@id":"https:\/\/portaltela.pt\/#\/schema\/person\/c4278d4a6028830caff9ee44b42d32ed"},"headline":"Governo nomeia l\u00edder da conselhia do PSD para a gest\u00e3o de hospital","datePublished":"2026-04-23T17:48:36+00:00","mainEntityOfPage":{"@id":"https:\/\/portaltela.pt\/noticias\/2026\/04\/23\/governo-nomeia-lider-da-conselhia-do-psd-para-a-gestao-de-hospital\/"},"wordCount":241,"image":{"@id":"https:\/\/portaltela.pt\/noticias\/2026\/04\/23\/governo-nomeia-lider-da-conselhia-do-psd-para-a-gestao-de-hospital\/#primaryimage"},"thumbnailUrl":"https:\/\/portaltela.pt\/s.01k8rhncp4jt1\/2026\/04\/img_1500x1000uu2026-04-23-18-43-42-2280589.jpg","keywords":["_administra\u00e7\u00e3o p\u00fablica","_Bragan\u00e7a","_governo","_pol\u00edtica","_PSD","_sa\u00fade"],"articleSection":["Hospitais","Not\u00edcias"],"inLanguage":"pt-PT"},{"@type":"WebPage","@id":"https:\/\/portaltela.pt\/noticias\/2026\/04\/23\/governo-nomeia-lider-da-conselhia-do-psd-para-a-gestao-de-hospital\/","url":"https:\/\/portaltela.pt\/noticias\/2026\/04\/23\/governo-nomeia-lider-da-conselhia-do-psd-para-a-gestao-de-hospital\/","name":"Governo nomeia l\u00edder da conselhia do PSD para a gest\u00e3o de hospital - Portal Tela Portugal","isPartOf":{"@id":"https:\/\/portaltela.pt\/#website"},"primaryImageOfPage":{"@id":"https:\/\/portaltela.pt\/noticias\/2026\/04\/23\/governo-nomeia-lider-da-conselhia-do-psd-para-a-gestao-de-hospital\/#primaryimage"},"image":{"@id":"https:\/\/portaltela.pt\/noticias\/2026\/04\/23\/governo-nomeia-lider-da-conselhia-do-psd-para-a-gestao-de-hospital\/#primaryimage"},"thumbnailUrl":"https:\/\/portaltela.pt\/s.01k8rhncp4jt1\/2026\/04\/img_1500x1000uu2026-04-23-18-43-42-2280589.jpg","datePublished":"2026-04-23T17:48:36+00:00","author":{"@id":"https:\/\/portaltela.pt\/#\/schema\/person\/c4278d4a6028830caff9ee44b42d32ed"},"breadcrumb":{"@id":"https:\/\/portaltela.pt\/noticias\/2026\/04\/23\/governo-nomeia-lider-da-conselhia-do-psd-para-a-gestao-de-hospital\/#breadcrumb"},"inLanguage":"pt-PT","potentialAction":[{"@type":"ReadAction","target":["https:\/\/portaltela.pt\/noticias\/2026\/04\/23\/governo-nomeia-lider-da-conselhia-do-psd-para-a-gestao-de-hospital\/"]}]},{"@type":"ImageObject","inLanguage":"pt-PT","@id":"https:\/\/portaltela.pt\/noticias\/2026\/04\/23\/governo-nomeia-lider-da-conselhia-do-psd-para-a-gestao-de-hospital\/#primaryimage","url":"https:\/\/portaltela.pt\/s.01k8rhncp4jt1\/2026\/04\/img_1500x1000uu2026-04-23-18-43-42-2280589.jpg","contentUrl":"https:\/\/portaltela.pt\/s.01k8rhncp4jt1\/2026\/04\/img_1500x1000uu2026-04-23-18-43-42-2280589.jpg","width":796,"height":448,"caption":"Miguel Abrunhosa"},{"@type":"BreadcrumbList","@id":"https:\/\/portaltela.pt\/noticias\/2026\/04\/23\/governo-nomeia-lider-da-conselhia-do-psd-para-a-gestao-de-hospital\/#breadcrumb","itemListElement":[{"@type":"ListItem","position":1,"name":"In\u00edcio","item":"https:\/\/portaltela.pt\/"},{"@type":"ListItem","position":2,"name":"Governo nomeia l\u00edder da conselhia do PSD para a gest\u00e3o de hospital"}]},{"@type":"WebSite","@id":"https:\/\/portaltela.pt\/#website","url":"https:\/\/portaltela.pt\/","name":"Portal Tela Portugal","description":"","potentialAction":[{"@type":"SearchAction","target":{"@type":"EntryPoint","urlTemplate":"https:\/\/portaltela.pt\/?s={search_term_string}"},"query-input":{"@type":"PropertyValueSpecification","valueRequired":true,"valueName":"search_term_string"}}],"inLanguage":"pt-PT"},{"@type":"Person","@id":"https:\/\/portaltela.pt\/#\/schema\/person\/c4278d4a6028830caff9ee44b42d32ed","name":"Telinha","image":{"@type":"ImageObject","inLanguage":"pt-PT","@id":"https:\/\/portaltela.pt\/s.01k8rhncp4jt1\/2025\/11\/talking-bot-125x125.png","url":"https:\/\/portaltela.pt\/s.01k8rhncp4jt1\/2025\/11\/talking-bot-125x125.png","contentUrl":"https:\/\/portaltela.pt\/s.01k8rhncp4jt1\/2025\/11\/talking-bot-125x125.png","caption":"Telinha"},"sameAs":["https:\/\/portaltela.pt\/"],"url":"https:\/\/portaltela.pt\/por\/367410592786\/"}]}},"_links":{"self":[{"href":"https:\/\/portaltela.pt\/api\/wp\/v2\/posts\/456548","targetHints":{"allow":["GET"]}}],"collection":[{"href":"https:\/\/portaltela.pt\/api\/wp\/v2\/posts"}],"about":[{"href":"https:\/\/portaltela.pt\/api\/wp\/v2\/types\/post"}],"author":[{"embeddable":true,"href":"https:\/\/portaltela.pt\/api\/wp\/v2\/users\/2"}],"replies":[{"embeddable":true,"href":"https:\/\/portaltela.pt\/api\/wp\/v2\/comments?post=456548"}],"version-history":[{"count":0,"href":"https:\/\/portaltela.pt\/api\/wp\/v2\/posts\/456548\/revisions"}],"wp:featuredmedia":[{"embeddable":true,"href":"https:\/\/portaltela.pt\/api\/wp\/v2\/media\/456552"}],"wp:attachment":[{"href":"https:\/\/portaltela.pt\/api\/wp\/v2\/media?parent=456548"}],"wp:term":[{"taxonomy":"category","embeddable":true,"href":"https:\/\/portaltela.pt\/api\/wp\/v2\/categories?post=456548"},{"taxonomy":"post_tag","embeddable":true,"href":"https:\/\/portaltela.pt\/api\/wp\/v2\/tags?post=456548"}],"curies":[{"name":"wp","href":"https:\/\/api.w.org\/{rel}","templated":true}]}}