{"id":456522,"date":"2026-04-23T14:33:58","date_gmt":"2026-04-23T17:33:58","guid":{"rendered":"https:\/\/portaltela.pt\/noticias\/2026\/04\/23\/benfica-foca-formacao-jovens-do-sporting-e-fc-porto-sao-os-mais-valiosos\/"},"modified":"2026-04-23T14:33:58","modified_gmt":"2026-04-23T17:33:58","slug":"benfica-foca-formacao-jovens-do-sporting-e-fc-porto-sao-os-mais-valiosos","status":"publish","type":"post","link":"https:\/\/portaltela.pt\/desporto\/futebol\/2026\/04\/23\/benfica-foca-formacao-jovens-do-sporting-e-fc-porto-sao-os-mais-valiosos\/","title":{"rendered":"Benfica foca forma\u00e7\u00e3o; jovens do Sporting e FC Porto s\u00e3o os mais valiosos"},"content":{"rendered":"<p>O Benfica \u00e9 a \u00fanica equipa portuguesa entre 20 emblemas europeus que mais utilizou jogadores da pr\u00f3pria forma\u00e7\u00e3o na temporada 2025\/26, segundo um estudo da Sportingpedia com dados do Transfermarkt, que analisa as sete principais ligas. A an\u00e1lise foca no que cada clube formou e ainda utiliza no plantel.<\/p>\n<p>O Benfica soma 9 atletas formados na casa que, ainda assim, representam o clube na presente \u00e9poca, igualando o grupo de refer\u00eancia formado por Real Madrid, Friburgo, Mainz, Auxerre, Feyenoord e Twente. Mourinho lan\u00e7a 6 jogadores desta gera\u00e7\u00e3o na temporada: Banjaqui, Jos\u00e9 Neto, Tiago Freitas, Gon\u00e7alo Moreita, Rodrigo R\u00eago e An\u00edsio Cabral. Ivan Lima estreou-se pelo Set\u00fabal, saindo para o Piast Gliwice, em janeiro.<\/p>\n<h3>Resultados-chave<\/h3>\n<p>De acordo com a Sportingpedia, o Benfica destaca-se pela utiliza\u00e7\u00e3o de jogadores formados no clube, numa tend\u00eancia tamb\u00e9m observada na Liga holandesa, onde 7 clubes da Eredivisie integram o top-20. Anota-se que os holandeses concentram a maior parte dos jogadores formados a n\u00edvel europeu.<\/p>\n<p>Os dados mostram ainda que o Sporting \u00e9 o clube com o valor de venda mais elevado entre os formados na sua academia, 143,5 milh\u00f5es de euros. O FC Porto vem a seguir, com 90,8 milh\u00f5es. O jogador mais valorizado de cada forma\u00e7\u00e3o tem pontas de refer\u00eancia: o le\u00e3o Quenda vale 42 milh\u00f5es de euros, enquanto Diogo Costa destaca-se pelo lado dos drag\u00f5es, com 40 milh\u00f5es.<\/p>\n<p>No panorama global, o Barcelona lidera em valor de mercado associado a jogadores formados na sua academia, com 200 milh\u00f5es de euros para Lamine Yamal. A compara\u00e7\u00e3o refor\u00e7a o peso financeiro que as forma\u00e7\u00f5es geram, mesmo quando a presen\u00e7a portuguesa \u00e9 mais moderada no topo do ranking.<\/p>\n<p>Os n\u00fameros, retirados do Transfermarkt, indicam ainda que, em termos de participa\u00e7\u00e3o de forma\u00e7\u00e3o, o Benfica situa-se entre os 9 clubes com maior n\u00famero de atletas ativos formados pelo clube. J\u00e1 a leitura financeira coloca Sporting e FC Porto entre os primeiros a capitalizar o valor de sa\u00edda dos seus jovens.<\/p>\n","protected":false},"excerpt":{"rendered":"<ul>\n<li>Benfica \u00e9 o \u00fanico clube portugu\u00eas entre os 20 emblemas europeus que mais utiliza jogadores da forma\u00e7\u00e3o, na \u00e9poca 2025\/26, segundo a Sportingpedia com base em Transfermarkt.<\/li>\n<li>Benfica tem nove jogadores formados no clube a representar-no em 2025\/26, a par de Real Madrid, Freiburg, Mainz, Auxerre, Feyenoord e Twente.<\/li>\n<li>Jos\u00e9 Mourinho lan\u00e7ou seis jovens da forma\u00e7\u00e3o neste per\u00edodo; Ivan Lima estreou com o Set\u00fabal, mas saiu em janeiro para o Piast Gliwice, da Pol\u00f3nia.<\/li>\n<li>Em termos de valor de mercado, o Sporting \u00e9 o oitavo entre os 20, com 143,5 milh\u00f5es de euros; o Porto ocupa o 15\u00ba lugar, com 90,8 milh\u00f5es de euros; Kwenda \u00e9 o jogador leonino mais valioso (42 milh\u00f5es de euros) e Diogo Costa destaca-se pelo FC Porto (40 milh\u00f5es de euros); o Barcelona lidera com Lamine Yamal a 200 milh\u00f5es de euros.<\/li>\n<li>A n\u00edvel de ligas, a Eredivisie aparece com mais clubes no top\u201120, e Portugal fica em s\u00e9timo lugar, com 45 jogadores formados.<\/li>\n<\/ul>\n","protected":false},"author":2,"featured_media":456528,"comment_status":"closed","ping_status":"closed","sticky":false,"template":"","format":"standard","meta":{"footnotes":""},"categories":[21,24],"tags":[1946,2028,1290,50,1652,2050],"class_list":["post-456522","post","type-post","status-publish","format-standard","has-post-thumbnail","hentry","category-desporto","category-futebol","tag-benfica","tag-fc-porto","tag-formacao","tag-mercado-da-bola","tag-sporting","tag-transferencias"],"yoast_head":"<!-- This site is optimized with the Yoast SEO plugin v27.2 - https:\/\/yoast.com\/product\/yoast-seo-wordpress\/ -->\n<title>Benfica foca forma\u00e7\u00e3o; jovens do Sporting e FC Porto s\u00e3o os mais valiosos - Portal Tela Portugal<\/title>\n<meta name=\"robots\" content=\"index, follow, max-snippet:-1, max-image-preview:large, max-video-preview:-1\" \/>\n<meta property=\"og:locale\" content=\"pt_PT\" \/>\n<meta property=\"og:type\" content=\"article\" \/>\n<meta property=\"og:title\" content=\"Benfica foca forma\u00e7\u00e3o; jovens do Sporting e FC Porto s\u00e3o os mais valiosos - Portal Tela Portugal\" \/>\n<meta property=\"og:description\" content=\"Benfica \u00e9 o \u00fanico clube portugu\u00eas entre os 20 emblemas europeus que mais utiliza jogadores da forma\u00e7\u00e3o, na \u00e9poca 2025\/26, segundo a Sportingpedia com base em Transfermarkt. Benfica tem nove jogadores formados no clube a representar-no em 2025\/26, a par de Real Madrid, Freiburg, Mainz, Auxerre, Feyenoord e Twente. Jos\u00e9 Mourinho lan\u00e7ou seis jovens da forma\u00e7\u00e3o neste per\u00edodo; Ivan Lima estreou com o Set\u00fabal, mas saiu em janeiro para o Piast Gliwice, da Pol\u00f3nia. Em termos de valor de mercado, o Sporting \u00e9 o oitavo entre os 20, com 143,5 milh\u00f5es de euros; o Porto ocupa o 15\u00ba lugar, com 90,8 milh\u00f5es de euros; Kwenda \u00e9 o jogador leonino mais valioso (42 milh\u00f5es de euros) e Diogo Costa destaca-se pelo FC Porto (40 milh\u00f5es de euros); o Barcelona lidera com Lamine Yamal a 200 milh\u00f5es de euros. A n\u00edvel de ligas, a Eredivisie aparece com mais clubes no top\u201120, e Portugal fica em s\u00e9timo lugar, com 45 jogadores formados.\" \/>\n<meta property=\"og:url\" content=\"https:\/\/portaltela.pt\/noticias\/2026\/04\/23\/benfica-foca-formacao-jovens-do-sporting-e-fc-porto-sao-os-mais-valiosos\/\" \/>\n<meta property=\"og:site_name\" content=\"Portal Tela Portugal\" \/>\n<meta property=\"article:published_time\" content=\"2026-04-23T17:33:58+00:00\" \/>\n<meta name=\"author\" content=\"Telinha\" \/>\n<meta name=\"twitter:card\" content=\"summary_large_image\" \/>\n<meta name=\"twitter:label1\" content=\"Escrito por\" \/>\n\t<meta name=\"twitter:data1\" content=\"Telinha\" \/>\n\t<meta name=\"twitter:label2\" content=\"Tempo estimado de leitura\" \/>\n\t<meta name=\"twitter:data2\" content=\"2 minutos\" \/>\n<script type=\"application\/ld+json\" class=\"yoast-schema-graph\">{\"@context\":\"https:\/\/schema.org\",\"@graph\":[{\"@type\":\"Article\",\"@id\":\"https:\/\/portaltela.pt\/noticias\/2026\/04\/23\/benfica-foca-formacao-jovens-do-sporting-e-fc-porto-sao-os-mais-valiosos\/#article\",\"isPartOf\":{\"@id\":\"https:\/\/portaltela.pt\/noticias\/2026\/04\/23\/benfica-foca-formacao-jovens-do-sporting-e-fc-porto-sao-os-mais-valiosos\/\"},\"author\":{\"name\":\"Telinha\",\"@id\":\"https:\/\/portaltela.pt\/#\/schema\/person\/c4278d4a6028830caff9ee44b42d32ed\"},\"headline\":\"Benfica foca forma\u00e7\u00e3o; jovens do Sporting e FC Porto s\u00e3o os mais valiosos\",\"datePublished\":\"2026-04-23T17:33:58+00:00\",\"mainEntityOfPage\":{\"@id\":\"https:\/\/portaltela.pt\/noticias\/2026\/04\/23\/benfica-foca-formacao-jovens-do-sporting-e-fc-porto-sao-os-mais-valiosos\/\"},\"wordCount\":355,\"image\":{\"@id\":\"https:\/\/portaltela.pt\/noticias\/2026\/04\/23\/benfica-foca-formacao-jovens-do-sporting-e-fc-porto-sao-os-mais-valiosos\/#primaryimage\"},\"thumbnailUrl\":\"https:\/\/portaltela.pt\/s.01k8rhncp4jt1\/2026\/04\/img_920x518uu2026-04-23-18-26-37-2434925.jpg\",\"keywords\":[\"Benfica\",\"FC Porto\",\"forma\u00e7\u00e3o\",\"mercado da bola\",\"Sporting\",\"transfer\u00eancias\"],\"articleSection\":[\"Desporto\",\"Futebol\"],\"inLanguage\":\"pt-PT\"},{\"@type\":\"WebPage\",\"@id\":\"https:\/\/portaltela.pt\/noticias\/2026\/04\/23\/benfica-foca-formacao-jovens-do-sporting-e-fc-porto-sao-os-mais-valiosos\/\",\"url\":\"https:\/\/portaltela.pt\/noticias\/2026\/04\/23\/benfica-foca-formacao-jovens-do-sporting-e-fc-porto-sao-os-mais-valiosos\/\",\"name\":\"Benfica foca forma\u00e7\u00e3o; jovens do Sporting e FC Porto s\u00e3o os mais valiosos - Portal Tela Portugal\",\"isPartOf\":{\"@id\":\"https:\/\/portaltela.pt\/#website\"},\"primaryImageOfPage\":{\"@id\":\"https:\/\/portaltela.pt\/noticias\/2026\/04\/23\/benfica-foca-formacao-jovens-do-sporting-e-fc-porto-sao-os-mais-valiosos\/#primaryimage\"},\"image\":{\"@id\":\"https:\/\/portaltela.pt\/noticias\/2026\/04\/23\/benfica-foca-formacao-jovens-do-sporting-e-fc-porto-sao-os-mais-valiosos\/#primaryimage\"},\"thumbnailUrl\":\"https:\/\/portaltela.pt\/s.01k8rhncp4jt1\/2026\/04\/img_920x518uu2026-04-23-18-26-37-2434925.jpg\",\"datePublished\":\"2026-04-23T17:33:58+00:00\",\"author\":{\"@id\":\"https:\/\/portaltela.pt\/#\/schema\/person\/c4278d4a6028830caff9ee44b42d32ed\"},\"breadcrumb\":{\"@id\":\"https:\/\/portaltela.pt\/noticias\/2026\/04\/23\/benfica-foca-formacao-jovens-do-sporting-e-fc-porto-sao-os-mais-valiosos\/#breadcrumb\"},\"inLanguage\":\"pt-PT\",\"potentialAction\":[{\"@type\":\"ReadAction\",\"target\":[\"https:\/\/portaltela.pt\/noticias\/2026\/04\/23\/benfica-foca-formacao-jovens-do-sporting-e-fc-porto-sao-os-mais-valiosos\/\"]}]},{\"@type\":\"ImageObject\",\"inLanguage\":\"pt-PT\",\"@id\":\"https:\/\/portaltela.pt\/noticias\/2026\/04\/23\/benfica-foca-formacao-jovens-do-sporting-e-fc-porto-sao-os-mais-valiosos\/#primaryimage\",\"url\":\"https:\/\/portaltela.pt\/s.01k8rhncp4jt1\/2026\/04\/img_920x518uu2026-04-23-18-26-37-2434925.jpg\",\"contentUrl\":\"https:\/\/portaltela.pt\/s.01k8rhncp4jt1\/2026\/04\/img_920x518uu2026-04-23-18-26-37-2434925.jpg\",\"width\":920,\"height\":518,\"caption\":\"Estudo: Benfica aproveita forma\u00e7\u00e3o, mas jovens do Sporting e do FC Porto s\u00e3o os mais valiosos\"},{\"@type\":\"BreadcrumbList\",\"@id\":\"https:\/\/portaltela.pt\/noticias\/2026\/04\/23\/benfica-foca-formacao-jovens-do-sporting-e-fc-porto-sao-os-mais-valiosos\/#breadcrumb\",\"itemListElement\":[{\"@type\":\"ListItem\",\"position\":1,\"name\":\"In\u00edcio\",\"item\":\"https:\/\/portaltela.pt\/\"},{\"@type\":\"ListItem\",\"position\":2,\"name\":\"Benfica foca forma\u00e7\u00e3o; jovens do Sporting e FC Porto s\u00e3o os mais valiosos\"}]},{\"@type\":\"WebSite\",\"@id\":\"https:\/\/portaltela.pt\/#website\",\"url\":\"https:\/\/portaltela.pt\/\",\"name\":\"Portal Tela Portugal\",\"description\":\"\",\"potentialAction\":[{\"@type\":\"SearchAction\",\"target\":{\"@type\":\"EntryPoint\",\"urlTemplate\":\"https:\/\/portaltela.pt\/?s={search_term_string}\"},\"query-input\":{\"@type\":\"PropertyValueSpecification\",\"valueRequired\":true,\"valueName\":\"search_term_string\"}}],\"inLanguage\":\"pt-PT\"},{\"@type\":\"Person\",\"@id\":\"https:\/\/portaltela.pt\/#\/schema\/person\/c4278d4a6028830caff9ee44b42d32ed\",\"name\":\"Telinha\",\"image\":{\"@type\":\"ImageObject\",\"inLanguage\":\"pt-PT\",\"@id\":\"https:\/\/portaltela.pt\/s.01k8rhncp4jt1\/2025\/11\/talking-bot-125x125.png\",\"url\":\"https:\/\/portaltela.pt\/s.01k8rhncp4jt1\/2025\/11\/talking-bot-125x125.png\",\"contentUrl\":\"https:\/\/portaltela.pt\/s.01k8rhncp4jt1\/2025\/11\/talking-bot-125x125.png\",\"caption\":\"Telinha\"},\"sameAs\":[\"https:\/\/portaltela.pt\/\"],\"url\":\"https:\/\/portaltela.pt\/por\/367410592786\/\"}]}<\/script>\n<!-- \/ Yoast SEO plugin. -->","yoast_head_json":{"title":"Benfica foca forma\u00e7\u00e3o; jovens do Sporting e FC Porto s\u00e3o os mais valiosos - Portal Tela Portugal","robots":{"index":"index","follow":"follow","max-snippet":"max-snippet:-1","max-image-preview":"max-image-preview:large","max-video-preview":"max-video-preview:-1"},"og_locale":"pt_PT","og_type":"article","og_title":"Benfica foca forma\u00e7\u00e3o; jovens do Sporting e FC Porto s\u00e3o os mais valiosos - Portal Tela Portugal","og_description":"Benfica \u00e9 o \u00fanico clube portugu\u00eas entre os 20 emblemas europeus que mais utiliza jogadores da forma\u00e7\u00e3o, na \u00e9poca 2025\/26, segundo a Sportingpedia com base em Transfermarkt. Benfica tem nove jogadores formados no clube a representar-no em 2025\/26, a par de Real Madrid, Freiburg, Mainz, Auxerre, Feyenoord e Twente. Jos\u00e9 Mourinho lan\u00e7ou seis jovens da forma\u00e7\u00e3o neste per\u00edodo; Ivan Lima estreou com o Set\u00fabal, mas saiu em janeiro para o Piast Gliwice, da Pol\u00f3nia. Em termos de valor de mercado, o Sporting \u00e9 o oitavo entre os 20, com 143,5 milh\u00f5es de euros; o Porto ocupa o 15\u00ba lugar, com 90,8 milh\u00f5es de euros; Kwenda \u00e9 o jogador leonino mais valioso (42 milh\u00f5es de euros) e Diogo Costa destaca-se pelo FC Porto (40 milh\u00f5es de euros); o Barcelona lidera com Lamine Yamal a 200 milh\u00f5es de euros. A n\u00edvel de ligas, a Eredivisie aparece com mais clubes no top\u201120, e Portugal fica em s\u00e9timo lugar, com 45 jogadores formados.","og_url":"https:\/\/portaltela.pt\/noticias\/2026\/04\/23\/benfica-foca-formacao-jovens-do-sporting-e-fc-porto-sao-os-mais-valiosos\/","og_site_name":"Portal Tela Portugal","article_published_time":"2026-04-23T17:33:58+00:00","author":"Telinha","twitter_card":"summary_large_image","twitter_misc":{"Escrito por":"Telinha","Tempo estimado de leitura":"2 minutos"},"schema":{"@context":"https:\/\/schema.org","@graph":[{"@type":"Article","@id":"https:\/\/portaltela.pt\/noticias\/2026\/04\/23\/benfica-foca-formacao-jovens-do-sporting-e-fc-porto-sao-os-mais-valiosos\/#article","isPartOf":{"@id":"https:\/\/portaltela.pt\/noticias\/2026\/04\/23\/benfica-foca-formacao-jovens-do-sporting-e-fc-porto-sao-os-mais-valiosos\/"},"author":{"name":"Telinha","@id":"https:\/\/portaltela.pt\/#\/schema\/person\/c4278d4a6028830caff9ee44b42d32ed"},"headline":"Benfica foca forma\u00e7\u00e3o; jovens do Sporting e FC Porto s\u00e3o os mais valiosos","datePublished":"2026-04-23T17:33:58+00:00","mainEntityOfPage":{"@id":"https:\/\/portaltela.pt\/noticias\/2026\/04\/23\/benfica-foca-formacao-jovens-do-sporting-e-fc-porto-sao-os-mais-valiosos\/"},"wordCount":355,"image":{"@id":"https:\/\/portaltela.pt\/noticias\/2026\/04\/23\/benfica-foca-formacao-jovens-do-sporting-e-fc-porto-sao-os-mais-valiosos\/#primaryimage"},"thumbnailUrl":"https:\/\/portaltela.pt\/s.01k8rhncp4jt1\/2026\/04\/img_920x518uu2026-04-23-18-26-37-2434925.jpg","keywords":["Benfica","FC Porto","forma\u00e7\u00e3o","mercado da bola","Sporting","transfer\u00eancias"],"articleSection":["Desporto","Futebol"],"inLanguage":"pt-PT"},{"@type":"WebPage","@id":"https:\/\/portaltela.pt\/noticias\/2026\/04\/23\/benfica-foca-formacao-jovens-do-sporting-e-fc-porto-sao-os-mais-valiosos\/","url":"https:\/\/portaltela.pt\/noticias\/2026\/04\/23\/benfica-foca-formacao-jovens-do-sporting-e-fc-porto-sao-os-mais-valiosos\/","name":"Benfica foca forma\u00e7\u00e3o; jovens do Sporting e FC Porto s\u00e3o os mais valiosos - Portal Tela Portugal","isPartOf":{"@id":"https:\/\/portaltela.pt\/#website"},"primaryImageOfPage":{"@id":"https:\/\/portaltela.pt\/noticias\/2026\/04\/23\/benfica-foca-formacao-jovens-do-sporting-e-fc-porto-sao-os-mais-valiosos\/#primaryimage"},"image":{"@id":"https:\/\/portaltela.pt\/noticias\/2026\/04\/23\/benfica-foca-formacao-jovens-do-sporting-e-fc-porto-sao-os-mais-valiosos\/#primaryimage"},"thumbnailUrl":"https:\/\/portaltela.pt\/s.01k8rhncp4jt1\/2026\/04\/img_920x518uu2026-04-23-18-26-37-2434925.jpg","datePublished":"2026-04-23T17:33:58+00:00","author":{"@id":"https:\/\/portaltela.pt\/#\/schema\/person\/c4278d4a6028830caff9ee44b42d32ed"},"breadcrumb":{"@id":"https:\/\/portaltela.pt\/noticias\/2026\/04\/23\/benfica-foca-formacao-jovens-do-sporting-e-fc-porto-sao-os-mais-valiosos\/#breadcrumb"},"inLanguage":"pt-PT","potentialAction":[{"@type":"ReadAction","target":["https:\/\/portaltela.pt\/noticias\/2026\/04\/23\/benfica-foca-formacao-jovens-do-sporting-e-fc-porto-sao-os-mais-valiosos\/"]}]},{"@type":"ImageObject","inLanguage":"pt-PT","@id":"https:\/\/portaltela.pt\/noticias\/2026\/04\/23\/benfica-foca-formacao-jovens-do-sporting-e-fc-porto-sao-os-mais-valiosos\/#primaryimage","url":"https:\/\/portaltela.pt\/s.01k8rhncp4jt1\/2026\/04\/img_920x518uu2026-04-23-18-26-37-2434925.jpg","contentUrl":"https:\/\/portaltela.pt\/s.01k8rhncp4jt1\/2026\/04\/img_920x518uu2026-04-23-18-26-37-2434925.jpg","width":920,"height":518,"caption":"Estudo: Benfica aproveita forma\u00e7\u00e3o, mas jovens do Sporting e do FC Porto s\u00e3o os mais valiosos"},{"@type":"BreadcrumbList","@id":"https:\/\/portaltela.pt\/noticias\/2026\/04\/23\/benfica-foca-formacao-jovens-do-sporting-e-fc-porto-sao-os-mais-valiosos\/#breadcrumb","itemListElement":[{"@type":"ListItem","position":1,"name":"In\u00edcio","item":"https:\/\/portaltela.pt\/"},{"@type":"ListItem","position":2,"name":"Benfica foca forma\u00e7\u00e3o; jovens do Sporting e FC Porto s\u00e3o os mais valiosos"}]},{"@type":"WebSite","@id":"https:\/\/portaltela.pt\/#website","url":"https:\/\/portaltela.pt\/","name":"Portal Tela Portugal","description":"","potentialAction":[{"@type":"SearchAction","target":{"@type":"EntryPoint","urlTemplate":"https:\/\/portaltela.pt\/?s={search_term_string}"},"query-input":{"@type":"PropertyValueSpecification","valueRequired":true,"valueName":"search_term_string"}}],"inLanguage":"pt-PT"},{"@type":"Person","@id":"https:\/\/portaltela.pt\/#\/schema\/person\/c4278d4a6028830caff9ee44b42d32ed","name":"Telinha","image":{"@type":"ImageObject","inLanguage":"pt-PT","@id":"https:\/\/portaltela.pt\/s.01k8rhncp4jt1\/2025\/11\/talking-bot-125x125.png","url":"https:\/\/portaltela.pt\/s.01k8rhncp4jt1\/2025\/11\/talking-bot-125x125.png","contentUrl":"https:\/\/portaltela.pt\/s.01k8rhncp4jt1\/2025\/11\/talking-bot-125x125.png","caption":"Telinha"},"sameAs":["https:\/\/portaltela.pt\/"],"url":"https:\/\/portaltela.pt\/por\/367410592786\/"}]}},"_links":{"self":[{"href":"https:\/\/portaltela.pt\/api\/wp\/v2\/posts\/456522","targetHints":{"allow":["GET"]}}],"collection":[{"href":"https:\/\/portaltela.pt\/api\/wp\/v2\/posts"}],"about":[{"href":"https:\/\/portaltela.pt\/api\/wp\/v2\/types\/post"}],"author":[{"embeddable":true,"href":"https:\/\/portaltela.pt\/api\/wp\/v2\/users\/2"}],"replies":[{"embeddable":true,"href":"https:\/\/portaltela.pt\/api\/wp\/v2\/comments?post=456522"}],"version-history":[{"count":0,"href":"https:\/\/portaltela.pt\/api\/wp\/v2\/posts\/456522\/revisions"}],"wp:featuredmedia":[{"embeddable":true,"href":"https:\/\/portaltela.pt\/api\/wp\/v2\/media\/456528"}],"wp:attachment":[{"href":"https:\/\/portaltela.pt\/api\/wp\/v2\/media?parent=456522"}],"wp:term":[{"taxonomy":"category","embeddable":true,"href":"https:\/\/portaltela.pt\/api\/wp\/v2\/categories?post=456522"},{"taxonomy":"post_tag","embeddable":true,"href":"https:\/\/portaltela.pt\/api\/wp\/v2\/tags?post=456522"}],"curies":[{"name":"wp","href":"https:\/\/api.w.org\/{rel}","templated":true}]}}