{"id":456446,"date":"2026-04-23T14:03:19","date_gmt":"2026-04-23T17:03:19","guid":{"rendered":"https:\/\/portaltela.pt\/noticias\/2026\/04\/23\/manchester-united-considera-bruno-fernandes-inegociavel\/"},"modified":"2026-04-23T14:03:19","modified_gmt":"2026-04-23T17:03:19","slug":"manchester-united-considera-bruno-fernandes-inegociavel","status":"publish","type":"post","link":"https:\/\/portaltela.pt\/desporto\/futebol\/2026\/04\/23\/manchester-united-considera-bruno-fernandes-inegociavel\/","title":{"rendered":"Manchester United considera Bruno Fernandes inegoci\u00e1vel"},"content":{"rendered":"<p>Bruno Fernandes \u00e9 considerado inegoci\u00e1vel pelo Manchester United, segundo relatos recentes. O clube brit\u00e2nico mudou o estatuto do capit\u00e3o portugu\u00eas, ap\u00f3s ter aberto a porta a uma sa\u00edda para a Ar\u00e1bia Saudita meses atr\u00e1s. A perman\u00eancia \u00e9 vista como essencial para lutar pelo campeonato e pela Liga dos Campe\u00f5es.<\/p>\n<p>O United est\u00e1 atualmente no terceiro lugar da Premier League e aposta numa campanha firme para regressar \u00e0 Liga dos Campe\u00f5es, da qual est\u00e1 afastado desde 2023\/24. Fernandes tem contrato at\u00e9 junho de 2027 e recebe cerca de 344 mil euros por semana.<\/p>\n<p>O internacional portugu\u00eas tem conquistado trof\u00e9us com o emblema, incluindo a Ta\u00e7a de Inglaterra e a Ta\u00e7a da Liga, e j\u00e1 foi finalista de v\u00e1rias competi\u00e7\u00f5es europeias. An\u00e1lise de ex-jogadores aponta para o impacto central de Fernandes no futebol ofensivo da equipa.<\/p>\n<p>Paul Pogba, antigo m\u00e9dio do United, j\u00e1 elogiou o contributo de Fernandes, real\u00e7ando-o como motor criativo da Premier League. O franc\u00eas afirmou que, no contexto de reconstru\u00e7\u00e3o do clube, o portugu\u00eas tem vindo a manter um rendimento superior ao esperado.<\/p>\n","protected":false},"excerpt":{"rendered":"<ul>\n<li>O Manchester United considera Bruno Fernandes inegoci\u00e1vel, depois de ter aberto h\u00e1 alguns meses a porta a uma poss\u00edvel sa\u00edda para a Ar\u00e1bia Saudita.<\/li>\n<li>O clube mant\u00e9m o capit\u00e3o no plantel, com contrato vigente at\u00e9 junho de 2027 e rendimento de 344 mil euros por semana.<\/li>\n<li>O objetivo do emblema \u00e9 reconquistar o campeonato, algo que n\u00e3o acontece desde a temporada 2012\/13, e ter uma boa campanha na eventual Liga dos Campe\u00f5es.<\/li>\n<li>Bruno Fernandes expressa a vontade de conquistar trof\u00e9us no United, que j\u00e1 venceu a Ta\u00e7a de Inglaterra (2023\/24) e a Ta\u00e7a da Liga (2022\/23).<\/li>\n<li>Paul Pogba, ex-jogador dos red devils, elogia o papel de Fernandes e sugere que a carreira dele poderia ter sido diferente em outro contexto.<\/li>\n<\/ul>\n","protected":false},"author":2,"featured_media":456448,"comment_status":"closed","ping_status":"closed","sticky":false,"template":"","format":"standard","meta":{"footnotes":""},"categories":[21,24],"tags":[1941,32,253,3187,1014,3369],"class_list":["post-456446","post","type-post","status-publish","format-standard","has-post-thumbnail","hentry","category-desporto","category-futebol","tag-bruno-fernandes","tag-futebol","tag-liga-dos-campeoes","tag-manchester-united","tag-portugal","tag-premier-league"],"yoast_head":"<!-- This site is optimized with the Yoast SEO plugin v27.2 - https:\/\/yoast.com\/product\/yoast-seo-wordpress\/ -->\n<title>Manchester United considera Bruno Fernandes inegoci\u00e1vel - Portal Tela Portugal<\/title>\n<meta name=\"robots\" content=\"index, follow, max-snippet:-1, max-image-preview:large, max-video-preview:-1\" \/>\n<meta property=\"og:locale\" content=\"pt_PT\" \/>\n<meta property=\"og:type\" content=\"article\" \/>\n<meta property=\"og:title\" content=\"Manchester United considera Bruno Fernandes inegoci\u00e1vel - Portal Tela Portugal\" \/>\n<meta property=\"og:description\" content=\"O Manchester United considera Bruno Fernandes inegoci\u00e1vel, depois de ter aberto h\u00e1 alguns meses a porta a uma poss\u00edvel sa\u00edda para a Ar\u00e1bia Saudita. O clube mant\u00e9m o capit\u00e3o no plantel, com contrato vigente at\u00e9 junho de 2027 e rendimento de 344 mil euros por semana. O objetivo do emblema \u00e9 reconquistar o campeonato, algo que n\u00e3o acontece desde a temporada 2012\/13, e ter uma boa campanha na eventual Liga dos Campe\u00f5es. Bruno Fernandes expressa a vontade de conquistar trof\u00e9us no United, que j\u00e1 venceu a Ta\u00e7a de Inglaterra (2023\/24) e a Ta\u00e7a da Liga (2022\/23). Paul Pogba, ex-jogador dos red devils, elogia o papel de Fernandes e sugere que a carreira dele poderia ter sido diferente em outro contexto.\" \/>\n<meta property=\"og:url\" content=\"https:\/\/portaltela.pt\/noticias\/2026\/04\/23\/manchester-united-considera-bruno-fernandes-inegociavel\/\" \/>\n<meta property=\"og:site_name\" content=\"Portal Tela Portugal\" \/>\n<meta property=\"article:published_time\" content=\"2026-04-23T17:03:19+00:00\" \/>\n<meta name=\"author\" content=\"Telinha\" \/>\n<meta name=\"twitter:card\" content=\"summary_large_image\" \/>\n<meta name=\"twitter:label1\" content=\"Escrito por\" \/>\n\t<meta name=\"twitter:data1\" content=\"Telinha\" \/>\n\t<meta name=\"twitter:label2\" content=\"Tempo estimado de leitura\" \/>\n\t<meta name=\"twitter:data2\" content=\"1 minuto\" \/>\n<script type=\"application\/ld+json\" class=\"yoast-schema-graph\">{\"@context\":\"https:\/\/schema.org\",\"@graph\":[{\"@type\":\"Article\",\"@id\":\"https:\/\/portaltela.pt\/noticias\/2026\/04\/23\/manchester-united-considera-bruno-fernandes-inegociavel\/#article\",\"isPartOf\":{\"@id\":\"https:\/\/portaltela.pt\/noticias\/2026\/04\/23\/manchester-united-considera-bruno-fernandes-inegociavel\/\"},\"author\":{\"name\":\"Telinha\",\"@id\":\"https:\/\/portaltela.pt\/#\/schema\/person\/c4278d4a6028830caff9ee44b42d32ed\"},\"headline\":\"Manchester United considera Bruno Fernandes inegoci\u00e1vel\",\"datePublished\":\"2026-04-23T17:03:19+00:00\",\"mainEntityOfPage\":{\"@id\":\"https:\/\/portaltela.pt\/noticias\/2026\/04\/23\/manchester-united-considera-bruno-fernandes-inegociavel\/\"},\"wordCount\":198,\"image\":{\"@id\":\"https:\/\/portaltela.pt\/noticias\/2026\/04\/23\/manchester-united-considera-bruno-fernandes-inegociavel\/#primaryimage\"},\"thumbnailUrl\":\"https:\/\/portaltela.pt\/s.01k8rhncp4jt1\/2026\/04\/img_920x518uu2026-04-18-21-40-23-2433896.jpg\",\"keywords\":[\"Bruno Fernandes\",\"futebol\",\"Liga dos Campe\u00f5es\",\"Manchester United\",\"Portugal\",\"Premier League\"],\"articleSection\":[\"Desporto\",\"Futebol\"],\"inLanguage\":\"pt-PT\"},{\"@type\":\"WebPage\",\"@id\":\"https:\/\/portaltela.pt\/noticias\/2026\/04\/23\/manchester-united-considera-bruno-fernandes-inegociavel\/\",\"url\":\"https:\/\/portaltela.pt\/noticias\/2026\/04\/23\/manchester-united-considera-bruno-fernandes-inegociavel\/\",\"name\":\"Manchester United considera Bruno Fernandes inegoci\u00e1vel - Portal Tela Portugal\",\"isPartOf\":{\"@id\":\"https:\/\/portaltela.pt\/#website\"},\"primaryImageOfPage\":{\"@id\":\"https:\/\/portaltela.pt\/noticias\/2026\/04\/23\/manchester-united-considera-bruno-fernandes-inegociavel\/#primaryimage\"},\"image\":{\"@id\":\"https:\/\/portaltela.pt\/noticias\/2026\/04\/23\/manchester-united-considera-bruno-fernandes-inegociavel\/#primaryimage\"},\"thumbnailUrl\":\"https:\/\/portaltela.pt\/s.01k8rhncp4jt1\/2026\/04\/img_920x518uu2026-04-18-21-40-23-2433896.jpg\",\"datePublished\":\"2026-04-23T17:03:19+00:00\",\"author\":{\"@id\":\"https:\/\/portaltela.pt\/#\/schema\/person\/c4278d4a6028830caff9ee44b42d32ed\"},\"breadcrumb\":{\"@id\":\"https:\/\/portaltela.pt\/noticias\/2026\/04\/23\/manchester-united-considera-bruno-fernandes-inegociavel\/#breadcrumb\"},\"inLanguage\":\"pt-PT\",\"potentialAction\":[{\"@type\":\"ReadAction\",\"target\":[\"https:\/\/portaltela.pt\/noticias\/2026\/04\/23\/manchester-united-considera-bruno-fernandes-inegociavel\/\"]}]},{\"@type\":\"ImageObject\",\"inLanguage\":\"pt-PT\",\"@id\":\"https:\/\/portaltela.pt\/noticias\/2026\/04\/23\/manchester-united-considera-bruno-fernandes-inegociavel\/#primaryimage\",\"url\":\"https:\/\/portaltela.pt\/s.01k8rhncp4jt1\/2026\/04\/img_920x518uu2026-04-18-21-40-23-2433896.jpg\",\"contentUrl\":\"https:\/\/portaltela.pt\/s.01k8rhncp4jt1\/2026\/04\/img_920x518uu2026-04-18-21-40-23-2433896.jpg\",\"width\":920,\"height\":518,\"caption\":\"Bruno Fernandes faz mexer os red devils\"},{\"@type\":\"BreadcrumbList\",\"@id\":\"https:\/\/portaltela.pt\/noticias\/2026\/04\/23\/manchester-united-considera-bruno-fernandes-inegociavel\/#breadcrumb\",\"itemListElement\":[{\"@type\":\"ListItem\",\"position\":1,\"name\":\"In\u00edcio\",\"item\":\"https:\/\/portaltela.pt\/\"},{\"@type\":\"ListItem\",\"position\":2,\"name\":\"Manchester United considera Bruno Fernandes inegoci\u00e1vel\"}]},{\"@type\":\"WebSite\",\"@id\":\"https:\/\/portaltela.pt\/#website\",\"url\":\"https:\/\/portaltela.pt\/\",\"name\":\"Portal Tela Portugal\",\"description\":\"\",\"potentialAction\":[{\"@type\":\"SearchAction\",\"target\":{\"@type\":\"EntryPoint\",\"urlTemplate\":\"https:\/\/portaltela.pt\/?s={search_term_string}\"},\"query-input\":{\"@type\":\"PropertyValueSpecification\",\"valueRequired\":true,\"valueName\":\"search_term_string\"}}],\"inLanguage\":\"pt-PT\"},{\"@type\":\"Person\",\"@id\":\"https:\/\/portaltela.pt\/#\/schema\/person\/c4278d4a6028830caff9ee44b42d32ed\",\"name\":\"Telinha\",\"image\":{\"@type\":\"ImageObject\",\"inLanguage\":\"pt-PT\",\"@id\":\"https:\/\/portaltela.pt\/s.01k8rhncp4jt1\/2025\/11\/talking-bot-125x125.png\",\"url\":\"https:\/\/portaltela.pt\/s.01k8rhncp4jt1\/2025\/11\/talking-bot-125x125.png\",\"contentUrl\":\"https:\/\/portaltela.pt\/s.01k8rhncp4jt1\/2025\/11\/talking-bot-125x125.png\",\"caption\":\"Telinha\"},\"sameAs\":[\"https:\/\/portaltela.pt\/\"],\"url\":\"https:\/\/portaltela.pt\/por\/367410592786\/\"}]}<\/script>\n<!-- \/ Yoast SEO plugin. -->","yoast_head_json":{"title":"Manchester United considera Bruno Fernandes inegoci\u00e1vel - Portal Tela Portugal","robots":{"index":"index","follow":"follow","max-snippet":"max-snippet:-1","max-image-preview":"max-image-preview:large","max-video-preview":"max-video-preview:-1"},"og_locale":"pt_PT","og_type":"article","og_title":"Manchester United considera Bruno Fernandes inegoci\u00e1vel - Portal Tela Portugal","og_description":"O Manchester United considera Bruno Fernandes inegoci\u00e1vel, depois de ter aberto h\u00e1 alguns meses a porta a uma poss\u00edvel sa\u00edda para a Ar\u00e1bia Saudita. O clube mant\u00e9m o capit\u00e3o no plantel, com contrato vigente at\u00e9 junho de 2027 e rendimento de 344 mil euros por semana. O objetivo do emblema \u00e9 reconquistar o campeonato, algo que n\u00e3o acontece desde a temporada 2012\/13, e ter uma boa campanha na eventual Liga dos Campe\u00f5es. Bruno Fernandes expressa a vontade de conquistar trof\u00e9us no United, que j\u00e1 venceu a Ta\u00e7a de Inglaterra (2023\/24) e a Ta\u00e7a da Liga (2022\/23). Paul Pogba, ex-jogador dos red devils, elogia o papel de Fernandes e sugere que a carreira dele poderia ter sido diferente em outro contexto.","og_url":"https:\/\/portaltela.pt\/noticias\/2026\/04\/23\/manchester-united-considera-bruno-fernandes-inegociavel\/","og_site_name":"Portal Tela Portugal","article_published_time":"2026-04-23T17:03:19+00:00","author":"Telinha","twitter_card":"summary_large_image","twitter_misc":{"Escrito por":"Telinha","Tempo estimado de leitura":"1 minuto"},"schema":{"@context":"https:\/\/schema.org","@graph":[{"@type":"Article","@id":"https:\/\/portaltela.pt\/noticias\/2026\/04\/23\/manchester-united-considera-bruno-fernandes-inegociavel\/#article","isPartOf":{"@id":"https:\/\/portaltela.pt\/noticias\/2026\/04\/23\/manchester-united-considera-bruno-fernandes-inegociavel\/"},"author":{"name":"Telinha","@id":"https:\/\/portaltela.pt\/#\/schema\/person\/c4278d4a6028830caff9ee44b42d32ed"},"headline":"Manchester United considera Bruno Fernandes inegoci\u00e1vel","datePublished":"2026-04-23T17:03:19+00:00","mainEntityOfPage":{"@id":"https:\/\/portaltela.pt\/noticias\/2026\/04\/23\/manchester-united-considera-bruno-fernandes-inegociavel\/"},"wordCount":198,"image":{"@id":"https:\/\/portaltela.pt\/noticias\/2026\/04\/23\/manchester-united-considera-bruno-fernandes-inegociavel\/#primaryimage"},"thumbnailUrl":"https:\/\/portaltela.pt\/s.01k8rhncp4jt1\/2026\/04\/img_920x518uu2026-04-18-21-40-23-2433896.jpg","keywords":["Bruno Fernandes","futebol","Liga dos Campe\u00f5es","Manchester United","Portugal","Premier League"],"articleSection":["Desporto","Futebol"],"inLanguage":"pt-PT"},{"@type":"WebPage","@id":"https:\/\/portaltela.pt\/noticias\/2026\/04\/23\/manchester-united-considera-bruno-fernandes-inegociavel\/","url":"https:\/\/portaltela.pt\/noticias\/2026\/04\/23\/manchester-united-considera-bruno-fernandes-inegociavel\/","name":"Manchester United considera Bruno Fernandes inegoci\u00e1vel - Portal Tela Portugal","isPartOf":{"@id":"https:\/\/portaltela.pt\/#website"},"primaryImageOfPage":{"@id":"https:\/\/portaltela.pt\/noticias\/2026\/04\/23\/manchester-united-considera-bruno-fernandes-inegociavel\/#primaryimage"},"image":{"@id":"https:\/\/portaltela.pt\/noticias\/2026\/04\/23\/manchester-united-considera-bruno-fernandes-inegociavel\/#primaryimage"},"thumbnailUrl":"https:\/\/portaltela.pt\/s.01k8rhncp4jt1\/2026\/04\/img_920x518uu2026-04-18-21-40-23-2433896.jpg","datePublished":"2026-04-23T17:03:19+00:00","author":{"@id":"https:\/\/portaltela.pt\/#\/schema\/person\/c4278d4a6028830caff9ee44b42d32ed"},"breadcrumb":{"@id":"https:\/\/portaltela.pt\/noticias\/2026\/04\/23\/manchester-united-considera-bruno-fernandes-inegociavel\/#breadcrumb"},"inLanguage":"pt-PT","potentialAction":[{"@type":"ReadAction","target":["https:\/\/portaltela.pt\/noticias\/2026\/04\/23\/manchester-united-considera-bruno-fernandes-inegociavel\/"]}]},{"@type":"ImageObject","inLanguage":"pt-PT","@id":"https:\/\/portaltela.pt\/noticias\/2026\/04\/23\/manchester-united-considera-bruno-fernandes-inegociavel\/#primaryimage","url":"https:\/\/portaltela.pt\/s.01k8rhncp4jt1\/2026\/04\/img_920x518uu2026-04-18-21-40-23-2433896.jpg","contentUrl":"https:\/\/portaltela.pt\/s.01k8rhncp4jt1\/2026\/04\/img_920x518uu2026-04-18-21-40-23-2433896.jpg","width":920,"height":518,"caption":"Bruno Fernandes faz mexer os red devils"},{"@type":"BreadcrumbList","@id":"https:\/\/portaltela.pt\/noticias\/2026\/04\/23\/manchester-united-considera-bruno-fernandes-inegociavel\/#breadcrumb","itemListElement":[{"@type":"ListItem","position":1,"name":"In\u00edcio","item":"https:\/\/portaltela.pt\/"},{"@type":"ListItem","position":2,"name":"Manchester United considera Bruno Fernandes inegoci\u00e1vel"}]},{"@type":"WebSite","@id":"https:\/\/portaltela.pt\/#website","url":"https:\/\/portaltela.pt\/","name":"Portal Tela Portugal","description":"","potentialAction":[{"@type":"SearchAction","target":{"@type":"EntryPoint","urlTemplate":"https:\/\/portaltela.pt\/?s={search_term_string}"},"query-input":{"@type":"PropertyValueSpecification","valueRequired":true,"valueName":"search_term_string"}}],"inLanguage":"pt-PT"},{"@type":"Person","@id":"https:\/\/portaltela.pt\/#\/schema\/person\/c4278d4a6028830caff9ee44b42d32ed","name":"Telinha","image":{"@type":"ImageObject","inLanguage":"pt-PT","@id":"https:\/\/portaltela.pt\/s.01k8rhncp4jt1\/2025\/11\/talking-bot-125x125.png","url":"https:\/\/portaltela.pt\/s.01k8rhncp4jt1\/2025\/11\/talking-bot-125x125.png","contentUrl":"https:\/\/portaltela.pt\/s.01k8rhncp4jt1\/2025\/11\/talking-bot-125x125.png","caption":"Telinha"},"sameAs":["https:\/\/portaltela.pt\/"],"url":"https:\/\/portaltela.pt\/por\/367410592786\/"}]}},"_links":{"self":[{"href":"https:\/\/portaltela.pt\/api\/wp\/v2\/posts\/456446","targetHints":{"allow":["GET"]}}],"collection":[{"href":"https:\/\/portaltela.pt\/api\/wp\/v2\/posts"}],"about":[{"href":"https:\/\/portaltela.pt\/api\/wp\/v2\/types\/post"}],"author":[{"embeddable":true,"href":"https:\/\/portaltela.pt\/api\/wp\/v2\/users\/2"}],"replies":[{"embeddable":true,"href":"https:\/\/portaltela.pt\/api\/wp\/v2\/comments?post=456446"}],"version-history":[{"count":0,"href":"https:\/\/portaltela.pt\/api\/wp\/v2\/posts\/456446\/revisions"}],"wp:featuredmedia":[{"embeddable":true,"href":"https:\/\/portaltela.pt\/api\/wp\/v2\/media\/456448"}],"wp:attachment":[{"href":"https:\/\/portaltela.pt\/api\/wp\/v2\/media?parent=456446"}],"wp:term":[{"taxonomy":"category","embeddable":true,"href":"https:\/\/portaltela.pt\/api\/wp\/v2\/categories?post=456446"},{"taxonomy":"post_tag","embeddable":true,"href":"https:\/\/portaltela.pt\/api\/wp\/v2\/tags?post=456446"}],"curies":[{"name":"wp","href":"https:\/\/api.w.org\/{rel}","templated":true}]}}