{"id":456441,"date":"2026-04-23T14:02:48","date_gmt":"2026-04-23T17:02:48","guid":{"rendered":"https:\/\/portaltela.pt\/noticias\/2026\/04\/23\/ccp-retoma-negociacoes-laborais-se-ugt-apresentar-pontos-sensatos\/"},"modified":"2026-04-23T14:02:48","modified_gmt":"2026-04-23T17:02:48","slug":"ccp-retoma-negociacoes-laborais-se-ugt-apresentar-pontos-sensatos","status":"publish","type":"post","link":"https:\/\/portaltela.pt\/noticias\/economia\/2026\/04\/23\/ccp-retoma-negociacoes-laborais-se-ugt-apresentar-pontos-sensatos\/","title":{"rendered":"CCP retoma negocia\u00e7\u00f5es laborais se UGT apresentar pontos sensatos"},"content":{"rendered":"<p>A CCP afirmou que vai regressar \u00e0 negocia\u00e7\u00e3o laboral apenas se a UGT apresentar pontos que fa\u00e7am sentido, segundo a pr\u00f3pria organiza\u00e7\u00e3o. A declara\u00e7\u00e3o foi veiculada sem indicar data para retomada de conversa\u00e7\u00f5es.<\/p>\n<p>Envolvem-se nesta ronda as duas entidades, CCP e UGT, no \u00e2mbito de quest\u00f5es laborais. A CCP sublinha a necessidade de propostas vi\u00e1veis para avan\u00e7ar com o di\u00e1logo.<\/p>\n<p>A posi\u00e7\u00e3o surge numa altura de tens\u00f5es entre as partes e de busca de acordos sobre condi\u00e7\u00f5es de trabalho, sal\u00e1rios e benef\u00edcios. A CCP n\u00e3o avan\u00e7ou com detalhes adicionais sobre itens pendentes.<\/p>\n","protected":false},"excerpt":{"rendered":"<ul>\n<li>O CCP afirmou que regressar\u00e1 \u00e0 negocia\u00e7\u00e3o laboral apenas se a UGT apresentar pontos que fa\u00e7am sentido.<\/li>\n<li>A condi\u00e7\u00e3o coloca a reabertura das negocia\u00e7\u00f5es dependente da qualidade dos pontos apresentados pela UGT.<\/li>\n<li>O conte\u00fado completo da not\u00edcia est\u00e1 acess\u00edvel apenas para subscritores.<\/li>\n<li>O portal indica que o acesso \u00e9 feito atrav\u00e9s da \u00e1rea de subscritores.<\/li>\n<\/ul>\n","protected":false},"author":2,"featured_media":456442,"comment_status":"closed","ping_status":"closed","sticky":false,"template":"","format":"standard","meta":{"footnotes":""},"categories":[2,6735],"tags":[8996,8747,8525,8057,7930,8923],"class_list":["post-456441","post","type-post","status-publish","format-standard","has-post-thumbnail","hentry","category-economia","category-negocios","tag-_ccp","tag-_negociacao","tag-_salarios","tag-_sindicatos","tag-_trabalho","tag-_ugt"],"yoast_head":"<!-- This site is optimized with the Yoast SEO plugin v27.2 - https:\/\/yoast.com\/product\/yoast-seo-wordpress\/ -->\n<title>CCP retoma negocia\u00e7\u00f5es laborais se UGT apresentar pontos sensatos - Portal Tela Portugal<\/title>\n<meta name=\"robots\" content=\"index, follow, max-snippet:-1, max-image-preview:large, max-video-preview:-1\" \/>\n<meta property=\"og:locale\" content=\"pt_PT\" \/>\n<meta property=\"og:type\" content=\"article\" \/>\n<meta property=\"og:title\" content=\"CCP retoma negocia\u00e7\u00f5es laborais se UGT apresentar pontos sensatos - Portal Tela Portugal\" \/>\n<meta property=\"og:description\" content=\"O CCP afirmou que regressar\u00e1 \u00e0 negocia\u00e7\u00e3o laboral apenas se a UGT apresentar pontos que fa\u00e7am sentido. A condi\u00e7\u00e3o coloca a reabertura das negocia\u00e7\u00f5es dependente da qualidade dos pontos apresentados pela UGT. O conte\u00fado completo da not\u00edcia est\u00e1 acess\u00edvel apenas para subscritores. O portal indica que o acesso \u00e9 feito atrav\u00e9s da \u00e1rea de subscritores.\" \/>\n<meta property=\"og:url\" content=\"https:\/\/portaltela.pt\/noticias\/2026\/04\/23\/ccp-retoma-negociacoes-laborais-se-ugt-apresentar-pontos-sensatos\/\" \/>\n<meta property=\"og:site_name\" content=\"Portal Tela Portugal\" \/>\n<meta property=\"article:published_time\" content=\"2026-04-23T17:02:48+00:00\" \/>\n<meta name=\"author\" content=\"Telinha\" \/>\n<meta name=\"twitter:card\" content=\"summary_large_image\" \/>\n<meta name=\"twitter:label1\" content=\"Escrito por\" \/>\n\t<meta name=\"twitter:data1\" content=\"Telinha\" \/>\n\t<meta name=\"twitter:label2\" content=\"Tempo estimado de leitura\" \/>\n\t<meta name=\"twitter:data2\" content=\"1 minuto\" \/>\n<script type=\"application\/ld+json\" class=\"yoast-schema-graph\">{\"@context\":\"https:\/\/schema.org\",\"@graph\":[{\"@type\":\"Article\",\"@id\":\"https:\/\/portaltela.pt\/noticias\/2026\/04\/23\/ccp-retoma-negociacoes-laborais-se-ugt-apresentar-pontos-sensatos\/#article\",\"isPartOf\":{\"@id\":\"https:\/\/portaltela.pt\/noticias\/2026\/04\/23\/ccp-retoma-negociacoes-laborais-se-ugt-apresentar-pontos-sensatos\/\"},\"author\":{\"name\":\"Telinha\",\"@id\":\"https:\/\/portaltela.pt\/#\/schema\/person\/c4278d4a6028830caff9ee44b42d32ed\"},\"headline\":\"CCP retoma negocia\u00e7\u00f5es laborais se UGT apresentar pontos sensatos\",\"datePublished\":\"2026-04-23T17:02:48+00:00\",\"mainEntityOfPage\":{\"@id\":\"https:\/\/portaltela.pt\/noticias\/2026\/04\/23\/ccp-retoma-negociacoes-laborais-se-ugt-apresentar-pontos-sensatos\/\"},\"wordCount\":118,\"image\":{\"@id\":\"https:\/\/portaltela.pt\/noticias\/2026\/04\/23\/ccp-retoma-negociacoes-laborais-se-ugt-apresentar-pontos-sensatos\/#primaryimage\"},\"thumbnailUrl\":\"https:\/\/portaltela.pt\/s.01k8rhncp4jt1\/2026\/04\/CACHE_780X1200_ANALOG_WATERMARKED_45635535_6860230_10092025062942.jpg\",\"keywords\":[\"_CCP\",\"_negocia\u00e7\u00e3o\",\"_sal\u00e1rios\",\"_sindicatos\",\"_trabalho\",\"_UGT\"],\"articleSection\":[\"Economia\",\"Neg\u00f3cios\"],\"inLanguage\":\"pt-PT\"},{\"@type\":\"WebPage\",\"@id\":\"https:\/\/portaltela.pt\/noticias\/2026\/04\/23\/ccp-retoma-negociacoes-laborais-se-ugt-apresentar-pontos-sensatos\/\",\"url\":\"https:\/\/portaltela.pt\/noticias\/2026\/04\/23\/ccp-retoma-negociacoes-laborais-se-ugt-apresentar-pontos-sensatos\/\",\"name\":\"CCP retoma negocia\u00e7\u00f5es laborais se UGT apresentar pontos sensatos - Portal Tela Portugal\",\"isPartOf\":{\"@id\":\"https:\/\/portaltela.pt\/#website\"},\"primaryImageOfPage\":{\"@id\":\"https:\/\/portaltela.pt\/noticias\/2026\/04\/23\/ccp-retoma-negociacoes-laborais-se-ugt-apresentar-pontos-sensatos\/#primaryimage\"},\"image\":{\"@id\":\"https:\/\/portaltela.pt\/noticias\/2026\/04\/23\/ccp-retoma-negociacoes-laborais-se-ugt-apresentar-pontos-sensatos\/#primaryimage\"},\"thumbnailUrl\":\"https:\/\/portaltela.pt\/s.01k8rhncp4jt1\/2026\/04\/CACHE_780X1200_ANALOG_WATERMARKED_45635535_6860230_10092025062942.jpg\",\"datePublished\":\"2026-04-23T17:02:48+00:00\",\"author\":{\"@id\":\"https:\/\/portaltela.pt\/#\/schema\/person\/c4278d4a6028830caff9ee44b42d32ed\"},\"breadcrumb\":{\"@id\":\"https:\/\/portaltela.pt\/noticias\/2026\/04\/23\/ccp-retoma-negociacoes-laborais-se-ugt-apresentar-pontos-sensatos\/#breadcrumb\"},\"inLanguage\":\"pt-PT\",\"potentialAction\":[{\"@type\":\"ReadAction\",\"target\":[\"https:\/\/portaltela.pt\/noticias\/2026\/04\/23\/ccp-retoma-negociacoes-laborais-se-ugt-apresentar-pontos-sensatos\/\"]}]},{\"@type\":\"ImageObject\",\"inLanguage\":\"pt-PT\",\"@id\":\"https:\/\/portaltela.pt\/noticias\/2026\/04\/23\/ccp-retoma-negociacoes-laborais-se-ugt-apresentar-pontos-sensatos\/#primaryimage\",\"url\":\"https:\/\/portaltela.pt\/s.01k8rhncp4jt1\/2026\/04\/CACHE_780X1200_ANALOG_WATERMARKED_45635535_6860230_10092025062942.jpg\",\"contentUrl\":\"https:\/\/portaltela.pt\/s.01k8rhncp4jt1\/2026\/04\/CACHE_780X1200_ANALOG_WATERMARKED_45635535_6860230_10092025062942.jpg\",\"width\":768,\"height\":512,\"caption\":\"CCP regressa \u00e0 negocia\u00e7\u00e3o laboral se UGT apresentar pontos que tenham sentido\"},{\"@type\":\"BreadcrumbList\",\"@id\":\"https:\/\/portaltela.pt\/noticias\/2026\/04\/23\/ccp-retoma-negociacoes-laborais-se-ugt-apresentar-pontos-sensatos\/#breadcrumb\",\"itemListElement\":[{\"@type\":\"ListItem\",\"position\":1,\"name\":\"In\u00edcio\",\"item\":\"https:\/\/portaltela.pt\/\"},{\"@type\":\"ListItem\",\"position\":2,\"name\":\"CCP retoma negocia\u00e7\u00f5es laborais se UGT apresentar pontos sensatos\"}]},{\"@type\":\"WebSite\",\"@id\":\"https:\/\/portaltela.pt\/#website\",\"url\":\"https:\/\/portaltela.pt\/\",\"name\":\"Portal Tela Portugal\",\"description\":\"\",\"potentialAction\":[{\"@type\":\"SearchAction\",\"target\":{\"@type\":\"EntryPoint\",\"urlTemplate\":\"https:\/\/portaltela.pt\/?s={search_term_string}\"},\"query-input\":{\"@type\":\"PropertyValueSpecification\",\"valueRequired\":true,\"valueName\":\"search_term_string\"}}],\"inLanguage\":\"pt-PT\"},{\"@type\":\"Person\",\"@id\":\"https:\/\/portaltela.pt\/#\/schema\/person\/c4278d4a6028830caff9ee44b42d32ed\",\"name\":\"Telinha\",\"image\":{\"@type\":\"ImageObject\",\"inLanguage\":\"pt-PT\",\"@id\":\"https:\/\/portaltela.pt\/s.01k8rhncp4jt1\/2025\/11\/talking-bot-125x125.png\",\"url\":\"https:\/\/portaltela.pt\/s.01k8rhncp4jt1\/2025\/11\/talking-bot-125x125.png\",\"contentUrl\":\"https:\/\/portaltela.pt\/s.01k8rhncp4jt1\/2025\/11\/talking-bot-125x125.png\",\"caption\":\"Telinha\"},\"sameAs\":[\"https:\/\/portaltela.pt\/\"],\"url\":\"https:\/\/portaltela.pt\/por\/367410592786\/\"}]}<\/script>\n<!-- \/ Yoast SEO plugin. -->","yoast_head_json":{"title":"CCP retoma negocia\u00e7\u00f5es laborais se UGT apresentar pontos sensatos - Portal Tela Portugal","robots":{"index":"index","follow":"follow","max-snippet":"max-snippet:-1","max-image-preview":"max-image-preview:large","max-video-preview":"max-video-preview:-1"},"og_locale":"pt_PT","og_type":"article","og_title":"CCP retoma negocia\u00e7\u00f5es laborais se UGT apresentar pontos sensatos - Portal Tela Portugal","og_description":"O CCP afirmou que regressar\u00e1 \u00e0 negocia\u00e7\u00e3o laboral apenas se a UGT apresentar pontos que fa\u00e7am sentido. A condi\u00e7\u00e3o coloca a reabertura das negocia\u00e7\u00f5es dependente da qualidade dos pontos apresentados pela UGT. O conte\u00fado completo da not\u00edcia est\u00e1 acess\u00edvel apenas para subscritores. O portal indica que o acesso \u00e9 feito atrav\u00e9s da \u00e1rea de subscritores.","og_url":"https:\/\/portaltela.pt\/noticias\/2026\/04\/23\/ccp-retoma-negociacoes-laborais-se-ugt-apresentar-pontos-sensatos\/","og_site_name":"Portal Tela Portugal","article_published_time":"2026-04-23T17:02:48+00:00","author":"Telinha","twitter_card":"summary_large_image","twitter_misc":{"Escrito por":"Telinha","Tempo estimado de leitura":"1 minuto"},"schema":{"@context":"https:\/\/schema.org","@graph":[{"@type":"Article","@id":"https:\/\/portaltela.pt\/noticias\/2026\/04\/23\/ccp-retoma-negociacoes-laborais-se-ugt-apresentar-pontos-sensatos\/#article","isPartOf":{"@id":"https:\/\/portaltela.pt\/noticias\/2026\/04\/23\/ccp-retoma-negociacoes-laborais-se-ugt-apresentar-pontos-sensatos\/"},"author":{"name":"Telinha","@id":"https:\/\/portaltela.pt\/#\/schema\/person\/c4278d4a6028830caff9ee44b42d32ed"},"headline":"CCP retoma negocia\u00e7\u00f5es laborais se UGT apresentar pontos sensatos","datePublished":"2026-04-23T17:02:48+00:00","mainEntityOfPage":{"@id":"https:\/\/portaltela.pt\/noticias\/2026\/04\/23\/ccp-retoma-negociacoes-laborais-se-ugt-apresentar-pontos-sensatos\/"},"wordCount":118,"image":{"@id":"https:\/\/portaltela.pt\/noticias\/2026\/04\/23\/ccp-retoma-negociacoes-laborais-se-ugt-apresentar-pontos-sensatos\/#primaryimage"},"thumbnailUrl":"https:\/\/portaltela.pt\/s.01k8rhncp4jt1\/2026\/04\/CACHE_780X1200_ANALOG_WATERMARKED_45635535_6860230_10092025062942.jpg","keywords":["_CCP","_negocia\u00e7\u00e3o","_sal\u00e1rios","_sindicatos","_trabalho","_UGT"],"articleSection":["Economia","Neg\u00f3cios"],"inLanguage":"pt-PT"},{"@type":"WebPage","@id":"https:\/\/portaltela.pt\/noticias\/2026\/04\/23\/ccp-retoma-negociacoes-laborais-se-ugt-apresentar-pontos-sensatos\/","url":"https:\/\/portaltela.pt\/noticias\/2026\/04\/23\/ccp-retoma-negociacoes-laborais-se-ugt-apresentar-pontos-sensatos\/","name":"CCP retoma negocia\u00e7\u00f5es laborais se UGT apresentar pontos sensatos - Portal Tela Portugal","isPartOf":{"@id":"https:\/\/portaltela.pt\/#website"},"primaryImageOfPage":{"@id":"https:\/\/portaltela.pt\/noticias\/2026\/04\/23\/ccp-retoma-negociacoes-laborais-se-ugt-apresentar-pontos-sensatos\/#primaryimage"},"image":{"@id":"https:\/\/portaltela.pt\/noticias\/2026\/04\/23\/ccp-retoma-negociacoes-laborais-se-ugt-apresentar-pontos-sensatos\/#primaryimage"},"thumbnailUrl":"https:\/\/portaltela.pt\/s.01k8rhncp4jt1\/2026\/04\/CACHE_780X1200_ANALOG_WATERMARKED_45635535_6860230_10092025062942.jpg","datePublished":"2026-04-23T17:02:48+00:00","author":{"@id":"https:\/\/portaltela.pt\/#\/schema\/person\/c4278d4a6028830caff9ee44b42d32ed"},"breadcrumb":{"@id":"https:\/\/portaltela.pt\/noticias\/2026\/04\/23\/ccp-retoma-negociacoes-laborais-se-ugt-apresentar-pontos-sensatos\/#breadcrumb"},"inLanguage":"pt-PT","potentialAction":[{"@type":"ReadAction","target":["https:\/\/portaltela.pt\/noticias\/2026\/04\/23\/ccp-retoma-negociacoes-laborais-se-ugt-apresentar-pontos-sensatos\/"]}]},{"@type":"ImageObject","inLanguage":"pt-PT","@id":"https:\/\/portaltela.pt\/noticias\/2026\/04\/23\/ccp-retoma-negociacoes-laborais-se-ugt-apresentar-pontos-sensatos\/#primaryimage","url":"https:\/\/portaltela.pt\/s.01k8rhncp4jt1\/2026\/04\/CACHE_780X1200_ANALOG_WATERMARKED_45635535_6860230_10092025062942.jpg","contentUrl":"https:\/\/portaltela.pt\/s.01k8rhncp4jt1\/2026\/04\/CACHE_780X1200_ANALOG_WATERMARKED_45635535_6860230_10092025062942.jpg","width":768,"height":512,"caption":"CCP regressa \u00e0 negocia\u00e7\u00e3o laboral se UGT apresentar pontos que tenham sentido"},{"@type":"BreadcrumbList","@id":"https:\/\/portaltela.pt\/noticias\/2026\/04\/23\/ccp-retoma-negociacoes-laborais-se-ugt-apresentar-pontos-sensatos\/#breadcrumb","itemListElement":[{"@type":"ListItem","position":1,"name":"In\u00edcio","item":"https:\/\/portaltela.pt\/"},{"@type":"ListItem","position":2,"name":"CCP retoma negocia\u00e7\u00f5es laborais se UGT apresentar pontos sensatos"}]},{"@type":"WebSite","@id":"https:\/\/portaltela.pt\/#website","url":"https:\/\/portaltela.pt\/","name":"Portal Tela Portugal","description":"","potentialAction":[{"@type":"SearchAction","target":{"@type":"EntryPoint","urlTemplate":"https:\/\/portaltela.pt\/?s={search_term_string}"},"query-input":{"@type":"PropertyValueSpecification","valueRequired":true,"valueName":"search_term_string"}}],"inLanguage":"pt-PT"},{"@type":"Person","@id":"https:\/\/portaltela.pt\/#\/schema\/person\/c4278d4a6028830caff9ee44b42d32ed","name":"Telinha","image":{"@type":"ImageObject","inLanguage":"pt-PT","@id":"https:\/\/portaltela.pt\/s.01k8rhncp4jt1\/2025\/11\/talking-bot-125x125.png","url":"https:\/\/portaltela.pt\/s.01k8rhncp4jt1\/2025\/11\/talking-bot-125x125.png","contentUrl":"https:\/\/portaltela.pt\/s.01k8rhncp4jt1\/2025\/11\/talking-bot-125x125.png","caption":"Telinha"},"sameAs":["https:\/\/portaltela.pt\/"],"url":"https:\/\/portaltela.pt\/por\/367410592786\/"}]}},"_links":{"self":[{"href":"https:\/\/portaltela.pt\/api\/wp\/v2\/posts\/456441","targetHints":{"allow":["GET"]}}],"collection":[{"href":"https:\/\/portaltela.pt\/api\/wp\/v2\/posts"}],"about":[{"href":"https:\/\/portaltela.pt\/api\/wp\/v2\/types\/post"}],"author":[{"embeddable":true,"href":"https:\/\/portaltela.pt\/api\/wp\/v2\/users\/2"}],"replies":[{"embeddable":true,"href":"https:\/\/portaltela.pt\/api\/wp\/v2\/comments?post=456441"}],"version-history":[{"count":0,"href":"https:\/\/portaltela.pt\/api\/wp\/v2\/posts\/456441\/revisions"}],"wp:featuredmedia":[{"embeddable":true,"href":"https:\/\/portaltela.pt\/api\/wp\/v2\/media\/456442"}],"wp:attachment":[{"href":"https:\/\/portaltela.pt\/api\/wp\/v2\/media?parent=456441"}],"wp:term":[{"taxonomy":"category","embeddable":true,"href":"https:\/\/portaltela.pt\/api\/wp\/v2\/categories?post=456441"},{"taxonomy":"post_tag","embeddable":true,"href":"https:\/\/portaltela.pt\/api\/wp\/v2\/tags?post=456441"}],"curies":[{"name":"wp","href":"https:\/\/api.w.org\/{rel}","templated":true}]}}