{"id":456351,"date":"2026-04-23T13:03:38","date_gmt":"2026-04-23T16:03:38","guid":{"rendered":"https:\/\/portaltela.pt\/noticias\/2026\/04\/23\/klein-afirma-que-o-sporting-na-final-seria-a-segunda-consecutiva\/"},"modified":"2026-04-23T13:03:38","modified_gmt":"2026-04-23T16:03:38","slug":"klein-afirma-que-o-sporting-na-final-seria-a-segunda-consecutiva","status":"publish","type":"post","link":"https:\/\/portaltela.pt\/desporto\/futebol\/2026\/04\/23\/klein-afirma-que-o-sporting-na-final-seria-a-segunda-consecutiva\/","title":{"rendered":"Klein afirma que o Sporting na final seria a segunda consecutiva"},"content":{"rendered":"<p>O Benfica abriu as meias-finais da Ta\u00e7a de Portugal ao vencer os Le\u00f5es de Porto Salvo por 6-3, no jogo dos quartos. A vit\u00f3ria deixou os encarnados \u00e0 dist\u00e2ncia de uma final neste s\u00e1bado, quando enfrentarem o Nun\u2019\u00c1lvares, da 2\u00aa divis\u00e3o, \u00e0s 18h00.<\/p>\n<p>Cassiano Klein, treinador do Benfica, refor\u00e7ou a import\u00e2ncia da mentalidade competitiva da equipa para superar o desafio de 40 minutos. O t\u00e9cnico elogiou o objetivo tra\u00e7ado e o trabalho desenvolvido para alcan\u00e7ar a ronda seguinte.<\/p>\n<p>Apesar da diferen\u00e7a de escal\u00f5es, o t\u00e9cnico avisou para a capacidade do advers\u00e1rio. Enalteceu o esp\u00edrito da equipa, que tem evolu\u00eddo para manter a intensidade e a confian\u00e7a no jogo \u00fanico.<\/p>\n<p>O treinador admitiu que a equipa nem sempre foi consistente, mas destacou os momentos em que esteve eficaz. Foram utilizados recursos de profundidade para alcan\u00e7ar a vit\u00f3ria, com foco na passagem aos quartos.<\/p>\n<p>Klein revelou que pretende descansar a equipa hoje e realizar treino espec\u00edfico amanh\u00e3, preparando-se para o confronto com o Nun\u2019\u00c1lvares. O planeamento inclui an\u00e1lise do advers\u00e1rio e foco no pr\u00f3prio desempenho.<\/p>\n<p>Sobre a possibilidade de enfrentar o Sporting na final, Klein destacou a atrac\u00e7\u00e3o de competir pela Ta\u00e7a. Recordou que j\u00e1 venceram a Ta\u00e7a da Liga e mostrou determina\u00e7\u00e3o em chegar \u00e0 final pela segunda vez consecutiva.<\/p>\n<p>Hoje, o plantel realizou recupera\u00e7\u00e3o ativa na piscina pela manh\u00e3, seguindo-se a visualiza\u00e7\u00e3o de v\u00eddeos. O objetivo \u00e9 corrigir pontos fracos e preparar-se para os pr\u00f3ximos minutos de treino.<\/p>\n<h3>Rumo \u00e0 final<\/h3>\n<p>O n\u00facleo da prepara\u00e7\u00e3o inclui estudo dos pontos positivos do Nun\u2019\u00c1lvares. A equipa concentra-se em manter o n\u00edvel de competitividade exigido num jogo \u00fanico. A final continua a ser o objetivo principal.<\/p>\n","protected":false},"excerpt":{"rendered":"<ul>\n<li>O Benfica derrotou os Le\u00f5es de Porto Salvo por 6-3 e ficou apurado para as meias-finais da Ta\u00e7a de Portugal, frente ao Nun&#8217;\u00c1lvares (sexta-feira, 18h00).<\/li>\n<li>Cassiano Klein sublinhou que o advers\u00e1rio merece respeito, destacando a import\u00e2ncia do esp\u00edrito e da mentalidade para avan\u00e7ar numa competi\u00e7\u00e3o de 40 minutos.<\/li>\n<li>O objetivo dos encarnados \u00e9 chegar \u00e0 final, com a possibilidade de enfrentar o Sporting, numa 2.\u00aa final consecutiva para o clube.<\/li>\n<li>O treino de quinta-feira foi de recupera\u00e7\u00e3o ativa na piscina, seguido de an\u00e1lise de v\u00eddeos em vez de treino f\u00edsico tradicional.<\/li>\n<li>A equipa quer corrigir o que correu menos bem no \u00faltimo jogo, preparando-se para o pr\u00f3ximo encontro com treino espec\u00edfico na v\u00e9spera.<\/li>\n<\/ul>\n","protected":false},"author":2,"featured_media":456361,"comment_status":"closed","ping_status":"closed","sticky":false,"template":"","format":"standard","meta":{"footnotes":""},"categories":[21,24],"tags":[1946,1285,32,4174,1652,1266],"class_list":["post-456351","post","type-post","status-publish","format-standard","has-post-thumbnail","hentry","category-desporto","category-futebol","tag-benfica","tag-competicao","tag-futebol","tag-nunalvares","tag-sporting","tag-taca-de-portugal"],"yoast_head":"<!-- This site is optimized with the Yoast SEO plugin v27.2 - https:\/\/yoast.com\/product\/yoast-seo-wordpress\/ -->\n<title>Klein afirma que o Sporting na final seria a segunda consecutiva - Portal Tela Portugal<\/title>\n<meta name=\"robots\" content=\"index, follow, max-snippet:-1, max-image-preview:large, max-video-preview:-1\" \/>\n<meta property=\"og:locale\" content=\"pt_PT\" \/>\n<meta property=\"og:type\" content=\"article\" \/>\n<meta property=\"og:title\" content=\"Klein afirma que o Sporting na final seria a segunda consecutiva - Portal Tela Portugal\" \/>\n<meta property=\"og:description\" content=\"O Benfica derrotou os Le\u00f5es de Porto Salvo por 6-3 e ficou apurado para as meias-finais da Ta\u00e7a de Portugal, frente ao Nun&#039;\u00c1lvares (sexta-feira, 18h00). Cassiano Klein sublinhou que o advers\u00e1rio merece respeito, destacando a import\u00e2ncia do esp\u00edrito e da mentalidade para avan\u00e7ar numa competi\u00e7\u00e3o de 40 minutos. O objetivo dos encarnados \u00e9 chegar \u00e0 final, com a possibilidade de enfrentar o Sporting, numa 2.\u00aa final consecutiva para o clube. O treino de quinta-feira foi de recupera\u00e7\u00e3o ativa na piscina, seguido de an\u00e1lise de v\u00eddeos em vez de treino f\u00edsico tradicional. A equipa quer corrigir o que correu menos bem no \u00faltimo jogo, preparando-se para o pr\u00f3ximo encontro com treino espec\u00edfico na v\u00e9spera.\" \/>\n<meta property=\"og:url\" content=\"https:\/\/portaltela.pt\/noticias\/2026\/04\/23\/klein-afirma-que-o-sporting-na-final-seria-a-segunda-consecutiva\/\" \/>\n<meta property=\"og:site_name\" content=\"Portal Tela Portugal\" \/>\n<meta property=\"article:published_time\" content=\"2026-04-23T16:03:38+00:00\" \/>\n<meta name=\"author\" content=\"Telinha\" \/>\n<meta name=\"twitter:card\" content=\"summary_large_image\" \/>\n<meta name=\"twitter:label1\" content=\"Escrito por\" \/>\n\t<meta name=\"twitter:data1\" content=\"Telinha\" \/>\n\t<meta name=\"twitter:label2\" content=\"Tempo estimado de leitura\" \/>\n\t<meta name=\"twitter:data2\" content=\"2 minutos\" \/>\n<script type=\"application\/ld+json\" class=\"yoast-schema-graph\">{\"@context\":\"https:\/\/schema.org\",\"@graph\":[{\"@type\":\"Article\",\"@id\":\"https:\/\/portaltela.pt\/noticias\/2026\/04\/23\/klein-afirma-que-o-sporting-na-final-seria-a-segunda-consecutiva\/#article\",\"isPartOf\":{\"@id\":\"https:\/\/portaltela.pt\/noticias\/2026\/04\/23\/klein-afirma-que-o-sporting-na-final-seria-a-segunda-consecutiva\/\"},\"author\":{\"name\":\"Telinha\",\"@id\":\"https:\/\/portaltela.pt\/#\/schema\/person\/c4278d4a6028830caff9ee44b42d32ed\"},\"headline\":\"Klein afirma que o Sporting na final seria a segunda consecutiva\",\"datePublished\":\"2026-04-23T16:03:38+00:00\",\"mainEntityOfPage\":{\"@id\":\"https:\/\/portaltela.pt\/noticias\/2026\/04\/23\/klein-afirma-que-o-sporting-na-final-seria-a-segunda-consecutiva\/\"},\"wordCount\":316,\"image\":{\"@id\":\"https:\/\/portaltela.pt\/noticias\/2026\/04\/23\/klein-afirma-que-o-sporting-na-final-seria-a-segunda-consecutiva\/#primaryimage\"},\"thumbnailUrl\":\"https:\/\/portaltela.pt\/s.01k8rhncp4jt1\/2026\/04\/img_920x518uu2026-04-23-16-54-47-2434898.jpg\",\"keywords\":[\"Benfica\",\"competi\u00e7\u00e3o\",\"futebol\",\"Nun'\u00c1lvares\",\"Sporting\",\"Ta\u00e7a de Portugal\"],\"articleSection\":[\"Desporto\",\"Futebol\"],\"inLanguage\":\"pt-PT\"},{\"@type\":\"WebPage\",\"@id\":\"https:\/\/portaltela.pt\/noticias\/2026\/04\/23\/klein-afirma-que-o-sporting-na-final-seria-a-segunda-consecutiva\/\",\"url\":\"https:\/\/portaltela.pt\/noticias\/2026\/04\/23\/klein-afirma-que-o-sporting-na-final-seria-a-segunda-consecutiva\/\",\"name\":\"Klein afirma que o Sporting na final seria a segunda consecutiva - Portal Tela Portugal\",\"isPartOf\":{\"@id\":\"https:\/\/portaltela.pt\/#website\"},\"primaryImageOfPage\":{\"@id\":\"https:\/\/portaltela.pt\/noticias\/2026\/04\/23\/klein-afirma-que-o-sporting-na-final-seria-a-segunda-consecutiva\/#primaryimage\"},\"image\":{\"@id\":\"https:\/\/portaltela.pt\/noticias\/2026\/04\/23\/klein-afirma-que-o-sporting-na-final-seria-a-segunda-consecutiva\/#primaryimage\"},\"thumbnailUrl\":\"https:\/\/portaltela.pt\/s.01k8rhncp4jt1\/2026\/04\/img_920x518uu2026-04-23-16-54-47-2434898.jpg\",\"datePublished\":\"2026-04-23T16:03:38+00:00\",\"author\":{\"@id\":\"https:\/\/portaltela.pt\/#\/schema\/person\/c4278d4a6028830caff9ee44b42d32ed\"},\"breadcrumb\":{\"@id\":\"https:\/\/portaltela.pt\/noticias\/2026\/04\/23\/klein-afirma-que-o-sporting-na-final-seria-a-segunda-consecutiva\/#breadcrumb\"},\"inLanguage\":\"pt-PT\",\"potentialAction\":[{\"@type\":\"ReadAction\",\"target\":[\"https:\/\/portaltela.pt\/noticias\/2026\/04\/23\/klein-afirma-que-o-sporting-na-final-seria-a-segunda-consecutiva\/\"]}]},{\"@type\":\"ImageObject\",\"inLanguage\":\"pt-PT\",\"@id\":\"https:\/\/portaltela.pt\/noticias\/2026\/04\/23\/klein-afirma-que-o-sporting-na-final-seria-a-segunda-consecutiva\/#primaryimage\",\"url\":\"https:\/\/portaltela.pt\/s.01k8rhncp4jt1\/2026\/04\/img_920x518uu2026-04-23-16-54-47-2434898.jpg\",\"contentUrl\":\"https:\/\/portaltela.pt\/s.01k8rhncp4jt1\/2026\/04\/img_920x518uu2026-04-23-16-54-47-2434898.jpg\",\"width\":796,\"height\":448,\"caption\":\"Cassiano Klein\"},{\"@type\":\"BreadcrumbList\",\"@id\":\"https:\/\/portaltela.pt\/noticias\/2026\/04\/23\/klein-afirma-que-o-sporting-na-final-seria-a-segunda-consecutiva\/#breadcrumb\",\"itemListElement\":[{\"@type\":\"ListItem\",\"position\":1,\"name\":\"In\u00edcio\",\"item\":\"https:\/\/portaltela.pt\/\"},{\"@type\":\"ListItem\",\"position\":2,\"name\":\"Klein afirma que o Sporting na final seria a segunda consecutiva\"}]},{\"@type\":\"WebSite\",\"@id\":\"https:\/\/portaltela.pt\/#website\",\"url\":\"https:\/\/portaltela.pt\/\",\"name\":\"Portal Tela Portugal\",\"description\":\"\",\"potentialAction\":[{\"@type\":\"SearchAction\",\"target\":{\"@type\":\"EntryPoint\",\"urlTemplate\":\"https:\/\/portaltela.pt\/?s={search_term_string}\"},\"query-input\":{\"@type\":\"PropertyValueSpecification\",\"valueRequired\":true,\"valueName\":\"search_term_string\"}}],\"inLanguage\":\"pt-PT\"},{\"@type\":\"Person\",\"@id\":\"https:\/\/portaltela.pt\/#\/schema\/person\/c4278d4a6028830caff9ee44b42d32ed\",\"name\":\"Telinha\",\"image\":{\"@type\":\"ImageObject\",\"inLanguage\":\"pt-PT\",\"@id\":\"https:\/\/portaltela.pt\/s.01k8rhncp4jt1\/2025\/11\/talking-bot-125x125.png\",\"url\":\"https:\/\/portaltela.pt\/s.01k8rhncp4jt1\/2025\/11\/talking-bot-125x125.png\",\"contentUrl\":\"https:\/\/portaltela.pt\/s.01k8rhncp4jt1\/2025\/11\/talking-bot-125x125.png\",\"caption\":\"Telinha\"},\"sameAs\":[\"https:\/\/portaltela.pt\/\"],\"url\":\"https:\/\/portaltela.pt\/por\/367410592786\/\"}]}<\/script>\n<!-- \/ Yoast SEO plugin. -->","yoast_head_json":{"title":"Klein afirma que o Sporting na final seria a segunda consecutiva - Portal Tela Portugal","robots":{"index":"index","follow":"follow","max-snippet":"max-snippet:-1","max-image-preview":"max-image-preview:large","max-video-preview":"max-video-preview:-1"},"og_locale":"pt_PT","og_type":"article","og_title":"Klein afirma que o Sporting na final seria a segunda consecutiva - Portal Tela Portugal","og_description":"O Benfica derrotou os Le\u00f5es de Porto Salvo por 6-3 e ficou apurado para as meias-finais da Ta\u00e7a de Portugal, frente ao Nun'\u00c1lvares (sexta-feira, 18h00). Cassiano Klein sublinhou que o advers\u00e1rio merece respeito, destacando a import\u00e2ncia do esp\u00edrito e da mentalidade para avan\u00e7ar numa competi\u00e7\u00e3o de 40 minutos. O objetivo dos encarnados \u00e9 chegar \u00e0 final, com a possibilidade de enfrentar o Sporting, numa 2.\u00aa final consecutiva para o clube. O treino de quinta-feira foi de recupera\u00e7\u00e3o ativa na piscina, seguido de an\u00e1lise de v\u00eddeos em vez de treino f\u00edsico tradicional. A equipa quer corrigir o que correu menos bem no \u00faltimo jogo, preparando-se para o pr\u00f3ximo encontro com treino espec\u00edfico na v\u00e9spera.","og_url":"https:\/\/portaltela.pt\/noticias\/2026\/04\/23\/klein-afirma-que-o-sporting-na-final-seria-a-segunda-consecutiva\/","og_site_name":"Portal Tela Portugal","article_published_time":"2026-04-23T16:03:38+00:00","author":"Telinha","twitter_card":"summary_large_image","twitter_misc":{"Escrito por":"Telinha","Tempo estimado de leitura":"2 minutos"},"schema":{"@context":"https:\/\/schema.org","@graph":[{"@type":"Article","@id":"https:\/\/portaltela.pt\/noticias\/2026\/04\/23\/klein-afirma-que-o-sporting-na-final-seria-a-segunda-consecutiva\/#article","isPartOf":{"@id":"https:\/\/portaltela.pt\/noticias\/2026\/04\/23\/klein-afirma-que-o-sporting-na-final-seria-a-segunda-consecutiva\/"},"author":{"name":"Telinha","@id":"https:\/\/portaltela.pt\/#\/schema\/person\/c4278d4a6028830caff9ee44b42d32ed"},"headline":"Klein afirma que o Sporting na final seria a segunda consecutiva","datePublished":"2026-04-23T16:03:38+00:00","mainEntityOfPage":{"@id":"https:\/\/portaltela.pt\/noticias\/2026\/04\/23\/klein-afirma-que-o-sporting-na-final-seria-a-segunda-consecutiva\/"},"wordCount":316,"image":{"@id":"https:\/\/portaltela.pt\/noticias\/2026\/04\/23\/klein-afirma-que-o-sporting-na-final-seria-a-segunda-consecutiva\/#primaryimage"},"thumbnailUrl":"https:\/\/portaltela.pt\/s.01k8rhncp4jt1\/2026\/04\/img_920x518uu2026-04-23-16-54-47-2434898.jpg","keywords":["Benfica","competi\u00e7\u00e3o","futebol","Nun'\u00c1lvares","Sporting","Ta\u00e7a de Portugal"],"articleSection":["Desporto","Futebol"],"inLanguage":"pt-PT"},{"@type":"WebPage","@id":"https:\/\/portaltela.pt\/noticias\/2026\/04\/23\/klein-afirma-que-o-sporting-na-final-seria-a-segunda-consecutiva\/","url":"https:\/\/portaltela.pt\/noticias\/2026\/04\/23\/klein-afirma-que-o-sporting-na-final-seria-a-segunda-consecutiva\/","name":"Klein afirma que o Sporting na final seria a segunda consecutiva - Portal Tela Portugal","isPartOf":{"@id":"https:\/\/portaltela.pt\/#website"},"primaryImageOfPage":{"@id":"https:\/\/portaltela.pt\/noticias\/2026\/04\/23\/klein-afirma-que-o-sporting-na-final-seria-a-segunda-consecutiva\/#primaryimage"},"image":{"@id":"https:\/\/portaltela.pt\/noticias\/2026\/04\/23\/klein-afirma-que-o-sporting-na-final-seria-a-segunda-consecutiva\/#primaryimage"},"thumbnailUrl":"https:\/\/portaltela.pt\/s.01k8rhncp4jt1\/2026\/04\/img_920x518uu2026-04-23-16-54-47-2434898.jpg","datePublished":"2026-04-23T16:03:38+00:00","author":{"@id":"https:\/\/portaltela.pt\/#\/schema\/person\/c4278d4a6028830caff9ee44b42d32ed"},"breadcrumb":{"@id":"https:\/\/portaltela.pt\/noticias\/2026\/04\/23\/klein-afirma-que-o-sporting-na-final-seria-a-segunda-consecutiva\/#breadcrumb"},"inLanguage":"pt-PT","potentialAction":[{"@type":"ReadAction","target":["https:\/\/portaltela.pt\/noticias\/2026\/04\/23\/klein-afirma-que-o-sporting-na-final-seria-a-segunda-consecutiva\/"]}]},{"@type":"ImageObject","inLanguage":"pt-PT","@id":"https:\/\/portaltela.pt\/noticias\/2026\/04\/23\/klein-afirma-que-o-sporting-na-final-seria-a-segunda-consecutiva\/#primaryimage","url":"https:\/\/portaltela.pt\/s.01k8rhncp4jt1\/2026\/04\/img_920x518uu2026-04-23-16-54-47-2434898.jpg","contentUrl":"https:\/\/portaltela.pt\/s.01k8rhncp4jt1\/2026\/04\/img_920x518uu2026-04-23-16-54-47-2434898.jpg","width":796,"height":448,"caption":"Cassiano Klein"},{"@type":"BreadcrumbList","@id":"https:\/\/portaltela.pt\/noticias\/2026\/04\/23\/klein-afirma-que-o-sporting-na-final-seria-a-segunda-consecutiva\/#breadcrumb","itemListElement":[{"@type":"ListItem","position":1,"name":"In\u00edcio","item":"https:\/\/portaltela.pt\/"},{"@type":"ListItem","position":2,"name":"Klein afirma que o Sporting na final seria a segunda consecutiva"}]},{"@type":"WebSite","@id":"https:\/\/portaltela.pt\/#website","url":"https:\/\/portaltela.pt\/","name":"Portal Tela Portugal","description":"","potentialAction":[{"@type":"SearchAction","target":{"@type":"EntryPoint","urlTemplate":"https:\/\/portaltela.pt\/?s={search_term_string}"},"query-input":{"@type":"PropertyValueSpecification","valueRequired":true,"valueName":"search_term_string"}}],"inLanguage":"pt-PT"},{"@type":"Person","@id":"https:\/\/portaltela.pt\/#\/schema\/person\/c4278d4a6028830caff9ee44b42d32ed","name":"Telinha","image":{"@type":"ImageObject","inLanguage":"pt-PT","@id":"https:\/\/portaltela.pt\/s.01k8rhncp4jt1\/2025\/11\/talking-bot-125x125.png","url":"https:\/\/portaltela.pt\/s.01k8rhncp4jt1\/2025\/11\/talking-bot-125x125.png","contentUrl":"https:\/\/portaltela.pt\/s.01k8rhncp4jt1\/2025\/11\/talking-bot-125x125.png","caption":"Telinha"},"sameAs":["https:\/\/portaltela.pt\/"],"url":"https:\/\/portaltela.pt\/por\/367410592786\/"}]}},"_links":{"self":[{"href":"https:\/\/portaltela.pt\/api\/wp\/v2\/posts\/456351","targetHints":{"allow":["GET"]}}],"collection":[{"href":"https:\/\/portaltela.pt\/api\/wp\/v2\/posts"}],"about":[{"href":"https:\/\/portaltela.pt\/api\/wp\/v2\/types\/post"}],"author":[{"embeddable":true,"href":"https:\/\/portaltela.pt\/api\/wp\/v2\/users\/2"}],"replies":[{"embeddable":true,"href":"https:\/\/portaltela.pt\/api\/wp\/v2\/comments?post=456351"}],"version-history":[{"count":0,"href":"https:\/\/portaltela.pt\/api\/wp\/v2\/posts\/456351\/revisions"}],"wp:featuredmedia":[{"embeddable":true,"href":"https:\/\/portaltela.pt\/api\/wp\/v2\/media\/456361"}],"wp:attachment":[{"href":"https:\/\/portaltela.pt\/api\/wp\/v2\/media?parent=456351"}],"wp:term":[{"taxonomy":"category","embeddable":true,"href":"https:\/\/portaltela.pt\/api\/wp\/v2\/categories?post=456351"},{"taxonomy":"post_tag","embeddable":true,"href":"https:\/\/portaltela.pt\/api\/wp\/v2\/tags?post=456351"}],"curies":[{"name":"wp","href":"https:\/\/api.w.org\/{rel}","templated":true}]}}