{"id":456348,"date":"2026-04-23T13:03:34","date_gmt":"2026-04-23T16:03:34","guid":{"rendered":"https:\/\/portaltela.pt\/noticias\/2026\/04\/23\/arruda-dos-vinhos-concede-emprestimo-de-38-milhoes-para-reparar-estradas\/"},"modified":"2026-04-23T13:03:34","modified_gmt":"2026-04-23T16:03:34","slug":"arruda-dos-vinhos-concede-emprestimo-de-38-milhoes-para-reparar-estradas","status":"publish","type":"post","link":"https:\/\/portaltela.pt\/orcamento\/2026\/04\/23\/arruda-dos-vinhos-concede-emprestimo-de-38-milhoes-para-reparar-estradas\/","title":{"rendered":"Arruda dos Vinhos concede empr\u00e9stimo de 3,8 milh\u00f5es para reparar estradas"},"content":{"rendered":"<p>A C\u00e2mara de Arruda dos Vinhos vai recorrer a um empr\u00e9stimo de 3,8 milh\u00f5es de euros para reparar as estradas danificadas pelo mau tempo. A decis\u00e3o foi aprovada pelo executivo municipal numa reuni\u00e3o p\u00fablica.<\/p>\n<p>O munic\u00edpio sustenta que os estragos ocorridos em janeiro e fevereiro afetaram diversas vias, comprometendo a circula\u00e7\u00e3o e a seguran\u00e7a rodovi\u00e1ria. O objetivo \u00e9 devolver a normalidade \u00e0 mobilidade local com urg\u00eancia.<\/p>\n<p>O empr\u00e9stimo ter\u00e1 prazo de 20 anos, com tr\u00eas de car\u00eancia. O presidente da C\u00e2mara, Carlos Alves, afirmou que o Governo dever\u00e1 transferir entre 583 mil euros e, na melhor hip\u00f3tese, at\u00e9 dois milh\u00f5es. Ainda assim, o montante esperado n\u00e3o cobre todos os custos.<\/p>\n<p>A estimativa de preju\u00edzo total j\u00e1 fixada \u00e9 de 20 milh\u00f5es de euros, num or\u00e7amento municipal de 22 milh\u00f5es. A autarquia admite a necessidade de prioridades entre as vias da Carvalha, A-do-Mour\u00e3o, Lap\u00e3o e Cardosas.<\/p>\n<p>A vota\u00e7\u00e3o resultou em maioria do PS, com absten\u00e7\u00f5es da coliga\u00e7\u00e3o PSD\/CDS-PP\/IL. A vereadora da coliga\u00e7\u00e3o pediu acesso a or\u00e7amentos e estudos t\u00e9cnicos para melhorar a transpar\u00eancia e evitar endividamento excessivo.<\/p>\n<p>Em mar\u00e7o, o munic\u00edpio confirmou um preju\u00edzo global de 22 milh\u00f5es de euros relacionado com danos do mau tempo. A maioria dos estragos ocorreu na rede rodovi\u00e1ria, taludes, terminal rodovi\u00e1rio e condutas de \u00e1gua.<\/p>\n<p>Entre o final de janeiro e o in\u00edcio de mar\u00e7o, Portugal registou v\u00e1rias dezenas de mortes devido \u00e0s depress\u00f5es Kristin, Leonardo e Marta. As autoridades indicam que as intemp\u00e9ries causaram danos extensos em habita\u00e7\u00f5es, empresas e infraestruturas.<\/p>\n","protected":false},"excerpt":{"rendered":"<ul>\n<li>A C\u00e2mara de Arruda dos Vinhos aprovou um empr\u00e9stimo de 3,8 milh\u00f5es de euros para reparar estradas danificadas pelo mau tempo de janeiro e fevereiro, com prazo de pagamento de vinte anos e per\u00edodo de car\u00eancia de tr\u00eas.<\/li>\n<li>O munic\u00edpio indica um preju\u00edzo de 22 milh\u00f5es de euros at\u00e9 mar\u00e7o, maioritariamente na rede rodovi\u00e1ria, taludes e infraestrutura associada.<\/li>\n<li>O Governo deve transferir entre 583 mil e 2 milh\u00f5es de euros, valor considerado insuficiente; apenas para estudos t\u00e9cnicos aponta-se um custo de 1,1 milh\u00f5es.<\/li>\n<li>A proposta foi aprovada pela maioria socialista; a coliga\u00e7\u00e3o PSD\/CDS-PP\/IL absteve-se, pedindo acesso a or\u00e7amentos e estudos para garantir transpar\u00eancia.<\/li>\n<li>O presidente da c\u00e2mara, Carlos Alves, afirmou que sem apoio central n\u00e3o \u00e9 poss\u00edvel resolver o problema, e que a capacidade de endividamento do munic\u00edpio \u00e9 de 7,2 milh\u00f5es de euros, devendo definir prioridades.<\/li>\n<\/ul>\n","protected":false},"author":2,"featured_media":456355,"comment_status":"closed","ping_status":"closed","sticky":false,"template":"","format":"standard","meta":{"footnotes":""},"categories":[7378,7383],"tags":[8130,8956,8790,9556,7974,2457],"class_list":["post-456348","post","type-post","status-publish","format-standard","has-post-thumbnail","hentry","category-financas-locais","category-orcamento","tag-_alagamentos","tag-_camara-municipal","tag-_estradas","tag-_gestao-de-infraestruturas","tag-_lisboa","tag-emprestimos"],"yoast_head":"<!-- This site is optimized with the Yoast SEO plugin v27.2 - https:\/\/yoast.com\/product\/yoast-seo-wordpress\/ -->\n<title>Arruda dos Vinhos concede empr\u00e9stimo de 3,8 milh\u00f5es para reparar estradas - Portal Tela Portugal<\/title>\n<meta name=\"robots\" content=\"index, follow, max-snippet:-1, max-image-preview:large, max-video-preview:-1\" \/>\n<meta property=\"og:locale\" content=\"pt_PT\" \/>\n<meta property=\"og:type\" content=\"article\" \/>\n<meta property=\"og:title\" content=\"Arruda dos Vinhos concede empr\u00e9stimo de 3,8 milh\u00f5es para reparar estradas - Portal Tela Portugal\" \/>\n<meta property=\"og:description\" content=\"A C\u00e2mara de Arruda dos Vinhos aprovou um empr\u00e9stimo de 3,8 milh\u00f5es de euros para reparar estradas danificadas pelo mau tempo de janeiro e fevereiro, com prazo de pagamento de vinte anos e per\u00edodo de car\u00eancia de tr\u00eas. O munic\u00edpio indica um preju\u00edzo de 22 milh\u00f5es de euros at\u00e9 mar\u00e7o, maioritariamente na rede rodovi\u00e1ria, taludes e infraestrutura associada. O Governo deve transferir entre 583 mil e 2 milh\u00f5es de euros, valor considerado insuficiente; apenas para estudos t\u00e9cnicos aponta-se um custo de 1,1 milh\u00f5es. A proposta foi aprovada pela maioria socialista; a coliga\u00e7\u00e3o PSD\/CDS-PP\/IL absteve-se, pedindo acesso a or\u00e7amentos e estudos para garantir transpar\u00eancia. O presidente da c\u00e2mara, Carlos Alves, afirmou que sem apoio central n\u00e3o \u00e9 poss\u00edvel resolver o problema, e que a capacidade de endividamento do munic\u00edpio \u00e9 de 7,2 milh\u00f5es de euros, devendo definir prioridades.\" \/>\n<meta property=\"og:url\" content=\"https:\/\/portaltela.pt\/noticias\/2026\/04\/23\/arruda-dos-vinhos-concede-emprestimo-de-38-milhoes-para-reparar-estradas\/\" \/>\n<meta property=\"og:site_name\" content=\"Portal Tela Portugal\" \/>\n<meta property=\"article:published_time\" content=\"2026-04-23T16:03:34+00:00\" \/>\n<meta name=\"author\" content=\"Telinha\" \/>\n<meta name=\"twitter:card\" content=\"summary_large_image\" \/>\n<meta name=\"twitter:label1\" content=\"Escrito por\" \/>\n\t<meta name=\"twitter:data1\" content=\"Telinha\" \/>\n\t<meta name=\"twitter:label2\" content=\"Tempo estimado de leitura\" \/>\n\t<meta name=\"twitter:data2\" content=\"1 minuto\" \/>\n<script type=\"application\/ld+json\" class=\"yoast-schema-graph\">{\"@context\":\"https:\/\/schema.org\",\"@graph\":[{\"@type\":\"Article\",\"@id\":\"https:\/\/portaltela.pt\/noticias\/2026\/04\/23\/arruda-dos-vinhos-concede-emprestimo-de-38-milhoes-para-reparar-estradas\/#article\",\"isPartOf\":{\"@id\":\"https:\/\/portaltela.pt\/noticias\/2026\/04\/23\/arruda-dos-vinhos-concede-emprestimo-de-38-milhoes-para-reparar-estradas\/\"},\"author\":{\"name\":\"Telinha\",\"@id\":\"https:\/\/portaltela.pt\/#\/schema\/person\/c4278d4a6028830caff9ee44b42d32ed\"},\"headline\":\"Arruda dos Vinhos concede empr\u00e9stimo de 3,8 milh\u00f5es para reparar estradas\",\"datePublished\":\"2026-04-23T16:03:34+00:00\",\"mainEntityOfPage\":{\"@id\":\"https:\/\/portaltela.pt\/noticias\/2026\/04\/23\/arruda-dos-vinhos-concede-emprestimo-de-38-milhoes-para-reparar-estradas\/\"},\"wordCount\":295,\"image\":{\"@id\":\"https:\/\/portaltela.pt\/noticias\/2026\/04\/23\/arruda-dos-vinhos-concede-emprestimo-de-38-milhoes-para-reparar-estradas\/#primaryimage\"},\"thumbnailUrl\":\"https:\/\/portaltela.pt\/s.01k8rhncp4jt1\/2026\/04\/2083544.jpg\",\"keywords\":[\"_alagamentos\",\"_C\u00e2mara Municipal\",\"_estradas\",\"_gest\u00e3o de infraestruturas\",\"_Lisboa\",\"empr\u00e9stimos\"],\"articleSection\":[\"Finan\u00e7as Locais\",\"Or\u00e7amento\"],\"inLanguage\":\"pt-PT\"},{\"@type\":\"WebPage\",\"@id\":\"https:\/\/portaltela.pt\/noticias\/2026\/04\/23\/arruda-dos-vinhos-concede-emprestimo-de-38-milhoes-para-reparar-estradas\/\",\"url\":\"https:\/\/portaltela.pt\/noticias\/2026\/04\/23\/arruda-dos-vinhos-concede-emprestimo-de-38-milhoes-para-reparar-estradas\/\",\"name\":\"Arruda dos Vinhos concede empr\u00e9stimo de 3,8 milh\u00f5es para reparar estradas - Portal Tela Portugal\",\"isPartOf\":{\"@id\":\"https:\/\/portaltela.pt\/#website\"},\"primaryImageOfPage\":{\"@id\":\"https:\/\/portaltela.pt\/noticias\/2026\/04\/23\/arruda-dos-vinhos-concede-emprestimo-de-38-milhoes-para-reparar-estradas\/#primaryimage\"},\"image\":{\"@id\":\"https:\/\/portaltela.pt\/noticias\/2026\/04\/23\/arruda-dos-vinhos-concede-emprestimo-de-38-milhoes-para-reparar-estradas\/#primaryimage\"},\"thumbnailUrl\":\"https:\/\/portaltela.pt\/s.01k8rhncp4jt1\/2026\/04\/2083544.jpg\",\"datePublished\":\"2026-04-23T16:03:34+00:00\",\"author\":{\"@id\":\"https:\/\/portaltela.pt\/#\/schema\/person\/c4278d4a6028830caff9ee44b42d32ed\"},\"breadcrumb\":{\"@id\":\"https:\/\/portaltela.pt\/noticias\/2026\/04\/23\/arruda-dos-vinhos-concede-emprestimo-de-38-milhoes-para-reparar-estradas\/#breadcrumb\"},\"inLanguage\":\"pt-PT\",\"potentialAction\":[{\"@type\":\"ReadAction\",\"target\":[\"https:\/\/portaltela.pt\/noticias\/2026\/04\/23\/arruda-dos-vinhos-concede-emprestimo-de-38-milhoes-para-reparar-estradas\/\"]}]},{\"@type\":\"ImageObject\",\"inLanguage\":\"pt-PT\",\"@id\":\"https:\/\/portaltela.pt\/noticias\/2026\/04\/23\/arruda-dos-vinhos-concede-emprestimo-de-38-milhoes-para-reparar-estradas\/#primaryimage\",\"url\":\"https:\/\/portaltela.pt\/s.01k8rhncp4jt1\/2026\/04\/2083544.jpg\",\"contentUrl\":\"https:\/\/portaltela.pt\/s.01k8rhncp4jt1\/2026\/04\/2083544.jpg\",\"width\":796,\"height\":448,\"caption\":\"O presidente da c\u00e2mara afirmou que o Governo dever\u00e1 transferir para o munic\u00edpio entre 583.000 euros\"},{\"@type\":\"BreadcrumbList\",\"@id\":\"https:\/\/portaltela.pt\/noticias\/2026\/04\/23\/arruda-dos-vinhos-concede-emprestimo-de-38-milhoes-para-reparar-estradas\/#breadcrumb\",\"itemListElement\":[{\"@type\":\"ListItem\",\"position\":1,\"name\":\"In\u00edcio\",\"item\":\"https:\/\/portaltela.pt\/\"},{\"@type\":\"ListItem\",\"position\":2,\"name\":\"Arruda dos Vinhos concede empr\u00e9stimo de 3,8 milh\u00f5es para reparar estradas\"}]},{\"@type\":\"WebSite\",\"@id\":\"https:\/\/portaltela.pt\/#website\",\"url\":\"https:\/\/portaltela.pt\/\",\"name\":\"Portal Tela Portugal\",\"description\":\"\",\"potentialAction\":[{\"@type\":\"SearchAction\",\"target\":{\"@type\":\"EntryPoint\",\"urlTemplate\":\"https:\/\/portaltela.pt\/?s={search_term_string}\"},\"query-input\":{\"@type\":\"PropertyValueSpecification\",\"valueRequired\":true,\"valueName\":\"search_term_string\"}}],\"inLanguage\":\"pt-PT\"},{\"@type\":\"Person\",\"@id\":\"https:\/\/portaltela.pt\/#\/schema\/person\/c4278d4a6028830caff9ee44b42d32ed\",\"name\":\"Telinha\",\"image\":{\"@type\":\"ImageObject\",\"inLanguage\":\"pt-PT\",\"@id\":\"https:\/\/portaltela.pt\/s.01k8rhncp4jt1\/2025\/11\/talking-bot-125x125.png\",\"url\":\"https:\/\/portaltela.pt\/s.01k8rhncp4jt1\/2025\/11\/talking-bot-125x125.png\",\"contentUrl\":\"https:\/\/portaltela.pt\/s.01k8rhncp4jt1\/2025\/11\/talking-bot-125x125.png\",\"caption\":\"Telinha\"},\"sameAs\":[\"https:\/\/portaltela.pt\/\"],\"url\":\"https:\/\/portaltela.pt\/por\/367410592786\/\"}]}<\/script>\n<!-- \/ Yoast SEO plugin. -->","yoast_head_json":{"title":"Arruda dos Vinhos concede empr\u00e9stimo de 3,8 milh\u00f5es para reparar estradas - Portal Tela Portugal","robots":{"index":"index","follow":"follow","max-snippet":"max-snippet:-1","max-image-preview":"max-image-preview:large","max-video-preview":"max-video-preview:-1"},"og_locale":"pt_PT","og_type":"article","og_title":"Arruda dos Vinhos concede empr\u00e9stimo de 3,8 milh\u00f5es para reparar estradas - Portal Tela Portugal","og_description":"A C\u00e2mara de Arruda dos Vinhos aprovou um empr\u00e9stimo de 3,8 milh\u00f5es de euros para reparar estradas danificadas pelo mau tempo de janeiro e fevereiro, com prazo de pagamento de vinte anos e per\u00edodo de car\u00eancia de tr\u00eas. O munic\u00edpio indica um preju\u00edzo de 22 milh\u00f5es de euros at\u00e9 mar\u00e7o, maioritariamente na rede rodovi\u00e1ria, taludes e infraestrutura associada. O Governo deve transferir entre 583 mil e 2 milh\u00f5es de euros, valor considerado insuficiente; apenas para estudos t\u00e9cnicos aponta-se um custo de 1,1 milh\u00f5es. A proposta foi aprovada pela maioria socialista; a coliga\u00e7\u00e3o PSD\/CDS-PP\/IL absteve-se, pedindo acesso a or\u00e7amentos e estudos para garantir transpar\u00eancia. O presidente da c\u00e2mara, Carlos Alves, afirmou que sem apoio central n\u00e3o \u00e9 poss\u00edvel resolver o problema, e que a capacidade de endividamento do munic\u00edpio \u00e9 de 7,2 milh\u00f5es de euros, devendo definir prioridades.","og_url":"https:\/\/portaltela.pt\/noticias\/2026\/04\/23\/arruda-dos-vinhos-concede-emprestimo-de-38-milhoes-para-reparar-estradas\/","og_site_name":"Portal Tela Portugal","article_published_time":"2026-04-23T16:03:34+00:00","author":"Telinha","twitter_card":"summary_large_image","twitter_misc":{"Escrito por":"Telinha","Tempo estimado de leitura":"1 minuto"},"schema":{"@context":"https:\/\/schema.org","@graph":[{"@type":"Article","@id":"https:\/\/portaltela.pt\/noticias\/2026\/04\/23\/arruda-dos-vinhos-concede-emprestimo-de-38-milhoes-para-reparar-estradas\/#article","isPartOf":{"@id":"https:\/\/portaltela.pt\/noticias\/2026\/04\/23\/arruda-dos-vinhos-concede-emprestimo-de-38-milhoes-para-reparar-estradas\/"},"author":{"name":"Telinha","@id":"https:\/\/portaltela.pt\/#\/schema\/person\/c4278d4a6028830caff9ee44b42d32ed"},"headline":"Arruda dos Vinhos concede empr\u00e9stimo de 3,8 milh\u00f5es para reparar estradas","datePublished":"2026-04-23T16:03:34+00:00","mainEntityOfPage":{"@id":"https:\/\/portaltela.pt\/noticias\/2026\/04\/23\/arruda-dos-vinhos-concede-emprestimo-de-38-milhoes-para-reparar-estradas\/"},"wordCount":295,"image":{"@id":"https:\/\/portaltela.pt\/noticias\/2026\/04\/23\/arruda-dos-vinhos-concede-emprestimo-de-38-milhoes-para-reparar-estradas\/#primaryimage"},"thumbnailUrl":"https:\/\/portaltela.pt\/s.01k8rhncp4jt1\/2026\/04\/2083544.jpg","keywords":["_alagamentos","_C\u00e2mara Municipal","_estradas","_gest\u00e3o de infraestruturas","_Lisboa","empr\u00e9stimos"],"articleSection":["Finan\u00e7as Locais","Or\u00e7amento"],"inLanguage":"pt-PT"},{"@type":"WebPage","@id":"https:\/\/portaltela.pt\/noticias\/2026\/04\/23\/arruda-dos-vinhos-concede-emprestimo-de-38-milhoes-para-reparar-estradas\/","url":"https:\/\/portaltela.pt\/noticias\/2026\/04\/23\/arruda-dos-vinhos-concede-emprestimo-de-38-milhoes-para-reparar-estradas\/","name":"Arruda dos Vinhos concede empr\u00e9stimo de 3,8 milh\u00f5es para reparar estradas - Portal Tela Portugal","isPartOf":{"@id":"https:\/\/portaltela.pt\/#website"},"primaryImageOfPage":{"@id":"https:\/\/portaltela.pt\/noticias\/2026\/04\/23\/arruda-dos-vinhos-concede-emprestimo-de-38-milhoes-para-reparar-estradas\/#primaryimage"},"image":{"@id":"https:\/\/portaltela.pt\/noticias\/2026\/04\/23\/arruda-dos-vinhos-concede-emprestimo-de-38-milhoes-para-reparar-estradas\/#primaryimage"},"thumbnailUrl":"https:\/\/portaltela.pt\/s.01k8rhncp4jt1\/2026\/04\/2083544.jpg","datePublished":"2026-04-23T16:03:34+00:00","author":{"@id":"https:\/\/portaltela.pt\/#\/schema\/person\/c4278d4a6028830caff9ee44b42d32ed"},"breadcrumb":{"@id":"https:\/\/portaltela.pt\/noticias\/2026\/04\/23\/arruda-dos-vinhos-concede-emprestimo-de-38-milhoes-para-reparar-estradas\/#breadcrumb"},"inLanguage":"pt-PT","potentialAction":[{"@type":"ReadAction","target":["https:\/\/portaltela.pt\/noticias\/2026\/04\/23\/arruda-dos-vinhos-concede-emprestimo-de-38-milhoes-para-reparar-estradas\/"]}]},{"@type":"ImageObject","inLanguage":"pt-PT","@id":"https:\/\/portaltela.pt\/noticias\/2026\/04\/23\/arruda-dos-vinhos-concede-emprestimo-de-38-milhoes-para-reparar-estradas\/#primaryimage","url":"https:\/\/portaltela.pt\/s.01k8rhncp4jt1\/2026\/04\/2083544.jpg","contentUrl":"https:\/\/portaltela.pt\/s.01k8rhncp4jt1\/2026\/04\/2083544.jpg","width":796,"height":448,"caption":"O presidente da c\u00e2mara afirmou que o Governo dever\u00e1 transferir para o munic\u00edpio entre 583.000 euros"},{"@type":"BreadcrumbList","@id":"https:\/\/portaltela.pt\/noticias\/2026\/04\/23\/arruda-dos-vinhos-concede-emprestimo-de-38-milhoes-para-reparar-estradas\/#breadcrumb","itemListElement":[{"@type":"ListItem","position":1,"name":"In\u00edcio","item":"https:\/\/portaltela.pt\/"},{"@type":"ListItem","position":2,"name":"Arruda dos Vinhos concede empr\u00e9stimo de 3,8 milh\u00f5es para reparar estradas"}]},{"@type":"WebSite","@id":"https:\/\/portaltela.pt\/#website","url":"https:\/\/portaltela.pt\/","name":"Portal Tela Portugal","description":"","potentialAction":[{"@type":"SearchAction","target":{"@type":"EntryPoint","urlTemplate":"https:\/\/portaltela.pt\/?s={search_term_string}"},"query-input":{"@type":"PropertyValueSpecification","valueRequired":true,"valueName":"search_term_string"}}],"inLanguage":"pt-PT"},{"@type":"Person","@id":"https:\/\/portaltela.pt\/#\/schema\/person\/c4278d4a6028830caff9ee44b42d32ed","name":"Telinha","image":{"@type":"ImageObject","inLanguage":"pt-PT","@id":"https:\/\/portaltela.pt\/s.01k8rhncp4jt1\/2025\/11\/talking-bot-125x125.png","url":"https:\/\/portaltela.pt\/s.01k8rhncp4jt1\/2025\/11\/talking-bot-125x125.png","contentUrl":"https:\/\/portaltela.pt\/s.01k8rhncp4jt1\/2025\/11\/talking-bot-125x125.png","caption":"Telinha"},"sameAs":["https:\/\/portaltela.pt\/"],"url":"https:\/\/portaltela.pt\/por\/367410592786\/"}]}},"_links":{"self":[{"href":"https:\/\/portaltela.pt\/api\/wp\/v2\/posts\/456348","targetHints":{"allow":["GET"]}}],"collection":[{"href":"https:\/\/portaltela.pt\/api\/wp\/v2\/posts"}],"about":[{"href":"https:\/\/portaltela.pt\/api\/wp\/v2\/types\/post"}],"author":[{"embeddable":true,"href":"https:\/\/portaltela.pt\/api\/wp\/v2\/users\/2"}],"replies":[{"embeddable":true,"href":"https:\/\/portaltela.pt\/api\/wp\/v2\/comments?post=456348"}],"version-history":[{"count":0,"href":"https:\/\/portaltela.pt\/api\/wp\/v2\/posts\/456348\/revisions"}],"wp:featuredmedia":[{"embeddable":true,"href":"https:\/\/portaltela.pt\/api\/wp\/v2\/media\/456355"}],"wp:attachment":[{"href":"https:\/\/portaltela.pt\/api\/wp\/v2\/media?parent=456348"}],"wp:term":[{"taxonomy":"category","embeddable":true,"href":"https:\/\/portaltela.pt\/api\/wp\/v2\/categories?post=456348"},{"taxonomy":"post_tag","embeddable":true,"href":"https:\/\/portaltela.pt\/api\/wp\/v2\/tags?post=456348"}],"curies":[{"name":"wp","href":"https:\/\/api.w.org\/{rel}","templated":true}]}}