{"id":456319,"date":"2026-04-23T12:49:05","date_gmt":"2026-04-23T15:49:05","guid":{"rendered":"https:\/\/portaltela.pt\/noticias\/2026\/04\/23\/luis-guilherme-ansioso-pela-presenca-no-jamor-na-sua-primeira-final-pelo-sporting\/"},"modified":"2026-04-23T12:49:05","modified_gmt":"2026-04-23T15:49:05","slug":"luis-guilherme-ansioso-pela-presenca-no-jamor-na-sua-primeira-final-pelo-sporting","status":"publish","type":"post","link":"https:\/\/portaltela.pt\/desporto\/futebol\/2026\/04\/23\/luis-guilherme-ansioso-pela-presenca-no-jamor-na-sua-primeira-final-pelo-sporting\/","title":{"rendered":"Lu\u00eds Guilherme ansioso pela presen\u00e7a no Jamor na sua primeira final pelo Sporting"},"content":{"rendered":"<p>Lu\u00eds Guilherme regressou de les\u00e3o e brilhou na viagem que levou o Sporting \u00e0 final da Ta\u00e7a de Portugal. O extremo brasileiro de 20 anos voltou a competir na segunda m\u00e3o das meias-finais frente ao FC Porto, no Drag\u00e3o, ap\u00f3s estar ausente desde 11 de mar\u00e7o.<\/p>\n<p>A restante parte do encontro ficou marcada pela oportunidade criada pelo jogador, quando teve uma ocasi\u00e3o isolada para marcar, mas o guarda-redes Diogo Costa travou o remate. O capit\u00e3o do Sporting, o camisola 31, voltou aos convocados nesta partida decisiva.<\/p>\n<p>Lu\u00eds Guilherme chegou a Alvalade em janeiro, proveniente do West Ham, e participou pela primeira vez na Ta\u00e7a com a camisola verde e branca. O regresso ocorreu na segunda parte, com o brasileiro a entrar numa eliminat\u00f3ria que garantiu a passagem ao Jamor. A les\u00e3o anterior era uma entorse no tornozelo esquerdo. O Sporting confronta o Jamor na final da competi\u00e7\u00e3o.<\/p>\n","protected":false},"excerpt":{"rendered":"<ul>\n<li>Lu\u00eds Guilherme, extremo brasileiro de 20 anos, est\u00e1 ansioso pela final no Jamor, dizendo ser a primeira para ele pelo Sporting.<\/li>\n<li>Volta de les\u00e3o na \u00faltima quarta-feira, na vit\u00f3ria frente ao FC Porto, nas meias-finais da Ta\u00e7a de Portugal.<\/li>\n<li>O jogador viu a qualifica\u00e7\u00e3o do Sporting para a final ser celebrada nas redes sociais, destacando o momento.<\/li>\n<li>Reentrou no Drag\u00e3o na segunda parte, tendo uma oportunidade isolada que Diogo Costa afastou.<\/li>\n<li>N\u00e3o jogava desde 11 de mar\u00e7o, frente ao Bodo\/Glimt, devido a uma entorse no tornozelo esquerdo; integrou convocados para o \u00faltimo classico da Ta\u00e7a.<\/li>\n<\/ul>\n","protected":false},"author":2,"featured_media":456329,"comment_status":"closed","ping_status":"closed","sticky":false,"template":"","format":"standard","meta":{"footnotes":""},"categories":[21,24],"tags":[4172,2028,32,2538,1652,1266],"class_list":["post-456319","post","type-post","status-publish","format-standard","has-post-thumbnail","hentry","category-desporto","category-futebol","tag-brasileiro","tag-fc-porto","tag-futebol","tag-lesoes","tag-sporting","tag-taca-de-portugal"],"yoast_head":"<!-- This site is optimized with the Yoast SEO plugin v27.2 - https:\/\/yoast.com\/product\/yoast-seo-wordpress\/ -->\n<title>Lu\u00eds Guilherme ansioso pela presen\u00e7a no Jamor na sua primeira final pelo Sporting - Portal Tela Portugal<\/title>\n<meta name=\"robots\" content=\"index, follow, max-snippet:-1, max-image-preview:large, max-video-preview:-1\" \/>\n<meta property=\"og:locale\" content=\"pt_PT\" \/>\n<meta property=\"og:type\" content=\"article\" \/>\n<meta property=\"og:title\" content=\"Lu\u00eds Guilherme ansioso pela presen\u00e7a no Jamor na sua primeira final pelo Sporting - Portal Tela Portugal\" \/>\n<meta property=\"og:description\" content=\"Lu\u00eds Guilherme, extremo brasileiro de 20 anos, est\u00e1 ansioso pela final no Jamor, dizendo ser a primeira para ele pelo Sporting. Volta de les\u00e3o na \u00faltima quarta-feira, na vit\u00f3ria frente ao FC Porto, nas meias-finais da Ta\u00e7a de Portugal. O jogador viu a qualifica\u00e7\u00e3o do Sporting para a final ser celebrada nas redes sociais, destacando o momento. Reentrou no Drag\u00e3o na segunda parte, tendo uma oportunidade isolada que Diogo Costa afastou. N\u00e3o jogava desde 11 de mar\u00e7o, frente ao Bodo\/Glimt, devido a uma entorse no tornozelo esquerdo; integrou convocados para o \u00faltimo classico da Ta\u00e7a.\" \/>\n<meta property=\"og:url\" content=\"https:\/\/portaltela.pt\/noticias\/2026\/04\/23\/luis-guilherme-ansioso-pela-presenca-no-jamor-na-sua-primeira-final-pelo-sporting\/\" \/>\n<meta property=\"og:site_name\" content=\"Portal Tela Portugal\" \/>\n<meta property=\"article:published_time\" content=\"2026-04-23T15:49:05+00:00\" \/>\n<meta name=\"author\" content=\"Telinha\" \/>\n<meta name=\"twitter:card\" content=\"summary_large_image\" \/>\n<meta name=\"twitter:label1\" content=\"Escrito por\" \/>\n\t<meta name=\"twitter:data1\" content=\"Telinha\" \/>\n\t<meta name=\"twitter:label2\" content=\"Tempo estimado de leitura\" \/>\n\t<meta name=\"twitter:data2\" content=\"1 minuto\" \/>\n<script type=\"application\/ld+json\" class=\"yoast-schema-graph\">{\"@context\":\"https:\/\/schema.org\",\"@graph\":[{\"@type\":\"Article\",\"@id\":\"https:\/\/portaltela.pt\/noticias\/2026\/04\/23\/luis-guilherme-ansioso-pela-presenca-no-jamor-na-sua-primeira-final-pelo-sporting\/#article\",\"isPartOf\":{\"@id\":\"https:\/\/portaltela.pt\/noticias\/2026\/04\/23\/luis-guilherme-ansioso-pela-presenca-no-jamor-na-sua-primeira-final-pelo-sporting\/\"},\"author\":{\"name\":\"Telinha\",\"@id\":\"https:\/\/portaltela.pt\/#\/schema\/person\/c4278d4a6028830caff9ee44b42d32ed\"},\"headline\":\"Lu\u00eds Guilherme ansioso pela presen\u00e7a no Jamor na sua primeira final pelo Sporting\",\"datePublished\":\"2026-04-23T15:49:05+00:00\",\"mainEntityOfPage\":{\"@id\":\"https:\/\/portaltela.pt\/noticias\/2026\/04\/23\/luis-guilherme-ansioso-pela-presenca-no-jamor-na-sua-primeira-final-pelo-sporting\/\"},\"wordCount\":172,\"image\":{\"@id\":\"https:\/\/portaltela.pt\/noticias\/2026\/04\/23\/luis-guilherme-ansioso-pela-presenca-no-jamor-na-sua-primeira-final-pelo-sporting\/#primaryimage\"},\"thumbnailUrl\":\"https:\/\/portaltela.pt\/s.01k8rhncp4jt1\/2026\/04\/img_920x518uu2026-04-23-16-27-40-2434883.jpg\",\"keywords\":[\"brasileiro\",\"FC Porto\",\"futebol\",\"les\u00f5es\",\"Sporting\",\"Ta\u00e7a de Portugal\"],\"articleSection\":[\"Desporto\",\"Futebol\"],\"inLanguage\":\"pt-PT\"},{\"@type\":\"WebPage\",\"@id\":\"https:\/\/portaltela.pt\/noticias\/2026\/04\/23\/luis-guilherme-ansioso-pela-presenca-no-jamor-na-sua-primeira-final-pelo-sporting\/\",\"url\":\"https:\/\/portaltela.pt\/noticias\/2026\/04\/23\/luis-guilherme-ansioso-pela-presenca-no-jamor-na-sua-primeira-final-pelo-sporting\/\",\"name\":\"Lu\u00eds Guilherme ansioso pela presen\u00e7a no Jamor na sua primeira final pelo Sporting - Portal Tela Portugal\",\"isPartOf\":{\"@id\":\"https:\/\/portaltela.pt\/#website\"},\"primaryImageOfPage\":{\"@id\":\"https:\/\/portaltela.pt\/noticias\/2026\/04\/23\/luis-guilherme-ansioso-pela-presenca-no-jamor-na-sua-primeira-final-pelo-sporting\/#primaryimage\"},\"image\":{\"@id\":\"https:\/\/portaltela.pt\/noticias\/2026\/04\/23\/luis-guilherme-ansioso-pela-presenca-no-jamor-na-sua-primeira-final-pelo-sporting\/#primaryimage\"},\"thumbnailUrl\":\"https:\/\/portaltela.pt\/s.01k8rhncp4jt1\/2026\/04\/img_920x518uu2026-04-23-16-27-40-2434883.jpg\",\"datePublished\":\"2026-04-23T15:49:05+00:00\",\"author\":{\"@id\":\"https:\/\/portaltela.pt\/#\/schema\/person\/c4278d4a6028830caff9ee44b42d32ed\"},\"breadcrumb\":{\"@id\":\"https:\/\/portaltela.pt\/noticias\/2026\/04\/23\/luis-guilherme-ansioso-pela-presenca-no-jamor-na-sua-primeira-final-pelo-sporting\/#breadcrumb\"},\"inLanguage\":\"pt-PT\",\"potentialAction\":[{\"@type\":\"ReadAction\",\"target\":[\"https:\/\/portaltela.pt\/noticias\/2026\/04\/23\/luis-guilherme-ansioso-pela-presenca-no-jamor-na-sua-primeira-final-pelo-sporting\/\"]}]},{\"@type\":\"ImageObject\",\"inLanguage\":\"pt-PT\",\"@id\":\"https:\/\/portaltela.pt\/noticias\/2026\/04\/23\/luis-guilherme-ansioso-pela-presenca-no-jamor-na-sua-primeira-final-pelo-sporting\/#primaryimage\",\"url\":\"https:\/\/portaltela.pt\/s.01k8rhncp4jt1\/2026\/04\/img_920x518uu2026-04-23-16-27-40-2434883.jpg\",\"contentUrl\":\"https:\/\/portaltela.pt\/s.01k8rhncp4jt1\/2026\/04\/img_920x518uu2026-04-23-16-27-40-2434883.jpg\",\"width\":796,\"height\":448,\"caption\":\"Lu\u00eds Guilherme no cl\u00e1ssico no Est\u00e1dio do Drag\u00e3o\"},{\"@type\":\"BreadcrumbList\",\"@id\":\"https:\/\/portaltela.pt\/noticias\/2026\/04\/23\/luis-guilherme-ansioso-pela-presenca-no-jamor-na-sua-primeira-final-pelo-sporting\/#breadcrumb\",\"itemListElement\":[{\"@type\":\"ListItem\",\"position\":1,\"name\":\"In\u00edcio\",\"item\":\"https:\/\/portaltela.pt\/\"},{\"@type\":\"ListItem\",\"position\":2,\"name\":\"Lu\u00eds Guilherme ansioso pela presen\u00e7a no Jamor na sua primeira final pelo Sporting\"}]},{\"@type\":\"WebSite\",\"@id\":\"https:\/\/portaltela.pt\/#website\",\"url\":\"https:\/\/portaltela.pt\/\",\"name\":\"Portal Tela Portugal\",\"description\":\"\",\"potentialAction\":[{\"@type\":\"SearchAction\",\"target\":{\"@type\":\"EntryPoint\",\"urlTemplate\":\"https:\/\/portaltela.pt\/?s={search_term_string}\"},\"query-input\":{\"@type\":\"PropertyValueSpecification\",\"valueRequired\":true,\"valueName\":\"search_term_string\"}}],\"inLanguage\":\"pt-PT\"},{\"@type\":\"Person\",\"@id\":\"https:\/\/portaltela.pt\/#\/schema\/person\/c4278d4a6028830caff9ee44b42d32ed\",\"name\":\"Telinha\",\"image\":{\"@type\":\"ImageObject\",\"inLanguage\":\"pt-PT\",\"@id\":\"https:\/\/portaltela.pt\/s.01k8rhncp4jt1\/2025\/11\/talking-bot-125x125.png\",\"url\":\"https:\/\/portaltela.pt\/s.01k8rhncp4jt1\/2025\/11\/talking-bot-125x125.png\",\"contentUrl\":\"https:\/\/portaltela.pt\/s.01k8rhncp4jt1\/2025\/11\/talking-bot-125x125.png\",\"caption\":\"Telinha\"},\"sameAs\":[\"https:\/\/portaltela.pt\/\"],\"url\":\"https:\/\/portaltela.pt\/por\/367410592786\/\"}]}<\/script>\n<!-- \/ Yoast SEO plugin. -->","yoast_head_json":{"title":"Lu\u00eds Guilherme ansioso pela presen\u00e7a no Jamor na sua primeira final pelo Sporting - Portal Tela Portugal","robots":{"index":"index","follow":"follow","max-snippet":"max-snippet:-1","max-image-preview":"max-image-preview:large","max-video-preview":"max-video-preview:-1"},"og_locale":"pt_PT","og_type":"article","og_title":"Lu\u00eds Guilherme ansioso pela presen\u00e7a no Jamor na sua primeira final pelo Sporting - Portal Tela Portugal","og_description":"Lu\u00eds Guilherme, extremo brasileiro de 20 anos, est\u00e1 ansioso pela final no Jamor, dizendo ser a primeira para ele pelo Sporting. Volta de les\u00e3o na \u00faltima quarta-feira, na vit\u00f3ria frente ao FC Porto, nas meias-finais da Ta\u00e7a de Portugal. O jogador viu a qualifica\u00e7\u00e3o do Sporting para a final ser celebrada nas redes sociais, destacando o momento. Reentrou no Drag\u00e3o na segunda parte, tendo uma oportunidade isolada que Diogo Costa afastou. N\u00e3o jogava desde 11 de mar\u00e7o, frente ao Bodo\/Glimt, devido a uma entorse no tornozelo esquerdo; integrou convocados para o \u00faltimo classico da Ta\u00e7a.","og_url":"https:\/\/portaltela.pt\/noticias\/2026\/04\/23\/luis-guilherme-ansioso-pela-presenca-no-jamor-na-sua-primeira-final-pelo-sporting\/","og_site_name":"Portal Tela Portugal","article_published_time":"2026-04-23T15:49:05+00:00","author":"Telinha","twitter_card":"summary_large_image","twitter_misc":{"Escrito por":"Telinha","Tempo estimado de leitura":"1 minuto"},"schema":{"@context":"https:\/\/schema.org","@graph":[{"@type":"Article","@id":"https:\/\/portaltela.pt\/noticias\/2026\/04\/23\/luis-guilherme-ansioso-pela-presenca-no-jamor-na-sua-primeira-final-pelo-sporting\/#article","isPartOf":{"@id":"https:\/\/portaltela.pt\/noticias\/2026\/04\/23\/luis-guilherme-ansioso-pela-presenca-no-jamor-na-sua-primeira-final-pelo-sporting\/"},"author":{"name":"Telinha","@id":"https:\/\/portaltela.pt\/#\/schema\/person\/c4278d4a6028830caff9ee44b42d32ed"},"headline":"Lu\u00eds Guilherme ansioso pela presen\u00e7a no Jamor na sua primeira final pelo Sporting","datePublished":"2026-04-23T15:49:05+00:00","mainEntityOfPage":{"@id":"https:\/\/portaltela.pt\/noticias\/2026\/04\/23\/luis-guilherme-ansioso-pela-presenca-no-jamor-na-sua-primeira-final-pelo-sporting\/"},"wordCount":172,"image":{"@id":"https:\/\/portaltela.pt\/noticias\/2026\/04\/23\/luis-guilherme-ansioso-pela-presenca-no-jamor-na-sua-primeira-final-pelo-sporting\/#primaryimage"},"thumbnailUrl":"https:\/\/portaltela.pt\/s.01k8rhncp4jt1\/2026\/04\/img_920x518uu2026-04-23-16-27-40-2434883.jpg","keywords":["brasileiro","FC Porto","futebol","les\u00f5es","Sporting","Ta\u00e7a de Portugal"],"articleSection":["Desporto","Futebol"],"inLanguage":"pt-PT"},{"@type":"WebPage","@id":"https:\/\/portaltela.pt\/noticias\/2026\/04\/23\/luis-guilherme-ansioso-pela-presenca-no-jamor-na-sua-primeira-final-pelo-sporting\/","url":"https:\/\/portaltela.pt\/noticias\/2026\/04\/23\/luis-guilherme-ansioso-pela-presenca-no-jamor-na-sua-primeira-final-pelo-sporting\/","name":"Lu\u00eds Guilherme ansioso pela presen\u00e7a no Jamor na sua primeira final pelo Sporting - Portal Tela Portugal","isPartOf":{"@id":"https:\/\/portaltela.pt\/#website"},"primaryImageOfPage":{"@id":"https:\/\/portaltela.pt\/noticias\/2026\/04\/23\/luis-guilherme-ansioso-pela-presenca-no-jamor-na-sua-primeira-final-pelo-sporting\/#primaryimage"},"image":{"@id":"https:\/\/portaltela.pt\/noticias\/2026\/04\/23\/luis-guilherme-ansioso-pela-presenca-no-jamor-na-sua-primeira-final-pelo-sporting\/#primaryimage"},"thumbnailUrl":"https:\/\/portaltela.pt\/s.01k8rhncp4jt1\/2026\/04\/img_920x518uu2026-04-23-16-27-40-2434883.jpg","datePublished":"2026-04-23T15:49:05+00:00","author":{"@id":"https:\/\/portaltela.pt\/#\/schema\/person\/c4278d4a6028830caff9ee44b42d32ed"},"breadcrumb":{"@id":"https:\/\/portaltela.pt\/noticias\/2026\/04\/23\/luis-guilherme-ansioso-pela-presenca-no-jamor-na-sua-primeira-final-pelo-sporting\/#breadcrumb"},"inLanguage":"pt-PT","potentialAction":[{"@type":"ReadAction","target":["https:\/\/portaltela.pt\/noticias\/2026\/04\/23\/luis-guilherme-ansioso-pela-presenca-no-jamor-na-sua-primeira-final-pelo-sporting\/"]}]},{"@type":"ImageObject","inLanguage":"pt-PT","@id":"https:\/\/portaltela.pt\/noticias\/2026\/04\/23\/luis-guilherme-ansioso-pela-presenca-no-jamor-na-sua-primeira-final-pelo-sporting\/#primaryimage","url":"https:\/\/portaltela.pt\/s.01k8rhncp4jt1\/2026\/04\/img_920x518uu2026-04-23-16-27-40-2434883.jpg","contentUrl":"https:\/\/portaltela.pt\/s.01k8rhncp4jt1\/2026\/04\/img_920x518uu2026-04-23-16-27-40-2434883.jpg","width":796,"height":448,"caption":"Lu\u00eds Guilherme no cl\u00e1ssico no Est\u00e1dio do Drag\u00e3o"},{"@type":"BreadcrumbList","@id":"https:\/\/portaltela.pt\/noticias\/2026\/04\/23\/luis-guilherme-ansioso-pela-presenca-no-jamor-na-sua-primeira-final-pelo-sporting\/#breadcrumb","itemListElement":[{"@type":"ListItem","position":1,"name":"In\u00edcio","item":"https:\/\/portaltela.pt\/"},{"@type":"ListItem","position":2,"name":"Lu\u00eds Guilherme ansioso pela presen\u00e7a no Jamor na sua primeira final pelo Sporting"}]},{"@type":"WebSite","@id":"https:\/\/portaltela.pt\/#website","url":"https:\/\/portaltela.pt\/","name":"Portal Tela Portugal","description":"","potentialAction":[{"@type":"SearchAction","target":{"@type":"EntryPoint","urlTemplate":"https:\/\/portaltela.pt\/?s={search_term_string}"},"query-input":{"@type":"PropertyValueSpecification","valueRequired":true,"valueName":"search_term_string"}}],"inLanguage":"pt-PT"},{"@type":"Person","@id":"https:\/\/portaltela.pt\/#\/schema\/person\/c4278d4a6028830caff9ee44b42d32ed","name":"Telinha","image":{"@type":"ImageObject","inLanguage":"pt-PT","@id":"https:\/\/portaltela.pt\/s.01k8rhncp4jt1\/2025\/11\/talking-bot-125x125.png","url":"https:\/\/portaltela.pt\/s.01k8rhncp4jt1\/2025\/11\/talking-bot-125x125.png","contentUrl":"https:\/\/portaltela.pt\/s.01k8rhncp4jt1\/2025\/11\/talking-bot-125x125.png","caption":"Telinha"},"sameAs":["https:\/\/portaltela.pt\/"],"url":"https:\/\/portaltela.pt\/por\/367410592786\/"}]}},"_links":{"self":[{"href":"https:\/\/portaltela.pt\/api\/wp\/v2\/posts\/456319","targetHints":{"allow":["GET"]}}],"collection":[{"href":"https:\/\/portaltela.pt\/api\/wp\/v2\/posts"}],"about":[{"href":"https:\/\/portaltela.pt\/api\/wp\/v2\/types\/post"}],"author":[{"embeddable":true,"href":"https:\/\/portaltela.pt\/api\/wp\/v2\/users\/2"}],"replies":[{"embeddable":true,"href":"https:\/\/portaltela.pt\/api\/wp\/v2\/comments?post=456319"}],"version-history":[{"count":0,"href":"https:\/\/portaltela.pt\/api\/wp\/v2\/posts\/456319\/revisions"}],"wp:featuredmedia":[{"embeddable":true,"href":"https:\/\/portaltela.pt\/api\/wp\/v2\/media\/456329"}],"wp:attachment":[{"href":"https:\/\/portaltela.pt\/api\/wp\/v2\/media?parent=456319"}],"wp:term":[{"taxonomy":"category","embeddable":true,"href":"https:\/\/portaltela.pt\/api\/wp\/v2\/categories?post=456319"},{"taxonomy":"post_tag","embeddable":true,"href":"https:\/\/portaltela.pt\/api\/wp\/v2\/tags?post=456319"}],"curies":[{"name":"wp","href":"https:\/\/api.w.org\/{rel}","templated":true}]}}