{"id":456309,"date":"2026-04-23T12:48:48","date_gmt":"2026-04-23T15:48:48","guid":{"rendered":"https:\/\/portaltela.pt\/noticias\/2026\/04\/23\/inter-nao-verga-calhanoglu-e-intransferivel\/"},"modified":"2026-04-23T12:48:48","modified_gmt":"2026-04-23T15:48:48","slug":"inter-nao-verga-calhanoglu-e-intransferivel","status":"publish","type":"post","link":"https:\/\/portaltela.pt\/desporto\/futebol\/2026\/04\/23\/inter-nao-verga-calhanoglu-e-intransferivel\/","title":{"rendered":"Inter n\u00e3o verga: \u00c7alhanoglu \u00e9 intransfer\u00edvel"},"content":{"rendered":"<p>O Inter de Mil\u00e3o tomou a decis\u00e3o de manter Hakan \u00c7alhanoglu intransfer\u00edvel. A dire\u00e7\u00e3o do clube j\u00e1 trabalha numa proposta de renova\u00e7\u00e3o com o m\u00e9dio turco.<\/p>\n<p>A informa\u00e7\u00e3o foi avan\u00e7ada pela Gazzetta dello Sport, que aponta que o treinador Christian Chivu o considera pe\u00e7a-chave da sua estrat\u00e9gia.<\/p>\n<p>\u00c7alhanoglu tem 32 anos e est\u00e1 ligado ao Inter at\u00e9 2027, v\u00ednculo que o clube pretende manter mediante a renova\u00e7\u00e3o em curso.<\/p>\n<p>A decis\u00e3o de n\u00e3o permitir sa\u00eddas surge no contexto de refor\u00e7ar a unidade da equipa e manter a continuidade do projeto t\u00e9cnico em It\u00e1lia.<\/p>\n","protected":false},"excerpt":{"rendered":"<ul>\n<li>O Inter de Mil\u00e3o considera Hakan \u00c7alhanoglu intransfer\u00edvel, com a dire\u00e7\u00e3o j\u00e1 a preparar uma proposta de renova\u00e7\u00e3o.<\/li>\n<li>O treinador Cristian Chivu v\u00ea o m\u00e9dio turco como elemento essencial da estrat\u00e9gia da equipa.<\/li>\n<li>\u00c7alhanoglu tem 32 anos e est\u00e1 ligado ao Inter at\u00e9 2027.<\/li>\n<li>A informa\u00e7\u00e3o foi avan\u00e7ada pela Gazzetta dello Sport.<\/li>\n<\/ul>\n","protected":false},"author":2,"featured_media":456313,"comment_status":"closed","ping_status":"closed","sticky":false,"template":"","format":"standard","meta":{"footnotes":""},"categories":[21,24],"tags":[32,3338,4813,1857,6430],"class_list":["post-456309","post","type-post","status-publish","format-standard","has-post-thumbnail","hentry","category-desporto","category-futebol","tag-futebol","tag-futebol-internacional","tag-inter-milao","tag-italia","tag-renovacoes"],"yoast_head":"<!-- This site is optimized with the Yoast SEO plugin v27.2 - https:\/\/yoast.com\/product\/yoast-seo-wordpress\/ -->\n<title>Inter n\u00e3o verga: \u00c7alhanoglu \u00e9 intransfer\u00edvel - Portal Tela Portugal<\/title>\n<meta name=\"robots\" content=\"index, follow, max-snippet:-1, max-image-preview:large, max-video-preview:-1\" \/>\n<meta property=\"og:locale\" content=\"pt_PT\" \/>\n<meta property=\"og:type\" content=\"article\" \/>\n<meta property=\"og:title\" content=\"Inter n\u00e3o verga: \u00c7alhanoglu \u00e9 intransfer\u00edvel - Portal Tela Portugal\" \/>\n<meta property=\"og:description\" content=\"O Inter de Mil\u00e3o considera Hakan \u00c7alhanoglu intransfer\u00edvel, com a dire\u00e7\u00e3o j\u00e1 a preparar uma proposta de renova\u00e7\u00e3o. O treinador Cristian Chivu v\u00ea o m\u00e9dio turco como elemento essencial da estrat\u00e9gia da equipa. \u00c7alhanoglu tem 32 anos e est\u00e1 ligado ao Inter at\u00e9 2027. A informa\u00e7\u00e3o foi avan\u00e7ada pela Gazzetta dello Sport.\" \/>\n<meta property=\"og:url\" content=\"https:\/\/portaltela.pt\/noticias\/2026\/04\/23\/inter-nao-verga-calhanoglu-e-intransferivel\/\" \/>\n<meta property=\"og:site_name\" content=\"Portal Tela Portugal\" \/>\n<meta property=\"article:published_time\" content=\"2026-04-23T15:48:48+00:00\" \/>\n<meta name=\"author\" content=\"Telinha\" \/>\n<meta name=\"twitter:card\" content=\"summary_large_image\" \/>\n<meta name=\"twitter:label1\" content=\"Escrito por\" \/>\n\t<meta name=\"twitter:data1\" content=\"Telinha\" \/>\n\t<meta name=\"twitter:label2\" content=\"Tempo estimado de leitura\" \/>\n\t<meta name=\"twitter:data2\" content=\"1 minuto\" \/>\n<script type=\"application\/ld+json\" class=\"yoast-schema-graph\">{\"@context\":\"https:\/\/schema.org\",\"@graph\":[{\"@type\":\"Article\",\"@id\":\"https:\/\/portaltela.pt\/noticias\/2026\/04\/23\/inter-nao-verga-calhanoglu-e-intransferivel\/#article\",\"isPartOf\":{\"@id\":\"https:\/\/portaltela.pt\/noticias\/2026\/04\/23\/inter-nao-verga-calhanoglu-e-intransferivel\/\"},\"author\":{\"name\":\"Telinha\",\"@id\":\"https:\/\/portaltela.pt\/#\/schema\/person\/c4278d4a6028830caff9ee44b42d32ed\"},\"headline\":\"Inter n\u00e3o verga: \u00c7alhanoglu \u00e9 intransfer\u00edvel\",\"datePublished\":\"2026-04-23T15:48:48+00:00\",\"mainEntityOfPage\":{\"@id\":\"https:\/\/portaltela.pt\/noticias\/2026\/04\/23\/inter-nao-verga-calhanoglu-e-intransferivel\/\"},\"wordCount\":116,\"image\":{\"@id\":\"https:\/\/portaltela.pt\/noticias\/2026\/04\/23\/inter-nao-verga-calhanoglu-e-intransferivel\/#primaryimage\"},\"thumbnailUrl\":\"https:\/\/portaltela.pt\/s.01k8rhncp4jt1\/2026\/04\/img_920x518uu2026-04-23-16-42-31-2434890.jpg\",\"keywords\":[\"futebol\",\"futebol internacional\",\"Inter Mil\u00e3o\",\"It\u00e1lia\",\"renova\u00e7\u00f5es\"],\"articleSection\":[\"Desporto\",\"Futebol\"],\"inLanguage\":\"pt-PT\"},{\"@type\":\"WebPage\",\"@id\":\"https:\/\/portaltela.pt\/noticias\/2026\/04\/23\/inter-nao-verga-calhanoglu-e-intransferivel\/\",\"url\":\"https:\/\/portaltela.pt\/noticias\/2026\/04\/23\/inter-nao-verga-calhanoglu-e-intransferivel\/\",\"name\":\"Inter n\u00e3o verga: \u00c7alhanoglu \u00e9 intransfer\u00edvel - Portal Tela Portugal\",\"isPartOf\":{\"@id\":\"https:\/\/portaltela.pt\/#website\"},\"primaryImageOfPage\":{\"@id\":\"https:\/\/portaltela.pt\/noticias\/2026\/04\/23\/inter-nao-verga-calhanoglu-e-intransferivel\/#primaryimage\"},\"image\":{\"@id\":\"https:\/\/portaltela.pt\/noticias\/2026\/04\/23\/inter-nao-verga-calhanoglu-e-intransferivel\/#primaryimage\"},\"thumbnailUrl\":\"https:\/\/portaltela.pt\/s.01k8rhncp4jt1\/2026\/04\/img_920x518uu2026-04-23-16-42-31-2434890.jpg\",\"datePublished\":\"2026-04-23T15:48:48+00:00\",\"author\":{\"@id\":\"https:\/\/portaltela.pt\/#\/schema\/person\/c4278d4a6028830caff9ee44b42d32ed\"},\"breadcrumb\":{\"@id\":\"https:\/\/portaltela.pt\/noticias\/2026\/04\/23\/inter-nao-verga-calhanoglu-e-intransferivel\/#breadcrumb\"},\"inLanguage\":\"pt-PT\",\"potentialAction\":[{\"@type\":\"ReadAction\",\"target\":[\"https:\/\/portaltela.pt\/noticias\/2026\/04\/23\/inter-nao-verga-calhanoglu-e-intransferivel\/\"]}]},{\"@type\":\"ImageObject\",\"inLanguage\":\"pt-PT\",\"@id\":\"https:\/\/portaltela.pt\/noticias\/2026\/04\/23\/inter-nao-verga-calhanoglu-e-intransferivel\/#primaryimage\",\"url\":\"https:\/\/portaltela.pt\/s.01k8rhncp4jt1\/2026\/04\/img_920x518uu2026-04-23-16-42-31-2434890.jpg\",\"contentUrl\":\"https:\/\/portaltela.pt\/s.01k8rhncp4jt1\/2026\/04\/img_920x518uu2026-04-23-16-42-31-2434890.jpg\",\"width\":796,\"height\":448,\"caption\":\"\u00c7alhanoglu intransfer\u00edvel para Chivu\"},{\"@type\":\"BreadcrumbList\",\"@id\":\"https:\/\/portaltela.pt\/noticias\/2026\/04\/23\/inter-nao-verga-calhanoglu-e-intransferivel\/#breadcrumb\",\"itemListElement\":[{\"@type\":\"ListItem\",\"position\":1,\"name\":\"In\u00edcio\",\"item\":\"https:\/\/portaltela.pt\/\"},{\"@type\":\"ListItem\",\"position\":2,\"name\":\"Inter n\u00e3o verga: \u00c7alhanoglu \u00e9 intransfer\u00edvel\"}]},{\"@type\":\"WebSite\",\"@id\":\"https:\/\/portaltela.pt\/#website\",\"url\":\"https:\/\/portaltela.pt\/\",\"name\":\"Portal Tela Portugal\",\"description\":\"\",\"potentialAction\":[{\"@type\":\"SearchAction\",\"target\":{\"@type\":\"EntryPoint\",\"urlTemplate\":\"https:\/\/portaltela.pt\/?s={search_term_string}\"},\"query-input\":{\"@type\":\"PropertyValueSpecification\",\"valueRequired\":true,\"valueName\":\"search_term_string\"}}],\"inLanguage\":\"pt-PT\"},{\"@type\":\"Person\",\"@id\":\"https:\/\/portaltela.pt\/#\/schema\/person\/c4278d4a6028830caff9ee44b42d32ed\",\"name\":\"Telinha\",\"image\":{\"@type\":\"ImageObject\",\"inLanguage\":\"pt-PT\",\"@id\":\"https:\/\/portaltela.pt\/s.01k8rhncp4jt1\/2025\/11\/talking-bot-125x125.png\",\"url\":\"https:\/\/portaltela.pt\/s.01k8rhncp4jt1\/2025\/11\/talking-bot-125x125.png\",\"contentUrl\":\"https:\/\/portaltela.pt\/s.01k8rhncp4jt1\/2025\/11\/talking-bot-125x125.png\",\"caption\":\"Telinha\"},\"sameAs\":[\"https:\/\/portaltela.pt\/\"],\"url\":\"https:\/\/portaltela.pt\/por\/367410592786\/\"}]}<\/script>\n<!-- \/ Yoast SEO plugin. -->","yoast_head_json":{"title":"Inter n\u00e3o verga: \u00c7alhanoglu \u00e9 intransfer\u00edvel - Portal Tela Portugal","robots":{"index":"index","follow":"follow","max-snippet":"max-snippet:-1","max-image-preview":"max-image-preview:large","max-video-preview":"max-video-preview:-1"},"og_locale":"pt_PT","og_type":"article","og_title":"Inter n\u00e3o verga: \u00c7alhanoglu \u00e9 intransfer\u00edvel - Portal Tela Portugal","og_description":"O Inter de Mil\u00e3o considera Hakan \u00c7alhanoglu intransfer\u00edvel, com a dire\u00e7\u00e3o j\u00e1 a preparar uma proposta de renova\u00e7\u00e3o. O treinador Cristian Chivu v\u00ea o m\u00e9dio turco como elemento essencial da estrat\u00e9gia da equipa. \u00c7alhanoglu tem 32 anos e est\u00e1 ligado ao Inter at\u00e9 2027. A informa\u00e7\u00e3o foi avan\u00e7ada pela Gazzetta dello Sport.","og_url":"https:\/\/portaltela.pt\/noticias\/2026\/04\/23\/inter-nao-verga-calhanoglu-e-intransferivel\/","og_site_name":"Portal Tela Portugal","article_published_time":"2026-04-23T15:48:48+00:00","author":"Telinha","twitter_card":"summary_large_image","twitter_misc":{"Escrito por":"Telinha","Tempo estimado de leitura":"1 minuto"},"schema":{"@context":"https:\/\/schema.org","@graph":[{"@type":"Article","@id":"https:\/\/portaltela.pt\/noticias\/2026\/04\/23\/inter-nao-verga-calhanoglu-e-intransferivel\/#article","isPartOf":{"@id":"https:\/\/portaltela.pt\/noticias\/2026\/04\/23\/inter-nao-verga-calhanoglu-e-intransferivel\/"},"author":{"name":"Telinha","@id":"https:\/\/portaltela.pt\/#\/schema\/person\/c4278d4a6028830caff9ee44b42d32ed"},"headline":"Inter n\u00e3o verga: \u00c7alhanoglu \u00e9 intransfer\u00edvel","datePublished":"2026-04-23T15:48:48+00:00","mainEntityOfPage":{"@id":"https:\/\/portaltela.pt\/noticias\/2026\/04\/23\/inter-nao-verga-calhanoglu-e-intransferivel\/"},"wordCount":116,"image":{"@id":"https:\/\/portaltela.pt\/noticias\/2026\/04\/23\/inter-nao-verga-calhanoglu-e-intransferivel\/#primaryimage"},"thumbnailUrl":"https:\/\/portaltela.pt\/s.01k8rhncp4jt1\/2026\/04\/img_920x518uu2026-04-23-16-42-31-2434890.jpg","keywords":["futebol","futebol internacional","Inter Mil\u00e3o","It\u00e1lia","renova\u00e7\u00f5es"],"articleSection":["Desporto","Futebol"],"inLanguage":"pt-PT"},{"@type":"WebPage","@id":"https:\/\/portaltela.pt\/noticias\/2026\/04\/23\/inter-nao-verga-calhanoglu-e-intransferivel\/","url":"https:\/\/portaltela.pt\/noticias\/2026\/04\/23\/inter-nao-verga-calhanoglu-e-intransferivel\/","name":"Inter n\u00e3o verga: \u00c7alhanoglu \u00e9 intransfer\u00edvel - Portal Tela Portugal","isPartOf":{"@id":"https:\/\/portaltela.pt\/#website"},"primaryImageOfPage":{"@id":"https:\/\/portaltela.pt\/noticias\/2026\/04\/23\/inter-nao-verga-calhanoglu-e-intransferivel\/#primaryimage"},"image":{"@id":"https:\/\/portaltela.pt\/noticias\/2026\/04\/23\/inter-nao-verga-calhanoglu-e-intransferivel\/#primaryimage"},"thumbnailUrl":"https:\/\/portaltela.pt\/s.01k8rhncp4jt1\/2026\/04\/img_920x518uu2026-04-23-16-42-31-2434890.jpg","datePublished":"2026-04-23T15:48:48+00:00","author":{"@id":"https:\/\/portaltela.pt\/#\/schema\/person\/c4278d4a6028830caff9ee44b42d32ed"},"breadcrumb":{"@id":"https:\/\/portaltela.pt\/noticias\/2026\/04\/23\/inter-nao-verga-calhanoglu-e-intransferivel\/#breadcrumb"},"inLanguage":"pt-PT","potentialAction":[{"@type":"ReadAction","target":["https:\/\/portaltela.pt\/noticias\/2026\/04\/23\/inter-nao-verga-calhanoglu-e-intransferivel\/"]}]},{"@type":"ImageObject","inLanguage":"pt-PT","@id":"https:\/\/portaltela.pt\/noticias\/2026\/04\/23\/inter-nao-verga-calhanoglu-e-intransferivel\/#primaryimage","url":"https:\/\/portaltela.pt\/s.01k8rhncp4jt1\/2026\/04\/img_920x518uu2026-04-23-16-42-31-2434890.jpg","contentUrl":"https:\/\/portaltela.pt\/s.01k8rhncp4jt1\/2026\/04\/img_920x518uu2026-04-23-16-42-31-2434890.jpg","width":796,"height":448,"caption":"\u00c7alhanoglu intransfer\u00edvel para Chivu"},{"@type":"BreadcrumbList","@id":"https:\/\/portaltela.pt\/noticias\/2026\/04\/23\/inter-nao-verga-calhanoglu-e-intransferivel\/#breadcrumb","itemListElement":[{"@type":"ListItem","position":1,"name":"In\u00edcio","item":"https:\/\/portaltela.pt\/"},{"@type":"ListItem","position":2,"name":"Inter n\u00e3o verga: \u00c7alhanoglu \u00e9 intransfer\u00edvel"}]},{"@type":"WebSite","@id":"https:\/\/portaltela.pt\/#website","url":"https:\/\/portaltela.pt\/","name":"Portal Tela Portugal","description":"","potentialAction":[{"@type":"SearchAction","target":{"@type":"EntryPoint","urlTemplate":"https:\/\/portaltela.pt\/?s={search_term_string}"},"query-input":{"@type":"PropertyValueSpecification","valueRequired":true,"valueName":"search_term_string"}}],"inLanguage":"pt-PT"},{"@type":"Person","@id":"https:\/\/portaltela.pt\/#\/schema\/person\/c4278d4a6028830caff9ee44b42d32ed","name":"Telinha","image":{"@type":"ImageObject","inLanguage":"pt-PT","@id":"https:\/\/portaltela.pt\/s.01k8rhncp4jt1\/2025\/11\/talking-bot-125x125.png","url":"https:\/\/portaltela.pt\/s.01k8rhncp4jt1\/2025\/11\/talking-bot-125x125.png","contentUrl":"https:\/\/portaltela.pt\/s.01k8rhncp4jt1\/2025\/11\/talking-bot-125x125.png","caption":"Telinha"},"sameAs":["https:\/\/portaltela.pt\/"],"url":"https:\/\/portaltela.pt\/por\/367410592786\/"}]}},"_links":{"self":[{"href":"https:\/\/portaltela.pt\/api\/wp\/v2\/posts\/456309","targetHints":{"allow":["GET"]}}],"collection":[{"href":"https:\/\/portaltela.pt\/api\/wp\/v2\/posts"}],"about":[{"href":"https:\/\/portaltela.pt\/api\/wp\/v2\/types\/post"}],"author":[{"embeddable":true,"href":"https:\/\/portaltela.pt\/api\/wp\/v2\/users\/2"}],"replies":[{"embeddable":true,"href":"https:\/\/portaltela.pt\/api\/wp\/v2\/comments?post=456309"}],"version-history":[{"count":0,"href":"https:\/\/portaltela.pt\/api\/wp\/v2\/posts\/456309\/revisions"}],"wp:featuredmedia":[{"embeddable":true,"href":"https:\/\/portaltela.pt\/api\/wp\/v2\/media\/456313"}],"wp:attachment":[{"href":"https:\/\/portaltela.pt\/api\/wp\/v2\/media?parent=456309"}],"wp:term":[{"taxonomy":"category","embeddable":true,"href":"https:\/\/portaltela.pt\/api\/wp\/v2\/categories?post=456309"},{"taxonomy":"post_tag","embeddable":true,"href":"https:\/\/portaltela.pt\/api\/wp\/v2\/tags?post=456309"}],"curies":[{"name":"wp","href":"https:\/\/api.w.org\/{rel}","templated":true}]}}