{"id":456303,"date":"2026-04-23T12:48:42","date_gmt":"2026-04-23T15:48:42","guid":{"rendered":"https:\/\/portaltela.pt\/noticias\/2026\/04\/23\/rui-costa-diz-que-o-benfica-foi-prejudicado-durante-10-anos\/"},"modified":"2026-04-23T12:48:42","modified_gmt":"2026-04-23T15:48:42","slug":"rui-costa-diz-que-o-benfica-foi-prejudicado-durante-10-anos","status":"publish","type":"post","link":"https:\/\/portaltela.pt\/desporto\/futebol\/2026\/04\/23\/rui-costa-diz-que-o-benfica-foi-prejudicado-durante-10-anos\/","title":{"rendered":"Rui Costa diz que o Benfica foi prejudicado durante 10 anos"},"content":{"rendered":"<p>Rui Costa reagiu hoje, \u00e0 sa\u00edda do Campus de Justi\u00e7a, ao ver a leitura da senten\u00e7a do Processo Saco Azul. O presidente do Benfica acompanhou a not\u00edcia de que a Benfica SAD foi absolvida, tal como os restantes arguidos.<\/p>\n<p>A leitura ocorreu em Lisboa, ap\u00f3s a tramita\u00e7\u00e3o do caso no tribunal competente. O chefe do clube da Luz considerou o desfecho como uma vit\u00f3ria importante para o Benfica, destacando o impacto para o clube.<\/p>\n<p>Segundo a comunica\u00e7\u00e3o da decis\u00e3o, a Benfica SAD saiu ilibada das acusa\u00e7\u00f5es associadas ao processo, ao lado dos outros arguidos envolvidos. A leitura da senten\u00e7a encerra uma etapa relevante para o emblema encarnado.<\/p>\n<p>N\u00e3o foi poss\u00edvel confirmar, a este momento, se o veredicto ter\u00e1 repercuss\u00f5es em \u00e1reas adicionais da gest\u00e3o do clube ou nos recursos legais em curso. O Benfica mant\u00e9m posi\u00e7\u00e3o neutra e aguarda eventuais comunicados oficiais.<\/p>\n<p>O caso Saco Azul, que teve ampla cobertura medi\u00e1tica, termina com o desfecho favor\u00e1vel para o Benfica SAD, conforme anunciado hoje pelas autoridades judici\u00e1rias em Lisboa.<\/p>\n","protected":false},"excerpt":{"rendered":"<ul>\n<li>Rui Costa reagiu \u00e0 leitura da senten\u00e7a do Processo Saco Azul, \u00e0 sa\u00edda do Campus de Justi\u00e7a, em Lisboa.<\/li>\n<li>A Benfica SAD foi considerada ilibada, assim como os restantes arguidos.<\/li>\n<li>O presidente do Benfica afirmou que a decis\u00e3o representa uma grande vit\u00f3ria para o clube da Luz.<\/li>\n<\/ul>\n","protected":false},"author":2,"featured_media":456310,"comment_status":"closed","ping_status":"closed","sticky":false,"template":"","format":"standard","meta":{"footnotes":""},"categories":[21,24],"tags":[1946,3972,803,981,3667,6208],"class_list":["post-456303","post","type-post","status-publish","format-standard","has-post-thumbnail","hentry","category-desporto","category-futebol","tag-benfica","tag-benfica-sad","tag-justica","tag-lisboa","tag-processos","tag-tribunais"],"yoast_head":"<!-- This site is optimized with the Yoast SEO plugin v27.2 - https:\/\/yoast.com\/product\/yoast-seo-wordpress\/ -->\n<title>Rui Costa diz que o Benfica foi prejudicado durante 10 anos - Portal Tela Portugal<\/title>\n<meta name=\"robots\" content=\"index, follow, max-snippet:-1, max-image-preview:large, max-video-preview:-1\" \/>\n<meta property=\"og:locale\" content=\"pt_PT\" \/>\n<meta property=\"og:type\" content=\"article\" \/>\n<meta property=\"og:title\" content=\"Rui Costa diz que o Benfica foi prejudicado durante 10 anos - Portal Tela Portugal\" \/>\n<meta property=\"og:description\" content=\"Rui Costa reagiu \u00e0 leitura da senten\u00e7a do Processo Saco Azul, \u00e0 sa\u00edda do Campus de Justi\u00e7a, em Lisboa. A Benfica SAD foi considerada ilibada, assim como os restantes arguidos. O presidente do Benfica afirmou que a decis\u00e3o representa uma grande vit\u00f3ria para o clube da Luz.\" \/>\n<meta property=\"og:url\" content=\"https:\/\/portaltela.pt\/noticias\/2026\/04\/23\/rui-costa-diz-que-o-benfica-foi-prejudicado-durante-10-anos\/\" \/>\n<meta property=\"og:site_name\" content=\"Portal Tela Portugal\" \/>\n<meta property=\"article:published_time\" content=\"2026-04-23T15:48:42+00:00\" \/>\n<meta name=\"author\" content=\"Telinha\" \/>\n<meta name=\"twitter:card\" content=\"summary_large_image\" \/>\n<meta name=\"twitter:label1\" content=\"Escrito por\" \/>\n\t<meta name=\"twitter:data1\" content=\"Telinha\" \/>\n\t<meta name=\"twitter:label2\" content=\"Tempo estimado de leitura\" \/>\n\t<meta name=\"twitter:data2\" content=\"1 minuto\" \/>\n<script type=\"application\/ld+json\" class=\"yoast-schema-graph\">{\"@context\":\"https:\/\/schema.org\",\"@graph\":[{\"@type\":\"Article\",\"@id\":\"https:\/\/portaltela.pt\/noticias\/2026\/04\/23\/rui-costa-diz-que-o-benfica-foi-prejudicado-durante-10-anos\/#article\",\"isPartOf\":{\"@id\":\"https:\/\/portaltela.pt\/noticias\/2026\/04\/23\/rui-costa-diz-que-o-benfica-foi-prejudicado-durante-10-anos\/\"},\"author\":{\"name\":\"Telinha\",\"@id\":\"https:\/\/portaltela.pt\/#\/schema\/person\/c4278d4a6028830caff9ee44b42d32ed\"},\"headline\":\"Rui Costa diz que o Benfica foi prejudicado durante 10 anos\",\"datePublished\":\"2026-04-23T15:48:42+00:00\",\"mainEntityOfPage\":{\"@id\":\"https:\/\/portaltela.pt\/noticias\/2026\/04\/23\/rui-costa-diz-que-o-benfica-foi-prejudicado-durante-10-anos\/\"},\"wordCount\":197,\"image\":{\"@id\":\"https:\/\/portaltela.pt\/noticias\/2026\/04\/23\/rui-costa-diz-que-o-benfica-foi-prejudicado-durante-10-anos\/#primaryimage\"},\"thumbnailUrl\":\"https:\/\/portaltela.pt\/s.01k8rhncp4jt1\/2026\/04\/img_1200x721uu2026-04-23-16-42-41-2434891.jpg\",\"keywords\":[\"Benfica\",\"Benfica SAD\",\"justi\u00e7a\",\"Lisboa\",\"processos\",\"Tribunais\"],\"articleSection\":[\"Desporto\",\"Futebol\"],\"inLanguage\":\"pt-PT\"},{\"@type\":\"WebPage\",\"@id\":\"https:\/\/portaltela.pt\/noticias\/2026\/04\/23\/rui-costa-diz-que-o-benfica-foi-prejudicado-durante-10-anos\/\",\"url\":\"https:\/\/portaltela.pt\/noticias\/2026\/04\/23\/rui-costa-diz-que-o-benfica-foi-prejudicado-durante-10-anos\/\",\"name\":\"Rui Costa diz que o Benfica foi prejudicado durante 10 anos - Portal Tela Portugal\",\"isPartOf\":{\"@id\":\"https:\/\/portaltela.pt\/#website\"},\"primaryImageOfPage\":{\"@id\":\"https:\/\/portaltela.pt\/noticias\/2026\/04\/23\/rui-costa-diz-que-o-benfica-foi-prejudicado-durante-10-anos\/#primaryimage\"},\"image\":{\"@id\":\"https:\/\/portaltela.pt\/noticias\/2026\/04\/23\/rui-costa-diz-que-o-benfica-foi-prejudicado-durante-10-anos\/#primaryimage\"},\"thumbnailUrl\":\"https:\/\/portaltela.pt\/s.01k8rhncp4jt1\/2026\/04\/img_1200x721uu2026-04-23-16-42-41-2434891.jpg\",\"datePublished\":\"2026-04-23T15:48:42+00:00\",\"author\":{\"@id\":\"https:\/\/portaltela.pt\/#\/schema\/person\/c4278d4a6028830caff9ee44b42d32ed\"},\"breadcrumb\":{\"@id\":\"https:\/\/portaltela.pt\/noticias\/2026\/04\/23\/rui-costa-diz-que-o-benfica-foi-prejudicado-durante-10-anos\/#breadcrumb\"},\"inLanguage\":\"pt-PT\",\"potentialAction\":[{\"@type\":\"ReadAction\",\"target\":[\"https:\/\/portaltela.pt\/noticias\/2026\/04\/23\/rui-costa-diz-que-o-benfica-foi-prejudicado-durante-10-anos\/\"]}]},{\"@type\":\"ImageObject\",\"inLanguage\":\"pt-PT\",\"@id\":\"https:\/\/portaltela.pt\/noticias\/2026\/04\/23\/rui-costa-diz-que-o-benfica-foi-prejudicado-durante-10-anos\/#primaryimage\",\"url\":\"https:\/\/portaltela.pt\/s.01k8rhncp4jt1\/2026\/04\/img_1200x721uu2026-04-23-16-42-41-2434891.jpg\",\"contentUrl\":\"https:\/\/portaltela.pt\/s.01k8rhncp4jt1\/2026\/04\/img_1200x721uu2026-04-23-16-42-41-2434891.jpg\",\"width\":796,\"height\":448,\"caption\":\"Rui Costa e o 'Saco Azul': \u00abO Benfica foi prejudicado durante 10 anos\u00bb\"},{\"@type\":\"BreadcrumbList\",\"@id\":\"https:\/\/portaltela.pt\/noticias\/2026\/04\/23\/rui-costa-diz-que-o-benfica-foi-prejudicado-durante-10-anos\/#breadcrumb\",\"itemListElement\":[{\"@type\":\"ListItem\",\"position\":1,\"name\":\"In\u00edcio\",\"item\":\"https:\/\/portaltela.pt\/\"},{\"@type\":\"ListItem\",\"position\":2,\"name\":\"Rui Costa diz que o Benfica foi prejudicado durante 10 anos\"}]},{\"@type\":\"WebSite\",\"@id\":\"https:\/\/portaltela.pt\/#website\",\"url\":\"https:\/\/portaltela.pt\/\",\"name\":\"Portal Tela Portugal\",\"description\":\"\",\"potentialAction\":[{\"@type\":\"SearchAction\",\"target\":{\"@type\":\"EntryPoint\",\"urlTemplate\":\"https:\/\/portaltela.pt\/?s={search_term_string}\"},\"query-input\":{\"@type\":\"PropertyValueSpecification\",\"valueRequired\":true,\"valueName\":\"search_term_string\"}}],\"inLanguage\":\"pt-PT\"},{\"@type\":\"Person\",\"@id\":\"https:\/\/portaltela.pt\/#\/schema\/person\/c4278d4a6028830caff9ee44b42d32ed\",\"name\":\"Telinha\",\"image\":{\"@type\":\"ImageObject\",\"inLanguage\":\"pt-PT\",\"@id\":\"https:\/\/portaltela.pt\/s.01k8rhncp4jt1\/2025\/11\/talking-bot-125x125.png\",\"url\":\"https:\/\/portaltela.pt\/s.01k8rhncp4jt1\/2025\/11\/talking-bot-125x125.png\",\"contentUrl\":\"https:\/\/portaltela.pt\/s.01k8rhncp4jt1\/2025\/11\/talking-bot-125x125.png\",\"caption\":\"Telinha\"},\"sameAs\":[\"https:\/\/portaltela.pt\/\"],\"url\":\"https:\/\/portaltela.pt\/por\/367410592786\/\"}]}<\/script>\n<!-- \/ Yoast SEO plugin. -->","yoast_head_json":{"title":"Rui Costa diz que o Benfica foi prejudicado durante 10 anos - Portal Tela Portugal","robots":{"index":"index","follow":"follow","max-snippet":"max-snippet:-1","max-image-preview":"max-image-preview:large","max-video-preview":"max-video-preview:-1"},"og_locale":"pt_PT","og_type":"article","og_title":"Rui Costa diz que o Benfica foi prejudicado durante 10 anos - Portal Tela Portugal","og_description":"Rui Costa reagiu \u00e0 leitura da senten\u00e7a do Processo Saco Azul, \u00e0 sa\u00edda do Campus de Justi\u00e7a, em Lisboa. A Benfica SAD foi considerada ilibada, assim como os restantes arguidos. O presidente do Benfica afirmou que a decis\u00e3o representa uma grande vit\u00f3ria para o clube da Luz.","og_url":"https:\/\/portaltela.pt\/noticias\/2026\/04\/23\/rui-costa-diz-que-o-benfica-foi-prejudicado-durante-10-anos\/","og_site_name":"Portal Tela Portugal","article_published_time":"2026-04-23T15:48:42+00:00","author":"Telinha","twitter_card":"summary_large_image","twitter_misc":{"Escrito por":"Telinha","Tempo estimado de leitura":"1 minuto"},"schema":{"@context":"https:\/\/schema.org","@graph":[{"@type":"Article","@id":"https:\/\/portaltela.pt\/noticias\/2026\/04\/23\/rui-costa-diz-que-o-benfica-foi-prejudicado-durante-10-anos\/#article","isPartOf":{"@id":"https:\/\/portaltela.pt\/noticias\/2026\/04\/23\/rui-costa-diz-que-o-benfica-foi-prejudicado-durante-10-anos\/"},"author":{"name":"Telinha","@id":"https:\/\/portaltela.pt\/#\/schema\/person\/c4278d4a6028830caff9ee44b42d32ed"},"headline":"Rui Costa diz que o Benfica foi prejudicado durante 10 anos","datePublished":"2026-04-23T15:48:42+00:00","mainEntityOfPage":{"@id":"https:\/\/portaltela.pt\/noticias\/2026\/04\/23\/rui-costa-diz-que-o-benfica-foi-prejudicado-durante-10-anos\/"},"wordCount":197,"image":{"@id":"https:\/\/portaltela.pt\/noticias\/2026\/04\/23\/rui-costa-diz-que-o-benfica-foi-prejudicado-durante-10-anos\/#primaryimage"},"thumbnailUrl":"https:\/\/portaltela.pt\/s.01k8rhncp4jt1\/2026\/04\/img_1200x721uu2026-04-23-16-42-41-2434891.jpg","keywords":["Benfica","Benfica SAD","justi\u00e7a","Lisboa","processos","Tribunais"],"articleSection":["Desporto","Futebol"],"inLanguage":"pt-PT"},{"@type":"WebPage","@id":"https:\/\/portaltela.pt\/noticias\/2026\/04\/23\/rui-costa-diz-que-o-benfica-foi-prejudicado-durante-10-anos\/","url":"https:\/\/portaltela.pt\/noticias\/2026\/04\/23\/rui-costa-diz-que-o-benfica-foi-prejudicado-durante-10-anos\/","name":"Rui Costa diz que o Benfica foi prejudicado durante 10 anos - Portal Tela Portugal","isPartOf":{"@id":"https:\/\/portaltela.pt\/#website"},"primaryImageOfPage":{"@id":"https:\/\/portaltela.pt\/noticias\/2026\/04\/23\/rui-costa-diz-que-o-benfica-foi-prejudicado-durante-10-anos\/#primaryimage"},"image":{"@id":"https:\/\/portaltela.pt\/noticias\/2026\/04\/23\/rui-costa-diz-que-o-benfica-foi-prejudicado-durante-10-anos\/#primaryimage"},"thumbnailUrl":"https:\/\/portaltela.pt\/s.01k8rhncp4jt1\/2026\/04\/img_1200x721uu2026-04-23-16-42-41-2434891.jpg","datePublished":"2026-04-23T15:48:42+00:00","author":{"@id":"https:\/\/portaltela.pt\/#\/schema\/person\/c4278d4a6028830caff9ee44b42d32ed"},"breadcrumb":{"@id":"https:\/\/portaltela.pt\/noticias\/2026\/04\/23\/rui-costa-diz-que-o-benfica-foi-prejudicado-durante-10-anos\/#breadcrumb"},"inLanguage":"pt-PT","potentialAction":[{"@type":"ReadAction","target":["https:\/\/portaltela.pt\/noticias\/2026\/04\/23\/rui-costa-diz-que-o-benfica-foi-prejudicado-durante-10-anos\/"]}]},{"@type":"ImageObject","inLanguage":"pt-PT","@id":"https:\/\/portaltela.pt\/noticias\/2026\/04\/23\/rui-costa-diz-que-o-benfica-foi-prejudicado-durante-10-anos\/#primaryimage","url":"https:\/\/portaltela.pt\/s.01k8rhncp4jt1\/2026\/04\/img_1200x721uu2026-04-23-16-42-41-2434891.jpg","contentUrl":"https:\/\/portaltela.pt\/s.01k8rhncp4jt1\/2026\/04\/img_1200x721uu2026-04-23-16-42-41-2434891.jpg","width":796,"height":448,"caption":"Rui Costa e o 'Saco Azul': \u00abO Benfica foi prejudicado durante 10 anos\u00bb"},{"@type":"BreadcrumbList","@id":"https:\/\/portaltela.pt\/noticias\/2026\/04\/23\/rui-costa-diz-que-o-benfica-foi-prejudicado-durante-10-anos\/#breadcrumb","itemListElement":[{"@type":"ListItem","position":1,"name":"In\u00edcio","item":"https:\/\/portaltela.pt\/"},{"@type":"ListItem","position":2,"name":"Rui Costa diz que o Benfica foi prejudicado durante 10 anos"}]},{"@type":"WebSite","@id":"https:\/\/portaltela.pt\/#website","url":"https:\/\/portaltela.pt\/","name":"Portal Tela Portugal","description":"","potentialAction":[{"@type":"SearchAction","target":{"@type":"EntryPoint","urlTemplate":"https:\/\/portaltela.pt\/?s={search_term_string}"},"query-input":{"@type":"PropertyValueSpecification","valueRequired":true,"valueName":"search_term_string"}}],"inLanguage":"pt-PT"},{"@type":"Person","@id":"https:\/\/portaltela.pt\/#\/schema\/person\/c4278d4a6028830caff9ee44b42d32ed","name":"Telinha","image":{"@type":"ImageObject","inLanguage":"pt-PT","@id":"https:\/\/portaltela.pt\/s.01k8rhncp4jt1\/2025\/11\/talking-bot-125x125.png","url":"https:\/\/portaltela.pt\/s.01k8rhncp4jt1\/2025\/11\/talking-bot-125x125.png","contentUrl":"https:\/\/portaltela.pt\/s.01k8rhncp4jt1\/2025\/11\/talking-bot-125x125.png","caption":"Telinha"},"sameAs":["https:\/\/portaltela.pt\/"],"url":"https:\/\/portaltela.pt\/por\/367410592786\/"}]}},"_links":{"self":[{"href":"https:\/\/portaltela.pt\/api\/wp\/v2\/posts\/456303","targetHints":{"allow":["GET"]}}],"collection":[{"href":"https:\/\/portaltela.pt\/api\/wp\/v2\/posts"}],"about":[{"href":"https:\/\/portaltela.pt\/api\/wp\/v2\/types\/post"}],"author":[{"embeddable":true,"href":"https:\/\/portaltela.pt\/api\/wp\/v2\/users\/2"}],"replies":[{"embeddable":true,"href":"https:\/\/portaltela.pt\/api\/wp\/v2\/comments?post=456303"}],"version-history":[{"count":0,"href":"https:\/\/portaltela.pt\/api\/wp\/v2\/posts\/456303\/revisions"}],"wp:featuredmedia":[{"embeddable":true,"href":"https:\/\/portaltela.pt\/api\/wp\/v2\/media\/456310"}],"wp:attachment":[{"href":"https:\/\/portaltela.pt\/api\/wp\/v2\/media?parent=456303"}],"wp:term":[{"taxonomy":"category","embeddable":true,"href":"https:\/\/portaltela.pt\/api\/wp\/v2\/categories?post=456303"},{"taxonomy":"post_tag","embeddable":true,"href":"https:\/\/portaltela.pt\/api\/wp\/v2\/tags?post=456303"}],"curies":[{"name":"wp","href":"https:\/\/api.w.org\/{rel}","templated":true}]}}