{"id":456278,"date":"2026-04-23T12:33:31","date_gmt":"2026-04-23T15:33:31","guid":{"rendered":"https:\/\/portaltela.pt\/noticias\/2026\/04\/23\/capitao-do-leicester-entende-raiva-dos-adeptos-apos-despromocao-a-3-a-divisao\/"},"modified":"2026-04-23T12:33:31","modified_gmt":"2026-04-23T15:33:31","slug":"capitao-do-leicester-entende-raiva-dos-adeptos-apos-despromocao-a-3-a-divisao","status":"publish","type":"post","link":"https:\/\/portaltela.pt\/desporto\/futebol\/2026\/04\/23\/capitao-do-leicester-entende-raiva-dos-adeptos-apos-despromocao-a-3-a-divisao\/","title":{"rendered":"Capit\u00e3o do Leicester entende raiva dos adeptos ap\u00f3s despromo\u00e7\u00e3o \u00e0 3.\u00aa divis\u00e3o"},"content":{"rendered":"<p>O Leicester City confirmou esta semana a despromo\u00e7\u00e3o \u00e0 terceira divis\u00e3o do futebol ingl\u00eas. Wes Morgan, capit\u00e3o da equipa em 2016, comentou \u00e0 BBC, lamentando o afastamento do clube do escal\u00e3o principal.<\/p>\n<p>Morgan afirmou estar triste com a dist\u00e2ncia entre o fen\u00f3meno da \u00e9poca em que saiu e a atual situa\u00e7\u00e3o, e mostrou compreens\u00e3o pela raiva dos adeptos perante a queda. O antigo capit\u00e3o manteve o foco na mem\u00f3ria dos momentos de sucesso.<\/p>\n<p>A segunda descida consecutiva acontece no historial do clube, que soma 142 anos de hist\u00f3ria. A confirma\u00e7\u00e3o ocorre 12 dias antes de se completar o d\u00e9cimo anivers\u00e1rio do t\u00edtulo da Premier League conquistado em 2016.<\/p>\n<p>Apesar do recuo recente, o jamaicano de 42 anos revela manter a esperan\u00e7a de revitaliza\u00e7\u00e3o do Leicester. Acrescenta que os sucessos do clube permanecem na mem\u00f3ria de todos os adeptos.<\/p>\n<p>Wes Morgan chegou ao Leicester em 2012 oriundo do Nottingham Forest e foi figura-chave na promo\u00e7\u00e3o de 2014. Em 2015 o clube evitou a despromo\u00e7\u00e3o, e em 2016 alcan\u00e7ou o t\u00edtulo da Premier League, numa das maiores surpresas do futebol.<\/p>\n","protected":false},"excerpt":{"rendered":"<ul>\n<li>Wes Morgan, capit\u00e3o do Leicester City em 2016, lamenta a descida do clube para a terceira divis\u00e3o inglesa, em declara\u00e7\u00f5es \u00e0 BBC.<\/li>\n<li>O ex-jogador, de 42 anos, disse estar triste com a posi\u00e7\u00e3o atual e que compreende a raiva dos adeptos.<\/li>\n<li>A descida foi confirmada esta semana; \u00e9 a segunda queda consecutiva na hist\u00f3ria de 142 anos do clube.<\/li>\n<li>O facto ocorre 12 dias antes do 10.\u00ba anivers\u00e1rio do t\u00edtulo hist\u00f3rico conquistado na liga principal inglesa.<\/li>\n<li>Morgan chegou ao Leicester em 2012 vindo do Nottingham Forest e foi pe\u00e7a-chave na subida em 2014, al\u00e9m de ter contribu\u00eddo para o t\u00edtulo de 2016.<\/li>\n<\/ul>\n","protected":false},"author":2,"featured_media":456290,"comment_status":"closed","ping_status":"closed","sticky":false,"template":"","format":"standard","meta":{"footnotes":""},"categories":[21,24],"tags":[4261,32,299,4591,4761,3369],"class_list":["post-456278","post","type-post","status-publish","format-standard","has-post-thumbnail","hentry","category-desporto","category-futebol","tag-despromocao","tag-futebol","tag-historia","tag-inglaterra","tag-nottingham-forest","tag-premier-league"],"yoast_head":"<!-- This site is optimized with the Yoast SEO plugin v27.2 - https:\/\/yoast.com\/product\/yoast-seo-wordpress\/ -->\n<title>Capit\u00e3o do Leicester entende raiva dos adeptos ap\u00f3s despromo\u00e7\u00e3o \u00e0 3.\u00aa divis\u00e3o - Portal Tela Portugal<\/title>\n<meta name=\"robots\" content=\"index, follow, max-snippet:-1, max-image-preview:large, max-video-preview:-1\" \/>\n<meta property=\"og:locale\" content=\"pt_PT\" \/>\n<meta property=\"og:type\" content=\"article\" \/>\n<meta property=\"og:title\" content=\"Capit\u00e3o do Leicester entende raiva dos adeptos ap\u00f3s despromo\u00e7\u00e3o \u00e0 3.\u00aa divis\u00e3o - Portal Tela Portugal\" \/>\n<meta property=\"og:description\" content=\"Wes Morgan, capit\u00e3o do Leicester City em 2016, lamenta a descida do clube para a terceira divis\u00e3o inglesa, em declara\u00e7\u00f5es \u00e0 BBC. O ex-jogador, de 42 anos, disse estar triste com a posi\u00e7\u00e3o atual e que compreende a raiva dos adeptos. A descida foi confirmada esta semana; \u00e9 a segunda queda consecutiva na hist\u00f3ria de 142 anos do clube. O facto ocorre 12 dias antes do 10.\u00ba anivers\u00e1rio do t\u00edtulo hist\u00f3rico conquistado na liga principal inglesa. Morgan chegou ao Leicester em 2012 vindo do Nottingham Forest e foi pe\u00e7a-chave na subida em 2014, al\u00e9m de ter contribu\u00eddo para o t\u00edtulo de 2016.\" \/>\n<meta property=\"og:url\" content=\"https:\/\/portaltela.pt\/noticias\/2026\/04\/23\/capitao-do-leicester-entende-raiva-dos-adeptos-apos-despromocao-a-3-a-divisao\/\" \/>\n<meta property=\"og:site_name\" content=\"Portal Tela Portugal\" \/>\n<meta property=\"article:published_time\" content=\"2026-04-23T15:33:31+00:00\" \/>\n<meta name=\"author\" content=\"Telinha\" \/>\n<meta name=\"twitter:card\" content=\"summary_large_image\" \/>\n<meta name=\"twitter:label1\" content=\"Escrito por\" \/>\n\t<meta name=\"twitter:data1\" content=\"Telinha\" \/>\n\t<meta name=\"twitter:label2\" content=\"Tempo estimado de leitura\" \/>\n\t<meta name=\"twitter:data2\" content=\"1 minuto\" \/>\n<script type=\"application\/ld+json\" class=\"yoast-schema-graph\">{\"@context\":\"https:\/\/schema.org\",\"@graph\":[{\"@type\":\"Article\",\"@id\":\"https:\/\/portaltela.pt\/noticias\/2026\/04\/23\/capitao-do-leicester-entende-raiva-dos-adeptos-apos-despromocao-a-3-a-divisao\/#article\",\"isPartOf\":{\"@id\":\"https:\/\/portaltela.pt\/noticias\/2026\/04\/23\/capitao-do-leicester-entende-raiva-dos-adeptos-apos-despromocao-a-3-a-divisao\/\"},\"author\":{\"name\":\"Telinha\",\"@id\":\"https:\/\/portaltela.pt\/#\/schema\/person\/c4278d4a6028830caff9ee44b42d32ed\"},\"headline\":\"Capit\u00e3o do Leicester entende raiva dos adeptos ap\u00f3s despromo\u00e7\u00e3o \u00e0 3.\u00aa divis\u00e3o\",\"datePublished\":\"2026-04-23T15:33:31+00:00\",\"mainEntityOfPage\":{\"@id\":\"https:\/\/portaltela.pt\/noticias\/2026\/04\/23\/capitao-do-leicester-entende-raiva-dos-adeptos-apos-despromocao-a-3-a-divisao\/\"},\"wordCount\":204,\"image\":{\"@id\":\"https:\/\/portaltela.pt\/noticias\/2026\/04\/23\/capitao-do-leicester-entende-raiva-dos-adeptos-apos-despromocao-a-3-a-divisao\/#primaryimage\"},\"thumbnailUrl\":\"https:\/\/portaltela.pt\/s.01k8rhncp4jt1\/2026\/04\/img_920x518uu2026-04-23-16-23-31-2434881.jpg\",\"keywords\":[\"Despromo\u00e7\u00e3o\",\"futebol\",\"hist\u00f3ria\",\"Inglaterra\",\"Nottingham Forest\",\"Premier League\"],\"articleSection\":[\"Desporto\",\"Futebol\"],\"inLanguage\":\"pt-PT\"},{\"@type\":\"WebPage\",\"@id\":\"https:\/\/portaltela.pt\/noticias\/2026\/04\/23\/capitao-do-leicester-entende-raiva-dos-adeptos-apos-despromocao-a-3-a-divisao\/\",\"url\":\"https:\/\/portaltela.pt\/noticias\/2026\/04\/23\/capitao-do-leicester-entende-raiva-dos-adeptos-apos-despromocao-a-3-a-divisao\/\",\"name\":\"Capit\u00e3o do Leicester entende raiva dos adeptos ap\u00f3s despromo\u00e7\u00e3o \u00e0 3.\u00aa divis\u00e3o - Portal Tela Portugal\",\"isPartOf\":{\"@id\":\"https:\/\/portaltela.pt\/#website\"},\"primaryImageOfPage\":{\"@id\":\"https:\/\/portaltela.pt\/noticias\/2026\/04\/23\/capitao-do-leicester-entende-raiva-dos-adeptos-apos-despromocao-a-3-a-divisao\/#primaryimage\"},\"image\":{\"@id\":\"https:\/\/portaltela.pt\/noticias\/2026\/04\/23\/capitao-do-leicester-entende-raiva-dos-adeptos-apos-despromocao-a-3-a-divisao\/#primaryimage\"},\"thumbnailUrl\":\"https:\/\/portaltela.pt\/s.01k8rhncp4jt1\/2026\/04\/img_920x518uu2026-04-23-16-23-31-2434881.jpg\",\"datePublished\":\"2026-04-23T15:33:31+00:00\",\"author\":{\"@id\":\"https:\/\/portaltela.pt\/#\/schema\/person\/c4278d4a6028830caff9ee44b42d32ed\"},\"breadcrumb\":{\"@id\":\"https:\/\/portaltela.pt\/noticias\/2026\/04\/23\/capitao-do-leicester-entende-raiva-dos-adeptos-apos-despromocao-a-3-a-divisao\/#breadcrumb\"},\"inLanguage\":\"pt-PT\",\"potentialAction\":[{\"@type\":\"ReadAction\",\"target\":[\"https:\/\/portaltela.pt\/noticias\/2026\/04\/23\/capitao-do-leicester-entende-raiva-dos-adeptos-apos-despromocao-a-3-a-divisao\/\"]}]},{\"@type\":\"ImageObject\",\"inLanguage\":\"pt-PT\",\"@id\":\"https:\/\/portaltela.pt\/noticias\/2026\/04\/23\/capitao-do-leicester-entende-raiva-dos-adeptos-apos-despromocao-a-3-a-divisao\/#primaryimage\",\"url\":\"https:\/\/portaltela.pt\/s.01k8rhncp4jt1\/2026\/04\/img_920x518uu2026-04-23-16-23-31-2434881.jpg\",\"contentUrl\":\"https:\/\/portaltela.pt\/s.01k8rhncp4jt1\/2026\/04\/img_920x518uu2026-04-23-16-23-31-2434881.jpg\",\"width\":796,\"height\":448,\"caption\":\"Wes Morgan\"},{\"@type\":\"BreadcrumbList\",\"@id\":\"https:\/\/portaltela.pt\/noticias\/2026\/04\/23\/capitao-do-leicester-entende-raiva-dos-adeptos-apos-despromocao-a-3-a-divisao\/#breadcrumb\",\"itemListElement\":[{\"@type\":\"ListItem\",\"position\":1,\"name\":\"In\u00edcio\",\"item\":\"https:\/\/portaltela.pt\/\"},{\"@type\":\"ListItem\",\"position\":2,\"name\":\"Capit\u00e3o do Leicester entende raiva dos adeptos ap\u00f3s despromo\u00e7\u00e3o \u00e0 3.\u00aa divis\u00e3o\"}]},{\"@type\":\"WebSite\",\"@id\":\"https:\/\/portaltela.pt\/#website\",\"url\":\"https:\/\/portaltela.pt\/\",\"name\":\"Portal Tela Portugal\",\"description\":\"\",\"potentialAction\":[{\"@type\":\"SearchAction\",\"target\":{\"@type\":\"EntryPoint\",\"urlTemplate\":\"https:\/\/portaltela.pt\/?s={search_term_string}\"},\"query-input\":{\"@type\":\"PropertyValueSpecification\",\"valueRequired\":true,\"valueName\":\"search_term_string\"}}],\"inLanguage\":\"pt-PT\"},{\"@type\":\"Person\",\"@id\":\"https:\/\/portaltela.pt\/#\/schema\/person\/c4278d4a6028830caff9ee44b42d32ed\",\"name\":\"Telinha\",\"image\":{\"@type\":\"ImageObject\",\"inLanguage\":\"pt-PT\",\"@id\":\"https:\/\/portaltela.pt\/s.01k8rhncp4jt1\/2025\/11\/talking-bot-125x125.png\",\"url\":\"https:\/\/portaltela.pt\/s.01k8rhncp4jt1\/2025\/11\/talking-bot-125x125.png\",\"contentUrl\":\"https:\/\/portaltela.pt\/s.01k8rhncp4jt1\/2025\/11\/talking-bot-125x125.png\",\"caption\":\"Telinha\"},\"sameAs\":[\"https:\/\/portaltela.pt\/\"],\"url\":\"https:\/\/portaltela.pt\/por\/367410592786\/\"}]}<\/script>\n<!-- \/ Yoast SEO plugin. -->","yoast_head_json":{"title":"Capit\u00e3o do Leicester entende raiva dos adeptos ap\u00f3s despromo\u00e7\u00e3o \u00e0 3.\u00aa divis\u00e3o - Portal Tela Portugal","robots":{"index":"index","follow":"follow","max-snippet":"max-snippet:-1","max-image-preview":"max-image-preview:large","max-video-preview":"max-video-preview:-1"},"og_locale":"pt_PT","og_type":"article","og_title":"Capit\u00e3o do Leicester entende raiva dos adeptos ap\u00f3s despromo\u00e7\u00e3o \u00e0 3.\u00aa divis\u00e3o - Portal Tela Portugal","og_description":"Wes Morgan, capit\u00e3o do Leicester City em 2016, lamenta a descida do clube para a terceira divis\u00e3o inglesa, em declara\u00e7\u00f5es \u00e0 BBC. O ex-jogador, de 42 anos, disse estar triste com a posi\u00e7\u00e3o atual e que compreende a raiva dos adeptos. A descida foi confirmada esta semana; \u00e9 a segunda queda consecutiva na hist\u00f3ria de 142 anos do clube. O facto ocorre 12 dias antes do 10.\u00ba anivers\u00e1rio do t\u00edtulo hist\u00f3rico conquistado na liga principal inglesa. Morgan chegou ao Leicester em 2012 vindo do Nottingham Forest e foi pe\u00e7a-chave na subida em 2014, al\u00e9m de ter contribu\u00eddo para o t\u00edtulo de 2016.","og_url":"https:\/\/portaltela.pt\/noticias\/2026\/04\/23\/capitao-do-leicester-entende-raiva-dos-adeptos-apos-despromocao-a-3-a-divisao\/","og_site_name":"Portal Tela Portugal","article_published_time":"2026-04-23T15:33:31+00:00","author":"Telinha","twitter_card":"summary_large_image","twitter_misc":{"Escrito por":"Telinha","Tempo estimado de leitura":"1 minuto"},"schema":{"@context":"https:\/\/schema.org","@graph":[{"@type":"Article","@id":"https:\/\/portaltela.pt\/noticias\/2026\/04\/23\/capitao-do-leicester-entende-raiva-dos-adeptos-apos-despromocao-a-3-a-divisao\/#article","isPartOf":{"@id":"https:\/\/portaltela.pt\/noticias\/2026\/04\/23\/capitao-do-leicester-entende-raiva-dos-adeptos-apos-despromocao-a-3-a-divisao\/"},"author":{"name":"Telinha","@id":"https:\/\/portaltela.pt\/#\/schema\/person\/c4278d4a6028830caff9ee44b42d32ed"},"headline":"Capit\u00e3o do Leicester entende raiva dos adeptos ap\u00f3s despromo\u00e7\u00e3o \u00e0 3.\u00aa divis\u00e3o","datePublished":"2026-04-23T15:33:31+00:00","mainEntityOfPage":{"@id":"https:\/\/portaltela.pt\/noticias\/2026\/04\/23\/capitao-do-leicester-entende-raiva-dos-adeptos-apos-despromocao-a-3-a-divisao\/"},"wordCount":204,"image":{"@id":"https:\/\/portaltela.pt\/noticias\/2026\/04\/23\/capitao-do-leicester-entende-raiva-dos-adeptos-apos-despromocao-a-3-a-divisao\/#primaryimage"},"thumbnailUrl":"https:\/\/portaltela.pt\/s.01k8rhncp4jt1\/2026\/04\/img_920x518uu2026-04-23-16-23-31-2434881.jpg","keywords":["Despromo\u00e7\u00e3o","futebol","hist\u00f3ria","Inglaterra","Nottingham Forest","Premier League"],"articleSection":["Desporto","Futebol"],"inLanguage":"pt-PT"},{"@type":"WebPage","@id":"https:\/\/portaltela.pt\/noticias\/2026\/04\/23\/capitao-do-leicester-entende-raiva-dos-adeptos-apos-despromocao-a-3-a-divisao\/","url":"https:\/\/portaltela.pt\/noticias\/2026\/04\/23\/capitao-do-leicester-entende-raiva-dos-adeptos-apos-despromocao-a-3-a-divisao\/","name":"Capit\u00e3o do Leicester entende raiva dos adeptos ap\u00f3s despromo\u00e7\u00e3o \u00e0 3.\u00aa divis\u00e3o - Portal Tela Portugal","isPartOf":{"@id":"https:\/\/portaltela.pt\/#website"},"primaryImageOfPage":{"@id":"https:\/\/portaltela.pt\/noticias\/2026\/04\/23\/capitao-do-leicester-entende-raiva-dos-adeptos-apos-despromocao-a-3-a-divisao\/#primaryimage"},"image":{"@id":"https:\/\/portaltela.pt\/noticias\/2026\/04\/23\/capitao-do-leicester-entende-raiva-dos-adeptos-apos-despromocao-a-3-a-divisao\/#primaryimage"},"thumbnailUrl":"https:\/\/portaltela.pt\/s.01k8rhncp4jt1\/2026\/04\/img_920x518uu2026-04-23-16-23-31-2434881.jpg","datePublished":"2026-04-23T15:33:31+00:00","author":{"@id":"https:\/\/portaltela.pt\/#\/schema\/person\/c4278d4a6028830caff9ee44b42d32ed"},"breadcrumb":{"@id":"https:\/\/portaltela.pt\/noticias\/2026\/04\/23\/capitao-do-leicester-entende-raiva-dos-adeptos-apos-despromocao-a-3-a-divisao\/#breadcrumb"},"inLanguage":"pt-PT","potentialAction":[{"@type":"ReadAction","target":["https:\/\/portaltela.pt\/noticias\/2026\/04\/23\/capitao-do-leicester-entende-raiva-dos-adeptos-apos-despromocao-a-3-a-divisao\/"]}]},{"@type":"ImageObject","inLanguage":"pt-PT","@id":"https:\/\/portaltela.pt\/noticias\/2026\/04\/23\/capitao-do-leicester-entende-raiva-dos-adeptos-apos-despromocao-a-3-a-divisao\/#primaryimage","url":"https:\/\/portaltela.pt\/s.01k8rhncp4jt1\/2026\/04\/img_920x518uu2026-04-23-16-23-31-2434881.jpg","contentUrl":"https:\/\/portaltela.pt\/s.01k8rhncp4jt1\/2026\/04\/img_920x518uu2026-04-23-16-23-31-2434881.jpg","width":796,"height":448,"caption":"Wes Morgan"},{"@type":"BreadcrumbList","@id":"https:\/\/portaltela.pt\/noticias\/2026\/04\/23\/capitao-do-leicester-entende-raiva-dos-adeptos-apos-despromocao-a-3-a-divisao\/#breadcrumb","itemListElement":[{"@type":"ListItem","position":1,"name":"In\u00edcio","item":"https:\/\/portaltela.pt\/"},{"@type":"ListItem","position":2,"name":"Capit\u00e3o do Leicester entende raiva dos adeptos ap\u00f3s despromo\u00e7\u00e3o \u00e0 3.\u00aa divis\u00e3o"}]},{"@type":"WebSite","@id":"https:\/\/portaltela.pt\/#website","url":"https:\/\/portaltela.pt\/","name":"Portal Tela Portugal","description":"","potentialAction":[{"@type":"SearchAction","target":{"@type":"EntryPoint","urlTemplate":"https:\/\/portaltela.pt\/?s={search_term_string}"},"query-input":{"@type":"PropertyValueSpecification","valueRequired":true,"valueName":"search_term_string"}}],"inLanguage":"pt-PT"},{"@type":"Person","@id":"https:\/\/portaltela.pt\/#\/schema\/person\/c4278d4a6028830caff9ee44b42d32ed","name":"Telinha","image":{"@type":"ImageObject","inLanguage":"pt-PT","@id":"https:\/\/portaltela.pt\/s.01k8rhncp4jt1\/2025\/11\/talking-bot-125x125.png","url":"https:\/\/portaltela.pt\/s.01k8rhncp4jt1\/2025\/11\/talking-bot-125x125.png","contentUrl":"https:\/\/portaltela.pt\/s.01k8rhncp4jt1\/2025\/11\/talking-bot-125x125.png","caption":"Telinha"},"sameAs":["https:\/\/portaltela.pt\/"],"url":"https:\/\/portaltela.pt\/por\/367410592786\/"}]}},"_links":{"self":[{"href":"https:\/\/portaltela.pt\/api\/wp\/v2\/posts\/456278","targetHints":{"allow":["GET"]}}],"collection":[{"href":"https:\/\/portaltela.pt\/api\/wp\/v2\/posts"}],"about":[{"href":"https:\/\/portaltela.pt\/api\/wp\/v2\/types\/post"}],"author":[{"embeddable":true,"href":"https:\/\/portaltela.pt\/api\/wp\/v2\/users\/2"}],"replies":[{"embeddable":true,"href":"https:\/\/portaltela.pt\/api\/wp\/v2\/comments?post=456278"}],"version-history":[{"count":0,"href":"https:\/\/portaltela.pt\/api\/wp\/v2\/posts\/456278\/revisions"}],"wp:featuredmedia":[{"embeddable":true,"href":"https:\/\/portaltela.pt\/api\/wp\/v2\/media\/456290"}],"wp:attachment":[{"href":"https:\/\/portaltela.pt\/api\/wp\/v2\/media?parent=456278"}],"wp:term":[{"taxonomy":"category","embeddable":true,"href":"https:\/\/portaltela.pt\/api\/wp\/v2\/categories?post=456278"},{"taxonomy":"post_tag","embeddable":true,"href":"https:\/\/portaltela.pt\/api\/wp\/v2\/tags?post=456278"}],"curies":[{"name":"wp","href":"https:\/\/api.w.org\/{rel}","templated":true}]}}