{"id":456242,"date":"2026-04-23T12:17:59","date_gmt":"2026-04-23T15:17:59","guid":{"rendered":"https:\/\/portaltela.pt\/noticias\/2026\/04\/23\/morita-elogia-apuramento-do-sporting-no-dragao-e-destaca-atitude\/"},"modified":"2026-04-23T12:17:59","modified_gmt":"2026-04-23T15:17:59","slug":"morita-elogia-apuramento-do-sporting-no-dragao-e-destaca-atitude","status":"publish","type":"post","link":"https:\/\/portaltela.pt\/desporto\/futebol\/2026\/04\/23\/morita-elogia-apuramento-do-sporting-no-dragao-e-destaca-atitude\/","title":{"rendered":"Morita elogia apuramento do Sporting no Drag\u00e3o e destaca atitude"},"content":{"rendered":"<p>No jogo da Ta\u00e7a de Portugal, o Sporting empatou 0-0 com o FC Porto no Est\u00e1dio do Drag\u00e3o, garantindo passagem \u00e0 final. A equipa verde e branca mostrou atitude e equil\u00edbrio defensivo, que levou \u00e0 obten\u00e7\u00e3o do resultado que precisavam.<\/p>\n<p>O jogo ocorreu na noite de quinta-feira, com o Sporting a confirmar o acesso \u00e0 decis\u00e3o depois de o Porto ter visto o sonho do bicampeonato adiar-se. Morita, m\u00e9dio japon\u00eas de 30 anos, destacou a exibi\u00e7\u00e3o da sua equipa nas redes sociais, enaltecendo a for\u00e7a coletiva.<\/p>\n<p>A publica\u00e7\u00e3o de Morita gerou centenas de reac\u00e7\u00f5es de adeptos, que manifestaram desejo de que o m\u00e9dio permane\u00e7a no clube na pr\u00f3xima temporada. O internacional nip\u00f3nico termina o contrato com o Sporting em julho, o que aumenta a especula\u00e7\u00e3o sobre o seu futuro.<\/p>\n<h3>Rea\u00e7\u00e3o nas redes sociais<\/h3>\n<p>Morita enfatizou a import\u00e2ncia da atitude da equipa quando n\u00e3o surge a inspira\u00e7\u00e3o, numa mensagem ligada ao papel do coletivo. O texto refor\u00e7ou a ambi\u00e7\u00e3o de vencer a final da Ta\u00e7a de Portugal, marcada para o Jamor.<\/p>\n<p>O interesse de v\u00e1rios clubes e a proximidade do fim do v\u00ednculo contratual com o Sporting t\u00eam colocado Morita no centro das aten\u00e7\u00f5es entre adeptos e comentadores. A conclus\u00e3o sobre a continuidade do jogador ainda n\u00e3o \u00e9 conhecida.<\/p>\n","protected":false},"excerpt":{"rendered":"<ul>\n<li>Sporting empatou com o FC Porto no Drag\u00e3o, garantindo a passagem \u00e0 final da Ta\u00e7a de Portugal.<\/li>\n<li>Hidemasa Morita, m\u00e9dio japon\u00eas de 30 anos, destacou a exibi\u00e7\u00e3o dos le\u00f5es nas redes sociais.<\/li>\n<li>Refor\u00e7ou a ideia do treinador Rui Borges: &#8220;Quando faltar a inspira\u00e7\u00e3o que n\u00e3o falte a atitude. Vemo-nos no Jamor&#8221;.<\/li>\n<li>A publica\u00e7\u00e3o de Morita gerou rea\u00e7\u00e3o de centenas de adeptos, que pedem a sua continuidade no clube.<\/li>\n<li>O jogador termina o contrato em julho e pode deixar o Sporting na pr\u00f3xima \u00e9poca.<\/li>\n<\/ul>\n","protected":false},"author":2,"featured_media":456250,"comment_status":"closed","ping_status":"closed","sticky":false,"template":"","format":"standard","meta":{"footnotes":""},"categories":[21,24],"tags":[1125,32,242,982,1652,1266],"class_list":["post-456242","post","type-post","status-publish","format-standard","has-post-thumbnail","hentry","category-desporto","category-futebol","tag-contratos","tag-futebol","tag-jogadores","tag-porto","tag-sporting","tag-taca-de-portugal"],"yoast_head":"<!-- This site is optimized with the Yoast SEO plugin v27.2 - https:\/\/yoast.com\/product\/yoast-seo-wordpress\/ -->\n<title>Morita elogia apuramento do Sporting no Drag\u00e3o e destaca atitude - Portal Tela Portugal<\/title>\n<meta name=\"robots\" content=\"index, follow, max-snippet:-1, max-image-preview:large, max-video-preview:-1\" \/>\n<meta property=\"og:locale\" content=\"pt_PT\" \/>\n<meta property=\"og:type\" content=\"article\" \/>\n<meta property=\"og:title\" content=\"Morita elogia apuramento do Sporting no Drag\u00e3o e destaca atitude - Portal Tela Portugal\" \/>\n<meta property=\"og:description\" content=\"Sporting empatou com o FC Porto no Drag\u00e3o, garantindo a passagem \u00e0 final da Ta\u00e7a de Portugal. Hidemasa Morita, m\u00e9dio japon\u00eas de 30 anos, destacou a exibi\u00e7\u00e3o dos le\u00f5es nas redes sociais. Refor\u00e7ou a ideia do treinador Rui Borges: &quot;Quando faltar a inspira\u00e7\u00e3o que n\u00e3o falte a atitude. Vemo-nos no Jamor&quot;. A publica\u00e7\u00e3o de Morita gerou rea\u00e7\u00e3o de centenas de adeptos, que pedem a sua continuidade no clube. O jogador termina o contrato em julho e pode deixar o Sporting na pr\u00f3xima \u00e9poca.\" \/>\n<meta property=\"og:url\" content=\"https:\/\/portaltela.pt\/noticias\/2026\/04\/23\/morita-elogia-apuramento-do-sporting-no-dragao-e-destaca-atitude\/\" \/>\n<meta property=\"og:site_name\" content=\"Portal Tela Portugal\" \/>\n<meta property=\"article:published_time\" content=\"2026-04-23T15:17:59+00:00\" \/>\n<meta name=\"author\" content=\"Telinha\" \/>\n<meta name=\"twitter:card\" content=\"summary_large_image\" \/>\n<meta name=\"twitter:label1\" content=\"Escrito por\" \/>\n\t<meta name=\"twitter:data1\" content=\"Telinha\" \/>\n\t<meta name=\"twitter:label2\" content=\"Tempo estimado de leitura\" \/>\n\t<meta name=\"twitter:data2\" content=\"1 minuto\" \/>\n<script type=\"application\/ld+json\" class=\"yoast-schema-graph\">{\"@context\":\"https:\/\/schema.org\",\"@graph\":[{\"@type\":\"Article\",\"@id\":\"https:\/\/portaltela.pt\/noticias\/2026\/04\/23\/morita-elogia-apuramento-do-sporting-no-dragao-e-destaca-atitude\/#article\",\"isPartOf\":{\"@id\":\"https:\/\/portaltela.pt\/noticias\/2026\/04\/23\/morita-elogia-apuramento-do-sporting-no-dragao-e-destaca-atitude\/\"},\"author\":{\"name\":\"Telinha\",\"@id\":\"https:\/\/portaltela.pt\/#\/schema\/person\/c4278d4a6028830caff9ee44b42d32ed\"},\"headline\":\"Morita elogia apuramento do Sporting no Drag\u00e3o e destaca atitude\",\"datePublished\":\"2026-04-23T15:17:59+00:00\",\"mainEntityOfPage\":{\"@id\":\"https:\/\/portaltela.pt\/noticias\/2026\/04\/23\/morita-elogia-apuramento-do-sporting-no-dragao-e-destaca-atitude\/\"},\"wordCount\":244,\"image\":{\"@id\":\"https:\/\/portaltela.pt\/noticias\/2026\/04\/23\/morita-elogia-apuramento-do-sporting-no-dragao-e-destaca-atitude\/#primaryimage\"},\"thumbnailUrl\":\"https:\/\/portaltela.pt\/s.01k8rhncp4jt1\/2026\/04\/img_1200x721uu2026-04-23-16-04-28-2434873.jpg\",\"keywords\":[\"contratos\",\"futebol\",\"jogadores\",\"Porto\",\"Sporting\",\"Ta\u00e7a de Portugal\"],\"articleSection\":[\"Desporto\",\"Futebol\"],\"inLanguage\":\"pt-PT\"},{\"@type\":\"WebPage\",\"@id\":\"https:\/\/portaltela.pt\/noticias\/2026\/04\/23\/morita-elogia-apuramento-do-sporting-no-dragao-e-destaca-atitude\/\",\"url\":\"https:\/\/portaltela.pt\/noticias\/2026\/04\/23\/morita-elogia-apuramento-do-sporting-no-dragao-e-destaca-atitude\/\",\"name\":\"Morita elogia apuramento do Sporting no Drag\u00e3o e destaca atitude - Portal Tela Portugal\",\"isPartOf\":{\"@id\":\"https:\/\/portaltela.pt\/#website\"},\"primaryImageOfPage\":{\"@id\":\"https:\/\/portaltela.pt\/noticias\/2026\/04\/23\/morita-elogia-apuramento-do-sporting-no-dragao-e-destaca-atitude\/#primaryimage\"},\"image\":{\"@id\":\"https:\/\/portaltela.pt\/noticias\/2026\/04\/23\/morita-elogia-apuramento-do-sporting-no-dragao-e-destaca-atitude\/#primaryimage\"},\"thumbnailUrl\":\"https:\/\/portaltela.pt\/s.01k8rhncp4jt1\/2026\/04\/img_1200x721uu2026-04-23-16-04-28-2434873.jpg\",\"datePublished\":\"2026-04-23T15:17:59+00:00\",\"author\":{\"@id\":\"https:\/\/portaltela.pt\/#\/schema\/person\/c4278d4a6028830caff9ee44b42d32ed\"},\"breadcrumb\":{\"@id\":\"https:\/\/portaltela.pt\/noticias\/2026\/04\/23\/morita-elogia-apuramento-do-sporting-no-dragao-e-destaca-atitude\/#breadcrumb\"},\"inLanguage\":\"pt-PT\",\"potentialAction\":[{\"@type\":\"ReadAction\",\"target\":[\"https:\/\/portaltela.pt\/noticias\/2026\/04\/23\/morita-elogia-apuramento-do-sporting-no-dragao-e-destaca-atitude\/\"]}]},{\"@type\":\"ImageObject\",\"inLanguage\":\"pt-PT\",\"@id\":\"https:\/\/portaltela.pt\/noticias\/2026\/04\/23\/morita-elogia-apuramento-do-sporting-no-dragao-e-destaca-atitude\/#primaryimage\",\"url\":\"https:\/\/portaltela.pt\/s.01k8rhncp4jt1\/2026\/04\/img_1200x721uu2026-04-23-16-04-28-2434873.jpg\",\"contentUrl\":\"https:\/\/portaltela.pt\/s.01k8rhncp4jt1\/2026\/04\/img_1200x721uu2026-04-23-16-04-28-2434873.jpg\",\"width\":1200,\"height\":721,\"caption\":\"Morita destaca atitude do Sporting ap\u00f3s apuramento na Ta\u00e7a de Portugal\"},{\"@type\":\"BreadcrumbList\",\"@id\":\"https:\/\/portaltela.pt\/noticias\/2026\/04\/23\/morita-elogia-apuramento-do-sporting-no-dragao-e-destaca-atitude\/#breadcrumb\",\"itemListElement\":[{\"@type\":\"ListItem\",\"position\":1,\"name\":\"In\u00edcio\",\"item\":\"https:\/\/portaltela.pt\/\"},{\"@type\":\"ListItem\",\"position\":2,\"name\":\"Morita elogia apuramento do Sporting no Drag\u00e3o e destaca atitude\"}]},{\"@type\":\"WebSite\",\"@id\":\"https:\/\/portaltela.pt\/#website\",\"url\":\"https:\/\/portaltela.pt\/\",\"name\":\"Portal Tela Portugal\",\"description\":\"\",\"potentialAction\":[{\"@type\":\"SearchAction\",\"target\":{\"@type\":\"EntryPoint\",\"urlTemplate\":\"https:\/\/portaltela.pt\/?s={search_term_string}\"},\"query-input\":{\"@type\":\"PropertyValueSpecification\",\"valueRequired\":true,\"valueName\":\"search_term_string\"}}],\"inLanguage\":\"pt-PT\"},{\"@type\":\"Person\",\"@id\":\"https:\/\/portaltela.pt\/#\/schema\/person\/c4278d4a6028830caff9ee44b42d32ed\",\"name\":\"Telinha\",\"image\":{\"@type\":\"ImageObject\",\"inLanguage\":\"pt-PT\",\"@id\":\"https:\/\/portaltela.pt\/s.01k8rhncp4jt1\/2025\/11\/talking-bot-125x125.png\",\"url\":\"https:\/\/portaltela.pt\/s.01k8rhncp4jt1\/2025\/11\/talking-bot-125x125.png\",\"contentUrl\":\"https:\/\/portaltela.pt\/s.01k8rhncp4jt1\/2025\/11\/talking-bot-125x125.png\",\"caption\":\"Telinha\"},\"sameAs\":[\"https:\/\/portaltela.pt\/\"],\"url\":\"https:\/\/portaltela.pt\/por\/367410592786\/\"}]}<\/script>\n<!-- \/ Yoast SEO plugin. -->","yoast_head_json":{"title":"Morita elogia apuramento do Sporting no Drag\u00e3o e destaca atitude - Portal Tela Portugal","robots":{"index":"index","follow":"follow","max-snippet":"max-snippet:-1","max-image-preview":"max-image-preview:large","max-video-preview":"max-video-preview:-1"},"og_locale":"pt_PT","og_type":"article","og_title":"Morita elogia apuramento do Sporting no Drag\u00e3o e destaca atitude - Portal Tela Portugal","og_description":"Sporting empatou com o FC Porto no Drag\u00e3o, garantindo a passagem \u00e0 final da Ta\u00e7a de Portugal. Hidemasa Morita, m\u00e9dio japon\u00eas de 30 anos, destacou a exibi\u00e7\u00e3o dos le\u00f5es nas redes sociais. Refor\u00e7ou a ideia do treinador Rui Borges: \"Quando faltar a inspira\u00e7\u00e3o que n\u00e3o falte a atitude. Vemo-nos no Jamor\". A publica\u00e7\u00e3o de Morita gerou rea\u00e7\u00e3o de centenas de adeptos, que pedem a sua continuidade no clube. O jogador termina o contrato em julho e pode deixar o Sporting na pr\u00f3xima \u00e9poca.","og_url":"https:\/\/portaltela.pt\/noticias\/2026\/04\/23\/morita-elogia-apuramento-do-sporting-no-dragao-e-destaca-atitude\/","og_site_name":"Portal Tela Portugal","article_published_time":"2026-04-23T15:17:59+00:00","author":"Telinha","twitter_card":"summary_large_image","twitter_misc":{"Escrito por":"Telinha","Tempo estimado de leitura":"1 minuto"},"schema":{"@context":"https:\/\/schema.org","@graph":[{"@type":"Article","@id":"https:\/\/portaltela.pt\/noticias\/2026\/04\/23\/morita-elogia-apuramento-do-sporting-no-dragao-e-destaca-atitude\/#article","isPartOf":{"@id":"https:\/\/portaltela.pt\/noticias\/2026\/04\/23\/morita-elogia-apuramento-do-sporting-no-dragao-e-destaca-atitude\/"},"author":{"name":"Telinha","@id":"https:\/\/portaltela.pt\/#\/schema\/person\/c4278d4a6028830caff9ee44b42d32ed"},"headline":"Morita elogia apuramento do Sporting no Drag\u00e3o e destaca atitude","datePublished":"2026-04-23T15:17:59+00:00","mainEntityOfPage":{"@id":"https:\/\/portaltela.pt\/noticias\/2026\/04\/23\/morita-elogia-apuramento-do-sporting-no-dragao-e-destaca-atitude\/"},"wordCount":244,"image":{"@id":"https:\/\/portaltela.pt\/noticias\/2026\/04\/23\/morita-elogia-apuramento-do-sporting-no-dragao-e-destaca-atitude\/#primaryimage"},"thumbnailUrl":"https:\/\/portaltela.pt\/s.01k8rhncp4jt1\/2026\/04\/img_1200x721uu2026-04-23-16-04-28-2434873.jpg","keywords":["contratos","futebol","jogadores","Porto","Sporting","Ta\u00e7a de Portugal"],"articleSection":["Desporto","Futebol"],"inLanguage":"pt-PT"},{"@type":"WebPage","@id":"https:\/\/portaltela.pt\/noticias\/2026\/04\/23\/morita-elogia-apuramento-do-sporting-no-dragao-e-destaca-atitude\/","url":"https:\/\/portaltela.pt\/noticias\/2026\/04\/23\/morita-elogia-apuramento-do-sporting-no-dragao-e-destaca-atitude\/","name":"Morita elogia apuramento do Sporting no Drag\u00e3o e destaca atitude - Portal Tela Portugal","isPartOf":{"@id":"https:\/\/portaltela.pt\/#website"},"primaryImageOfPage":{"@id":"https:\/\/portaltela.pt\/noticias\/2026\/04\/23\/morita-elogia-apuramento-do-sporting-no-dragao-e-destaca-atitude\/#primaryimage"},"image":{"@id":"https:\/\/portaltela.pt\/noticias\/2026\/04\/23\/morita-elogia-apuramento-do-sporting-no-dragao-e-destaca-atitude\/#primaryimage"},"thumbnailUrl":"https:\/\/portaltela.pt\/s.01k8rhncp4jt1\/2026\/04\/img_1200x721uu2026-04-23-16-04-28-2434873.jpg","datePublished":"2026-04-23T15:17:59+00:00","author":{"@id":"https:\/\/portaltela.pt\/#\/schema\/person\/c4278d4a6028830caff9ee44b42d32ed"},"breadcrumb":{"@id":"https:\/\/portaltela.pt\/noticias\/2026\/04\/23\/morita-elogia-apuramento-do-sporting-no-dragao-e-destaca-atitude\/#breadcrumb"},"inLanguage":"pt-PT","potentialAction":[{"@type":"ReadAction","target":["https:\/\/portaltela.pt\/noticias\/2026\/04\/23\/morita-elogia-apuramento-do-sporting-no-dragao-e-destaca-atitude\/"]}]},{"@type":"ImageObject","inLanguage":"pt-PT","@id":"https:\/\/portaltela.pt\/noticias\/2026\/04\/23\/morita-elogia-apuramento-do-sporting-no-dragao-e-destaca-atitude\/#primaryimage","url":"https:\/\/portaltela.pt\/s.01k8rhncp4jt1\/2026\/04\/img_1200x721uu2026-04-23-16-04-28-2434873.jpg","contentUrl":"https:\/\/portaltela.pt\/s.01k8rhncp4jt1\/2026\/04\/img_1200x721uu2026-04-23-16-04-28-2434873.jpg","width":1200,"height":721,"caption":"Morita destaca atitude do Sporting ap\u00f3s apuramento na Ta\u00e7a de Portugal"},{"@type":"BreadcrumbList","@id":"https:\/\/portaltela.pt\/noticias\/2026\/04\/23\/morita-elogia-apuramento-do-sporting-no-dragao-e-destaca-atitude\/#breadcrumb","itemListElement":[{"@type":"ListItem","position":1,"name":"In\u00edcio","item":"https:\/\/portaltela.pt\/"},{"@type":"ListItem","position":2,"name":"Morita elogia apuramento do Sporting no Drag\u00e3o e destaca atitude"}]},{"@type":"WebSite","@id":"https:\/\/portaltela.pt\/#website","url":"https:\/\/portaltela.pt\/","name":"Portal Tela Portugal","description":"","potentialAction":[{"@type":"SearchAction","target":{"@type":"EntryPoint","urlTemplate":"https:\/\/portaltela.pt\/?s={search_term_string}"},"query-input":{"@type":"PropertyValueSpecification","valueRequired":true,"valueName":"search_term_string"}}],"inLanguage":"pt-PT"},{"@type":"Person","@id":"https:\/\/portaltela.pt\/#\/schema\/person\/c4278d4a6028830caff9ee44b42d32ed","name":"Telinha","image":{"@type":"ImageObject","inLanguage":"pt-PT","@id":"https:\/\/portaltela.pt\/s.01k8rhncp4jt1\/2025\/11\/talking-bot-125x125.png","url":"https:\/\/portaltela.pt\/s.01k8rhncp4jt1\/2025\/11\/talking-bot-125x125.png","contentUrl":"https:\/\/portaltela.pt\/s.01k8rhncp4jt1\/2025\/11\/talking-bot-125x125.png","caption":"Telinha"},"sameAs":["https:\/\/portaltela.pt\/"],"url":"https:\/\/portaltela.pt\/por\/367410592786\/"}]}},"_links":{"self":[{"href":"https:\/\/portaltela.pt\/api\/wp\/v2\/posts\/456242","targetHints":{"allow":["GET"]}}],"collection":[{"href":"https:\/\/portaltela.pt\/api\/wp\/v2\/posts"}],"about":[{"href":"https:\/\/portaltela.pt\/api\/wp\/v2\/types\/post"}],"author":[{"embeddable":true,"href":"https:\/\/portaltela.pt\/api\/wp\/v2\/users\/2"}],"replies":[{"embeddable":true,"href":"https:\/\/portaltela.pt\/api\/wp\/v2\/comments?post=456242"}],"version-history":[{"count":0,"href":"https:\/\/portaltela.pt\/api\/wp\/v2\/posts\/456242\/revisions"}],"wp:featuredmedia":[{"embeddable":true,"href":"https:\/\/portaltela.pt\/api\/wp\/v2\/media\/456250"}],"wp:attachment":[{"href":"https:\/\/portaltela.pt\/api\/wp\/v2\/media?parent=456242"}],"wp:term":[{"taxonomy":"category","embeddable":true,"href":"https:\/\/portaltela.pt\/api\/wp\/v2\/categories?post=456242"},{"taxonomy":"post_tag","embeddable":true,"href":"https:\/\/portaltela.pt\/api\/wp\/v2\/tags?post=456242"}],"curies":[{"name":"wp","href":"https:\/\/api.w.org\/{rel}","templated":true}]}}