{"id":456239,"date":"2026-04-23T12:17:39","date_gmt":"2026-04-23T15:17:39","guid":{"rendered":"https:\/\/portaltela.pt\/noticias\/2026\/04\/23\/eder-militao-e-arda-guler-ficam-fora-do-real-madrid-ate-ao-final-da-epoca\/"},"modified":"2026-04-23T12:17:39","modified_gmt":"2026-04-23T15:17:39","slug":"eder-militao-e-arda-guler-ficam-fora-do-real-madrid-ate-ao-final-da-epoca","status":"publish","type":"post","link":"https:\/\/portaltela.pt\/desporto\/futebol\/2026\/04\/23\/eder-militao-e-arda-guler-ficam-fora-do-real-madrid-ate-ao-final-da-epoca\/","title":{"rendered":"\u00c9der Milit\u00e3o e Arda G\u00fcler ficam fora do Real Madrid at\u00e9 ao final da \u00e9poca"},"content":{"rendered":"<p>O Real Madrid anunciou hoje que \u00c9der Milit\u00e3o e Arda G\u00fcler sofreram les\u00f5es musculares e v\u00e3o falhar o resto da temporada. A confirma\u00e7\u00e3o foi feita pelo clube espanhol, sem indicar data de regressos.<\/p>\n<p>Os dois jogadores ficam fora de todos os compromissos at\u00e9 ao final da campanha. A nota esclarece que o Mundial n\u00e3o dever\u00e1 ficar em risco para nenhum deles.<\/p>\n<p>Milit\u00e3o \u00e9 defesa brasileiro e G\u00fcler, atacante turco, integravam o plantel nos \u00faltimos jogos. A equipa v\u00ea as les\u00f5es como um rev\u00e9s importante para o ritmo defensivo e criativo.<\/p>\n<h3>Desdobramentos<\/h3>\n<p>A equipa busca alternativas para preencher as vagas, com poss\u00edvel reutiliza\u00e7\u00e3o de jogadores da cantera ou ajustes t\u00e1ticos. N\u00e3o h\u00e1 informa\u00e7\u00f5es sobre o tempo de recupera\u00e7\u00e3o definido pelo departamento m\u00e9dico.<\/p>\n<p>O clube evita diagnosticar prazos exatos, limitando-se a confirmar a indisponibilidade at\u00e9 ao t\u00e9rmino da temporada. A propaga\u00e7\u00e3o de not\u00edcias sobre o calend\u00e1rio rival n\u00e3o \u00e9 prioridade.<\/p>\n","protected":false},"excerpt":{"rendered":"<ul>\n<li>\u00c9der Milit\u00e3o e Arda G\u00fcler, do Real Madrid, sofreram les\u00f5es musculares e v\u00e3o falhar o resto da \u00e9poca.<\/li>\n<li>O clube espanhol indicou que as les\u00f5es os afastam do restante da temporada.<\/li>\n<li>A presen\u00e7a no Mundial n\u00e3o dever\u00e1 ficar em risco, segundo o Real Madrid.<\/li>\n<li>N\u00e3o foram divulgados prazos espec\u00edficos de recupera\u00e7\u00e3o.<\/li>\n<li>A not\u00edcia confirma apenas que n\u00e3o haver\u00e1 disponibilidade dos dois at\u00e9 ao final da temporada.<\/li>\n<\/ul>\n","protected":false},"author":2,"featured_media":456240,"comment_status":"closed","ping_status":"closed","sticky":false,"template":"","format":"standard","meta":{"footnotes":""},"categories":[21,24],"tags":[32,3338,242,2538,2714,2126],"class_list":["post-456239","post","type-post","status-publish","format-standard","has-post-thumbnail","hentry","category-desporto","category-futebol","tag-futebol","tag-futebol-internacional","tag-jogadores","tag-lesoes","tag-real-madrid","tag-turquia"],"yoast_head":"<!-- This site is optimized with the Yoast SEO plugin v27.2 - https:\/\/yoast.com\/product\/yoast-seo-wordpress\/ -->\n<title>\u00c9der Milit\u00e3o e Arda G\u00fcler ficam fora do Real Madrid at\u00e9 ao final da \u00e9poca - Portal Tela Portugal<\/title>\n<meta name=\"robots\" content=\"index, follow, max-snippet:-1, max-image-preview:large, max-video-preview:-1\" \/>\n<meta property=\"og:locale\" content=\"pt_PT\" \/>\n<meta property=\"og:type\" content=\"article\" \/>\n<meta property=\"og:title\" content=\"\u00c9der Milit\u00e3o e Arda G\u00fcler ficam fora do Real Madrid at\u00e9 ao final da \u00e9poca - Portal Tela Portugal\" \/>\n<meta property=\"og:description\" content=\"\u00c9der Milit\u00e3o e Arda G\u00fcler, do Real Madrid, sofreram les\u00f5es musculares e v\u00e3o falhar o resto da \u00e9poca. O clube espanhol indicou que as les\u00f5es os afastam do restante da temporada. A presen\u00e7a no Mundial n\u00e3o dever\u00e1 ficar em risco, segundo o Real Madrid. N\u00e3o foram divulgados prazos espec\u00edficos de recupera\u00e7\u00e3o. A not\u00edcia confirma apenas que n\u00e3o haver\u00e1 disponibilidade dos dois at\u00e9 ao final da temporada.\" \/>\n<meta property=\"og:url\" content=\"https:\/\/portaltela.pt\/noticias\/2026\/04\/23\/eder-militao-e-arda-guler-ficam-fora-do-real-madrid-ate-ao-final-da-epoca\/\" \/>\n<meta property=\"og:site_name\" content=\"Portal Tela Portugal\" \/>\n<meta property=\"article:published_time\" content=\"2026-04-23T15:17:39+00:00\" \/>\n<meta name=\"author\" content=\"Telinha\" \/>\n<meta name=\"twitter:card\" content=\"summary_large_image\" \/>\n<meta name=\"twitter:label1\" content=\"Escrito por\" \/>\n\t<meta name=\"twitter:data1\" content=\"Telinha\" \/>\n\t<meta name=\"twitter:label2\" content=\"Tempo estimado de leitura\" \/>\n\t<meta name=\"twitter:data2\" content=\"1 minuto\" \/>\n<script type=\"application\/ld+json\" class=\"yoast-schema-graph\">{\"@context\":\"https:\/\/schema.org\",\"@graph\":[{\"@type\":\"Article\",\"@id\":\"https:\/\/portaltela.pt\/noticias\/2026\/04\/23\/eder-militao-e-arda-guler-ficam-fora-do-real-madrid-ate-ao-final-da-epoca\/#article\",\"isPartOf\":{\"@id\":\"https:\/\/portaltela.pt\/noticias\/2026\/04\/23\/eder-militao-e-arda-guler-ficam-fora-do-real-madrid-ate-ao-final-da-epoca\/\"},\"author\":{\"name\":\"Telinha\",\"@id\":\"https:\/\/portaltela.pt\/#\/schema\/person\/c4278d4a6028830caff9ee44b42d32ed\"},\"headline\":\"\u00c9der Milit\u00e3o e Arda G\u00fcler ficam fora do Real Madrid at\u00e9 ao final da \u00e9poca\",\"datePublished\":\"2026-04-23T15:17:39+00:00\",\"mainEntityOfPage\":{\"@id\":\"https:\/\/portaltela.pt\/noticias\/2026\/04\/23\/eder-militao-e-arda-guler-ficam-fora-do-real-madrid-ate-ao-final-da-epoca\/\"},\"wordCount\":185,\"image\":{\"@id\":\"https:\/\/portaltela.pt\/noticias\/2026\/04\/23\/eder-militao-e-arda-guler-ficam-fora-do-real-madrid-ate-ao-final-da-epoca\/#primaryimage\"},\"thumbnailUrl\":\"https:\/\/portaltela.pt\/s.01k8rhncp4jt1\/2026\/04\/CACHE_780X1200_ANALOG_WATERMARKED_46882112_6824961827197.jpg\",\"keywords\":[\"futebol\",\"futebol internacional\",\"jogadores\",\"les\u00f5es\",\"Real Madrid\",\"Turquia\"],\"articleSection\":[\"Desporto\",\"Futebol\"],\"inLanguage\":\"pt-PT\"},{\"@type\":\"WebPage\",\"@id\":\"https:\/\/portaltela.pt\/noticias\/2026\/04\/23\/eder-militao-e-arda-guler-ficam-fora-do-real-madrid-ate-ao-final-da-epoca\/\",\"url\":\"https:\/\/portaltela.pt\/noticias\/2026\/04\/23\/eder-militao-e-arda-guler-ficam-fora-do-real-madrid-ate-ao-final-da-epoca\/\",\"name\":\"\u00c9der Milit\u00e3o e Arda G\u00fcler ficam fora do Real Madrid at\u00e9 ao final da \u00e9poca - Portal Tela Portugal\",\"isPartOf\":{\"@id\":\"https:\/\/portaltela.pt\/#website\"},\"primaryImageOfPage\":{\"@id\":\"https:\/\/portaltela.pt\/noticias\/2026\/04\/23\/eder-militao-e-arda-guler-ficam-fora-do-real-madrid-ate-ao-final-da-epoca\/#primaryimage\"},\"image\":{\"@id\":\"https:\/\/portaltela.pt\/noticias\/2026\/04\/23\/eder-militao-e-arda-guler-ficam-fora-do-real-madrid-ate-ao-final-da-epoca\/#primaryimage\"},\"thumbnailUrl\":\"https:\/\/portaltela.pt\/s.01k8rhncp4jt1\/2026\/04\/CACHE_780X1200_ANALOG_WATERMARKED_46882112_6824961827197.jpg\",\"datePublished\":\"2026-04-23T15:17:39+00:00\",\"author\":{\"@id\":\"https:\/\/portaltela.pt\/#\/schema\/person\/c4278d4a6028830caff9ee44b42d32ed\"},\"breadcrumb\":{\"@id\":\"https:\/\/portaltela.pt\/noticias\/2026\/04\/23\/eder-militao-e-arda-guler-ficam-fora-do-real-madrid-ate-ao-final-da-epoca\/#breadcrumb\"},\"inLanguage\":\"pt-PT\",\"potentialAction\":[{\"@type\":\"ReadAction\",\"target\":[\"https:\/\/portaltela.pt\/noticias\/2026\/04\/23\/eder-militao-e-arda-guler-ficam-fora-do-real-madrid-ate-ao-final-da-epoca\/\"]}]},{\"@type\":\"ImageObject\",\"inLanguage\":\"pt-PT\",\"@id\":\"https:\/\/portaltela.pt\/noticias\/2026\/04\/23\/eder-militao-e-arda-guler-ficam-fora-do-real-madrid-ate-ao-final-da-epoca\/#primaryimage\",\"url\":\"https:\/\/portaltela.pt\/s.01k8rhncp4jt1\/2026\/04\/CACHE_780X1200_ANALOG_WATERMARKED_46882112_6824961827197.jpg\",\"contentUrl\":\"https:\/\/portaltela.pt\/s.01k8rhncp4jt1\/2026\/04\/CACHE_780X1200_ANALOG_WATERMARKED_46882112_6824961827197.jpg\",\"width\":768,\"height\":512,\"caption\":\"\u00c9der Milit\u00e3o e Arda G\u00fcler baixas no Real Madrid at\u00e9 final da \u00e9poca\"},{\"@type\":\"BreadcrumbList\",\"@id\":\"https:\/\/portaltela.pt\/noticias\/2026\/04\/23\/eder-militao-e-arda-guler-ficam-fora-do-real-madrid-ate-ao-final-da-epoca\/#breadcrumb\",\"itemListElement\":[{\"@type\":\"ListItem\",\"position\":1,\"name\":\"In\u00edcio\",\"item\":\"https:\/\/portaltela.pt\/\"},{\"@type\":\"ListItem\",\"position\":2,\"name\":\"\u00c9der Milit\u00e3o e Arda G\u00fcler ficam fora do Real Madrid at\u00e9 ao final da \u00e9poca\"}]},{\"@type\":\"WebSite\",\"@id\":\"https:\/\/portaltela.pt\/#website\",\"url\":\"https:\/\/portaltela.pt\/\",\"name\":\"Portal Tela Portugal\",\"description\":\"\",\"potentialAction\":[{\"@type\":\"SearchAction\",\"target\":{\"@type\":\"EntryPoint\",\"urlTemplate\":\"https:\/\/portaltela.pt\/?s={search_term_string}\"},\"query-input\":{\"@type\":\"PropertyValueSpecification\",\"valueRequired\":true,\"valueName\":\"search_term_string\"}}],\"inLanguage\":\"pt-PT\"},{\"@type\":\"Person\",\"@id\":\"https:\/\/portaltela.pt\/#\/schema\/person\/c4278d4a6028830caff9ee44b42d32ed\",\"name\":\"Telinha\",\"image\":{\"@type\":\"ImageObject\",\"inLanguage\":\"pt-PT\",\"@id\":\"https:\/\/portaltela.pt\/s.01k8rhncp4jt1\/2025\/11\/talking-bot-125x125.png\",\"url\":\"https:\/\/portaltela.pt\/s.01k8rhncp4jt1\/2025\/11\/talking-bot-125x125.png\",\"contentUrl\":\"https:\/\/portaltela.pt\/s.01k8rhncp4jt1\/2025\/11\/talking-bot-125x125.png\",\"caption\":\"Telinha\"},\"sameAs\":[\"https:\/\/portaltela.pt\/\"],\"url\":\"https:\/\/portaltela.pt\/por\/367410592786\/\"}]}<\/script>\n<!-- \/ Yoast SEO plugin. -->","yoast_head_json":{"title":"\u00c9der Milit\u00e3o e Arda G\u00fcler ficam fora do Real Madrid at\u00e9 ao final da \u00e9poca - Portal Tela Portugal","robots":{"index":"index","follow":"follow","max-snippet":"max-snippet:-1","max-image-preview":"max-image-preview:large","max-video-preview":"max-video-preview:-1"},"og_locale":"pt_PT","og_type":"article","og_title":"\u00c9der Milit\u00e3o e Arda G\u00fcler ficam fora do Real Madrid at\u00e9 ao final da \u00e9poca - Portal Tela Portugal","og_description":"\u00c9der Milit\u00e3o e Arda G\u00fcler, do Real Madrid, sofreram les\u00f5es musculares e v\u00e3o falhar o resto da \u00e9poca. O clube espanhol indicou que as les\u00f5es os afastam do restante da temporada. A presen\u00e7a no Mundial n\u00e3o dever\u00e1 ficar em risco, segundo o Real Madrid. N\u00e3o foram divulgados prazos espec\u00edficos de recupera\u00e7\u00e3o. A not\u00edcia confirma apenas que n\u00e3o haver\u00e1 disponibilidade dos dois at\u00e9 ao final da temporada.","og_url":"https:\/\/portaltela.pt\/noticias\/2026\/04\/23\/eder-militao-e-arda-guler-ficam-fora-do-real-madrid-ate-ao-final-da-epoca\/","og_site_name":"Portal Tela Portugal","article_published_time":"2026-04-23T15:17:39+00:00","author":"Telinha","twitter_card":"summary_large_image","twitter_misc":{"Escrito por":"Telinha","Tempo estimado de leitura":"1 minuto"},"schema":{"@context":"https:\/\/schema.org","@graph":[{"@type":"Article","@id":"https:\/\/portaltela.pt\/noticias\/2026\/04\/23\/eder-militao-e-arda-guler-ficam-fora-do-real-madrid-ate-ao-final-da-epoca\/#article","isPartOf":{"@id":"https:\/\/portaltela.pt\/noticias\/2026\/04\/23\/eder-militao-e-arda-guler-ficam-fora-do-real-madrid-ate-ao-final-da-epoca\/"},"author":{"name":"Telinha","@id":"https:\/\/portaltela.pt\/#\/schema\/person\/c4278d4a6028830caff9ee44b42d32ed"},"headline":"\u00c9der Milit\u00e3o e Arda G\u00fcler ficam fora do Real Madrid at\u00e9 ao final da \u00e9poca","datePublished":"2026-04-23T15:17:39+00:00","mainEntityOfPage":{"@id":"https:\/\/portaltela.pt\/noticias\/2026\/04\/23\/eder-militao-e-arda-guler-ficam-fora-do-real-madrid-ate-ao-final-da-epoca\/"},"wordCount":185,"image":{"@id":"https:\/\/portaltela.pt\/noticias\/2026\/04\/23\/eder-militao-e-arda-guler-ficam-fora-do-real-madrid-ate-ao-final-da-epoca\/#primaryimage"},"thumbnailUrl":"https:\/\/portaltela.pt\/s.01k8rhncp4jt1\/2026\/04\/CACHE_780X1200_ANALOG_WATERMARKED_46882112_6824961827197.jpg","keywords":["futebol","futebol internacional","jogadores","les\u00f5es","Real Madrid","Turquia"],"articleSection":["Desporto","Futebol"],"inLanguage":"pt-PT"},{"@type":"WebPage","@id":"https:\/\/portaltela.pt\/noticias\/2026\/04\/23\/eder-militao-e-arda-guler-ficam-fora-do-real-madrid-ate-ao-final-da-epoca\/","url":"https:\/\/portaltela.pt\/noticias\/2026\/04\/23\/eder-militao-e-arda-guler-ficam-fora-do-real-madrid-ate-ao-final-da-epoca\/","name":"\u00c9der Milit\u00e3o e Arda G\u00fcler ficam fora do Real Madrid at\u00e9 ao final da \u00e9poca - Portal Tela Portugal","isPartOf":{"@id":"https:\/\/portaltela.pt\/#website"},"primaryImageOfPage":{"@id":"https:\/\/portaltela.pt\/noticias\/2026\/04\/23\/eder-militao-e-arda-guler-ficam-fora-do-real-madrid-ate-ao-final-da-epoca\/#primaryimage"},"image":{"@id":"https:\/\/portaltela.pt\/noticias\/2026\/04\/23\/eder-militao-e-arda-guler-ficam-fora-do-real-madrid-ate-ao-final-da-epoca\/#primaryimage"},"thumbnailUrl":"https:\/\/portaltela.pt\/s.01k8rhncp4jt1\/2026\/04\/CACHE_780X1200_ANALOG_WATERMARKED_46882112_6824961827197.jpg","datePublished":"2026-04-23T15:17:39+00:00","author":{"@id":"https:\/\/portaltela.pt\/#\/schema\/person\/c4278d4a6028830caff9ee44b42d32ed"},"breadcrumb":{"@id":"https:\/\/portaltela.pt\/noticias\/2026\/04\/23\/eder-militao-e-arda-guler-ficam-fora-do-real-madrid-ate-ao-final-da-epoca\/#breadcrumb"},"inLanguage":"pt-PT","potentialAction":[{"@type":"ReadAction","target":["https:\/\/portaltela.pt\/noticias\/2026\/04\/23\/eder-militao-e-arda-guler-ficam-fora-do-real-madrid-ate-ao-final-da-epoca\/"]}]},{"@type":"ImageObject","inLanguage":"pt-PT","@id":"https:\/\/portaltela.pt\/noticias\/2026\/04\/23\/eder-militao-e-arda-guler-ficam-fora-do-real-madrid-ate-ao-final-da-epoca\/#primaryimage","url":"https:\/\/portaltela.pt\/s.01k8rhncp4jt1\/2026\/04\/CACHE_780X1200_ANALOG_WATERMARKED_46882112_6824961827197.jpg","contentUrl":"https:\/\/portaltela.pt\/s.01k8rhncp4jt1\/2026\/04\/CACHE_780X1200_ANALOG_WATERMARKED_46882112_6824961827197.jpg","width":768,"height":512,"caption":"\u00c9der Milit\u00e3o e Arda G\u00fcler baixas no Real Madrid at\u00e9 final da \u00e9poca"},{"@type":"BreadcrumbList","@id":"https:\/\/portaltela.pt\/noticias\/2026\/04\/23\/eder-militao-e-arda-guler-ficam-fora-do-real-madrid-ate-ao-final-da-epoca\/#breadcrumb","itemListElement":[{"@type":"ListItem","position":1,"name":"In\u00edcio","item":"https:\/\/portaltela.pt\/"},{"@type":"ListItem","position":2,"name":"\u00c9der Milit\u00e3o e Arda G\u00fcler ficam fora do Real Madrid at\u00e9 ao final da \u00e9poca"}]},{"@type":"WebSite","@id":"https:\/\/portaltela.pt\/#website","url":"https:\/\/portaltela.pt\/","name":"Portal Tela Portugal","description":"","potentialAction":[{"@type":"SearchAction","target":{"@type":"EntryPoint","urlTemplate":"https:\/\/portaltela.pt\/?s={search_term_string}"},"query-input":{"@type":"PropertyValueSpecification","valueRequired":true,"valueName":"search_term_string"}}],"inLanguage":"pt-PT"},{"@type":"Person","@id":"https:\/\/portaltela.pt\/#\/schema\/person\/c4278d4a6028830caff9ee44b42d32ed","name":"Telinha","image":{"@type":"ImageObject","inLanguage":"pt-PT","@id":"https:\/\/portaltela.pt\/s.01k8rhncp4jt1\/2025\/11\/talking-bot-125x125.png","url":"https:\/\/portaltela.pt\/s.01k8rhncp4jt1\/2025\/11\/talking-bot-125x125.png","contentUrl":"https:\/\/portaltela.pt\/s.01k8rhncp4jt1\/2025\/11\/talking-bot-125x125.png","caption":"Telinha"},"sameAs":["https:\/\/portaltela.pt\/"],"url":"https:\/\/portaltela.pt\/por\/367410592786\/"}]}},"_links":{"self":[{"href":"https:\/\/portaltela.pt\/api\/wp\/v2\/posts\/456239","targetHints":{"allow":["GET"]}}],"collection":[{"href":"https:\/\/portaltela.pt\/api\/wp\/v2\/posts"}],"about":[{"href":"https:\/\/portaltela.pt\/api\/wp\/v2\/types\/post"}],"author":[{"embeddable":true,"href":"https:\/\/portaltela.pt\/api\/wp\/v2\/users\/2"}],"replies":[{"embeddable":true,"href":"https:\/\/portaltela.pt\/api\/wp\/v2\/comments?post=456239"}],"version-history":[{"count":0,"href":"https:\/\/portaltela.pt\/api\/wp\/v2\/posts\/456239\/revisions"}],"wp:featuredmedia":[{"embeddable":true,"href":"https:\/\/portaltela.pt\/api\/wp\/v2\/media\/456240"}],"wp:attachment":[{"href":"https:\/\/portaltela.pt\/api\/wp\/v2\/media?parent=456239"}],"wp:term":[{"taxonomy":"category","embeddable":true,"href":"https:\/\/portaltela.pt\/api\/wp\/v2\/categories?post=456239"},{"taxonomy":"post_tag","embeddable":true,"href":"https:\/\/portaltela.pt\/api\/wp\/v2\/tags?post=456239"}],"curies":[{"name":"wp","href":"https:\/\/api.w.org\/{rel}","templated":true}]}}