{"id":456237,"date":"2026-04-23T09:23:00","date_gmt":"2026-04-23T12:23:00","guid":{"rendered":"https:\/\/portaltela.pt\/noticias\/2026\/04\/23\/maia-recebe-5a-edicao-do-wine-classics-com-vinhos-carros-classicos-e-comida\/"},"modified":"2026-04-23T09:23:00","modified_gmt":"2026-04-23T12:23:00","slug":"maia-recebe-5a-edicao-do-wine-classics-com-vinhos-carros-classicos-e-comida","status":"publish","type":"post","link":"https:\/\/portaltela.pt\/noticias\/2026\/04\/23\/maia-recebe-5a-edicao-do-wine-classics-com-vinhos-carros-classicos-e-comida\/","title":{"rendered":"Maia recebe 5\u00aa edi\u00e7\u00e3o do Wine &amp; Classics com vinhos, carros cl\u00e1ssicos e comida"},"content":{"rendered":"<p>O Wine &amp; Classics regressa \u00e0 Maia, com a Quinta dos C\u00f3negos como cen\u00e1rio. Entre 15 e 17 de maio, v\u00e3o estar expostos 25 autom\u00f3veis cl\u00e1ssicos e presentes mais de 250 vinhos de 23 produtores nacionais. O objetivo \u00e9 reunir paix\u00f5es por vinhos e carros numa programa\u00e7\u00e3o integrada.<\/p>\n<p>A curadoria fica a cargo de Jos\u00e9 Silva, Paulo Pimenta, S\u00e9rgio Costa Lopes e Sofia Bacelar, que v\u00e3o conduzir as provas dos produtores. O chef \u00c1lvaro Costa concebe os pares entre vinhos e pratos, enquanto o food court \u00e9 ampliado para receber mais visitantes. Novidades incluem espa\u00e7os de prova mais intimistas e uma mesa exclusiva.<\/p>\n<p>Durante o evento, a circula\u00e7\u00e3o de dinheiro \u00e9 substitu\u00edda pela aplica\u00e7\u00e3o 3cket.com para navegar pela Quinta dos C\u00f3negos. O programa inclui um almo\u00e7o de 16 de maio e jantares nos dias 16 e 17, com menus preparados por cinco chefs convidados.<\/p>\n<h3>Atra\u00e7\u00f5es e din\u00e2mica de provas<\/h3>\n<p>Entre as novidades, o food court renovado oferece mais lugares sentados e pratos que v\u00e3o do fogo de ch\u00e3o a propostas modernas. Os visitantes poder\u00e3o conhecer a exposi\u00e7\u00e3o de autom\u00f3veis organizada pelo CPAA &#8211; Clube Portugu\u00eas de Autom\u00f3veis Antigos. Degusta\u00e7\u00f5es contam com 18 provas comentadas.<\/p>\n<h3>Ingressos e custos<\/h3>\n<p>A entrada no evento \u00e9 gratuita, com acesso \u00e0 exposi\u00e7\u00e3o de cl\u00e1ssicos. Participa\u00e7\u00e3o em provas requer copo oficial e cr\u00e9ditos, ao custo de 5 euros por prova. Existem provas comentadas com o mesmo valor. As provas especiais custam 15 euros cada, com pairing inclu\u00eddo. O almo\u00e7o e o jantar ligados \u00e0 mesa de prova exclusiva custam 60 euros, incluindo lugar na mesa para refei\u00e7\u00f5es com os chefs convidados. A aquisi\u00e7\u00e3o de ingressos pode ser feita atrav\u00e9s do 3cket.com.<\/p>\n<p>Produtores presentes incluem Alves de Sousa, Anselmo Mendes, Casa da Passarela, Casa da Tapada, Casa Ferreirinha, Cypriano, Girof\u00e9, Herdade das Servas, Lobo Vasconcellos, Ma\u00e7anita, Manuel Correia, M\u00e1rcio Lopes, Mont&#8217;Alegre, Quanta Terra, Quevedo, Quinta das Arcas, Quinta de Azevedo, Quinta de Pa\u00e7os, Quinta Lagoa Velha, Quinta Pousada de Fora, Sid\u00f3nio de Sousa, Souvall e Vinevinu.<\/p>\n","protected":false},"excerpt":{"rendered":"<ul>\n<li>A Maia recebe a quinta edi\u00e7\u00e3o do Wine &amp; Classics na Quinta dos C\u00f3negos, entre 15 e 17 de maio, com 25 cl\u00e1ssicos em exposi\u00e7\u00e3o e mais de 250 vinhos de 23 produtores.<\/li>\n<li>As provas s\u00e3o conduzidas por curadores e produtores, com harmoniza\u00e7\u00f5es criadas pelo chef \u00c1lvaro Costa.<\/li>\n<li>O food court foi ampliado e renovado, com mais lugares sentados e a presen\u00e7a de chefs como Manuel da Silva, David Couto, Marco Gomes, Ant\u00f3nio Vieira e Hugo Portela.<\/li>\n<li>O evento funciona sem dinheiro f\u00edsico, usando a aplica\u00e7\u00e3o 3cket.com para aceder \u00e0s provas, com uma mesa de prova exclusiva e tr\u00eas provas especiais em formato intimista.<\/li>\n<li>Pre\u00e7os: prova comentada a cinco euros; provas especiais a quinze euros; almo\u00e7o\/jantar especiais a sessenta euros; entrada na exposi\u00e7\u00e3o \u00e9 gratuita.<\/li>\n<\/ul>\n","protected":false},"author":2,"featured_media":456238,"comment_status":"closed","ping_status":"closed","sticky":false,"template":"","format":"standard","meta":{"footnotes":""},"categories":[7369,1],"tags":[2371,6042,219,1743,5586,779],"class_list":["post-456237","post","type-post","status-publish","format-standard","has-post-thumbnail","hentry","category-gastronomia","category-noticias","tag-automoveis","tag-carros","tag-gastronomia","tag-maia","tag-vinho","tag-vinhos"],"yoast_head":"<!-- This site is optimized with the Yoast SEO plugin v27.2 - https:\/\/yoast.com\/product\/yoast-seo-wordpress\/ -->\n<title>Maia recebe 5\u00aa edi\u00e7\u00e3o do Wine &amp; Classics com vinhos, carros cl\u00e1ssicos e comida - Portal Tela Portugal<\/title>\n<meta name=\"robots\" content=\"index, follow, max-snippet:-1, max-image-preview:large, max-video-preview:-1\" \/>\n<meta property=\"og:locale\" content=\"pt_PT\" \/>\n<meta property=\"og:type\" content=\"article\" \/>\n<meta property=\"og:title\" content=\"Maia recebe 5\u00aa edi\u00e7\u00e3o do Wine &amp; Classics com vinhos, carros cl\u00e1ssicos e comida - Portal Tela Portugal\" \/>\n<meta property=\"og:description\" content=\"A Maia recebe a quinta edi\u00e7\u00e3o do Wine &amp; Classics na Quinta dos C\u00f3negos, entre 15 e 17 de maio, com 25 cl\u00e1ssicos em exposi\u00e7\u00e3o e mais de 250 vinhos de 23 produtores. As provas s\u00e3o conduzidas por curadores e produtores, com harmoniza\u00e7\u00f5es criadas pelo chef \u00c1lvaro Costa. O food court foi ampliado e renovado, com mais lugares sentados e a presen\u00e7a de chefs como Manuel da Silva, David Couto, Marco Gomes, Ant\u00f3nio Vieira e Hugo Portela. O evento funciona sem dinheiro f\u00edsico, usando a aplica\u00e7\u00e3o 3cket.com para aceder \u00e0s provas, com uma mesa de prova exclusiva e tr\u00eas provas especiais em formato intimista. Pre\u00e7os: prova comentada a cinco euros; provas especiais a quinze euros; almo\u00e7o\/jantar especiais a sessenta euros; entrada na exposi\u00e7\u00e3o \u00e9 gratuita.\" \/>\n<meta property=\"og:url\" content=\"https:\/\/portaltela.pt\/noticias\/2026\/04\/23\/maia-recebe-5a-edicao-do-wine-classics-com-vinhos-carros-classicos-e-comida\/\" \/>\n<meta property=\"og:site_name\" content=\"Portal Tela Portugal\" \/>\n<meta property=\"article:published_time\" content=\"2026-04-23T12:23:00+00:00\" \/>\n<meta name=\"author\" content=\"Telinha\" \/>\n<meta name=\"twitter:card\" content=\"summary_large_image\" \/>\n<meta name=\"twitter:label1\" content=\"Escrito por\" \/>\n\t<meta name=\"twitter:data1\" content=\"Telinha\" \/>\n\t<meta name=\"twitter:label2\" content=\"Tempo estimado de leitura\" \/>\n\t<meta name=\"twitter:data2\" content=\"2 minutos\" \/>\n<script type=\"application\/ld+json\" class=\"yoast-schema-graph\">{\"@context\":\"https:\/\/schema.org\",\"@graph\":[{\"@type\":\"Article\",\"@id\":\"https:\/\/portaltela.pt\/noticias\/2026\/04\/23\/maia-recebe-5a-edicao-do-wine-classics-com-vinhos-carros-classicos-e-comida\/#article\",\"isPartOf\":{\"@id\":\"https:\/\/portaltela.pt\/noticias\/2026\/04\/23\/maia-recebe-5a-edicao-do-wine-classics-com-vinhos-carros-classicos-e-comida\/\"},\"author\":{\"name\":\"Telinha\",\"@id\":\"https:\/\/portaltela.pt\/#\/schema\/person\/c4278d4a6028830caff9ee44b42d32ed\"},\"headline\":\"Maia recebe 5\u00aa edi\u00e7\u00e3o do Wine &amp; Classics com vinhos, carros cl\u00e1ssicos e comida\",\"datePublished\":\"2026-04-23T12:23:00+00:00\",\"mainEntityOfPage\":{\"@id\":\"https:\/\/portaltela.pt\/noticias\/2026\/04\/23\/maia-recebe-5a-edicao-do-wine-classics-com-vinhos-carros-classicos-e-comida\/\"},\"wordCount\":366,\"image\":{\"@id\":\"https:\/\/portaltela.pt\/noticias\/2026\/04\/23\/maia-recebe-5a-edicao-do-wine-classics-com-vinhos-carros-classicos-e-comida\/#primaryimage\"},\"thumbnailUrl\":\"https:\/\/portaltela.pt\/s.01k8rhncp4jt1\/2026\/04\/image-70.webp\",\"keywords\":[\"Autom\u00f3veis\",\"carros\",\"gastronomia\",\"Maia\",\"vinho\",\"vinhos\"],\"articleSection\":[\"Gastronomia\",\"Not\u00edcias\"],\"inLanguage\":\"pt-PT\"},{\"@type\":\"WebPage\",\"@id\":\"https:\/\/portaltela.pt\/noticias\/2026\/04\/23\/maia-recebe-5a-edicao-do-wine-classics-com-vinhos-carros-classicos-e-comida\/\",\"url\":\"https:\/\/portaltela.pt\/noticias\/2026\/04\/23\/maia-recebe-5a-edicao-do-wine-classics-com-vinhos-carros-classicos-e-comida\/\",\"name\":\"Maia recebe 5\u00aa edi\u00e7\u00e3o do Wine &amp; Classics com vinhos, carros cl\u00e1ssicos e comida - Portal Tela Portugal\",\"isPartOf\":{\"@id\":\"https:\/\/portaltela.pt\/#website\"},\"primaryImageOfPage\":{\"@id\":\"https:\/\/portaltela.pt\/noticias\/2026\/04\/23\/maia-recebe-5a-edicao-do-wine-classics-com-vinhos-carros-classicos-e-comida\/#primaryimage\"},\"image\":{\"@id\":\"https:\/\/portaltela.pt\/noticias\/2026\/04\/23\/maia-recebe-5a-edicao-do-wine-classics-com-vinhos-carros-classicos-e-comida\/#primaryimage\"},\"thumbnailUrl\":\"https:\/\/portaltela.pt\/s.01k8rhncp4jt1\/2026\/04\/image-70.webp\",\"datePublished\":\"2026-04-23T12:23:00+00:00\",\"author\":{\"@id\":\"https:\/\/portaltela.pt\/#\/schema\/person\/c4278d4a6028830caff9ee44b42d32ed\"},\"breadcrumb\":{\"@id\":\"https:\/\/portaltela.pt\/noticias\/2026\/04\/23\/maia-recebe-5a-edicao-do-wine-classics-com-vinhos-carros-classicos-e-comida\/#breadcrumb\"},\"inLanguage\":\"pt-PT\",\"potentialAction\":[{\"@type\":\"ReadAction\",\"target\":[\"https:\/\/portaltela.pt\/noticias\/2026\/04\/23\/maia-recebe-5a-edicao-do-wine-classics-com-vinhos-carros-classicos-e-comida\/\"]}]},{\"@type\":\"ImageObject\",\"inLanguage\":\"pt-PT\",\"@id\":\"https:\/\/portaltela.pt\/noticias\/2026\/04\/23\/maia-recebe-5a-edicao-do-wine-classics-com-vinhos-carros-classicos-e-comida\/#primaryimage\",\"url\":\"https:\/\/portaltela.pt\/s.01k8rhncp4jt1\/2026\/04\/image-70.webp\",\"contentUrl\":\"https:\/\/portaltela.pt\/s.01k8rhncp4jt1\/2026\/04\/image-70.webp\",\"width\":1200,\"height\":637,\"caption\":\"Foto: DR\"},{\"@type\":\"BreadcrumbList\",\"@id\":\"https:\/\/portaltela.pt\/noticias\/2026\/04\/23\/maia-recebe-5a-edicao-do-wine-classics-com-vinhos-carros-classicos-e-comida\/#breadcrumb\",\"itemListElement\":[{\"@type\":\"ListItem\",\"position\":1,\"name\":\"In\u00edcio\",\"item\":\"https:\/\/portaltela.pt\/\"},{\"@type\":\"ListItem\",\"position\":2,\"name\":\"Maia recebe 5\u00aa edi\u00e7\u00e3o do Wine &amp; Classics com vinhos, carros cl\u00e1ssicos e comida\"}]},{\"@type\":\"WebSite\",\"@id\":\"https:\/\/portaltela.pt\/#website\",\"url\":\"https:\/\/portaltela.pt\/\",\"name\":\"Portal Tela Portugal\",\"description\":\"\",\"potentialAction\":[{\"@type\":\"SearchAction\",\"target\":{\"@type\":\"EntryPoint\",\"urlTemplate\":\"https:\/\/portaltela.pt\/?s={search_term_string}\"},\"query-input\":{\"@type\":\"PropertyValueSpecification\",\"valueRequired\":true,\"valueName\":\"search_term_string\"}}],\"inLanguage\":\"pt-PT\"},{\"@type\":\"Person\",\"@id\":\"https:\/\/portaltela.pt\/#\/schema\/person\/c4278d4a6028830caff9ee44b42d32ed\",\"name\":\"Telinha\",\"image\":{\"@type\":\"ImageObject\",\"inLanguage\":\"pt-PT\",\"@id\":\"https:\/\/portaltela.pt\/s.01k8rhncp4jt1\/2025\/11\/talking-bot-125x125.png\",\"url\":\"https:\/\/portaltela.pt\/s.01k8rhncp4jt1\/2025\/11\/talking-bot-125x125.png\",\"contentUrl\":\"https:\/\/portaltela.pt\/s.01k8rhncp4jt1\/2025\/11\/talking-bot-125x125.png\",\"caption\":\"Telinha\"},\"sameAs\":[\"https:\/\/portaltela.pt\/\"],\"url\":\"https:\/\/portaltela.pt\/por\/367410592786\/\"}]}<\/script>\n<!-- \/ Yoast SEO plugin. -->","yoast_head_json":{"title":"Maia recebe 5\u00aa edi\u00e7\u00e3o do Wine &amp; Classics com vinhos, carros cl\u00e1ssicos e comida - Portal Tela Portugal","robots":{"index":"index","follow":"follow","max-snippet":"max-snippet:-1","max-image-preview":"max-image-preview:large","max-video-preview":"max-video-preview:-1"},"og_locale":"pt_PT","og_type":"article","og_title":"Maia recebe 5\u00aa edi\u00e7\u00e3o do Wine &amp; Classics com vinhos, carros cl\u00e1ssicos e comida - Portal Tela Portugal","og_description":"A Maia recebe a quinta edi\u00e7\u00e3o do Wine &amp; Classics na Quinta dos C\u00f3negos, entre 15 e 17 de maio, com 25 cl\u00e1ssicos em exposi\u00e7\u00e3o e mais de 250 vinhos de 23 produtores. As provas s\u00e3o conduzidas por curadores e produtores, com harmoniza\u00e7\u00f5es criadas pelo chef \u00c1lvaro Costa. O food court foi ampliado e renovado, com mais lugares sentados e a presen\u00e7a de chefs como Manuel da Silva, David Couto, Marco Gomes, Ant\u00f3nio Vieira e Hugo Portela. O evento funciona sem dinheiro f\u00edsico, usando a aplica\u00e7\u00e3o 3cket.com para aceder \u00e0s provas, com uma mesa de prova exclusiva e tr\u00eas provas especiais em formato intimista. Pre\u00e7os: prova comentada a cinco euros; provas especiais a quinze euros; almo\u00e7o\/jantar especiais a sessenta euros; entrada na exposi\u00e7\u00e3o \u00e9 gratuita.","og_url":"https:\/\/portaltela.pt\/noticias\/2026\/04\/23\/maia-recebe-5a-edicao-do-wine-classics-com-vinhos-carros-classicos-e-comida\/","og_site_name":"Portal Tela Portugal","article_published_time":"2026-04-23T12:23:00+00:00","author":"Telinha","twitter_card":"summary_large_image","twitter_misc":{"Escrito por":"Telinha","Tempo estimado de leitura":"2 minutos"},"schema":{"@context":"https:\/\/schema.org","@graph":[{"@type":"Article","@id":"https:\/\/portaltela.pt\/noticias\/2026\/04\/23\/maia-recebe-5a-edicao-do-wine-classics-com-vinhos-carros-classicos-e-comida\/#article","isPartOf":{"@id":"https:\/\/portaltela.pt\/noticias\/2026\/04\/23\/maia-recebe-5a-edicao-do-wine-classics-com-vinhos-carros-classicos-e-comida\/"},"author":{"name":"Telinha","@id":"https:\/\/portaltela.pt\/#\/schema\/person\/c4278d4a6028830caff9ee44b42d32ed"},"headline":"Maia recebe 5\u00aa edi\u00e7\u00e3o do Wine &amp; Classics com vinhos, carros cl\u00e1ssicos e comida","datePublished":"2026-04-23T12:23:00+00:00","mainEntityOfPage":{"@id":"https:\/\/portaltela.pt\/noticias\/2026\/04\/23\/maia-recebe-5a-edicao-do-wine-classics-com-vinhos-carros-classicos-e-comida\/"},"wordCount":366,"image":{"@id":"https:\/\/portaltela.pt\/noticias\/2026\/04\/23\/maia-recebe-5a-edicao-do-wine-classics-com-vinhos-carros-classicos-e-comida\/#primaryimage"},"thumbnailUrl":"https:\/\/portaltela.pt\/s.01k8rhncp4jt1\/2026\/04\/image-70.webp","keywords":["Autom\u00f3veis","carros","gastronomia","Maia","vinho","vinhos"],"articleSection":["Gastronomia","Not\u00edcias"],"inLanguage":"pt-PT"},{"@type":"WebPage","@id":"https:\/\/portaltela.pt\/noticias\/2026\/04\/23\/maia-recebe-5a-edicao-do-wine-classics-com-vinhos-carros-classicos-e-comida\/","url":"https:\/\/portaltela.pt\/noticias\/2026\/04\/23\/maia-recebe-5a-edicao-do-wine-classics-com-vinhos-carros-classicos-e-comida\/","name":"Maia recebe 5\u00aa edi\u00e7\u00e3o do Wine &amp; Classics com vinhos, carros cl\u00e1ssicos e comida - Portal Tela Portugal","isPartOf":{"@id":"https:\/\/portaltela.pt\/#website"},"primaryImageOfPage":{"@id":"https:\/\/portaltela.pt\/noticias\/2026\/04\/23\/maia-recebe-5a-edicao-do-wine-classics-com-vinhos-carros-classicos-e-comida\/#primaryimage"},"image":{"@id":"https:\/\/portaltela.pt\/noticias\/2026\/04\/23\/maia-recebe-5a-edicao-do-wine-classics-com-vinhos-carros-classicos-e-comida\/#primaryimage"},"thumbnailUrl":"https:\/\/portaltela.pt\/s.01k8rhncp4jt1\/2026\/04\/image-70.webp","datePublished":"2026-04-23T12:23:00+00:00","author":{"@id":"https:\/\/portaltela.pt\/#\/schema\/person\/c4278d4a6028830caff9ee44b42d32ed"},"breadcrumb":{"@id":"https:\/\/portaltela.pt\/noticias\/2026\/04\/23\/maia-recebe-5a-edicao-do-wine-classics-com-vinhos-carros-classicos-e-comida\/#breadcrumb"},"inLanguage":"pt-PT","potentialAction":[{"@type":"ReadAction","target":["https:\/\/portaltela.pt\/noticias\/2026\/04\/23\/maia-recebe-5a-edicao-do-wine-classics-com-vinhos-carros-classicos-e-comida\/"]}]},{"@type":"ImageObject","inLanguage":"pt-PT","@id":"https:\/\/portaltela.pt\/noticias\/2026\/04\/23\/maia-recebe-5a-edicao-do-wine-classics-com-vinhos-carros-classicos-e-comida\/#primaryimage","url":"https:\/\/portaltela.pt\/s.01k8rhncp4jt1\/2026\/04\/image-70.webp","contentUrl":"https:\/\/portaltela.pt\/s.01k8rhncp4jt1\/2026\/04\/image-70.webp","width":1200,"height":637,"caption":"Foto: DR"},{"@type":"BreadcrumbList","@id":"https:\/\/portaltela.pt\/noticias\/2026\/04\/23\/maia-recebe-5a-edicao-do-wine-classics-com-vinhos-carros-classicos-e-comida\/#breadcrumb","itemListElement":[{"@type":"ListItem","position":1,"name":"In\u00edcio","item":"https:\/\/portaltela.pt\/"},{"@type":"ListItem","position":2,"name":"Maia recebe 5\u00aa edi\u00e7\u00e3o do Wine &amp; Classics com vinhos, carros cl\u00e1ssicos e comida"}]},{"@type":"WebSite","@id":"https:\/\/portaltela.pt\/#website","url":"https:\/\/portaltela.pt\/","name":"Portal Tela Portugal","description":"","potentialAction":[{"@type":"SearchAction","target":{"@type":"EntryPoint","urlTemplate":"https:\/\/portaltela.pt\/?s={search_term_string}"},"query-input":{"@type":"PropertyValueSpecification","valueRequired":true,"valueName":"search_term_string"}}],"inLanguage":"pt-PT"},{"@type":"Person","@id":"https:\/\/portaltela.pt\/#\/schema\/person\/c4278d4a6028830caff9ee44b42d32ed","name":"Telinha","image":{"@type":"ImageObject","inLanguage":"pt-PT","@id":"https:\/\/portaltela.pt\/s.01k8rhncp4jt1\/2025\/11\/talking-bot-125x125.png","url":"https:\/\/portaltela.pt\/s.01k8rhncp4jt1\/2025\/11\/talking-bot-125x125.png","contentUrl":"https:\/\/portaltela.pt\/s.01k8rhncp4jt1\/2025\/11\/talking-bot-125x125.png","caption":"Telinha"},"sameAs":["https:\/\/portaltela.pt\/"],"url":"https:\/\/portaltela.pt\/por\/367410592786\/"}]}},"_links":{"self":[{"href":"https:\/\/portaltela.pt\/api\/wp\/v2\/posts\/456237","targetHints":{"allow":["GET"]}}],"collection":[{"href":"https:\/\/portaltela.pt\/api\/wp\/v2\/posts"}],"about":[{"href":"https:\/\/portaltela.pt\/api\/wp\/v2\/types\/post"}],"author":[{"embeddable":true,"href":"https:\/\/portaltela.pt\/api\/wp\/v2\/users\/2"}],"replies":[{"embeddable":true,"href":"https:\/\/portaltela.pt\/api\/wp\/v2\/comments?post=456237"}],"version-history":[{"count":0,"href":"https:\/\/portaltela.pt\/api\/wp\/v2\/posts\/456237\/revisions"}],"wp:featuredmedia":[{"embeddable":true,"href":"https:\/\/portaltela.pt\/api\/wp\/v2\/media\/456238"}],"wp:attachment":[{"href":"https:\/\/portaltela.pt\/api\/wp\/v2\/media?parent=456237"}],"wp:term":[{"taxonomy":"category","embeddable":true,"href":"https:\/\/portaltela.pt\/api\/wp\/v2\/categories?post=456237"},{"taxonomy":"post_tag","embeddable":true,"href":"https:\/\/portaltela.pt\/api\/wp\/v2\/tags?post=456237"}],"curies":[{"name":"wp","href":"https:\/\/api.w.org\/{rel}","templated":true}]}}