{"id":456220,"date":"2026-04-23T12:03:54","date_gmt":"2026-04-23T15:03:54","guid":{"rendered":"https:\/\/portaltela.pt\/noticias\/2026\/04\/23\/fenprof-inicia-sexta-feira-semana-de-reflexao-e-luta-sobre-estatuto-docente\/"},"modified":"2026-04-23T12:03:54","modified_gmt":"2026-04-23T15:03:54","slug":"fenprof-inicia-sexta-feira-semana-de-reflexao-e-luta-sobre-estatuto-docente","status":"publish","type":"post","link":"https:\/\/portaltela.pt\/noticias\/politica\/2026\/04\/23\/fenprof-inicia-sexta-feira-semana-de-reflexao-e-luta-sobre-estatuto-docente\/","title":{"rendered":"Fenprof inicia sexta-feira semana de reflex\u00e3o e luta sobre estatuto docente"},"content":{"rendered":"<p>A Federa\u00e7\u00e3o Nacional dos Professores (Fenprof) anunciou o in\u00edcio, na pr\u00f3xima sexta-feira, de uma semana dedicada \u00e0 reflex\u00e3o e \u00e0 luta sobre o estatuto da carreira docente. A iniciativa visa debater mecanismos, condi\u00e7\u00f5es de trabalho e futuras mudan\u00e7as que possam afetar os profissionais da educa\u00e7\u00e3o.<\/p>\n<p>Segundo a Fenprof, a semana ter\u00e1 como foco o estatuto da carreira docente, com a\u00e7\u00f5es e atividades a decorrer ao longo dos pr\u00f3ximos dias. A organiza\u00e7\u00e3o n\u00e3o avan\u00e7ou, neste comunicado, com detalhes sobre a programa\u00e7\u00e3o espec\u00edfica ou locais de realiza\u00e7\u00e3o.<\/p>\n<p>O objetivo central \u00e9 promover uma an\u00e1lise aprofundada do estatuto e dos seus impactos na carreira dos docentes, incluindo aspetos de progress\u00e3o, remunera\u00e7\u00e3o e asilamento profissional. A Fenprof afirma que a iniciativa decorrer\u00e1 de forma coordenada com outras estruturas sindicais e entidades da \u00e1rea educativa.<\/p>\n<p>At\u00e9 ao momento, n\u00e3o foram divulgadas informa\u00e7\u00f5es sobre intervenientes, hor\u00e1rios ou locais concretos. As novidades devem ser anunciadas pela pr\u00f3pria Fenprof assim que forem confirmadas, mantendo a comunica\u00e7\u00e3o neutra e informativa sobre o tema.<\/p>\n","protected":false},"excerpt":{"rendered":"<ul>\n<li>A Fenprof inicia, na sexta-feira, uma \u201csemana de reflex\u00e3o e luta\u201d sobre o estatuto da carreira docente.<\/li>\n<li>A divulga\u00e7\u00e3o refere que a semana \u00e9 orientada para debater o estatuto que regula a carreira docente.<\/li>\n<li>O conte\u00fado completo da not\u00edcia est\u00e1 dispon\u00edvel apenas para subscritores.<\/li>\n<li>A not\u00edcia acompanha o tema principal repetido no t\u00edtulo: estatuto da carreira docente.<\/li>\n<li>A informa\u00e7\u00e3o apresentada \u00e9 de car\u00e1ter informativo e n\u00e3o cont\u00e9m detalhes adicionais sem assinatura.<\/li>\n<\/ul>\n","protected":false},"author":2,"featured_media":456227,"comment_status":"closed","ping_status":"closed","sticky":false,"template":"","format":"standard","meta":{"footnotes":""},"categories":[1,5],"tags":[9313,163,2153,2443,92,97],"class_list":["post-456220","post","type-post","status-publish","format-standard","has-post-thumbnail","hentry","category-noticias","category-politica","tag-carreira-publica","tag-educacao","tag-educacao-escolar","tag-educacao-publica","tag-ensino","tag-professores"],"yoast_head":"<!-- This site is optimized with the Yoast SEO plugin v27.2 - https:\/\/yoast.com\/product\/yoast-seo-wordpress\/ -->\n<title>Fenprof inicia sexta-feira semana de reflex\u00e3o e luta sobre estatuto docente - Portal Tela Portugal<\/title>\n<meta name=\"robots\" content=\"index, follow, max-snippet:-1, max-image-preview:large, max-video-preview:-1\" \/>\n<meta property=\"og:locale\" content=\"pt_PT\" \/>\n<meta property=\"og:type\" content=\"article\" \/>\n<meta property=\"og:title\" content=\"Fenprof inicia sexta-feira semana de reflex\u00e3o e luta sobre estatuto docente - Portal Tela Portugal\" \/>\n<meta property=\"og:description\" content=\"A Fenprof inicia, na sexta-feira, uma \u201csemana de reflex\u00e3o e luta\u201d sobre o estatuto da carreira docente. A divulga\u00e7\u00e3o refere que a semana \u00e9 orientada para debater o estatuto que regula a carreira docente. O conte\u00fado completo da not\u00edcia est\u00e1 dispon\u00edvel apenas para subscritores. A not\u00edcia acompanha o tema principal repetido no t\u00edtulo: estatuto da carreira docente. A informa\u00e7\u00e3o apresentada \u00e9 de car\u00e1ter informativo e n\u00e3o cont\u00e9m detalhes adicionais sem assinatura.\" \/>\n<meta property=\"og:url\" content=\"https:\/\/portaltela.pt\/noticias\/2026\/04\/23\/fenprof-inicia-sexta-feira-semana-de-reflexao-e-luta-sobre-estatuto-docente\/\" \/>\n<meta property=\"og:site_name\" content=\"Portal Tela Portugal\" \/>\n<meta property=\"article:published_time\" content=\"2026-04-23T15:03:54+00:00\" \/>\n<meta name=\"author\" content=\"Telinha\" \/>\n<meta name=\"twitter:card\" content=\"summary_large_image\" \/>\n<meta name=\"twitter:label1\" content=\"Escrito por\" \/>\n\t<meta name=\"twitter:data1\" content=\"Telinha\" \/>\n\t<meta name=\"twitter:label2\" content=\"Tempo estimado de leitura\" \/>\n\t<meta name=\"twitter:data2\" content=\"1 minuto\" \/>\n<script type=\"application\/ld+json\" class=\"yoast-schema-graph\">{\"@context\":\"https:\/\/schema.org\",\"@graph\":[{\"@type\":\"Article\",\"@id\":\"https:\/\/portaltela.pt\/noticias\/2026\/04\/23\/fenprof-inicia-sexta-feira-semana-de-reflexao-e-luta-sobre-estatuto-docente\/#article\",\"isPartOf\":{\"@id\":\"https:\/\/portaltela.pt\/noticias\/2026\/04\/23\/fenprof-inicia-sexta-feira-semana-de-reflexao-e-luta-sobre-estatuto-docente\/\"},\"author\":{\"name\":\"Telinha\",\"@id\":\"https:\/\/portaltela.pt\/#\/schema\/person\/c4278d4a6028830caff9ee44b42d32ed\"},\"headline\":\"Fenprof inicia sexta-feira semana de reflex\u00e3o e luta sobre estatuto docente\",\"datePublished\":\"2026-04-23T15:03:54+00:00\",\"mainEntityOfPage\":{\"@id\":\"https:\/\/portaltela.pt\/noticias\/2026\/04\/23\/fenprof-inicia-sexta-feira-semana-de-reflexao-e-luta-sobre-estatuto-docente\/\"},\"wordCount\":196,\"image\":{\"@id\":\"https:\/\/portaltela.pt\/noticias\/2026\/04\/23\/fenprof-inicia-sexta-feira-semana-de-reflexao-e-luta-sobre-estatuto-docente\/#primaryimage\"},\"thumbnailUrl\":\"https:\/\/portaltela.pt\/s.01k8rhncp4jt1\/2026\/04\/CACHE_780X1200_ANALOG_WATERMARKED_46792057_5059143_20032026124612.jpg\",\"keywords\":[\"carreira p\u00fablica\",\"educa\u00e7\u00e3o\",\"educa\u00e7\u00e3o escolar\",\"educa\u00e7\u00e3o p\u00fablica\",\"ensino\",\"professores\"],\"articleSection\":[\"Not\u00edcias\",\"Pol\u00edtica\"],\"inLanguage\":\"pt-PT\"},{\"@type\":\"WebPage\",\"@id\":\"https:\/\/portaltela.pt\/noticias\/2026\/04\/23\/fenprof-inicia-sexta-feira-semana-de-reflexao-e-luta-sobre-estatuto-docente\/\",\"url\":\"https:\/\/portaltela.pt\/noticias\/2026\/04\/23\/fenprof-inicia-sexta-feira-semana-de-reflexao-e-luta-sobre-estatuto-docente\/\",\"name\":\"Fenprof inicia sexta-feira semana de reflex\u00e3o e luta sobre estatuto docente - Portal Tela Portugal\",\"isPartOf\":{\"@id\":\"https:\/\/portaltela.pt\/#website\"},\"primaryImageOfPage\":{\"@id\":\"https:\/\/portaltela.pt\/noticias\/2026\/04\/23\/fenprof-inicia-sexta-feira-semana-de-reflexao-e-luta-sobre-estatuto-docente\/#primaryimage\"},\"image\":{\"@id\":\"https:\/\/portaltela.pt\/noticias\/2026\/04\/23\/fenprof-inicia-sexta-feira-semana-de-reflexao-e-luta-sobre-estatuto-docente\/#primaryimage\"},\"thumbnailUrl\":\"https:\/\/portaltela.pt\/s.01k8rhncp4jt1\/2026\/04\/CACHE_780X1200_ANALOG_WATERMARKED_46792057_5059143_20032026124612.jpg\",\"datePublished\":\"2026-04-23T15:03:54+00:00\",\"author\":{\"@id\":\"https:\/\/portaltela.pt\/#\/schema\/person\/c4278d4a6028830caff9ee44b42d32ed\"},\"breadcrumb\":{\"@id\":\"https:\/\/portaltela.pt\/noticias\/2026\/04\/23\/fenprof-inicia-sexta-feira-semana-de-reflexao-e-luta-sobre-estatuto-docente\/#breadcrumb\"},\"inLanguage\":\"pt-PT\",\"potentialAction\":[{\"@type\":\"ReadAction\",\"target\":[\"https:\/\/portaltela.pt\/noticias\/2026\/04\/23\/fenprof-inicia-sexta-feira-semana-de-reflexao-e-luta-sobre-estatuto-docente\/\"]}]},{\"@type\":\"ImageObject\",\"inLanguage\":\"pt-PT\",\"@id\":\"https:\/\/portaltela.pt\/noticias\/2026\/04\/23\/fenprof-inicia-sexta-feira-semana-de-reflexao-e-luta-sobre-estatuto-docente\/#primaryimage\",\"url\":\"https:\/\/portaltela.pt\/s.01k8rhncp4jt1\/2026\/04\/CACHE_780X1200_ANALOG_WATERMARKED_46792057_5059143_20032026124612.jpg\",\"contentUrl\":\"https:\/\/portaltela.pt\/s.01k8rhncp4jt1\/2026\/04\/CACHE_780X1200_ANALOG_WATERMARKED_46792057_5059143_20032026124612.jpg\",\"width\":796,\"height\":448,\"caption\":\"Fenprof inicia na sexta-feira \u201csemana de reflex\u00e3o e luta\u201d sobre estatuto da carreira docente\"},{\"@type\":\"BreadcrumbList\",\"@id\":\"https:\/\/portaltela.pt\/noticias\/2026\/04\/23\/fenprof-inicia-sexta-feira-semana-de-reflexao-e-luta-sobre-estatuto-docente\/#breadcrumb\",\"itemListElement\":[{\"@type\":\"ListItem\",\"position\":1,\"name\":\"In\u00edcio\",\"item\":\"https:\/\/portaltela.pt\/\"},{\"@type\":\"ListItem\",\"position\":2,\"name\":\"Fenprof inicia sexta-feira semana de reflex\u00e3o e luta sobre estatuto docente\"}]},{\"@type\":\"WebSite\",\"@id\":\"https:\/\/portaltela.pt\/#website\",\"url\":\"https:\/\/portaltela.pt\/\",\"name\":\"Portal Tela Portugal\",\"description\":\"\",\"potentialAction\":[{\"@type\":\"SearchAction\",\"target\":{\"@type\":\"EntryPoint\",\"urlTemplate\":\"https:\/\/portaltela.pt\/?s={search_term_string}\"},\"query-input\":{\"@type\":\"PropertyValueSpecification\",\"valueRequired\":true,\"valueName\":\"search_term_string\"}}],\"inLanguage\":\"pt-PT\"},{\"@type\":\"Person\",\"@id\":\"https:\/\/portaltela.pt\/#\/schema\/person\/c4278d4a6028830caff9ee44b42d32ed\",\"name\":\"Telinha\",\"image\":{\"@type\":\"ImageObject\",\"inLanguage\":\"pt-PT\",\"@id\":\"https:\/\/portaltela.pt\/s.01k8rhncp4jt1\/2025\/11\/talking-bot-125x125.png\",\"url\":\"https:\/\/portaltela.pt\/s.01k8rhncp4jt1\/2025\/11\/talking-bot-125x125.png\",\"contentUrl\":\"https:\/\/portaltela.pt\/s.01k8rhncp4jt1\/2025\/11\/talking-bot-125x125.png\",\"caption\":\"Telinha\"},\"sameAs\":[\"https:\/\/portaltela.pt\/\"],\"url\":\"https:\/\/portaltela.pt\/por\/367410592786\/\"}]}<\/script>\n<!-- \/ Yoast SEO plugin. -->","yoast_head_json":{"title":"Fenprof inicia sexta-feira semana de reflex\u00e3o e luta sobre estatuto docente - Portal Tela Portugal","robots":{"index":"index","follow":"follow","max-snippet":"max-snippet:-1","max-image-preview":"max-image-preview:large","max-video-preview":"max-video-preview:-1"},"og_locale":"pt_PT","og_type":"article","og_title":"Fenprof inicia sexta-feira semana de reflex\u00e3o e luta sobre estatuto docente - Portal Tela Portugal","og_description":"A Fenprof inicia, na sexta-feira, uma \u201csemana de reflex\u00e3o e luta\u201d sobre o estatuto da carreira docente. A divulga\u00e7\u00e3o refere que a semana \u00e9 orientada para debater o estatuto que regula a carreira docente. O conte\u00fado completo da not\u00edcia est\u00e1 dispon\u00edvel apenas para subscritores. A not\u00edcia acompanha o tema principal repetido no t\u00edtulo: estatuto da carreira docente. A informa\u00e7\u00e3o apresentada \u00e9 de car\u00e1ter informativo e n\u00e3o cont\u00e9m detalhes adicionais sem assinatura.","og_url":"https:\/\/portaltela.pt\/noticias\/2026\/04\/23\/fenprof-inicia-sexta-feira-semana-de-reflexao-e-luta-sobre-estatuto-docente\/","og_site_name":"Portal Tela Portugal","article_published_time":"2026-04-23T15:03:54+00:00","author":"Telinha","twitter_card":"summary_large_image","twitter_misc":{"Escrito por":"Telinha","Tempo estimado de leitura":"1 minuto"},"schema":{"@context":"https:\/\/schema.org","@graph":[{"@type":"Article","@id":"https:\/\/portaltela.pt\/noticias\/2026\/04\/23\/fenprof-inicia-sexta-feira-semana-de-reflexao-e-luta-sobre-estatuto-docente\/#article","isPartOf":{"@id":"https:\/\/portaltela.pt\/noticias\/2026\/04\/23\/fenprof-inicia-sexta-feira-semana-de-reflexao-e-luta-sobre-estatuto-docente\/"},"author":{"name":"Telinha","@id":"https:\/\/portaltela.pt\/#\/schema\/person\/c4278d4a6028830caff9ee44b42d32ed"},"headline":"Fenprof inicia sexta-feira semana de reflex\u00e3o e luta sobre estatuto docente","datePublished":"2026-04-23T15:03:54+00:00","mainEntityOfPage":{"@id":"https:\/\/portaltela.pt\/noticias\/2026\/04\/23\/fenprof-inicia-sexta-feira-semana-de-reflexao-e-luta-sobre-estatuto-docente\/"},"wordCount":196,"image":{"@id":"https:\/\/portaltela.pt\/noticias\/2026\/04\/23\/fenprof-inicia-sexta-feira-semana-de-reflexao-e-luta-sobre-estatuto-docente\/#primaryimage"},"thumbnailUrl":"https:\/\/portaltela.pt\/s.01k8rhncp4jt1\/2026\/04\/CACHE_780X1200_ANALOG_WATERMARKED_46792057_5059143_20032026124612.jpg","keywords":["carreira p\u00fablica","educa\u00e7\u00e3o","educa\u00e7\u00e3o escolar","educa\u00e7\u00e3o p\u00fablica","ensino","professores"],"articleSection":["Not\u00edcias","Pol\u00edtica"],"inLanguage":"pt-PT"},{"@type":"WebPage","@id":"https:\/\/portaltela.pt\/noticias\/2026\/04\/23\/fenprof-inicia-sexta-feira-semana-de-reflexao-e-luta-sobre-estatuto-docente\/","url":"https:\/\/portaltela.pt\/noticias\/2026\/04\/23\/fenprof-inicia-sexta-feira-semana-de-reflexao-e-luta-sobre-estatuto-docente\/","name":"Fenprof inicia sexta-feira semana de reflex\u00e3o e luta sobre estatuto docente - Portal Tela Portugal","isPartOf":{"@id":"https:\/\/portaltela.pt\/#website"},"primaryImageOfPage":{"@id":"https:\/\/portaltela.pt\/noticias\/2026\/04\/23\/fenprof-inicia-sexta-feira-semana-de-reflexao-e-luta-sobre-estatuto-docente\/#primaryimage"},"image":{"@id":"https:\/\/portaltela.pt\/noticias\/2026\/04\/23\/fenprof-inicia-sexta-feira-semana-de-reflexao-e-luta-sobre-estatuto-docente\/#primaryimage"},"thumbnailUrl":"https:\/\/portaltela.pt\/s.01k8rhncp4jt1\/2026\/04\/CACHE_780X1200_ANALOG_WATERMARKED_46792057_5059143_20032026124612.jpg","datePublished":"2026-04-23T15:03:54+00:00","author":{"@id":"https:\/\/portaltela.pt\/#\/schema\/person\/c4278d4a6028830caff9ee44b42d32ed"},"breadcrumb":{"@id":"https:\/\/portaltela.pt\/noticias\/2026\/04\/23\/fenprof-inicia-sexta-feira-semana-de-reflexao-e-luta-sobre-estatuto-docente\/#breadcrumb"},"inLanguage":"pt-PT","potentialAction":[{"@type":"ReadAction","target":["https:\/\/portaltela.pt\/noticias\/2026\/04\/23\/fenprof-inicia-sexta-feira-semana-de-reflexao-e-luta-sobre-estatuto-docente\/"]}]},{"@type":"ImageObject","inLanguage":"pt-PT","@id":"https:\/\/portaltela.pt\/noticias\/2026\/04\/23\/fenprof-inicia-sexta-feira-semana-de-reflexao-e-luta-sobre-estatuto-docente\/#primaryimage","url":"https:\/\/portaltela.pt\/s.01k8rhncp4jt1\/2026\/04\/CACHE_780X1200_ANALOG_WATERMARKED_46792057_5059143_20032026124612.jpg","contentUrl":"https:\/\/portaltela.pt\/s.01k8rhncp4jt1\/2026\/04\/CACHE_780X1200_ANALOG_WATERMARKED_46792057_5059143_20032026124612.jpg","width":796,"height":448,"caption":"Fenprof inicia na sexta-feira \u201csemana de reflex\u00e3o e luta\u201d sobre estatuto da carreira docente"},{"@type":"BreadcrumbList","@id":"https:\/\/portaltela.pt\/noticias\/2026\/04\/23\/fenprof-inicia-sexta-feira-semana-de-reflexao-e-luta-sobre-estatuto-docente\/#breadcrumb","itemListElement":[{"@type":"ListItem","position":1,"name":"In\u00edcio","item":"https:\/\/portaltela.pt\/"},{"@type":"ListItem","position":2,"name":"Fenprof inicia sexta-feira semana de reflex\u00e3o e luta sobre estatuto docente"}]},{"@type":"WebSite","@id":"https:\/\/portaltela.pt\/#website","url":"https:\/\/portaltela.pt\/","name":"Portal Tela Portugal","description":"","potentialAction":[{"@type":"SearchAction","target":{"@type":"EntryPoint","urlTemplate":"https:\/\/portaltela.pt\/?s={search_term_string}"},"query-input":{"@type":"PropertyValueSpecification","valueRequired":true,"valueName":"search_term_string"}}],"inLanguage":"pt-PT"},{"@type":"Person","@id":"https:\/\/portaltela.pt\/#\/schema\/person\/c4278d4a6028830caff9ee44b42d32ed","name":"Telinha","image":{"@type":"ImageObject","inLanguage":"pt-PT","@id":"https:\/\/portaltela.pt\/s.01k8rhncp4jt1\/2025\/11\/talking-bot-125x125.png","url":"https:\/\/portaltela.pt\/s.01k8rhncp4jt1\/2025\/11\/talking-bot-125x125.png","contentUrl":"https:\/\/portaltela.pt\/s.01k8rhncp4jt1\/2025\/11\/talking-bot-125x125.png","caption":"Telinha"},"sameAs":["https:\/\/portaltela.pt\/"],"url":"https:\/\/portaltela.pt\/por\/367410592786\/"}]}},"_links":{"self":[{"href":"https:\/\/portaltela.pt\/api\/wp\/v2\/posts\/456220","targetHints":{"allow":["GET"]}}],"collection":[{"href":"https:\/\/portaltela.pt\/api\/wp\/v2\/posts"}],"about":[{"href":"https:\/\/portaltela.pt\/api\/wp\/v2\/types\/post"}],"author":[{"embeddable":true,"href":"https:\/\/portaltela.pt\/api\/wp\/v2\/users\/2"}],"replies":[{"embeddable":true,"href":"https:\/\/portaltela.pt\/api\/wp\/v2\/comments?post=456220"}],"version-history":[{"count":0,"href":"https:\/\/portaltela.pt\/api\/wp\/v2\/posts\/456220\/revisions"}],"wp:featuredmedia":[{"embeddable":true,"href":"https:\/\/portaltela.pt\/api\/wp\/v2\/media\/456227"}],"wp:attachment":[{"href":"https:\/\/portaltela.pt\/api\/wp\/v2\/media?parent=456220"}],"wp:term":[{"taxonomy":"category","embeddable":true,"href":"https:\/\/portaltela.pt\/api\/wp\/v2\/categories?post=456220"},{"taxonomy":"post_tag","embeddable":true,"href":"https:\/\/portaltela.pt\/api\/wp\/v2\/tags?post=456220"}],"curies":[{"name":"wp","href":"https:\/\/api.w.org\/{rel}","templated":true}]}}