{"id":456203,"date":"2026-04-23T12:03:19","date_gmt":"2026-04-23T15:03:19","guid":{"rendered":"https:\/\/portaltela.pt\/noticias\/2026\/04\/23\/estudantes-checos-protestam-contra-cortes-no-financiamento-da-midia\/"},"modified":"2026-04-23T12:03:19","modified_gmt":"2026-04-23T15:03:19","slug":"estudantes-checos-protestam-contra-cortes-no-financiamento-da-midia","status":"publish","type":"post","link":"https:\/\/portaltela.pt\/noticias\/internacional\/2026\/04\/23\/estudantes-checos-protestam-contra-cortes-no-financiamento-da-midia\/","title":{"rendered":"Estudantes Checos protestam contra cortes no financiamento da m\u00eddia"},"content":{"rendered":"<p>Os estudantes do ensino secund\u00e1rio protestaram em Praga contra o plano do Governo checo de reestruturar e reduzir o financiamento da r\u00e1dio e televis\u00e3o p\u00fablicas. A manifesta\u00e7\u00e3o ocorreu na quarta-feira, em v\u00e1rias cidades do pa\u00eds, com marchas organizadas por estudantes e apoios sindicais.<\/p>\n<p>O Governo de Andrej Babi\u0161 pretende eliminar as taxas pagas por cidad\u00e3os, fam\u00edlias e empresas para financiar os meios de comunica\u00e7\u00e3o. A ideia \u00e9 que a comunica\u00e7\u00e3o social p\u00fablica passe a depender do or\u00e7amento do Estado, com impacto potencial na dota\u00e7\u00e3o atual.<\/p>\n<p>Os sindicatos dos media j\u00e1 avisaram que est\u00e3o preparados para fazer greve se a lei avan\u00e7ar. Cr\u00edticos temem que o financiamento estatal possa comprometer a independ\u00eancia editorial e a miss\u00e3o de servi\u00e7o p\u00fablico.<\/p>\n<p>Zuzana Bancansk\u00e1, vice-presidente de um sindicato da Televis\u00e3o Checa, avisou sobre o risco de despedimentos em massa caso haja mudan\u00e7as. A p\u00fablica comunica\u00e7\u00e3o social poderia perder capacidade de cumprir o servi\u00e7o p\u00fablico, disse \u00e0 Associated Press.<\/p>\n<h3>Preocupa\u00e7\u00f5es sobre independ\u00eancia<\/h3>\n<p>O Instituto Internacional de Imprensa expressou a preocupa\u00e7\u00e3o de que as propostas enfraque\u00e7am a independ\u00eancia financeira e editorial dos organismos de radiodifus\u00e3o, afetando a sua capacidade de cumprir a miss\u00e3o de servi\u00e7o p\u00fablico. O Governo negou inten\u00e7\u00f5es de interfer\u00eancia e sustentou que o financiamento estatal \u00e9 comum na Europa.<\/p>\n","protected":false},"excerpt":{"rendered":"<ul>\n<li>Milhares de estudantes do secund\u00e1rio marcharam em Praga para protestar contra o plano do Governo de reestruturar e reduzir o financiamento das r\u00e1dios e televis\u00f5es p\u00fablicas.<\/li>\n<li>O Governo checo pretende eliminar as taxas pagas pelos contribuintes e deixar os meios de comunica\u00e7\u00e3o dependentes do or\u00e7amento de Estado, com o or\u00e7amento possivelmente a encolher.<\/li>\n<li>A proposta ainda n\u00e3o foi aprovada; sindicatos dos media j\u00e1 anunciaram greve caso avance, e cr\u00edticos temem a perda de independ\u00eancia.<\/li>\n<li>Zuzana Bancansk\u00e1 alertou para o risco de despedimentos em massa e do poss\u00edvel desaparecimento dos meios de comunica\u00e7\u00e3o se as mudan\u00e7as forem implementadas.<\/li>\n<li>O Instituto Internacional de Imprensa tamb\u00e9m expressou preocupa\u00e7\u00e3o com a perda de independ\u00eancia financeira e editorial, enquanto o Governo nega interfer\u00eancia e sustenta que o financiamento estatal \u00e9 comum na Europa.<\/li>\n<\/ul>\n","protected":false},"author":2,"featured_media":456204,"comment_status":"closed","ping_status":"closed","sticky":false,"template":"","format":"standard","meta":{"footnotes":""},"categories":[4,1],"tags":[2417,506,6414,5563,5903,8958],"class_list":["post-456203","post","type-post","status-publish","format-standard","has-post-thumbnail","hentry","category-internacional","category-noticias","tag-financiamento","tag-imprensa","tag-independencia-institucional","tag-informacao-publica","tag-republica-checa","tag-televisao"],"yoast_head":"<!-- This site is optimized with the Yoast SEO plugin v27.2 - https:\/\/yoast.com\/product\/yoast-seo-wordpress\/ -->\n<title>Estudantes Checos protestam contra cortes no financiamento da m\u00eddia - Portal Tela Portugal<\/title>\n<meta name=\"robots\" content=\"index, follow, max-snippet:-1, max-image-preview:large, max-video-preview:-1\" \/>\n<meta property=\"og:locale\" content=\"pt_PT\" \/>\n<meta property=\"og:type\" content=\"article\" \/>\n<meta property=\"og:title\" content=\"Estudantes Checos protestam contra cortes no financiamento da m\u00eddia - Portal Tela Portugal\" \/>\n<meta property=\"og:description\" content=\"Milhares de estudantes do secund\u00e1rio marcharam em Praga para protestar contra o plano do Governo de reestruturar e reduzir o financiamento das r\u00e1dios e televis\u00f5es p\u00fablicas. O Governo checo pretende eliminar as taxas pagas pelos contribuintes e deixar os meios de comunica\u00e7\u00e3o dependentes do or\u00e7amento de Estado, com o or\u00e7amento possivelmente a encolher. A proposta ainda n\u00e3o foi aprovada; sindicatos dos media j\u00e1 anunciaram greve caso avance, e cr\u00edticos temem a perda de independ\u00eancia. Zuzana Bancansk\u00e1 alertou para o risco de despedimentos em massa e do poss\u00edvel desaparecimento dos meios de comunica\u00e7\u00e3o se as mudan\u00e7as forem implementadas. O Instituto Internacional de Imprensa tamb\u00e9m expressou preocupa\u00e7\u00e3o com a perda de independ\u00eancia financeira e editorial, enquanto o Governo nega interfer\u00eancia e sustenta que o financiamento estatal \u00e9 comum na Europa.\" \/>\n<meta property=\"og:url\" content=\"https:\/\/portaltela.pt\/noticias\/2026\/04\/23\/estudantes-checos-protestam-contra-cortes-no-financiamento-da-midia\/\" \/>\n<meta property=\"og:site_name\" content=\"Portal Tela Portugal\" \/>\n<meta property=\"article:published_time\" content=\"2026-04-23T15:03:19+00:00\" \/>\n<meta name=\"author\" content=\"Telinha\" \/>\n<meta name=\"twitter:card\" content=\"summary_large_image\" \/>\n<meta name=\"twitter:label1\" content=\"Escrito por\" \/>\n\t<meta name=\"twitter:data1\" content=\"Telinha\" \/>\n\t<meta name=\"twitter:label2\" content=\"Tempo estimado de leitura\" \/>\n\t<meta name=\"twitter:data2\" content=\"1 minuto\" \/>\n<script type=\"application\/ld+json\" class=\"yoast-schema-graph\">{\"@context\":\"https:\/\/schema.org\",\"@graph\":[{\"@type\":\"Article\",\"@id\":\"https:\/\/portaltela.pt\/noticias\/2026\/04\/23\/estudantes-checos-protestam-contra-cortes-no-financiamento-da-midia\/#article\",\"isPartOf\":{\"@id\":\"https:\/\/portaltela.pt\/noticias\/2026\/04\/23\/estudantes-checos-protestam-contra-cortes-no-financiamento-da-midia\/\"},\"author\":{\"name\":\"Telinha\",\"@id\":\"https:\/\/portaltela.pt\/#\/schema\/person\/c4278d4a6028830caff9ee44b42d32ed\"},\"headline\":\"Estudantes Checos protestam contra cortes no financiamento da m\u00eddia\",\"datePublished\":\"2026-04-23T15:03:19+00:00\",\"mainEntityOfPage\":{\"@id\":\"https:\/\/portaltela.pt\/noticias\/2026\/04\/23\/estudantes-checos-protestam-contra-cortes-no-financiamento-da-midia\/\"},\"wordCount\":251,\"image\":{\"@id\":\"https:\/\/portaltela.pt\/noticias\/2026\/04\/23\/estudantes-checos-protestam-contra-cortes-no-financiamento-da-midia\/#primaryimage\"},\"thumbnailUrl\":\"https:\/\/portaltela.pt\/s.01k8rhncp4jt1\/2026\/04\/2083522.jpg\",\"keywords\":[\"financiamento\",\"imprensa\",\"independ\u00eancia institucional\",\"informa\u00e7\u00e3o p\u00fablica\",\"Rep\u00fablica Checa\",\"televis\u00e3o\"],\"articleSection\":[\"Internacional\",\"Not\u00edcias\"],\"inLanguage\":\"pt-PT\"},{\"@type\":\"WebPage\",\"@id\":\"https:\/\/portaltela.pt\/noticias\/2026\/04\/23\/estudantes-checos-protestam-contra-cortes-no-financiamento-da-midia\/\",\"url\":\"https:\/\/portaltela.pt\/noticias\/2026\/04\/23\/estudantes-checos-protestam-contra-cortes-no-financiamento-da-midia\/\",\"name\":\"Estudantes Checos protestam contra cortes no financiamento da m\u00eddia - Portal Tela Portugal\",\"isPartOf\":{\"@id\":\"https:\/\/portaltela.pt\/#website\"},\"primaryImageOfPage\":{\"@id\":\"https:\/\/portaltela.pt\/noticias\/2026\/04\/23\/estudantes-checos-protestam-contra-cortes-no-financiamento-da-midia\/#primaryimage\"},\"image\":{\"@id\":\"https:\/\/portaltela.pt\/noticias\/2026\/04\/23\/estudantes-checos-protestam-contra-cortes-no-financiamento-da-midia\/#primaryimage\"},\"thumbnailUrl\":\"https:\/\/portaltela.pt\/s.01k8rhncp4jt1\/2026\/04\/2083522.jpg\",\"datePublished\":\"2026-04-23T15:03:19+00:00\",\"author\":{\"@id\":\"https:\/\/portaltela.pt\/#\/schema\/person\/c4278d4a6028830caff9ee44b42d32ed\"},\"breadcrumb\":{\"@id\":\"https:\/\/portaltela.pt\/noticias\/2026\/04\/23\/estudantes-checos-protestam-contra-cortes-no-financiamento-da-midia\/#breadcrumb\"},\"inLanguage\":\"pt-PT\",\"potentialAction\":[{\"@type\":\"ReadAction\",\"target\":[\"https:\/\/portaltela.pt\/noticias\/2026\/04\/23\/estudantes-checos-protestam-contra-cortes-no-financiamento-da-midia\/\"]}]},{\"@type\":\"ImageObject\",\"inLanguage\":\"pt-PT\",\"@id\":\"https:\/\/portaltela.pt\/noticias\/2026\/04\/23\/estudantes-checos-protestam-contra-cortes-no-financiamento-da-midia\/#primaryimage\",\"url\":\"https:\/\/portaltela.pt\/s.01k8rhncp4jt1\/2026\/04\/2083522.jpg\",\"contentUrl\":\"https:\/\/portaltela.pt\/s.01k8rhncp4jt1\/2026\/04\/2083522.jpg\",\"width\":796,\"height\":448,\"caption\":\"Milhares de estudantes proclamaram: \u201cN\u00e3o vamos deixar-vos levar os media\u201d\"},{\"@type\":\"BreadcrumbList\",\"@id\":\"https:\/\/portaltela.pt\/noticias\/2026\/04\/23\/estudantes-checos-protestam-contra-cortes-no-financiamento-da-midia\/#breadcrumb\",\"itemListElement\":[{\"@type\":\"ListItem\",\"position\":1,\"name\":\"In\u00edcio\",\"item\":\"https:\/\/portaltela.pt\/\"},{\"@type\":\"ListItem\",\"position\":2,\"name\":\"Estudantes Checos protestam contra cortes no financiamento da m\u00eddia\"}]},{\"@type\":\"WebSite\",\"@id\":\"https:\/\/portaltela.pt\/#website\",\"url\":\"https:\/\/portaltela.pt\/\",\"name\":\"Portal Tela Portugal\",\"description\":\"\",\"potentialAction\":[{\"@type\":\"SearchAction\",\"target\":{\"@type\":\"EntryPoint\",\"urlTemplate\":\"https:\/\/portaltela.pt\/?s={search_term_string}\"},\"query-input\":{\"@type\":\"PropertyValueSpecification\",\"valueRequired\":true,\"valueName\":\"search_term_string\"}}],\"inLanguage\":\"pt-PT\"},{\"@type\":\"Person\",\"@id\":\"https:\/\/portaltela.pt\/#\/schema\/person\/c4278d4a6028830caff9ee44b42d32ed\",\"name\":\"Telinha\",\"image\":{\"@type\":\"ImageObject\",\"inLanguage\":\"pt-PT\",\"@id\":\"https:\/\/portaltela.pt\/s.01k8rhncp4jt1\/2025\/11\/talking-bot-125x125.png\",\"url\":\"https:\/\/portaltela.pt\/s.01k8rhncp4jt1\/2025\/11\/talking-bot-125x125.png\",\"contentUrl\":\"https:\/\/portaltela.pt\/s.01k8rhncp4jt1\/2025\/11\/talking-bot-125x125.png\",\"caption\":\"Telinha\"},\"sameAs\":[\"https:\/\/portaltela.pt\/\"],\"url\":\"https:\/\/portaltela.pt\/por\/367410592786\/\"}]}<\/script>\n<!-- \/ Yoast SEO plugin. -->","yoast_head_json":{"title":"Estudantes Checos protestam contra cortes no financiamento da m\u00eddia - Portal Tela Portugal","robots":{"index":"index","follow":"follow","max-snippet":"max-snippet:-1","max-image-preview":"max-image-preview:large","max-video-preview":"max-video-preview:-1"},"og_locale":"pt_PT","og_type":"article","og_title":"Estudantes Checos protestam contra cortes no financiamento da m\u00eddia - Portal Tela Portugal","og_description":"Milhares de estudantes do secund\u00e1rio marcharam em Praga para protestar contra o plano do Governo de reestruturar e reduzir o financiamento das r\u00e1dios e televis\u00f5es p\u00fablicas. O Governo checo pretende eliminar as taxas pagas pelos contribuintes e deixar os meios de comunica\u00e7\u00e3o dependentes do or\u00e7amento de Estado, com o or\u00e7amento possivelmente a encolher. A proposta ainda n\u00e3o foi aprovada; sindicatos dos media j\u00e1 anunciaram greve caso avance, e cr\u00edticos temem a perda de independ\u00eancia. Zuzana Bancansk\u00e1 alertou para o risco de despedimentos em massa e do poss\u00edvel desaparecimento dos meios de comunica\u00e7\u00e3o se as mudan\u00e7as forem implementadas. O Instituto Internacional de Imprensa tamb\u00e9m expressou preocupa\u00e7\u00e3o com a perda de independ\u00eancia financeira e editorial, enquanto o Governo nega interfer\u00eancia e sustenta que o financiamento estatal \u00e9 comum na Europa.","og_url":"https:\/\/portaltela.pt\/noticias\/2026\/04\/23\/estudantes-checos-protestam-contra-cortes-no-financiamento-da-midia\/","og_site_name":"Portal Tela Portugal","article_published_time":"2026-04-23T15:03:19+00:00","author":"Telinha","twitter_card":"summary_large_image","twitter_misc":{"Escrito por":"Telinha","Tempo estimado de leitura":"1 minuto"},"schema":{"@context":"https:\/\/schema.org","@graph":[{"@type":"Article","@id":"https:\/\/portaltela.pt\/noticias\/2026\/04\/23\/estudantes-checos-protestam-contra-cortes-no-financiamento-da-midia\/#article","isPartOf":{"@id":"https:\/\/portaltela.pt\/noticias\/2026\/04\/23\/estudantes-checos-protestam-contra-cortes-no-financiamento-da-midia\/"},"author":{"name":"Telinha","@id":"https:\/\/portaltela.pt\/#\/schema\/person\/c4278d4a6028830caff9ee44b42d32ed"},"headline":"Estudantes Checos protestam contra cortes no financiamento da m\u00eddia","datePublished":"2026-04-23T15:03:19+00:00","mainEntityOfPage":{"@id":"https:\/\/portaltela.pt\/noticias\/2026\/04\/23\/estudantes-checos-protestam-contra-cortes-no-financiamento-da-midia\/"},"wordCount":251,"image":{"@id":"https:\/\/portaltela.pt\/noticias\/2026\/04\/23\/estudantes-checos-protestam-contra-cortes-no-financiamento-da-midia\/#primaryimage"},"thumbnailUrl":"https:\/\/portaltela.pt\/s.01k8rhncp4jt1\/2026\/04\/2083522.jpg","keywords":["financiamento","imprensa","independ\u00eancia institucional","informa\u00e7\u00e3o p\u00fablica","Rep\u00fablica Checa","televis\u00e3o"],"articleSection":["Internacional","Not\u00edcias"],"inLanguage":"pt-PT"},{"@type":"WebPage","@id":"https:\/\/portaltela.pt\/noticias\/2026\/04\/23\/estudantes-checos-protestam-contra-cortes-no-financiamento-da-midia\/","url":"https:\/\/portaltela.pt\/noticias\/2026\/04\/23\/estudantes-checos-protestam-contra-cortes-no-financiamento-da-midia\/","name":"Estudantes Checos protestam contra cortes no financiamento da m\u00eddia - Portal Tela Portugal","isPartOf":{"@id":"https:\/\/portaltela.pt\/#website"},"primaryImageOfPage":{"@id":"https:\/\/portaltela.pt\/noticias\/2026\/04\/23\/estudantes-checos-protestam-contra-cortes-no-financiamento-da-midia\/#primaryimage"},"image":{"@id":"https:\/\/portaltela.pt\/noticias\/2026\/04\/23\/estudantes-checos-protestam-contra-cortes-no-financiamento-da-midia\/#primaryimage"},"thumbnailUrl":"https:\/\/portaltela.pt\/s.01k8rhncp4jt1\/2026\/04\/2083522.jpg","datePublished":"2026-04-23T15:03:19+00:00","author":{"@id":"https:\/\/portaltela.pt\/#\/schema\/person\/c4278d4a6028830caff9ee44b42d32ed"},"breadcrumb":{"@id":"https:\/\/portaltela.pt\/noticias\/2026\/04\/23\/estudantes-checos-protestam-contra-cortes-no-financiamento-da-midia\/#breadcrumb"},"inLanguage":"pt-PT","potentialAction":[{"@type":"ReadAction","target":["https:\/\/portaltela.pt\/noticias\/2026\/04\/23\/estudantes-checos-protestam-contra-cortes-no-financiamento-da-midia\/"]}]},{"@type":"ImageObject","inLanguage":"pt-PT","@id":"https:\/\/portaltela.pt\/noticias\/2026\/04\/23\/estudantes-checos-protestam-contra-cortes-no-financiamento-da-midia\/#primaryimage","url":"https:\/\/portaltela.pt\/s.01k8rhncp4jt1\/2026\/04\/2083522.jpg","contentUrl":"https:\/\/portaltela.pt\/s.01k8rhncp4jt1\/2026\/04\/2083522.jpg","width":796,"height":448,"caption":"Milhares de estudantes proclamaram: \u201cN\u00e3o vamos deixar-vos levar os media\u201d"},{"@type":"BreadcrumbList","@id":"https:\/\/portaltela.pt\/noticias\/2026\/04\/23\/estudantes-checos-protestam-contra-cortes-no-financiamento-da-midia\/#breadcrumb","itemListElement":[{"@type":"ListItem","position":1,"name":"In\u00edcio","item":"https:\/\/portaltela.pt\/"},{"@type":"ListItem","position":2,"name":"Estudantes Checos protestam contra cortes no financiamento da m\u00eddia"}]},{"@type":"WebSite","@id":"https:\/\/portaltela.pt\/#website","url":"https:\/\/portaltela.pt\/","name":"Portal Tela Portugal","description":"","potentialAction":[{"@type":"SearchAction","target":{"@type":"EntryPoint","urlTemplate":"https:\/\/portaltela.pt\/?s={search_term_string}"},"query-input":{"@type":"PropertyValueSpecification","valueRequired":true,"valueName":"search_term_string"}}],"inLanguage":"pt-PT"},{"@type":"Person","@id":"https:\/\/portaltela.pt\/#\/schema\/person\/c4278d4a6028830caff9ee44b42d32ed","name":"Telinha","image":{"@type":"ImageObject","inLanguage":"pt-PT","@id":"https:\/\/portaltela.pt\/s.01k8rhncp4jt1\/2025\/11\/talking-bot-125x125.png","url":"https:\/\/portaltela.pt\/s.01k8rhncp4jt1\/2025\/11\/talking-bot-125x125.png","contentUrl":"https:\/\/portaltela.pt\/s.01k8rhncp4jt1\/2025\/11\/talking-bot-125x125.png","caption":"Telinha"},"sameAs":["https:\/\/portaltela.pt\/"],"url":"https:\/\/portaltela.pt\/por\/367410592786\/"}]}},"_links":{"self":[{"href":"https:\/\/portaltela.pt\/api\/wp\/v2\/posts\/456203","targetHints":{"allow":["GET"]}}],"collection":[{"href":"https:\/\/portaltela.pt\/api\/wp\/v2\/posts"}],"about":[{"href":"https:\/\/portaltela.pt\/api\/wp\/v2\/types\/post"}],"author":[{"embeddable":true,"href":"https:\/\/portaltela.pt\/api\/wp\/v2\/users\/2"}],"replies":[{"embeddable":true,"href":"https:\/\/portaltela.pt\/api\/wp\/v2\/comments?post=456203"}],"version-history":[{"count":0,"href":"https:\/\/portaltela.pt\/api\/wp\/v2\/posts\/456203\/revisions"}],"wp:featuredmedia":[{"embeddable":true,"href":"https:\/\/portaltela.pt\/api\/wp\/v2\/media\/456204"}],"wp:attachment":[{"href":"https:\/\/portaltela.pt\/api\/wp\/v2\/media?parent=456203"}],"wp:term":[{"taxonomy":"category","embeddable":true,"href":"https:\/\/portaltela.pt\/api\/wp\/v2\/categories?post=456203"},{"taxonomy":"post_tag","embeddable":true,"href":"https:\/\/portaltela.pt\/api\/wp\/v2\/tags?post=456203"}],"curies":[{"name":"wp","href":"https:\/\/api.w.org\/{rel}","templated":true}]}}