{"id":456170,"date":"2026-04-23T11:48:47","date_gmt":"2026-04-23T14:48:47","guid":{"rendered":"https:\/\/portaltela.pt\/noticias\/2026\/04\/23\/guerra-no-irao-pode-atrasar-o-regresso-do-banco-de-portugal-aos-lucros-em-2026\/"},"modified":"2026-04-23T11:48:47","modified_gmt":"2026-04-23T14:48:47","slug":"guerra-no-irao-pode-atrasar-o-regresso-do-banco-de-portugal-aos-lucros-em-2026","status":"publish","type":"post","link":"https:\/\/portaltela.pt\/noticias\/economia\/2026\/04\/23\/guerra-no-irao-pode-atrasar-o-regresso-do-banco-de-portugal-aos-lucros-em-2026\/","title":{"rendered":"Guerra no Ir\u00e3o pode atrasar o regresso do Banco de Portugal aos lucros em 2026"},"content":{"rendered":"<p>A redu\u00e7\u00e3o das taxas de juro pelo BCE ajudou o Banco de Portugal a reduzir os preju\u00edzos no ano passado, perto de reduzir para um quarto do valor anterior. O objetivo \u00e9 regressar aos lucros em 2026.<\/p>\n<p>A not\u00edcia envolve o Banco de Portugal e o Banco Central Europeu, com foco no impacto das decis\u00f5es de pol\u00edtica monet\u00e1ria sobre os resultados do banco central nacional.<\/p>\n<p>No entanto, o regresso aos lucros em 2026 n\u00e3o est\u00e1 garantido, dependendo do comportamento da infla\u00e7\u00e3o e da decis\u00e3o do BCE de manter ou subir as taxas no futuro pr\u00f3ximo.<\/p>\n<p>A escalada recente da infla\u00e7\u00e3o, impulsionada pela guerra no Ir\u00e3o, \u00e9 apontada como fator de press\u00e3o para o BCE. Se as press\u00f5es inflacionistas persistirem, pode haver nova subida de juros.<\/p>\n<p>Desfechos dependem de como evoluir\u00e3o a infla\u00e7\u00e3o e as decis\u00f5es de pol\u00edtica monet\u00e1ria do BCE. O cen\u00e1rio indica risco de adiamento de lucros em 2026 caso a infla\u00e7\u00e3o n\u00e3o recue.<\/p>\n","protected":false},"excerpt":{"rendered":"<ul>\n<li>O Banco de Portugal n\u00e3o prev\u00ea lucros em 2025; as perdas diminu\u00edram, mas ainda n\u00e3o revertiram para lucro.<\/li>\n<li>O corte de taxas pelo Banco Central Europeu (BCE) ajudou a reduzir os preju\u00edzos do banco para quase um quarto no ano passado.<\/li>\n<li>O regresso aos lucros em 2026 continua incerto e pode ser adiado.<\/li>\n<li>A escalada da infla\u00e7\u00e3o, impulsionada pela guerra no Ir\u00e3o, representa amea\u00e7a aos resultados de 2026.<\/li>\n<li>Um novo aumento das taxas por parte do BCE, para combater a infla\u00e7\u00e3o, pode impedir a recupera\u00e7\u00e3o dos ganhos do banco.<\/li>\n<\/ul>\n","protected":false},"author":2,"featured_media":456173,"comment_status":"closed","ping_status":"closed","sticky":false,"template":"","format":"standard","meta":{"footnotes":""},"categories":[2,6850],"tags":[4365,2487,1676,5511,1014],"class_list":["post-456170","post","type-post","status-publish","format-standard","has-post-thumbnail","hentry","category-economia","category-financas","tag-banco-de-portugal","tag-europa","tag-inflacao","tag-politica-monetaria","tag-portugal"],"yoast_head":"<!-- This site is optimized with the Yoast SEO plugin v27.2 - https:\/\/yoast.com\/product\/yoast-seo-wordpress\/ -->\n<title>Guerra no Ir\u00e3o pode atrasar o regresso do Banco de Portugal aos lucros em 2026 - Portal Tela Portugal<\/title>\n<meta name=\"robots\" content=\"index, follow, max-snippet:-1, max-image-preview:large, max-video-preview:-1\" \/>\n<meta property=\"og:locale\" content=\"pt_PT\" \/>\n<meta property=\"og:type\" content=\"article\" \/>\n<meta property=\"og:title\" content=\"Guerra no Ir\u00e3o pode atrasar o regresso do Banco de Portugal aos lucros em 2026 - Portal Tela Portugal\" \/>\n<meta property=\"og:description\" content=\"O Banco de Portugal n\u00e3o prev\u00ea lucros em 2025; as perdas diminu\u00edram, mas ainda n\u00e3o revertiram para lucro. O corte de taxas pelo Banco Central Europeu (BCE) ajudou a reduzir os preju\u00edzos do banco para quase um quarto no ano passado. O regresso aos lucros em 2026 continua incerto e pode ser adiado. A escalada da infla\u00e7\u00e3o, impulsionada pela guerra no Ir\u00e3o, representa amea\u00e7a aos resultados de 2026. Um novo aumento das taxas por parte do BCE, para combater a infla\u00e7\u00e3o, pode impedir a recupera\u00e7\u00e3o dos ganhos do banco.\" \/>\n<meta property=\"og:url\" content=\"https:\/\/portaltela.pt\/noticias\/2026\/04\/23\/guerra-no-irao-pode-atrasar-o-regresso-do-banco-de-portugal-aos-lucros-em-2026\/\" \/>\n<meta property=\"og:site_name\" content=\"Portal Tela Portugal\" \/>\n<meta property=\"article:published_time\" content=\"2026-04-23T14:48:47+00:00\" \/>\n<meta name=\"author\" content=\"Telinha\" \/>\n<meta name=\"twitter:card\" content=\"summary_large_image\" \/>\n<meta name=\"twitter:label1\" content=\"Escrito por\" \/>\n\t<meta name=\"twitter:data1\" content=\"Telinha\" \/>\n\t<meta name=\"twitter:label2\" content=\"Tempo estimado de leitura\" \/>\n\t<meta name=\"twitter:data2\" content=\"1 minuto\" \/>\n<script type=\"application\/ld+json\" class=\"yoast-schema-graph\">{\"@context\":\"https:\/\/schema.org\",\"@graph\":[{\"@type\":\"Article\",\"@id\":\"https:\/\/portaltela.pt\/noticias\/2026\/04\/23\/guerra-no-irao-pode-atrasar-o-regresso-do-banco-de-portugal-aos-lucros-em-2026\/#article\",\"isPartOf\":{\"@id\":\"https:\/\/portaltela.pt\/noticias\/2026\/04\/23\/guerra-no-irao-pode-atrasar-o-regresso-do-banco-de-portugal-aos-lucros-em-2026\/\"},\"author\":{\"name\":\"Telinha\",\"@id\":\"https:\/\/portaltela.pt\/#\/schema\/person\/c4278d4a6028830caff9ee44b42d32ed\"},\"headline\":\"Guerra no Ir\u00e3o pode atrasar o regresso do Banco de Portugal aos lucros em 2026\",\"datePublished\":\"2026-04-23T14:48:47+00:00\",\"mainEntityOfPage\":{\"@id\":\"https:\/\/portaltela.pt\/noticias\/2026\/04\/23\/guerra-no-irao-pode-atrasar-o-regresso-do-banco-de-portugal-aos-lucros-em-2026\/\"},\"wordCount\":187,\"image\":{\"@id\":\"https:\/\/portaltela.pt\/noticias\/2026\/04\/23\/guerra-no-irao-pode-atrasar-o-regresso-do-banco-de-portugal-aos-lucros-em-2026\/#primaryimage\"},\"thumbnailUrl\":\"https:\/\/portaltela.pt\/s.01k8rhncp4jt1\/2026\/04\/2083505.jpg\",\"keywords\":[\"Banco de Portugal\",\"Europa\",\"infla\u00e7\u00e3o\",\"pol\u00edtica monet\u00e1ria\",\"Portugal\"],\"articleSection\":[\"Economia\",\"Finan\u00e7as\"],\"inLanguage\":\"pt-PT\"},{\"@type\":\"WebPage\",\"@id\":\"https:\/\/portaltela.pt\/noticias\/2026\/04\/23\/guerra-no-irao-pode-atrasar-o-regresso-do-banco-de-portugal-aos-lucros-em-2026\/\",\"url\":\"https:\/\/portaltela.pt\/noticias\/2026\/04\/23\/guerra-no-irao-pode-atrasar-o-regresso-do-banco-de-portugal-aos-lucros-em-2026\/\",\"name\":\"Guerra no Ir\u00e3o pode atrasar o regresso do Banco de Portugal aos lucros em 2026 - Portal Tela Portugal\",\"isPartOf\":{\"@id\":\"https:\/\/portaltela.pt\/#website\"},\"primaryImageOfPage\":{\"@id\":\"https:\/\/portaltela.pt\/noticias\/2026\/04\/23\/guerra-no-irao-pode-atrasar-o-regresso-do-banco-de-portugal-aos-lucros-em-2026\/#primaryimage\"},\"image\":{\"@id\":\"https:\/\/portaltela.pt\/noticias\/2026\/04\/23\/guerra-no-irao-pode-atrasar-o-regresso-do-banco-de-portugal-aos-lucros-em-2026\/#primaryimage\"},\"thumbnailUrl\":\"https:\/\/portaltela.pt\/s.01k8rhncp4jt1\/2026\/04\/2083505.jpg\",\"datePublished\":\"2026-04-23T14:48:47+00:00\",\"author\":{\"@id\":\"https:\/\/portaltela.pt\/#\/schema\/person\/c4278d4a6028830caff9ee44b42d32ed\"},\"breadcrumb\":{\"@id\":\"https:\/\/portaltela.pt\/noticias\/2026\/04\/23\/guerra-no-irao-pode-atrasar-o-regresso-do-banco-de-portugal-aos-lucros-em-2026\/#breadcrumb\"},\"inLanguage\":\"pt-PT\",\"potentialAction\":[{\"@type\":\"ReadAction\",\"target\":[\"https:\/\/portaltela.pt\/noticias\/2026\/04\/23\/guerra-no-irao-pode-atrasar-o-regresso-do-banco-de-portugal-aos-lucros-em-2026\/\"]}]},{\"@type\":\"ImageObject\",\"inLanguage\":\"pt-PT\",\"@id\":\"https:\/\/portaltela.pt\/noticias\/2026\/04\/23\/guerra-no-irao-pode-atrasar-o-regresso-do-banco-de-portugal-aos-lucros-em-2026\/#primaryimage\",\"url\":\"https:\/\/portaltela.pt\/s.01k8rhncp4jt1\/2026\/04\/2083505.jpg\",\"contentUrl\":\"https:\/\/portaltela.pt\/s.01k8rhncp4jt1\/2026\/04\/2083505.jpg\",\"width\":796,\"height\":448,\"caption\":\"\u00c1lvaro Santos Pereira e M\u00e1rio Centeno foram os governadores do Banco de Portugal durante o ano de 2025\"},{\"@type\":\"BreadcrumbList\",\"@id\":\"https:\/\/portaltela.pt\/noticias\/2026\/04\/23\/guerra-no-irao-pode-atrasar-o-regresso-do-banco-de-portugal-aos-lucros-em-2026\/#breadcrumb\",\"itemListElement\":[{\"@type\":\"ListItem\",\"position\":1,\"name\":\"In\u00edcio\",\"item\":\"https:\/\/portaltela.pt\/\"},{\"@type\":\"ListItem\",\"position\":2,\"name\":\"Guerra no Ir\u00e3o pode atrasar o regresso do Banco de Portugal aos lucros em 2026\"}]},{\"@type\":\"WebSite\",\"@id\":\"https:\/\/portaltela.pt\/#website\",\"url\":\"https:\/\/portaltela.pt\/\",\"name\":\"Portal Tela Portugal\",\"description\":\"\",\"potentialAction\":[{\"@type\":\"SearchAction\",\"target\":{\"@type\":\"EntryPoint\",\"urlTemplate\":\"https:\/\/portaltela.pt\/?s={search_term_string}\"},\"query-input\":{\"@type\":\"PropertyValueSpecification\",\"valueRequired\":true,\"valueName\":\"search_term_string\"}}],\"inLanguage\":\"pt-PT\"},{\"@type\":\"Person\",\"@id\":\"https:\/\/portaltela.pt\/#\/schema\/person\/c4278d4a6028830caff9ee44b42d32ed\",\"name\":\"Telinha\",\"image\":{\"@type\":\"ImageObject\",\"inLanguage\":\"pt-PT\",\"@id\":\"https:\/\/portaltela.pt\/s.01k8rhncp4jt1\/2025\/11\/talking-bot-125x125.png\",\"url\":\"https:\/\/portaltela.pt\/s.01k8rhncp4jt1\/2025\/11\/talking-bot-125x125.png\",\"contentUrl\":\"https:\/\/portaltela.pt\/s.01k8rhncp4jt1\/2025\/11\/talking-bot-125x125.png\",\"caption\":\"Telinha\"},\"sameAs\":[\"https:\/\/portaltela.pt\/\"],\"url\":\"https:\/\/portaltela.pt\/por\/367410592786\/\"}]}<\/script>\n<!-- \/ Yoast SEO plugin. -->","yoast_head_json":{"title":"Guerra no Ir\u00e3o pode atrasar o regresso do Banco de Portugal aos lucros em 2026 - Portal Tela Portugal","robots":{"index":"index","follow":"follow","max-snippet":"max-snippet:-1","max-image-preview":"max-image-preview:large","max-video-preview":"max-video-preview:-1"},"og_locale":"pt_PT","og_type":"article","og_title":"Guerra no Ir\u00e3o pode atrasar o regresso do Banco de Portugal aos lucros em 2026 - Portal Tela Portugal","og_description":"O Banco de Portugal n\u00e3o prev\u00ea lucros em 2025; as perdas diminu\u00edram, mas ainda n\u00e3o revertiram para lucro. O corte de taxas pelo Banco Central Europeu (BCE) ajudou a reduzir os preju\u00edzos do banco para quase um quarto no ano passado. O regresso aos lucros em 2026 continua incerto e pode ser adiado. A escalada da infla\u00e7\u00e3o, impulsionada pela guerra no Ir\u00e3o, representa amea\u00e7a aos resultados de 2026. Um novo aumento das taxas por parte do BCE, para combater a infla\u00e7\u00e3o, pode impedir a recupera\u00e7\u00e3o dos ganhos do banco.","og_url":"https:\/\/portaltela.pt\/noticias\/2026\/04\/23\/guerra-no-irao-pode-atrasar-o-regresso-do-banco-de-portugal-aos-lucros-em-2026\/","og_site_name":"Portal Tela Portugal","article_published_time":"2026-04-23T14:48:47+00:00","author":"Telinha","twitter_card":"summary_large_image","twitter_misc":{"Escrito por":"Telinha","Tempo estimado de leitura":"1 minuto"},"schema":{"@context":"https:\/\/schema.org","@graph":[{"@type":"Article","@id":"https:\/\/portaltela.pt\/noticias\/2026\/04\/23\/guerra-no-irao-pode-atrasar-o-regresso-do-banco-de-portugal-aos-lucros-em-2026\/#article","isPartOf":{"@id":"https:\/\/portaltela.pt\/noticias\/2026\/04\/23\/guerra-no-irao-pode-atrasar-o-regresso-do-banco-de-portugal-aos-lucros-em-2026\/"},"author":{"name":"Telinha","@id":"https:\/\/portaltela.pt\/#\/schema\/person\/c4278d4a6028830caff9ee44b42d32ed"},"headline":"Guerra no Ir\u00e3o pode atrasar o regresso do Banco de Portugal aos lucros em 2026","datePublished":"2026-04-23T14:48:47+00:00","mainEntityOfPage":{"@id":"https:\/\/portaltela.pt\/noticias\/2026\/04\/23\/guerra-no-irao-pode-atrasar-o-regresso-do-banco-de-portugal-aos-lucros-em-2026\/"},"wordCount":187,"image":{"@id":"https:\/\/portaltela.pt\/noticias\/2026\/04\/23\/guerra-no-irao-pode-atrasar-o-regresso-do-banco-de-portugal-aos-lucros-em-2026\/#primaryimage"},"thumbnailUrl":"https:\/\/portaltela.pt\/s.01k8rhncp4jt1\/2026\/04\/2083505.jpg","keywords":["Banco de Portugal","Europa","infla\u00e7\u00e3o","pol\u00edtica monet\u00e1ria","Portugal"],"articleSection":["Economia","Finan\u00e7as"],"inLanguage":"pt-PT"},{"@type":"WebPage","@id":"https:\/\/portaltela.pt\/noticias\/2026\/04\/23\/guerra-no-irao-pode-atrasar-o-regresso-do-banco-de-portugal-aos-lucros-em-2026\/","url":"https:\/\/portaltela.pt\/noticias\/2026\/04\/23\/guerra-no-irao-pode-atrasar-o-regresso-do-banco-de-portugal-aos-lucros-em-2026\/","name":"Guerra no Ir\u00e3o pode atrasar o regresso do Banco de Portugal aos lucros em 2026 - Portal Tela Portugal","isPartOf":{"@id":"https:\/\/portaltela.pt\/#website"},"primaryImageOfPage":{"@id":"https:\/\/portaltela.pt\/noticias\/2026\/04\/23\/guerra-no-irao-pode-atrasar-o-regresso-do-banco-de-portugal-aos-lucros-em-2026\/#primaryimage"},"image":{"@id":"https:\/\/portaltela.pt\/noticias\/2026\/04\/23\/guerra-no-irao-pode-atrasar-o-regresso-do-banco-de-portugal-aos-lucros-em-2026\/#primaryimage"},"thumbnailUrl":"https:\/\/portaltela.pt\/s.01k8rhncp4jt1\/2026\/04\/2083505.jpg","datePublished":"2026-04-23T14:48:47+00:00","author":{"@id":"https:\/\/portaltela.pt\/#\/schema\/person\/c4278d4a6028830caff9ee44b42d32ed"},"breadcrumb":{"@id":"https:\/\/portaltela.pt\/noticias\/2026\/04\/23\/guerra-no-irao-pode-atrasar-o-regresso-do-banco-de-portugal-aos-lucros-em-2026\/#breadcrumb"},"inLanguage":"pt-PT","potentialAction":[{"@type":"ReadAction","target":["https:\/\/portaltela.pt\/noticias\/2026\/04\/23\/guerra-no-irao-pode-atrasar-o-regresso-do-banco-de-portugal-aos-lucros-em-2026\/"]}]},{"@type":"ImageObject","inLanguage":"pt-PT","@id":"https:\/\/portaltela.pt\/noticias\/2026\/04\/23\/guerra-no-irao-pode-atrasar-o-regresso-do-banco-de-portugal-aos-lucros-em-2026\/#primaryimage","url":"https:\/\/portaltela.pt\/s.01k8rhncp4jt1\/2026\/04\/2083505.jpg","contentUrl":"https:\/\/portaltela.pt\/s.01k8rhncp4jt1\/2026\/04\/2083505.jpg","width":796,"height":448,"caption":"\u00c1lvaro Santos Pereira e M\u00e1rio Centeno foram os governadores do Banco de Portugal durante o ano de 2025"},{"@type":"BreadcrumbList","@id":"https:\/\/portaltela.pt\/noticias\/2026\/04\/23\/guerra-no-irao-pode-atrasar-o-regresso-do-banco-de-portugal-aos-lucros-em-2026\/#breadcrumb","itemListElement":[{"@type":"ListItem","position":1,"name":"In\u00edcio","item":"https:\/\/portaltela.pt\/"},{"@type":"ListItem","position":2,"name":"Guerra no Ir\u00e3o pode atrasar o regresso do Banco de Portugal aos lucros em 2026"}]},{"@type":"WebSite","@id":"https:\/\/portaltela.pt\/#website","url":"https:\/\/portaltela.pt\/","name":"Portal Tela Portugal","description":"","potentialAction":[{"@type":"SearchAction","target":{"@type":"EntryPoint","urlTemplate":"https:\/\/portaltela.pt\/?s={search_term_string}"},"query-input":{"@type":"PropertyValueSpecification","valueRequired":true,"valueName":"search_term_string"}}],"inLanguage":"pt-PT"},{"@type":"Person","@id":"https:\/\/portaltela.pt\/#\/schema\/person\/c4278d4a6028830caff9ee44b42d32ed","name":"Telinha","image":{"@type":"ImageObject","inLanguage":"pt-PT","@id":"https:\/\/portaltela.pt\/s.01k8rhncp4jt1\/2025\/11\/talking-bot-125x125.png","url":"https:\/\/portaltela.pt\/s.01k8rhncp4jt1\/2025\/11\/talking-bot-125x125.png","contentUrl":"https:\/\/portaltela.pt\/s.01k8rhncp4jt1\/2025\/11\/talking-bot-125x125.png","caption":"Telinha"},"sameAs":["https:\/\/portaltela.pt\/"],"url":"https:\/\/portaltela.pt\/por\/367410592786\/"}]}},"_links":{"self":[{"href":"https:\/\/portaltela.pt\/api\/wp\/v2\/posts\/456170","targetHints":{"allow":["GET"]}}],"collection":[{"href":"https:\/\/portaltela.pt\/api\/wp\/v2\/posts"}],"about":[{"href":"https:\/\/portaltela.pt\/api\/wp\/v2\/types\/post"}],"author":[{"embeddable":true,"href":"https:\/\/portaltela.pt\/api\/wp\/v2\/users\/2"}],"replies":[{"embeddable":true,"href":"https:\/\/portaltela.pt\/api\/wp\/v2\/comments?post=456170"}],"version-history":[{"count":0,"href":"https:\/\/portaltela.pt\/api\/wp\/v2\/posts\/456170\/revisions"}],"wp:featuredmedia":[{"embeddable":true,"href":"https:\/\/portaltela.pt\/api\/wp\/v2\/media\/456173"}],"wp:attachment":[{"href":"https:\/\/portaltela.pt\/api\/wp\/v2\/media?parent=456170"}],"wp:term":[{"taxonomy":"category","embeddable":true,"href":"https:\/\/portaltela.pt\/api\/wp\/v2\/categories?post=456170"},{"taxonomy":"post_tag","embeddable":true,"href":"https:\/\/portaltela.pt\/api\/wp\/v2\/tags?post=456170"}],"curies":[{"name":"wp","href":"https:\/\/api.w.org\/{rel}","templated":true}]}}