{"id":456138,"date":"2026-04-23T11:33:15","date_gmt":"2026-04-23T14:33:15","guid":{"rendered":"https:\/\/portaltela.pt\/noticias\/2026\/04\/23\/geracao-recebe-com-uma-mao-o-que-lhe-tiram-com-a-outra\/"},"modified":"2026-04-23T11:33:15","modified_gmt":"2026-04-23T14:33:15","slug":"geracao-recebe-com-uma-mao-o-que-lhe-tiram-com-a-outra","status":"publish","type":"post","link":"https:\/\/portaltela.pt\/noticias\/economia\/2026\/04\/23\/geracao-recebe-com-uma-mao-o-que-lhe-tiram-com-a-outra\/","title":{"rendered":"Gera\u00e7\u00e3o recebe com uma m\u00e3o o que lhe tiram com a outra"},"content":{"rendered":"<p>O Governo anuncia o IRS Jovem, a garantia p\u00fablica na compra de casa e isen\u00e7\u00f5es de IMT e imposto de selo, num conjunto de medidas que visa apoiar os jovens. Paralelamente, prepara uma reforma laboral com impacto na estabilidade do emprego. A estrat\u00e9gia \u00e9 apresentada como pacotes de apoio, mas a duros novos requisitos podem desequilibrar o panorama.<\/p>\n<p>A reforma laboral em fase de debate, com impacto potencial na contrata\u00e7\u00e3o, \u00e9 apresentada como reformula\u00e7\u00e3o estrutural. Dados de 2024 a 2025 mostram aumento de rigidez na concess\u00e3o de cr\u00e9dito e maior exposi\u00e7\u00e3o a risco. O Governo defende que as mudan\u00e7as s\u00e3o necess\u00e1rias para dinamizar o mercado de trabalho.<\/p>\n<p>No passado, em julho de 2025, esteve em an\u00e1lise um anteprojeto que ampliava contratos a prazo, reduzia regras de reintegra\u00e7\u00e3o e promovia mais outsourcing. As altera\u00e7\u00f5es foram progressivamente amortecidas, mas revelam a dire\u00e7\u00e3o pretendida pelo Executivo. O texto original existiu e foi aprovado.<\/p>\n<p>Num cen\u00e1rio de implementa\u00e7\u00e3o, uma jovem de 28 anos em Lisboa encontra uma mensagem: IRS Jovem, garantia p\u00fablica, sonho de casa. Contudo, pode enfrentar contratos prec\u00e1rios de dois anos, com impossibilidade de reintegra\u00e7\u00e3o. O Banco de Portugal aponta aumento de cr\u00e9dito de risco elevado.<\/p>\n<p>O arrendamento, livro aberto pela via de rendas altas, torna-se uma armadilha adicional. Em Lisboa, T2 ultrapassa a m\u00e9dia de renda elevada, tornando-se dif\u00edcil competir com as condi\u00e7\u00f5es do banco. O custo total de vida pressiona o rendimento dispon\u00edvel.<\/p>\n<p>O IRS Jovem tamb\u00e9m levanta controv\u00e9rsias t\u00e9cnicas. Benefici\u00e1rios contam anos de rendimento declarado, n\u00e3o idade. Quem come\u00e7ou a trabalhar cedo pode beneficiar menos, ou mais, conforme o momento de entrada no mercado. A aus\u00eancia de ajuste por idade \u00e9 alvo de cr\u00edticas.<\/p>\n<p>Entre not\u00edcias fiscais e mudan\u00e7as laborais, o padr\u00e3o persiste: medidas de visibilidade medi\u00e1tica contrastam com altera\u00e7\u00f5es estruturais menos evidentes. Benef\u00edcios fiscais ajudam alguns; reformas laborais afetam todos, ampliando o peso sobre quem j\u00e1 vive com maior vulnerabilidade.<\/p>\n<p>O teste real \u00e9 saber, passados cinco anos, quanto da garantia p\u00fablica, do IRS Jovem e das medidas de apoio se tornam efetivamente \u00fateis. Se a reforma avan\u00e7ar, a resposta pode revelar-se menos favor\u00e1vel do que o discurso inicial sugere.<\/p>\n","protected":false},"excerpt":{"rendered":"<ul>\n<li>O Governo apresenta o IRS Jovem, garantia p\u00fablica para compra de casa e isen\u00e7\u00f5es (IMT e imposto de selo) como pacote para jovens, numa tentativa de reten\u00e7\u00e3o geracional.<\/li>\n<li>Em paralelo, avan\u00e7a com uma reforma laboral que poder\u00e1 reduzir a estabilidade associada a essas medidas, segundo a an\u00e1lise de que h\u00e1 ganhos de um lado e aperto no outro.<\/li>\n<li>A banca pode recusar cr\u00e9dito ou exigir condi\u00e7\u00f5es mais dif\u00edceis para jovens com contrato a prazo, enquanto o Banco de Portugal alerta para o aumento de cr\u00e9dito a mutu\u00e1rios de maior risco.<\/li>\n<li>O arrendamento em cidades como Lisboa continua caro, levando os jovens a enfrentar escolhas entre renda elevada e falta de patrim\u00f3nio, com o custo de oportunidade de ficar sem alternativas.<\/li>\n<li>O IRS Jovem conta anos de rendimento declarado, o que pode penalizar quem entrou no mercado de trabalho mais tarde ou teve interrup\u00e7\u00f5es, criando uma assimetria entre quem beneficia de in\u00edcio e quem adia entrada no mercado.<\/li>\n<\/ul>\n","protected":false},"author":2,"featured_media":456142,"comment_status":"closed","ping_status":"closed","sticky":false,"template":"","format":"standard","meta":{"footnotes":""},"categories":[2,6850],"tags":[3014,1960,150,3613,6474,981],"class_list":["post-456138","post","type-post","status-publish","format-standard","has-post-thumbnail","hentry","category-economia","category-financas","tag-arrendamento","tag-credito","tag-habitacao","tag-impostos","tag-irs","tag-lisboa"],"yoast_head":"<!-- This site is optimized with the Yoast SEO plugin v27.2 - https:\/\/yoast.com\/product\/yoast-seo-wordpress\/ -->\n<title>Gera\u00e7\u00e3o recebe com uma m\u00e3o o que lhe tiram com a outra - Portal Tela Portugal<\/title>\n<meta name=\"robots\" content=\"index, follow, max-snippet:-1, max-image-preview:large, max-video-preview:-1\" \/>\n<meta property=\"og:locale\" content=\"pt_PT\" \/>\n<meta property=\"og:type\" content=\"article\" \/>\n<meta property=\"og:title\" content=\"Gera\u00e7\u00e3o recebe com uma m\u00e3o o que lhe tiram com a outra - Portal Tela Portugal\" \/>\n<meta property=\"og:description\" content=\"O Governo apresenta o IRS Jovem, garantia p\u00fablica para compra de casa e isen\u00e7\u00f5es (IMT e imposto de selo) como pacote para jovens, numa tentativa de reten\u00e7\u00e3o geracional. Em paralelo, avan\u00e7a com uma reforma laboral que poder\u00e1 reduzir a estabilidade associada a essas medidas, segundo a an\u00e1lise de que h\u00e1 ganhos de um lado e aperto no outro. A banca pode recusar cr\u00e9dito ou exigir condi\u00e7\u00f5es mais dif\u00edceis para jovens com contrato a prazo, enquanto o Banco de Portugal alerta para o aumento de cr\u00e9dito a mutu\u00e1rios de maior risco. O arrendamento em cidades como Lisboa continua caro, levando os jovens a enfrentar escolhas entre renda elevada e falta de patrim\u00f3nio, com o custo de oportunidade de ficar sem alternativas. O IRS Jovem conta anos de rendimento declarado, o que pode penalizar quem entrou no mercado de trabalho mais tarde ou teve interrup\u00e7\u00f5es, criando uma assimetria entre quem beneficia de in\u00edcio e quem adia entrada no mercado.\" \/>\n<meta property=\"og:url\" content=\"https:\/\/portaltela.pt\/noticias\/2026\/04\/23\/geracao-recebe-com-uma-mao-o-que-lhe-tiram-com-a-outra\/\" \/>\n<meta property=\"og:site_name\" content=\"Portal Tela Portugal\" \/>\n<meta property=\"article:published_time\" content=\"2026-04-23T14:33:15+00:00\" \/>\n<meta name=\"author\" content=\"Telinha\" \/>\n<meta name=\"twitter:card\" content=\"summary_large_image\" \/>\n<meta name=\"twitter:label1\" content=\"Escrito por\" \/>\n\t<meta name=\"twitter:data1\" content=\"Telinha\" \/>\n\t<meta name=\"twitter:label2\" content=\"Tempo estimado de leitura\" \/>\n\t<meta name=\"twitter:data2\" content=\"2 minutos\" \/>\n<script type=\"application\/ld+json\" class=\"yoast-schema-graph\">{\"@context\":\"https:\/\/schema.org\",\"@graph\":[{\"@type\":\"Article\",\"@id\":\"https:\/\/portaltela.pt\/noticias\/2026\/04\/23\/geracao-recebe-com-uma-mao-o-que-lhe-tiram-com-a-outra\/#article\",\"isPartOf\":{\"@id\":\"https:\/\/portaltela.pt\/noticias\/2026\/04\/23\/geracao-recebe-com-uma-mao-o-que-lhe-tiram-com-a-outra\/\"},\"author\":{\"name\":\"Telinha\",\"@id\":\"https:\/\/portaltela.pt\/#\/schema\/person\/c4278d4a6028830caff9ee44b42d32ed\"},\"headline\":\"Gera\u00e7\u00e3o recebe com uma m\u00e3o o que lhe tiram com a outra\",\"datePublished\":\"2026-04-23T14:33:15+00:00\",\"mainEntityOfPage\":{\"@id\":\"https:\/\/portaltela.pt\/noticias\/2026\/04\/23\/geracao-recebe-com-uma-mao-o-que-lhe-tiram-com-a-outra\/\"},\"wordCount\":400,\"image\":{\"@id\":\"https:\/\/portaltela.pt\/noticias\/2026\/04\/23\/geracao-recebe-com-uma-mao-o-que-lhe-tiram-com-a-outra\/#primaryimage\"},\"thumbnailUrl\":\"https:\/\/portaltela.pt\/s.01k8rhncp4jt1\/2026\/04\/2083511.jpg\",\"keywords\":[\"arrendamento\",\"cr\u00e9dito\",\"habita\u00e7\u00e3o\",\"impostos\",\"IRS\",\"Lisboa\"],\"articleSection\":[\"Economia\",\"Finan\u00e7as\"],\"inLanguage\":\"pt-PT\"},{\"@type\":\"WebPage\",\"@id\":\"https:\/\/portaltela.pt\/noticias\/2026\/04\/23\/geracao-recebe-com-uma-mao-o-que-lhe-tiram-com-a-outra\/\",\"url\":\"https:\/\/portaltela.pt\/noticias\/2026\/04\/23\/geracao-recebe-com-uma-mao-o-que-lhe-tiram-com-a-outra\/\",\"name\":\"Gera\u00e7\u00e3o recebe com uma m\u00e3o o que lhe tiram com a outra - Portal Tela Portugal\",\"isPartOf\":{\"@id\":\"https:\/\/portaltela.pt\/#website\"},\"primaryImageOfPage\":{\"@id\":\"https:\/\/portaltela.pt\/noticias\/2026\/04\/23\/geracao-recebe-com-uma-mao-o-que-lhe-tiram-com-a-outra\/#primaryimage\"},\"image\":{\"@id\":\"https:\/\/portaltela.pt\/noticias\/2026\/04\/23\/geracao-recebe-com-uma-mao-o-que-lhe-tiram-com-a-outra\/#primaryimage\"},\"thumbnailUrl\":\"https:\/\/portaltela.pt\/s.01k8rhncp4jt1\/2026\/04\/2083511.jpg\",\"datePublished\":\"2026-04-23T14:33:15+00:00\",\"author\":{\"@id\":\"https:\/\/portaltela.pt\/#\/schema\/person\/c4278d4a6028830caff9ee44b42d32ed\"},\"breadcrumb\":{\"@id\":\"https:\/\/portaltela.pt\/noticias\/2026\/04\/23\/geracao-recebe-com-uma-mao-o-que-lhe-tiram-com-a-outra\/#breadcrumb\"},\"inLanguage\":\"pt-PT\",\"potentialAction\":[{\"@type\":\"ReadAction\",\"target\":[\"https:\/\/portaltela.pt\/noticias\/2026\/04\/23\/geracao-recebe-com-uma-mao-o-que-lhe-tiram-com-a-outra\/\"]}]},{\"@type\":\"ImageObject\",\"inLanguage\":\"pt-PT\",\"@id\":\"https:\/\/portaltela.pt\/noticias\/2026\/04\/23\/geracao-recebe-com-uma-mao-o-que-lhe-tiram-com-a-outra\/#primaryimage\",\"url\":\"https:\/\/portaltela.pt\/s.01k8rhncp4jt1\/2026\/04\/2083511.jpg\",\"contentUrl\":\"https:\/\/portaltela.pt\/s.01k8rhncp4jt1\/2026\/04\/2083511.jpg\",\"width\":796,\"height\":448,\"caption\":\"Megafone P3\"},{\"@type\":\"BreadcrumbList\",\"@id\":\"https:\/\/portaltela.pt\/noticias\/2026\/04\/23\/geracao-recebe-com-uma-mao-o-que-lhe-tiram-com-a-outra\/#breadcrumb\",\"itemListElement\":[{\"@type\":\"ListItem\",\"position\":1,\"name\":\"In\u00edcio\",\"item\":\"https:\/\/portaltela.pt\/\"},{\"@type\":\"ListItem\",\"position\":2,\"name\":\"Gera\u00e7\u00e3o recebe com uma m\u00e3o o que lhe tiram com a outra\"}]},{\"@type\":\"WebSite\",\"@id\":\"https:\/\/portaltela.pt\/#website\",\"url\":\"https:\/\/portaltela.pt\/\",\"name\":\"Portal Tela Portugal\",\"description\":\"\",\"potentialAction\":[{\"@type\":\"SearchAction\",\"target\":{\"@type\":\"EntryPoint\",\"urlTemplate\":\"https:\/\/portaltela.pt\/?s={search_term_string}\"},\"query-input\":{\"@type\":\"PropertyValueSpecification\",\"valueRequired\":true,\"valueName\":\"search_term_string\"}}],\"inLanguage\":\"pt-PT\"},{\"@type\":\"Person\",\"@id\":\"https:\/\/portaltela.pt\/#\/schema\/person\/c4278d4a6028830caff9ee44b42d32ed\",\"name\":\"Telinha\",\"image\":{\"@type\":\"ImageObject\",\"inLanguage\":\"pt-PT\",\"@id\":\"https:\/\/portaltela.pt\/s.01k8rhncp4jt1\/2025\/11\/talking-bot-125x125.png\",\"url\":\"https:\/\/portaltela.pt\/s.01k8rhncp4jt1\/2025\/11\/talking-bot-125x125.png\",\"contentUrl\":\"https:\/\/portaltela.pt\/s.01k8rhncp4jt1\/2025\/11\/talking-bot-125x125.png\",\"caption\":\"Telinha\"},\"sameAs\":[\"https:\/\/portaltela.pt\/\"],\"url\":\"https:\/\/portaltela.pt\/por\/367410592786\/\"}]}<\/script>\n<!-- \/ Yoast SEO plugin. -->","yoast_head_json":{"title":"Gera\u00e7\u00e3o recebe com uma m\u00e3o o que lhe tiram com a outra - Portal Tela Portugal","robots":{"index":"index","follow":"follow","max-snippet":"max-snippet:-1","max-image-preview":"max-image-preview:large","max-video-preview":"max-video-preview:-1"},"og_locale":"pt_PT","og_type":"article","og_title":"Gera\u00e7\u00e3o recebe com uma m\u00e3o o que lhe tiram com a outra - Portal Tela Portugal","og_description":"O Governo apresenta o IRS Jovem, garantia p\u00fablica para compra de casa e isen\u00e7\u00f5es (IMT e imposto de selo) como pacote para jovens, numa tentativa de reten\u00e7\u00e3o geracional. Em paralelo, avan\u00e7a com uma reforma laboral que poder\u00e1 reduzir a estabilidade associada a essas medidas, segundo a an\u00e1lise de que h\u00e1 ganhos de um lado e aperto no outro. A banca pode recusar cr\u00e9dito ou exigir condi\u00e7\u00f5es mais dif\u00edceis para jovens com contrato a prazo, enquanto o Banco de Portugal alerta para o aumento de cr\u00e9dito a mutu\u00e1rios de maior risco. O arrendamento em cidades como Lisboa continua caro, levando os jovens a enfrentar escolhas entre renda elevada e falta de patrim\u00f3nio, com o custo de oportunidade de ficar sem alternativas. O IRS Jovem conta anos de rendimento declarado, o que pode penalizar quem entrou no mercado de trabalho mais tarde ou teve interrup\u00e7\u00f5es, criando uma assimetria entre quem beneficia de in\u00edcio e quem adia entrada no mercado.","og_url":"https:\/\/portaltela.pt\/noticias\/2026\/04\/23\/geracao-recebe-com-uma-mao-o-que-lhe-tiram-com-a-outra\/","og_site_name":"Portal Tela Portugal","article_published_time":"2026-04-23T14:33:15+00:00","author":"Telinha","twitter_card":"summary_large_image","twitter_misc":{"Escrito por":"Telinha","Tempo estimado de leitura":"2 minutos"},"schema":{"@context":"https:\/\/schema.org","@graph":[{"@type":"Article","@id":"https:\/\/portaltela.pt\/noticias\/2026\/04\/23\/geracao-recebe-com-uma-mao-o-que-lhe-tiram-com-a-outra\/#article","isPartOf":{"@id":"https:\/\/portaltela.pt\/noticias\/2026\/04\/23\/geracao-recebe-com-uma-mao-o-que-lhe-tiram-com-a-outra\/"},"author":{"name":"Telinha","@id":"https:\/\/portaltela.pt\/#\/schema\/person\/c4278d4a6028830caff9ee44b42d32ed"},"headline":"Gera\u00e7\u00e3o recebe com uma m\u00e3o o que lhe tiram com a outra","datePublished":"2026-04-23T14:33:15+00:00","mainEntityOfPage":{"@id":"https:\/\/portaltela.pt\/noticias\/2026\/04\/23\/geracao-recebe-com-uma-mao-o-que-lhe-tiram-com-a-outra\/"},"wordCount":400,"image":{"@id":"https:\/\/portaltela.pt\/noticias\/2026\/04\/23\/geracao-recebe-com-uma-mao-o-que-lhe-tiram-com-a-outra\/#primaryimage"},"thumbnailUrl":"https:\/\/portaltela.pt\/s.01k8rhncp4jt1\/2026\/04\/2083511.jpg","keywords":["arrendamento","cr\u00e9dito","habita\u00e7\u00e3o","impostos","IRS","Lisboa"],"articleSection":["Economia","Finan\u00e7as"],"inLanguage":"pt-PT"},{"@type":"WebPage","@id":"https:\/\/portaltela.pt\/noticias\/2026\/04\/23\/geracao-recebe-com-uma-mao-o-que-lhe-tiram-com-a-outra\/","url":"https:\/\/portaltela.pt\/noticias\/2026\/04\/23\/geracao-recebe-com-uma-mao-o-que-lhe-tiram-com-a-outra\/","name":"Gera\u00e7\u00e3o recebe com uma m\u00e3o o que lhe tiram com a outra - Portal Tela Portugal","isPartOf":{"@id":"https:\/\/portaltela.pt\/#website"},"primaryImageOfPage":{"@id":"https:\/\/portaltela.pt\/noticias\/2026\/04\/23\/geracao-recebe-com-uma-mao-o-que-lhe-tiram-com-a-outra\/#primaryimage"},"image":{"@id":"https:\/\/portaltela.pt\/noticias\/2026\/04\/23\/geracao-recebe-com-uma-mao-o-que-lhe-tiram-com-a-outra\/#primaryimage"},"thumbnailUrl":"https:\/\/portaltela.pt\/s.01k8rhncp4jt1\/2026\/04\/2083511.jpg","datePublished":"2026-04-23T14:33:15+00:00","author":{"@id":"https:\/\/portaltela.pt\/#\/schema\/person\/c4278d4a6028830caff9ee44b42d32ed"},"breadcrumb":{"@id":"https:\/\/portaltela.pt\/noticias\/2026\/04\/23\/geracao-recebe-com-uma-mao-o-que-lhe-tiram-com-a-outra\/#breadcrumb"},"inLanguage":"pt-PT","potentialAction":[{"@type":"ReadAction","target":["https:\/\/portaltela.pt\/noticias\/2026\/04\/23\/geracao-recebe-com-uma-mao-o-que-lhe-tiram-com-a-outra\/"]}]},{"@type":"ImageObject","inLanguage":"pt-PT","@id":"https:\/\/portaltela.pt\/noticias\/2026\/04\/23\/geracao-recebe-com-uma-mao-o-que-lhe-tiram-com-a-outra\/#primaryimage","url":"https:\/\/portaltela.pt\/s.01k8rhncp4jt1\/2026\/04\/2083511.jpg","contentUrl":"https:\/\/portaltela.pt\/s.01k8rhncp4jt1\/2026\/04\/2083511.jpg","width":796,"height":448,"caption":"Megafone P3"},{"@type":"BreadcrumbList","@id":"https:\/\/portaltela.pt\/noticias\/2026\/04\/23\/geracao-recebe-com-uma-mao-o-que-lhe-tiram-com-a-outra\/#breadcrumb","itemListElement":[{"@type":"ListItem","position":1,"name":"In\u00edcio","item":"https:\/\/portaltela.pt\/"},{"@type":"ListItem","position":2,"name":"Gera\u00e7\u00e3o recebe com uma m\u00e3o o que lhe tiram com a outra"}]},{"@type":"WebSite","@id":"https:\/\/portaltela.pt\/#website","url":"https:\/\/portaltela.pt\/","name":"Portal Tela Portugal","description":"","potentialAction":[{"@type":"SearchAction","target":{"@type":"EntryPoint","urlTemplate":"https:\/\/portaltela.pt\/?s={search_term_string}"},"query-input":{"@type":"PropertyValueSpecification","valueRequired":true,"valueName":"search_term_string"}}],"inLanguage":"pt-PT"},{"@type":"Person","@id":"https:\/\/portaltela.pt\/#\/schema\/person\/c4278d4a6028830caff9ee44b42d32ed","name":"Telinha","image":{"@type":"ImageObject","inLanguage":"pt-PT","@id":"https:\/\/portaltela.pt\/s.01k8rhncp4jt1\/2025\/11\/talking-bot-125x125.png","url":"https:\/\/portaltela.pt\/s.01k8rhncp4jt1\/2025\/11\/talking-bot-125x125.png","contentUrl":"https:\/\/portaltela.pt\/s.01k8rhncp4jt1\/2025\/11\/talking-bot-125x125.png","caption":"Telinha"},"sameAs":["https:\/\/portaltela.pt\/"],"url":"https:\/\/portaltela.pt\/por\/367410592786\/"}]}},"_links":{"self":[{"href":"https:\/\/portaltela.pt\/api\/wp\/v2\/posts\/456138","targetHints":{"allow":["GET"]}}],"collection":[{"href":"https:\/\/portaltela.pt\/api\/wp\/v2\/posts"}],"about":[{"href":"https:\/\/portaltela.pt\/api\/wp\/v2\/types\/post"}],"author":[{"embeddable":true,"href":"https:\/\/portaltela.pt\/api\/wp\/v2\/users\/2"}],"replies":[{"embeddable":true,"href":"https:\/\/portaltela.pt\/api\/wp\/v2\/comments?post=456138"}],"version-history":[{"count":0,"href":"https:\/\/portaltela.pt\/api\/wp\/v2\/posts\/456138\/revisions"}],"wp:featuredmedia":[{"embeddable":true,"href":"https:\/\/portaltela.pt\/api\/wp\/v2\/media\/456142"}],"wp:attachment":[{"href":"https:\/\/portaltela.pt\/api\/wp\/v2\/media?parent=456138"}],"wp:term":[{"taxonomy":"category","embeddable":true,"href":"https:\/\/portaltela.pt\/api\/wp\/v2\/categories?post=456138"},{"taxonomy":"post_tag","embeddable":true,"href":"https:\/\/portaltela.pt\/api\/wp\/v2\/tags?post=456138"}],"curies":[{"name":"wp","href":"https:\/\/api.w.org\/{rel}","templated":true}]}}