{"id":456061,"date":"2026-04-23T10:47:46","date_gmt":"2026-04-23T13:47:46","guid":{"rendered":"https:\/\/portaltela.pt\/noticias\/2026\/04\/23\/vasco-seabra-quer-arouca-em-grande-forma-para-conquistar-tres-pontos\/"},"modified":"2026-04-23T10:47:46","modified_gmt":"2026-04-23T13:47:46","slug":"vasco-seabra-quer-arouca-em-grande-forma-para-conquistar-tres-pontos","status":"publish","type":"post","link":"https:\/\/portaltela.pt\/desporto\/futebol\/2026\/04\/23\/vasco-seabra-quer-arouca-em-grande-forma-para-conquistar-tres-pontos\/","title":{"rendered":"Vasco Seabra quer Arouca em grande forma para conquistar tr\u00eas pontos"},"content":{"rendered":"<p>Vasco Seabra afirmou que quer ver o Arouca atuar num n\u00edvel elevado para conquistar tr\u00eas pontos. O objetivo do treinador \u00e9 fortalecer o desempenho da equipa na pr\u00f3xima jornada.<\/p>\n<p>As declara\u00e7\u00f5es destacam a procura de melhoria coletiva num momento decisivo da competi\u00e7\u00e3o, com o t\u00e9cnico a enfatizar a import\u00e2ncia de um esp\u00edrito competitivo para obter o resultado desejado.<\/p>\n<p>A not\u00edcia n\u00e3o detalha data, local ou advers\u00e1rio espec\u00edficos do pr\u00f3ximo encontro, limitando-se a indicar que as palavras partem da estrutura t\u00e9cnica do Arouca e visam orientar a equipa rumo \u00e0 vit\u00f3ria.<\/p>\n","protected":false},"excerpt":{"rendered":"<ul>\n<li>Vasco Seabra quer que o Arouca jogue em grande forma para conquistar os tr\u00eas pontos.<\/li>\n<li>O objetivo do treinador \u00e9 somar pontos na pr\u00f3xima jornada frente ao Arouca.<\/li>\n<li>O conte\u00fado completo da not\u00edcia est\u00e1 dispon\u00edvel apenas para subscritores.<\/li>\n<li>No trecho dispon\u00edvel n\u00e3o s\u00e3o apresentados detalhes adicionais sobre a partida.<\/li>\n<\/ul>\n","protected":false},"author":2,"featured_media":456065,"comment_status":"closed","ping_status":"closed","sticky":false,"template":"","format":"standard","meta":{"footnotes":""},"categories":[21,24],"tags":[8756,7902,900,32,5524],"class_list":["post-456061","post","type-post","status-publish","format-standard","has-post-thumbnail","hentry","category-desporto","category-futebol","tag-_1-a-liga","tag-_desporto","tag-arouca","tag-futebol","tag-vasco-seabra"],"yoast_head":"<!-- This site is optimized with the Yoast SEO plugin v27.2 - https:\/\/yoast.com\/product\/yoast-seo-wordpress\/ -->\n<title>Vasco Seabra quer Arouca em grande forma para conquistar tr\u00eas pontos - Portal Tela Portugal<\/title>\n<meta name=\"robots\" content=\"index, follow, max-snippet:-1, max-image-preview:large, max-video-preview:-1\" \/>\n<meta property=\"og:locale\" content=\"pt_PT\" \/>\n<meta property=\"og:type\" content=\"article\" \/>\n<meta property=\"og:title\" content=\"Vasco Seabra quer Arouca em grande forma para conquistar tr\u00eas pontos - Portal Tela Portugal\" \/>\n<meta property=\"og:description\" content=\"Vasco Seabra quer que o Arouca jogue em grande forma para conquistar os tr\u00eas pontos. O objetivo do treinador \u00e9 somar pontos na pr\u00f3xima jornada frente ao Arouca. O conte\u00fado completo da not\u00edcia est\u00e1 dispon\u00edvel apenas para subscritores. No trecho dispon\u00edvel n\u00e3o s\u00e3o apresentados detalhes adicionais sobre a partida.\" \/>\n<meta property=\"og:url\" content=\"https:\/\/portaltela.pt\/noticias\/2026\/04\/23\/vasco-seabra-quer-arouca-em-grande-forma-para-conquistar-tres-pontos\/\" \/>\n<meta property=\"og:site_name\" content=\"Portal Tela Portugal\" \/>\n<meta property=\"article:published_time\" content=\"2026-04-23T13:47:46+00:00\" \/>\n<meta name=\"author\" content=\"Telinha\" \/>\n<meta name=\"twitter:card\" content=\"summary_large_image\" \/>\n<meta name=\"twitter:label1\" content=\"Escrito por\" \/>\n\t<meta name=\"twitter:data1\" content=\"Telinha\" \/>\n\t<meta name=\"twitter:label2\" content=\"Tempo estimado de leitura\" \/>\n\t<meta name=\"twitter:data2\" content=\"1 minuto\" \/>\n<script type=\"application\/ld+json\" class=\"yoast-schema-graph\">{\"@context\":\"https:\/\/schema.org\",\"@graph\":[{\"@type\":\"Article\",\"@id\":\"https:\/\/portaltela.pt\/noticias\/2026\/04\/23\/vasco-seabra-quer-arouca-em-grande-forma-para-conquistar-tres-pontos\/#article\",\"isPartOf\":{\"@id\":\"https:\/\/portaltela.pt\/noticias\/2026\/04\/23\/vasco-seabra-quer-arouca-em-grande-forma-para-conquistar-tres-pontos\/\"},\"author\":{\"name\":\"Telinha\",\"@id\":\"https:\/\/portaltela.pt\/#\/schema\/person\/c4278d4a6028830caff9ee44b42d32ed\"},\"headline\":\"Vasco Seabra quer Arouca em grande forma para conquistar tr\u00eas pontos\",\"datePublished\":\"2026-04-23T13:47:46+00:00\",\"mainEntityOfPage\":{\"@id\":\"https:\/\/portaltela.pt\/noticias\/2026\/04\/23\/vasco-seabra-quer-arouca-em-grande-forma-para-conquistar-tres-pontos\/\"},\"wordCount\":115,\"image\":{\"@id\":\"https:\/\/portaltela.pt\/noticias\/2026\/04\/23\/vasco-seabra-quer-arouca-em-grande-forma-para-conquistar-tres-pontos\/#primaryimage\"},\"thumbnailUrl\":\"https:\/\/portaltela.pt\/s.01k8rhncp4jt1\/2026\/04\/CACHE_780X1200_ANALOG_WATERMARKED_46884684_3532269_06042026081433.jpg\",\"keywords\":[\"_1.\u00aa Liga\",\"_desporto\",\"Arouca\",\"futebol\",\"Vasco Seabra\"],\"articleSection\":[\"Desporto\",\"Futebol\"],\"inLanguage\":\"pt-PT\"},{\"@type\":\"WebPage\",\"@id\":\"https:\/\/portaltela.pt\/noticias\/2026\/04\/23\/vasco-seabra-quer-arouca-em-grande-forma-para-conquistar-tres-pontos\/\",\"url\":\"https:\/\/portaltela.pt\/noticias\/2026\/04\/23\/vasco-seabra-quer-arouca-em-grande-forma-para-conquistar-tres-pontos\/\",\"name\":\"Vasco Seabra quer Arouca em grande forma para conquistar tr\u00eas pontos - Portal Tela Portugal\",\"isPartOf\":{\"@id\":\"https:\/\/portaltela.pt\/#website\"},\"primaryImageOfPage\":{\"@id\":\"https:\/\/portaltela.pt\/noticias\/2026\/04\/23\/vasco-seabra-quer-arouca-em-grande-forma-para-conquistar-tres-pontos\/#primaryimage\"},\"image\":{\"@id\":\"https:\/\/portaltela.pt\/noticias\/2026\/04\/23\/vasco-seabra-quer-arouca-em-grande-forma-para-conquistar-tres-pontos\/#primaryimage\"},\"thumbnailUrl\":\"https:\/\/portaltela.pt\/s.01k8rhncp4jt1\/2026\/04\/CACHE_780X1200_ANALOG_WATERMARKED_46884684_3532269_06042026081433.jpg\",\"datePublished\":\"2026-04-23T13:47:46+00:00\",\"author\":{\"@id\":\"https:\/\/portaltela.pt\/#\/schema\/person\/c4278d4a6028830caff9ee44b42d32ed\"},\"breadcrumb\":{\"@id\":\"https:\/\/portaltela.pt\/noticias\/2026\/04\/23\/vasco-seabra-quer-arouca-em-grande-forma-para-conquistar-tres-pontos\/#breadcrumb\"},\"inLanguage\":\"pt-PT\",\"potentialAction\":[{\"@type\":\"ReadAction\",\"target\":[\"https:\/\/portaltela.pt\/noticias\/2026\/04\/23\/vasco-seabra-quer-arouca-em-grande-forma-para-conquistar-tres-pontos\/\"]}]},{\"@type\":\"ImageObject\",\"inLanguage\":\"pt-PT\",\"@id\":\"https:\/\/portaltela.pt\/noticias\/2026\/04\/23\/vasco-seabra-quer-arouca-em-grande-forma-para-conquistar-tres-pontos\/#primaryimage\",\"url\":\"https:\/\/portaltela.pt\/s.01k8rhncp4jt1\/2026\/04\/CACHE_780X1200_ANALOG_WATERMARKED_46884684_3532269_06042026081433.jpg\",\"contentUrl\":\"https:\/\/portaltela.pt\/s.01k8rhncp4jt1\/2026\/04\/CACHE_780X1200_ANALOG_WATERMARKED_46884684_3532269_06042026081433.jpg\",\"width\":796,\"height\":448,\"caption\":\"Vasco Seabra quer Arouca grande para conquistar tr\u00eas pontos\"},{\"@type\":\"BreadcrumbList\",\"@id\":\"https:\/\/portaltela.pt\/noticias\/2026\/04\/23\/vasco-seabra-quer-arouca-em-grande-forma-para-conquistar-tres-pontos\/#breadcrumb\",\"itemListElement\":[{\"@type\":\"ListItem\",\"position\":1,\"name\":\"In\u00edcio\",\"item\":\"https:\/\/portaltela.pt\/\"},{\"@type\":\"ListItem\",\"position\":2,\"name\":\"Vasco Seabra quer Arouca em grande forma para conquistar tr\u00eas pontos\"}]},{\"@type\":\"WebSite\",\"@id\":\"https:\/\/portaltela.pt\/#website\",\"url\":\"https:\/\/portaltela.pt\/\",\"name\":\"Portal Tela Portugal\",\"description\":\"\",\"potentialAction\":[{\"@type\":\"SearchAction\",\"target\":{\"@type\":\"EntryPoint\",\"urlTemplate\":\"https:\/\/portaltela.pt\/?s={search_term_string}\"},\"query-input\":{\"@type\":\"PropertyValueSpecification\",\"valueRequired\":true,\"valueName\":\"search_term_string\"}}],\"inLanguage\":\"pt-PT\"},{\"@type\":\"Person\",\"@id\":\"https:\/\/portaltela.pt\/#\/schema\/person\/c4278d4a6028830caff9ee44b42d32ed\",\"name\":\"Telinha\",\"image\":{\"@type\":\"ImageObject\",\"inLanguage\":\"pt-PT\",\"@id\":\"https:\/\/portaltela.pt\/s.01k8rhncp4jt1\/2025\/11\/talking-bot-125x125.png\",\"url\":\"https:\/\/portaltela.pt\/s.01k8rhncp4jt1\/2025\/11\/talking-bot-125x125.png\",\"contentUrl\":\"https:\/\/portaltela.pt\/s.01k8rhncp4jt1\/2025\/11\/talking-bot-125x125.png\",\"caption\":\"Telinha\"},\"sameAs\":[\"https:\/\/portaltela.pt\/\"],\"url\":\"https:\/\/portaltela.pt\/por\/367410592786\/\"}]}<\/script>\n<!-- \/ Yoast SEO plugin. -->","yoast_head_json":{"title":"Vasco Seabra quer Arouca em grande forma para conquistar tr\u00eas pontos - Portal Tela Portugal","robots":{"index":"index","follow":"follow","max-snippet":"max-snippet:-1","max-image-preview":"max-image-preview:large","max-video-preview":"max-video-preview:-1"},"og_locale":"pt_PT","og_type":"article","og_title":"Vasco Seabra quer Arouca em grande forma para conquistar tr\u00eas pontos - Portal Tela Portugal","og_description":"Vasco Seabra quer que o Arouca jogue em grande forma para conquistar os tr\u00eas pontos. O objetivo do treinador \u00e9 somar pontos na pr\u00f3xima jornada frente ao Arouca. O conte\u00fado completo da not\u00edcia est\u00e1 dispon\u00edvel apenas para subscritores. No trecho dispon\u00edvel n\u00e3o s\u00e3o apresentados detalhes adicionais sobre a partida.","og_url":"https:\/\/portaltela.pt\/noticias\/2026\/04\/23\/vasco-seabra-quer-arouca-em-grande-forma-para-conquistar-tres-pontos\/","og_site_name":"Portal Tela Portugal","article_published_time":"2026-04-23T13:47:46+00:00","author":"Telinha","twitter_card":"summary_large_image","twitter_misc":{"Escrito por":"Telinha","Tempo estimado de leitura":"1 minuto"},"schema":{"@context":"https:\/\/schema.org","@graph":[{"@type":"Article","@id":"https:\/\/portaltela.pt\/noticias\/2026\/04\/23\/vasco-seabra-quer-arouca-em-grande-forma-para-conquistar-tres-pontos\/#article","isPartOf":{"@id":"https:\/\/portaltela.pt\/noticias\/2026\/04\/23\/vasco-seabra-quer-arouca-em-grande-forma-para-conquistar-tres-pontos\/"},"author":{"name":"Telinha","@id":"https:\/\/portaltela.pt\/#\/schema\/person\/c4278d4a6028830caff9ee44b42d32ed"},"headline":"Vasco Seabra quer Arouca em grande forma para conquistar tr\u00eas pontos","datePublished":"2026-04-23T13:47:46+00:00","mainEntityOfPage":{"@id":"https:\/\/portaltela.pt\/noticias\/2026\/04\/23\/vasco-seabra-quer-arouca-em-grande-forma-para-conquistar-tres-pontos\/"},"wordCount":115,"image":{"@id":"https:\/\/portaltela.pt\/noticias\/2026\/04\/23\/vasco-seabra-quer-arouca-em-grande-forma-para-conquistar-tres-pontos\/#primaryimage"},"thumbnailUrl":"https:\/\/portaltela.pt\/s.01k8rhncp4jt1\/2026\/04\/CACHE_780X1200_ANALOG_WATERMARKED_46884684_3532269_06042026081433.jpg","keywords":["_1.\u00aa Liga","_desporto","Arouca","futebol","Vasco Seabra"],"articleSection":["Desporto","Futebol"],"inLanguage":"pt-PT"},{"@type":"WebPage","@id":"https:\/\/portaltela.pt\/noticias\/2026\/04\/23\/vasco-seabra-quer-arouca-em-grande-forma-para-conquistar-tres-pontos\/","url":"https:\/\/portaltela.pt\/noticias\/2026\/04\/23\/vasco-seabra-quer-arouca-em-grande-forma-para-conquistar-tres-pontos\/","name":"Vasco Seabra quer Arouca em grande forma para conquistar tr\u00eas pontos - Portal Tela Portugal","isPartOf":{"@id":"https:\/\/portaltela.pt\/#website"},"primaryImageOfPage":{"@id":"https:\/\/portaltela.pt\/noticias\/2026\/04\/23\/vasco-seabra-quer-arouca-em-grande-forma-para-conquistar-tres-pontos\/#primaryimage"},"image":{"@id":"https:\/\/portaltela.pt\/noticias\/2026\/04\/23\/vasco-seabra-quer-arouca-em-grande-forma-para-conquistar-tres-pontos\/#primaryimage"},"thumbnailUrl":"https:\/\/portaltela.pt\/s.01k8rhncp4jt1\/2026\/04\/CACHE_780X1200_ANALOG_WATERMARKED_46884684_3532269_06042026081433.jpg","datePublished":"2026-04-23T13:47:46+00:00","author":{"@id":"https:\/\/portaltela.pt\/#\/schema\/person\/c4278d4a6028830caff9ee44b42d32ed"},"breadcrumb":{"@id":"https:\/\/portaltela.pt\/noticias\/2026\/04\/23\/vasco-seabra-quer-arouca-em-grande-forma-para-conquistar-tres-pontos\/#breadcrumb"},"inLanguage":"pt-PT","potentialAction":[{"@type":"ReadAction","target":["https:\/\/portaltela.pt\/noticias\/2026\/04\/23\/vasco-seabra-quer-arouca-em-grande-forma-para-conquistar-tres-pontos\/"]}]},{"@type":"ImageObject","inLanguage":"pt-PT","@id":"https:\/\/portaltela.pt\/noticias\/2026\/04\/23\/vasco-seabra-quer-arouca-em-grande-forma-para-conquistar-tres-pontos\/#primaryimage","url":"https:\/\/portaltela.pt\/s.01k8rhncp4jt1\/2026\/04\/CACHE_780X1200_ANALOG_WATERMARKED_46884684_3532269_06042026081433.jpg","contentUrl":"https:\/\/portaltela.pt\/s.01k8rhncp4jt1\/2026\/04\/CACHE_780X1200_ANALOG_WATERMARKED_46884684_3532269_06042026081433.jpg","width":796,"height":448,"caption":"Vasco Seabra quer Arouca grande para conquistar tr\u00eas pontos"},{"@type":"BreadcrumbList","@id":"https:\/\/portaltela.pt\/noticias\/2026\/04\/23\/vasco-seabra-quer-arouca-em-grande-forma-para-conquistar-tres-pontos\/#breadcrumb","itemListElement":[{"@type":"ListItem","position":1,"name":"In\u00edcio","item":"https:\/\/portaltela.pt\/"},{"@type":"ListItem","position":2,"name":"Vasco Seabra quer Arouca em grande forma para conquistar tr\u00eas pontos"}]},{"@type":"WebSite","@id":"https:\/\/portaltela.pt\/#website","url":"https:\/\/portaltela.pt\/","name":"Portal Tela Portugal","description":"","potentialAction":[{"@type":"SearchAction","target":{"@type":"EntryPoint","urlTemplate":"https:\/\/portaltela.pt\/?s={search_term_string}"},"query-input":{"@type":"PropertyValueSpecification","valueRequired":true,"valueName":"search_term_string"}}],"inLanguage":"pt-PT"},{"@type":"Person","@id":"https:\/\/portaltela.pt\/#\/schema\/person\/c4278d4a6028830caff9ee44b42d32ed","name":"Telinha","image":{"@type":"ImageObject","inLanguage":"pt-PT","@id":"https:\/\/portaltela.pt\/s.01k8rhncp4jt1\/2025\/11\/talking-bot-125x125.png","url":"https:\/\/portaltela.pt\/s.01k8rhncp4jt1\/2025\/11\/talking-bot-125x125.png","contentUrl":"https:\/\/portaltela.pt\/s.01k8rhncp4jt1\/2025\/11\/talking-bot-125x125.png","caption":"Telinha"},"sameAs":["https:\/\/portaltela.pt\/"],"url":"https:\/\/portaltela.pt\/por\/367410592786\/"}]}},"_links":{"self":[{"href":"https:\/\/portaltela.pt\/api\/wp\/v2\/posts\/456061","targetHints":{"allow":["GET"]}}],"collection":[{"href":"https:\/\/portaltela.pt\/api\/wp\/v2\/posts"}],"about":[{"href":"https:\/\/portaltela.pt\/api\/wp\/v2\/types\/post"}],"author":[{"embeddable":true,"href":"https:\/\/portaltela.pt\/api\/wp\/v2\/users\/2"}],"replies":[{"embeddable":true,"href":"https:\/\/portaltela.pt\/api\/wp\/v2\/comments?post=456061"}],"version-history":[{"count":0,"href":"https:\/\/portaltela.pt\/api\/wp\/v2\/posts\/456061\/revisions"}],"wp:featuredmedia":[{"embeddable":true,"href":"https:\/\/portaltela.pt\/api\/wp\/v2\/media\/456065"}],"wp:attachment":[{"href":"https:\/\/portaltela.pt\/api\/wp\/v2\/media?parent=456061"}],"wp:term":[{"taxonomy":"category","embeddable":true,"href":"https:\/\/portaltela.pt\/api\/wp\/v2\/categories?post=456061"},{"taxonomy":"post_tag","embeddable":true,"href":"https:\/\/portaltela.pt\/api\/wp\/v2\/tags?post=456061"}],"curies":[{"name":"wp","href":"https:\/\/api.w.org\/{rel}","templated":true}]}}