{"id":456016,"date":"2026-04-23T10:03:22","date_gmt":"2026-04-23T13:03:22","guid":{"rendered":"https:\/\/portaltela.pt\/noticias\/2026\/04\/23\/lamine-yamal-fica-de-fora-da-epoca-pelo-barcelona\/"},"modified":"2026-04-23T10:03:22","modified_gmt":"2026-04-23T13:03:22","slug":"lamine-yamal-fica-de-fora-da-epoca-pelo-barcelona","status":"publish","type":"post","link":"https:\/\/portaltela.pt\/desporto\/futebol\/2026\/04\/23\/lamine-yamal-fica-de-fora-da-epoca-pelo-barcelona\/","title":{"rendered":"Lamine Yamal fica de fora da \u00e9poca pelo Barcelona"},"content":{"rendered":"<p>O Barcelona confirmou que Lamine Yamal n\u00e3o voltar\u00e1 a jogar nesta \u00e9poca. A les\u00e3o muscular na coxa esquerda ocorreu quando o jovem extremo converteu um pen\u00e1lti frente ao Celta de Vigo, na vit\u00f3ria por 1-0, na quarta-feira. O clube opta por tratamento conservador.<\/p>\n<p>A nota oficial aponta que o atleta, com 18 anos, seguir\u00e1 um plano de recupera\u00e7\u00e3o para evitar reca\u00eddas futuras. A evolu\u00e7\u00e3o ser\u00e1 monitorizada pela equipa m\u00e9dica do clube, sem pressa para o regresso aos relvados.<\/p>\n<p>O Bar\u00e7a destaca que o objetivo \u00e9 manter Yamal dispon\u00edvel para o Mundial de 2026, n\u00e3o havendo indica\u00e7\u00e3o de novas metas para o resto da \u00e9poca. A confirma\u00e7\u00e3o chega ap\u00f3s o jogo diante do Celta, que refor\u00e7ou a lideran\u00e7a da La Liga.<\/p>\n<h3>Estado cl\u00ednico e progn\u00f3stico<\/h3>\n<p>O clube descreve a les\u00e3o como muscular na coxa esquerda e sublinha a prioridade de uma recupera\u00e7\u00e3o cuidadosa. O regresso aos treinos ser\u00e1 progressivo e pode depender de evolu\u00e7\u00f5es semanais.<\/p>\n","protected":false},"excerpt":{"rendered":"<ul>\n<li>O Barcelona confirmou que Lamine Yamal n\u00e3o voltar\u00e1 a jogar nesta temporada.<\/li>\n<li>O extremo de 18 anos sofreu les\u00e3o muscular na coxa esquerda ao bater um pen\u00e1lti frente ao Celta de Vigo, na vit\u00f3ria por 1-0.<\/li>\n<li>Vai seguir um plano de tratamento conservador para evitar reca\u00eddas futuras.<\/li>\n<li>A equipa blaugrana explica que Yamal falhar\u00e1 o resto da temporada, mas dever\u00e1 estar dispon\u00edvel para o Mundial de 2026.<\/li>\n<\/ul>\n","protected":false},"author":2,"featured_media":456025,"comment_status":"closed","ping_status":"closed","sticky":false,"template":"","format":"standard","meta":{"footnotes":""},"categories":[21,24],"tags":[9161,90,32,3338,242,2538],"class_list":["post-456016","post","type-post","status-publish","format-standard","has-post-thumbnail","hentry","category-desporto","category-futebol","tag-_la-liga","tag-copa-do-mundo","tag-futebol","tag-futebol-internacional","tag-jogadores","tag-lesoes"],"yoast_head":"<!-- This site is optimized with the Yoast SEO plugin v27.2 - https:\/\/yoast.com\/product\/yoast-seo-wordpress\/ -->\n<title>Lamine Yamal fica de fora da \u00e9poca pelo Barcelona - Portal Tela Portugal<\/title>\n<meta name=\"robots\" content=\"index, follow, max-snippet:-1, max-image-preview:large, max-video-preview:-1\" \/>\n<meta property=\"og:locale\" content=\"pt_PT\" \/>\n<meta property=\"og:type\" content=\"article\" \/>\n<meta property=\"og:title\" content=\"Lamine Yamal fica de fora da \u00e9poca pelo Barcelona - Portal Tela Portugal\" \/>\n<meta property=\"og:description\" content=\"O Barcelona confirmou que Lamine Yamal n\u00e3o voltar\u00e1 a jogar nesta temporada. O extremo de 18 anos sofreu les\u00e3o muscular na coxa esquerda ao bater um pen\u00e1lti frente ao Celta de Vigo, na vit\u00f3ria por 1-0. Vai seguir um plano de tratamento conservador para evitar reca\u00eddas futuras. A equipa blaugrana explica que Yamal falhar\u00e1 o resto da temporada, mas dever\u00e1 estar dispon\u00edvel para o Mundial de 2026.\" \/>\n<meta property=\"og:url\" content=\"https:\/\/portaltela.pt\/noticias\/2026\/04\/23\/lamine-yamal-fica-de-fora-da-epoca-pelo-barcelona\/\" \/>\n<meta property=\"og:site_name\" content=\"Portal Tela Portugal\" \/>\n<meta property=\"article:published_time\" content=\"2026-04-23T13:03:22+00:00\" \/>\n<meta name=\"author\" content=\"Telinha\" \/>\n<meta name=\"twitter:card\" content=\"summary_large_image\" \/>\n<meta name=\"twitter:label1\" content=\"Escrito por\" \/>\n\t<meta name=\"twitter:data1\" content=\"Telinha\" \/>\n\t<meta name=\"twitter:label2\" content=\"Tempo estimado de leitura\" \/>\n\t<meta name=\"twitter:data2\" content=\"1 minuto\" \/>\n<script type=\"application\/ld+json\" class=\"yoast-schema-graph\">{\"@context\":\"https:\/\/schema.org\",\"@graph\":[{\"@type\":\"Article\",\"@id\":\"https:\/\/portaltela.pt\/noticias\/2026\/04\/23\/lamine-yamal-fica-de-fora-da-epoca-pelo-barcelona\/#article\",\"isPartOf\":{\"@id\":\"https:\/\/portaltela.pt\/noticias\/2026\/04\/23\/lamine-yamal-fica-de-fora-da-epoca-pelo-barcelona\/\"},\"author\":{\"name\":\"Telinha\",\"@id\":\"https:\/\/portaltela.pt\/#\/schema\/person\/c4278d4a6028830caff9ee44b42d32ed\"},\"headline\":\"Lamine Yamal fica de fora da \u00e9poca pelo Barcelona\",\"datePublished\":\"2026-04-23T13:03:22+00:00\",\"mainEntityOfPage\":{\"@id\":\"https:\/\/portaltela.pt\/noticias\/2026\/04\/23\/lamine-yamal-fica-de-fora-da-epoca-pelo-barcelona\/\"},\"wordCount\":181,\"image\":{\"@id\":\"https:\/\/portaltela.pt\/noticias\/2026\/04\/23\/lamine-yamal-fica-de-fora-da-epoca-pelo-barcelona\/#primaryimage\"},\"thumbnailUrl\":\"https:\/\/portaltela.pt\/s.01k8rhncp4jt1\/2026\/04\/57bacdd7-9178-40e3-acd0-482321c916fb_1200x675.jpg\",\"keywords\":[\"_La Liga\",\"copa do mundo\",\"futebol\",\"futebol internacional\",\"jogadores\",\"les\u00f5es\"],\"articleSection\":[\"Desporto\",\"Futebol\"],\"inLanguage\":\"pt-PT\"},{\"@type\":\"WebPage\",\"@id\":\"https:\/\/portaltela.pt\/noticias\/2026\/04\/23\/lamine-yamal-fica-de-fora-da-epoca-pelo-barcelona\/\",\"url\":\"https:\/\/portaltela.pt\/noticias\/2026\/04\/23\/lamine-yamal-fica-de-fora-da-epoca-pelo-barcelona\/\",\"name\":\"Lamine Yamal fica de fora da \u00e9poca pelo Barcelona - Portal Tela Portugal\",\"isPartOf\":{\"@id\":\"https:\/\/portaltela.pt\/#website\"},\"primaryImageOfPage\":{\"@id\":\"https:\/\/portaltela.pt\/noticias\/2026\/04\/23\/lamine-yamal-fica-de-fora-da-epoca-pelo-barcelona\/#primaryimage\"},\"image\":{\"@id\":\"https:\/\/portaltela.pt\/noticias\/2026\/04\/23\/lamine-yamal-fica-de-fora-da-epoca-pelo-barcelona\/#primaryimage\"},\"thumbnailUrl\":\"https:\/\/portaltela.pt\/s.01k8rhncp4jt1\/2026\/04\/57bacdd7-9178-40e3-acd0-482321c916fb_1200x675.jpg\",\"datePublished\":\"2026-04-23T13:03:22+00:00\",\"author\":{\"@id\":\"https:\/\/portaltela.pt\/#\/schema\/person\/c4278d4a6028830caff9ee44b42d32ed\"},\"breadcrumb\":{\"@id\":\"https:\/\/portaltela.pt\/noticias\/2026\/04\/23\/lamine-yamal-fica-de-fora-da-epoca-pelo-barcelona\/#breadcrumb\"},\"inLanguage\":\"pt-PT\",\"potentialAction\":[{\"@type\":\"ReadAction\",\"target\":[\"https:\/\/portaltela.pt\/noticias\/2026\/04\/23\/lamine-yamal-fica-de-fora-da-epoca-pelo-barcelona\/\"]}]},{\"@type\":\"ImageObject\",\"inLanguage\":\"pt-PT\",\"@id\":\"https:\/\/portaltela.pt\/noticias\/2026\/04\/23\/lamine-yamal-fica-de-fora-da-epoca-pelo-barcelona\/#primaryimage\",\"url\":\"https:\/\/portaltela.pt\/s.01k8rhncp4jt1\/2026\/04\/57bacdd7-9178-40e3-acd0-482321c916fb_1200x675.jpg\",\"contentUrl\":\"https:\/\/portaltela.pt\/s.01k8rhncp4jt1\/2026\/04\/57bacdd7-9178-40e3-acd0-482321c916fb_1200x675.jpg\",\"width\":796,\"height\":448,\"caption\":\"Yamal pediu substitui\u00e7\u00e3o ap\u00f3s les\u00e3o\"},{\"@type\":\"BreadcrumbList\",\"@id\":\"https:\/\/portaltela.pt\/noticias\/2026\/04\/23\/lamine-yamal-fica-de-fora-da-epoca-pelo-barcelona\/#breadcrumb\",\"itemListElement\":[{\"@type\":\"ListItem\",\"position\":1,\"name\":\"In\u00edcio\",\"item\":\"https:\/\/portaltela.pt\/\"},{\"@type\":\"ListItem\",\"position\":2,\"name\":\"Lamine Yamal fica de fora da \u00e9poca pelo Barcelona\"}]},{\"@type\":\"WebSite\",\"@id\":\"https:\/\/portaltela.pt\/#website\",\"url\":\"https:\/\/portaltela.pt\/\",\"name\":\"Portal Tela Portugal\",\"description\":\"\",\"potentialAction\":[{\"@type\":\"SearchAction\",\"target\":{\"@type\":\"EntryPoint\",\"urlTemplate\":\"https:\/\/portaltela.pt\/?s={search_term_string}\"},\"query-input\":{\"@type\":\"PropertyValueSpecification\",\"valueRequired\":true,\"valueName\":\"search_term_string\"}}],\"inLanguage\":\"pt-PT\"},{\"@type\":\"Person\",\"@id\":\"https:\/\/portaltela.pt\/#\/schema\/person\/c4278d4a6028830caff9ee44b42d32ed\",\"name\":\"Telinha\",\"image\":{\"@type\":\"ImageObject\",\"inLanguage\":\"pt-PT\",\"@id\":\"https:\/\/portaltela.pt\/s.01k8rhncp4jt1\/2025\/11\/talking-bot-125x125.png\",\"url\":\"https:\/\/portaltela.pt\/s.01k8rhncp4jt1\/2025\/11\/talking-bot-125x125.png\",\"contentUrl\":\"https:\/\/portaltela.pt\/s.01k8rhncp4jt1\/2025\/11\/talking-bot-125x125.png\",\"caption\":\"Telinha\"},\"sameAs\":[\"https:\/\/portaltela.pt\/\"],\"url\":\"https:\/\/portaltela.pt\/por\/367410592786\/\"}]}<\/script>\n<!-- \/ Yoast SEO plugin. -->","yoast_head_json":{"title":"Lamine Yamal fica de fora da \u00e9poca pelo Barcelona - Portal Tela Portugal","robots":{"index":"index","follow":"follow","max-snippet":"max-snippet:-1","max-image-preview":"max-image-preview:large","max-video-preview":"max-video-preview:-1"},"og_locale":"pt_PT","og_type":"article","og_title":"Lamine Yamal fica de fora da \u00e9poca pelo Barcelona - Portal Tela Portugal","og_description":"O Barcelona confirmou que Lamine Yamal n\u00e3o voltar\u00e1 a jogar nesta temporada. O extremo de 18 anos sofreu les\u00e3o muscular na coxa esquerda ao bater um pen\u00e1lti frente ao Celta de Vigo, na vit\u00f3ria por 1-0. Vai seguir um plano de tratamento conservador para evitar reca\u00eddas futuras. A equipa blaugrana explica que Yamal falhar\u00e1 o resto da temporada, mas dever\u00e1 estar dispon\u00edvel para o Mundial de 2026.","og_url":"https:\/\/portaltela.pt\/noticias\/2026\/04\/23\/lamine-yamal-fica-de-fora-da-epoca-pelo-barcelona\/","og_site_name":"Portal Tela Portugal","article_published_time":"2026-04-23T13:03:22+00:00","author":"Telinha","twitter_card":"summary_large_image","twitter_misc":{"Escrito por":"Telinha","Tempo estimado de leitura":"1 minuto"},"schema":{"@context":"https:\/\/schema.org","@graph":[{"@type":"Article","@id":"https:\/\/portaltela.pt\/noticias\/2026\/04\/23\/lamine-yamal-fica-de-fora-da-epoca-pelo-barcelona\/#article","isPartOf":{"@id":"https:\/\/portaltela.pt\/noticias\/2026\/04\/23\/lamine-yamal-fica-de-fora-da-epoca-pelo-barcelona\/"},"author":{"name":"Telinha","@id":"https:\/\/portaltela.pt\/#\/schema\/person\/c4278d4a6028830caff9ee44b42d32ed"},"headline":"Lamine Yamal fica de fora da \u00e9poca pelo Barcelona","datePublished":"2026-04-23T13:03:22+00:00","mainEntityOfPage":{"@id":"https:\/\/portaltela.pt\/noticias\/2026\/04\/23\/lamine-yamal-fica-de-fora-da-epoca-pelo-barcelona\/"},"wordCount":181,"image":{"@id":"https:\/\/portaltela.pt\/noticias\/2026\/04\/23\/lamine-yamal-fica-de-fora-da-epoca-pelo-barcelona\/#primaryimage"},"thumbnailUrl":"https:\/\/portaltela.pt\/s.01k8rhncp4jt1\/2026\/04\/57bacdd7-9178-40e3-acd0-482321c916fb_1200x675.jpg","keywords":["_La Liga","copa do mundo","futebol","futebol internacional","jogadores","les\u00f5es"],"articleSection":["Desporto","Futebol"],"inLanguage":"pt-PT"},{"@type":"WebPage","@id":"https:\/\/portaltela.pt\/noticias\/2026\/04\/23\/lamine-yamal-fica-de-fora-da-epoca-pelo-barcelona\/","url":"https:\/\/portaltela.pt\/noticias\/2026\/04\/23\/lamine-yamal-fica-de-fora-da-epoca-pelo-barcelona\/","name":"Lamine Yamal fica de fora da \u00e9poca pelo Barcelona - Portal Tela Portugal","isPartOf":{"@id":"https:\/\/portaltela.pt\/#website"},"primaryImageOfPage":{"@id":"https:\/\/portaltela.pt\/noticias\/2026\/04\/23\/lamine-yamal-fica-de-fora-da-epoca-pelo-barcelona\/#primaryimage"},"image":{"@id":"https:\/\/portaltela.pt\/noticias\/2026\/04\/23\/lamine-yamal-fica-de-fora-da-epoca-pelo-barcelona\/#primaryimage"},"thumbnailUrl":"https:\/\/portaltela.pt\/s.01k8rhncp4jt1\/2026\/04\/57bacdd7-9178-40e3-acd0-482321c916fb_1200x675.jpg","datePublished":"2026-04-23T13:03:22+00:00","author":{"@id":"https:\/\/portaltela.pt\/#\/schema\/person\/c4278d4a6028830caff9ee44b42d32ed"},"breadcrumb":{"@id":"https:\/\/portaltela.pt\/noticias\/2026\/04\/23\/lamine-yamal-fica-de-fora-da-epoca-pelo-barcelona\/#breadcrumb"},"inLanguage":"pt-PT","potentialAction":[{"@type":"ReadAction","target":["https:\/\/portaltela.pt\/noticias\/2026\/04\/23\/lamine-yamal-fica-de-fora-da-epoca-pelo-barcelona\/"]}]},{"@type":"ImageObject","inLanguage":"pt-PT","@id":"https:\/\/portaltela.pt\/noticias\/2026\/04\/23\/lamine-yamal-fica-de-fora-da-epoca-pelo-barcelona\/#primaryimage","url":"https:\/\/portaltela.pt\/s.01k8rhncp4jt1\/2026\/04\/57bacdd7-9178-40e3-acd0-482321c916fb_1200x675.jpg","contentUrl":"https:\/\/portaltela.pt\/s.01k8rhncp4jt1\/2026\/04\/57bacdd7-9178-40e3-acd0-482321c916fb_1200x675.jpg","width":796,"height":448,"caption":"Yamal pediu substitui\u00e7\u00e3o ap\u00f3s les\u00e3o"},{"@type":"BreadcrumbList","@id":"https:\/\/portaltela.pt\/noticias\/2026\/04\/23\/lamine-yamal-fica-de-fora-da-epoca-pelo-barcelona\/#breadcrumb","itemListElement":[{"@type":"ListItem","position":1,"name":"In\u00edcio","item":"https:\/\/portaltela.pt\/"},{"@type":"ListItem","position":2,"name":"Lamine Yamal fica de fora da \u00e9poca pelo Barcelona"}]},{"@type":"WebSite","@id":"https:\/\/portaltela.pt\/#website","url":"https:\/\/portaltela.pt\/","name":"Portal Tela Portugal","description":"","potentialAction":[{"@type":"SearchAction","target":{"@type":"EntryPoint","urlTemplate":"https:\/\/portaltela.pt\/?s={search_term_string}"},"query-input":{"@type":"PropertyValueSpecification","valueRequired":true,"valueName":"search_term_string"}}],"inLanguage":"pt-PT"},{"@type":"Person","@id":"https:\/\/portaltela.pt\/#\/schema\/person\/c4278d4a6028830caff9ee44b42d32ed","name":"Telinha","image":{"@type":"ImageObject","inLanguage":"pt-PT","@id":"https:\/\/portaltela.pt\/s.01k8rhncp4jt1\/2025\/11\/talking-bot-125x125.png","url":"https:\/\/portaltela.pt\/s.01k8rhncp4jt1\/2025\/11\/talking-bot-125x125.png","contentUrl":"https:\/\/portaltela.pt\/s.01k8rhncp4jt1\/2025\/11\/talking-bot-125x125.png","caption":"Telinha"},"sameAs":["https:\/\/portaltela.pt\/"],"url":"https:\/\/portaltela.pt\/por\/367410592786\/"}]}},"_links":{"self":[{"href":"https:\/\/portaltela.pt\/api\/wp\/v2\/posts\/456016","targetHints":{"allow":["GET"]}}],"collection":[{"href":"https:\/\/portaltela.pt\/api\/wp\/v2\/posts"}],"about":[{"href":"https:\/\/portaltela.pt\/api\/wp\/v2\/types\/post"}],"author":[{"embeddable":true,"href":"https:\/\/portaltela.pt\/api\/wp\/v2\/users\/2"}],"replies":[{"embeddable":true,"href":"https:\/\/portaltela.pt\/api\/wp\/v2\/comments?post=456016"}],"version-history":[{"count":0,"href":"https:\/\/portaltela.pt\/api\/wp\/v2\/posts\/456016\/revisions"}],"wp:featuredmedia":[{"embeddable":true,"href":"https:\/\/portaltela.pt\/api\/wp\/v2\/media\/456025"}],"wp:attachment":[{"href":"https:\/\/portaltela.pt\/api\/wp\/v2\/media?parent=456016"}],"wp:term":[{"taxonomy":"category","embeddable":true,"href":"https:\/\/portaltela.pt\/api\/wp\/v2\/categories?post=456016"},{"taxonomy":"post_tag","embeddable":true,"href":"https:\/\/portaltela.pt\/api\/wp\/v2\/tags?post=456016"}],"curies":[{"name":"wp","href":"https:\/\/api.w.org\/{rel}","templated":true}]}}