{"id":455990,"date":"2026-04-23T09:48:20","date_gmt":"2026-04-23T12:48:20","guid":{"rendered":"https:\/\/portaltela.pt\/noticias\/2026\/04\/23\/carlos-viaja-aos-eua-para-reforcar-relacao-com-trump\/"},"modified":"2026-04-23T09:48:20","modified_gmt":"2026-04-23T12:48:20","slug":"carlos-viaja-aos-eua-para-reforcar-relacao-com-trump","status":"publish","type":"post","link":"https:\/\/portaltela.pt\/noticias\/2026\/04\/23\/carlos-viaja-aos-eua-para-reforcar-relacao-com-trump\/","title":{"rendered":"Carlos viaja aos EUA para refor\u00e7ar rela\u00e7\u00e3o com Trump"},"content":{"rendered":"<p>O rei Carlos III parte para os Estados Unidos na pr\u00f3xima semana, numa viagem de quatro dias que marca o 250\u00ba anivers\u00e1rio da independ\u00eancia norte-americana. A visita visa refor\u00e7ar uma rela\u00e7\u00e3o bilateral considerada de longa data e estrat\u00e9gica entre Londres e Washington, num contexto de tens\u00f5es recentes no M\u00e9dio Oriente.<\/p>\n<p>O monarca viaja acompanhado pela esposa, Camilla, e dever\u00e1 iniciar com um ch\u00e1 privado com o presidente Donald Trump, seguir para um discurso no Congresso, participar num jantar de Estado e depois visitar as cidades de Nova Iorque e a Virg\u00ednia. A desloca\u00e7\u00e3o insere-se num momento de fragilidade entre os dois aliados, alimentada por cr\u00edticas de Trump \u00e0 retor\u00e7a brit\u00e2nica sobre o Ir\u00e3o.<\/p>\n<p>Para muitos observadores, a visita n\u00e3o pretende resolver atritos existentes, mas sublinhar as bases hist\u00f3ricas da alian\u00e7a. Analistas recordam que a rela\u00e7\u00e3o tem sido uma pe\u00e7a de soft power, associando seguran\u00e7a, defesa e interesses econ\u00f3micos entre os dois pa\u00edses ao longo de d\u00e9cadas.<\/p>\n<p>O antigo embaixador brit\u00e2nico em Washington comenta que o objetivo \u00e9 de longo prazo, n\u00e3o de resolver disputas imediatas. Al\u00e9m disso, a presid\u00eancia brit\u00e2nica do momento evita comprometer-se com encontros de natureza controversa envolvendo figuras ligadas a casos de viola\u00e7\u00e3o de direitos.<\/p>\n<p>Um ponto que ganha relevo na agenda \u00e9 a neutralidade hist\u00f3rica da monarquia, mesmo quando Trump j\u00e1 elogiou o papel da Coroa brit\u00e2nica. An\u00e1lises apontam que a visita pode servir para manter canais abertos e facilitar agendas futuras de coopera\u00e7\u00e3o.<\/p>\n<p>No Reino Unido, h\u00e1 controv\u00e9rsia sobre a oportunidade da viagem, face a declara\u00e7\u00f5es recentes do presidente norte-americano. Ainda assim, as autoridades ressaltam a import\u00e2ncia de manter rela\u00e7\u00f5es institucionais est\u00e1veis entre pa\u00edses com interesses globais comuns.<\/p>\n<p>O Pal\u00e1cio de Buckingham confirmou que n\u00e3o haver\u00e1 encontro com sobreviventes de abusos associados a figuras ligadas ao caso Epstein, mantendo o foco institucional da visita. A imprensa real acompanha o desenrolar da agenda prevista para a desloca\u00e7\u00e3o.<\/p>\n","protected":false},"excerpt":{"rendered":"<ul>\n<li>O rei Carlos III viaja aos EUA na pr\u00f3xima semana para uma visita de Estado de quatro dias, com o objetivo de refor\u00e7ar a rela\u00e7\u00e3o especial entre os dois pa\u00edses, num contexto de tens\u00e3o gerada pelo conflito no M\u00e9dio Oriente.<\/li>\n<li>A viagem coincide com o 250.\u00ba anivers\u00e1rio da declara\u00e7\u00e3o de independ\u00eancia dos Estados Unidos, anos ap\u00f3s as col\u00f3nias se terem separado do dom\u00ednio brit\u00e2nico.<\/li>\n<li>O programa inclui um ch\u00e1 privado com o presidente Donald Trump, discurso no Congresso, um jantar de Estado e visitas a Nova Iorque e \u00e0 Virg\u00ednia.<\/li>\n<li>O Pal\u00e1cio de Buckingham informou que o rei n\u00e3o se encontrar\u00e1 com sobreviventes dos abusos de Jeffrey Epstein; o irm\u00e3o de Carlos, Andrew Mountbatten-Windsor, enfrenta acusa\u00e7\u00f5es separadas de divulgar documentos de Estado.<\/li>\n<li>Em Inglaterra h\u00e1 quem pe\u00e7a a suspens\u00e3o da viagem devido a declara\u00e7\u00f5es de Trump; analistas destacam, por\u00e9m, que o encontro pode focar-se no longo prazo e no poder suave da monarquia, sem inten\u00e7\u00f5es de confrontos.<\/li>\n<\/ul>\n","protected":false},"author":2,"featured_media":455996,"comment_status":"closed","ping_status":"closed","sticky":false,"template":"","format":"standard","meta":{"footnotes":""},"categories":[6814,1],"tags":[256,4953,1600,7439,2111,27],"class_list":["post-455990","post","type-post","status-publish","format-standard","has-post-thumbnail","hentry","category-geopolitica","category-noticias","tag-cooperacao-internacional","tag-donald-trump","tag-estados-unidos","tag-politica-externa","tag-reino-unido","tag-relacoes-internacionais"],"yoast_head":"<!-- This site is optimized with the Yoast SEO plugin v27.2 - https:\/\/yoast.com\/product\/yoast-seo-wordpress\/ -->\n<title>Carlos viaja aos EUA para refor\u00e7ar rela\u00e7\u00e3o com Trump - Portal Tela Portugal<\/title>\n<meta name=\"robots\" content=\"index, follow, max-snippet:-1, max-image-preview:large, max-video-preview:-1\" \/>\n<meta property=\"og:locale\" content=\"pt_PT\" \/>\n<meta property=\"og:type\" content=\"article\" \/>\n<meta property=\"og:title\" content=\"Carlos viaja aos EUA para refor\u00e7ar rela\u00e7\u00e3o com Trump - Portal Tela Portugal\" \/>\n<meta property=\"og:description\" content=\"O rei Carlos III viaja aos EUA na pr\u00f3xima semana para uma visita de Estado de quatro dias, com o objetivo de refor\u00e7ar a rela\u00e7\u00e3o especial entre os dois pa\u00edses, num contexto de tens\u00e3o gerada pelo conflito no M\u00e9dio Oriente. A viagem coincide com o 250.\u00ba anivers\u00e1rio da declara\u00e7\u00e3o de independ\u00eancia dos Estados Unidos, anos ap\u00f3s as col\u00f3nias se terem separado do dom\u00ednio brit\u00e2nico. O programa inclui um ch\u00e1 privado com o presidente Donald Trump, discurso no Congresso, um jantar de Estado e visitas a Nova Iorque e \u00e0 Virg\u00ednia. O Pal\u00e1cio de Buckingham informou que o rei n\u00e3o se encontrar\u00e1 com sobreviventes dos abusos de Jeffrey Epstein; o irm\u00e3o de Carlos, Andrew Mountbatten-Windsor, enfrenta acusa\u00e7\u00f5es separadas de divulgar documentos de Estado. Em Inglaterra h\u00e1 quem pe\u00e7a a suspens\u00e3o da viagem devido a declara\u00e7\u00f5es de Trump; analistas destacam, por\u00e9m, que o encontro pode focar-se no longo prazo e no poder suave da monarquia, sem inten\u00e7\u00f5es de confrontos.\" \/>\n<meta property=\"og:url\" content=\"https:\/\/portaltela.pt\/noticias\/2026\/04\/23\/carlos-viaja-aos-eua-para-reforcar-relacao-com-trump\/\" \/>\n<meta property=\"og:site_name\" content=\"Portal Tela Portugal\" \/>\n<meta property=\"article:published_time\" content=\"2026-04-23T12:48:20+00:00\" \/>\n<meta name=\"author\" content=\"Telinha\" \/>\n<meta name=\"twitter:card\" content=\"summary_large_image\" \/>\n<meta name=\"twitter:label1\" content=\"Escrito por\" \/>\n\t<meta name=\"twitter:data1\" content=\"Telinha\" \/>\n\t<meta name=\"twitter:label2\" content=\"Tempo estimado de leitura\" \/>\n\t<meta name=\"twitter:data2\" content=\"2 minutos\" \/>\n<script type=\"application\/ld+json\" class=\"yoast-schema-graph\">{\"@context\":\"https:\/\/schema.org\",\"@graph\":[{\"@type\":\"Article\",\"@id\":\"https:\/\/portaltela.pt\/noticias\/2026\/04\/23\/carlos-viaja-aos-eua-para-reforcar-relacao-com-trump\/#article\",\"isPartOf\":{\"@id\":\"https:\/\/portaltela.pt\/noticias\/2026\/04\/23\/carlos-viaja-aos-eua-para-reforcar-relacao-com-trump\/\"},\"author\":{\"name\":\"Telinha\",\"@id\":\"https:\/\/portaltela.pt\/#\/schema\/person\/c4278d4a6028830caff9ee44b42d32ed\"},\"headline\":\"Carlos viaja aos EUA para refor\u00e7ar rela\u00e7\u00e3o com Trump\",\"datePublished\":\"2026-04-23T12:48:20+00:00\",\"mainEntityOfPage\":{\"@id\":\"https:\/\/portaltela.pt\/noticias\/2026\/04\/23\/carlos-viaja-aos-eua-para-reforcar-relacao-com-trump\/\"},\"wordCount\":360,\"image\":{\"@id\":\"https:\/\/portaltela.pt\/noticias\/2026\/04\/23\/carlos-viaja-aos-eua-para-reforcar-relacao-com-trump\/#primaryimage\"},\"thumbnailUrl\":\"https:\/\/portaltela.pt\/s.01k8rhncp4jt1\/2026\/04\/2083467.jpg\",\"keywords\":[\"coopera\u00e7\u00e3o internacional\",\"Donald Trump\",\"Estados Unidos\",\"pol\u00edtica externa\",\"Reino Unido\",\"rela\u00e7\u00f5es internacionais\"],\"articleSection\":[\"Geopol\u00edtica\",\"Not\u00edcias\"],\"inLanguage\":\"pt-PT\"},{\"@type\":\"WebPage\",\"@id\":\"https:\/\/portaltela.pt\/noticias\/2026\/04\/23\/carlos-viaja-aos-eua-para-reforcar-relacao-com-trump\/\",\"url\":\"https:\/\/portaltela.pt\/noticias\/2026\/04\/23\/carlos-viaja-aos-eua-para-reforcar-relacao-com-trump\/\",\"name\":\"Carlos viaja aos EUA para refor\u00e7ar rela\u00e7\u00e3o com Trump - Portal Tela Portugal\",\"isPartOf\":{\"@id\":\"https:\/\/portaltela.pt\/#website\"},\"primaryImageOfPage\":{\"@id\":\"https:\/\/portaltela.pt\/noticias\/2026\/04\/23\/carlos-viaja-aos-eua-para-reforcar-relacao-com-trump\/#primaryimage\"},\"image\":{\"@id\":\"https:\/\/portaltela.pt\/noticias\/2026\/04\/23\/carlos-viaja-aos-eua-para-reforcar-relacao-com-trump\/#primaryimage\"},\"thumbnailUrl\":\"https:\/\/portaltela.pt\/s.01k8rhncp4jt1\/2026\/04\/2083467.jpg\",\"datePublished\":\"2026-04-23T12:48:20+00:00\",\"author\":{\"@id\":\"https:\/\/portaltela.pt\/#\/schema\/person\/c4278d4a6028830caff9ee44b42d32ed\"},\"breadcrumb\":{\"@id\":\"https:\/\/portaltela.pt\/noticias\/2026\/04\/23\/carlos-viaja-aos-eua-para-reforcar-relacao-com-trump\/#breadcrumb\"},\"inLanguage\":\"pt-PT\",\"potentialAction\":[{\"@type\":\"ReadAction\",\"target\":[\"https:\/\/portaltela.pt\/noticias\/2026\/04\/23\/carlos-viaja-aos-eua-para-reforcar-relacao-com-trump\/\"]}]},{\"@type\":\"ImageObject\",\"inLanguage\":\"pt-PT\",\"@id\":\"https:\/\/portaltela.pt\/noticias\/2026\/04\/23\/carlos-viaja-aos-eua-para-reforcar-relacao-com-trump\/#primaryimage\",\"url\":\"https:\/\/portaltela.pt\/s.01k8rhncp4jt1\/2026\/04\/2083467.jpg\",\"contentUrl\":\"https:\/\/portaltela.pt\/s.01k8rhncp4jt1\/2026\/04\/2083467.jpg\",\"width\":796,\"height\":448,\"caption\":\"Carlos III recebeu o Presidente Donald Trump no Castelo de Windsor em Setembro do ano passado\"},{\"@type\":\"BreadcrumbList\",\"@id\":\"https:\/\/portaltela.pt\/noticias\/2026\/04\/23\/carlos-viaja-aos-eua-para-reforcar-relacao-com-trump\/#breadcrumb\",\"itemListElement\":[{\"@type\":\"ListItem\",\"position\":1,\"name\":\"In\u00edcio\",\"item\":\"https:\/\/portaltela.pt\/\"},{\"@type\":\"ListItem\",\"position\":2,\"name\":\"Carlos viaja aos EUA para refor\u00e7ar rela\u00e7\u00e3o com Trump\"}]},{\"@type\":\"WebSite\",\"@id\":\"https:\/\/portaltela.pt\/#website\",\"url\":\"https:\/\/portaltela.pt\/\",\"name\":\"Portal Tela Portugal\",\"description\":\"\",\"potentialAction\":[{\"@type\":\"SearchAction\",\"target\":{\"@type\":\"EntryPoint\",\"urlTemplate\":\"https:\/\/portaltela.pt\/?s={search_term_string}\"},\"query-input\":{\"@type\":\"PropertyValueSpecification\",\"valueRequired\":true,\"valueName\":\"search_term_string\"}}],\"inLanguage\":\"pt-PT\"},{\"@type\":\"Person\",\"@id\":\"https:\/\/portaltela.pt\/#\/schema\/person\/c4278d4a6028830caff9ee44b42d32ed\",\"name\":\"Telinha\",\"image\":{\"@type\":\"ImageObject\",\"inLanguage\":\"pt-PT\",\"@id\":\"https:\/\/portaltela.pt\/s.01k8rhncp4jt1\/2025\/11\/talking-bot-125x125.png\",\"url\":\"https:\/\/portaltela.pt\/s.01k8rhncp4jt1\/2025\/11\/talking-bot-125x125.png\",\"contentUrl\":\"https:\/\/portaltela.pt\/s.01k8rhncp4jt1\/2025\/11\/talking-bot-125x125.png\",\"caption\":\"Telinha\"},\"sameAs\":[\"https:\/\/portaltela.pt\/\"],\"url\":\"https:\/\/portaltela.pt\/por\/367410592786\/\"}]}<\/script>\n<!-- \/ Yoast SEO plugin. -->","yoast_head_json":{"title":"Carlos viaja aos EUA para refor\u00e7ar rela\u00e7\u00e3o com Trump - Portal Tela Portugal","robots":{"index":"index","follow":"follow","max-snippet":"max-snippet:-1","max-image-preview":"max-image-preview:large","max-video-preview":"max-video-preview:-1"},"og_locale":"pt_PT","og_type":"article","og_title":"Carlos viaja aos EUA para refor\u00e7ar rela\u00e7\u00e3o com Trump - Portal Tela Portugal","og_description":"O rei Carlos III viaja aos EUA na pr\u00f3xima semana para uma visita de Estado de quatro dias, com o objetivo de refor\u00e7ar a rela\u00e7\u00e3o especial entre os dois pa\u00edses, num contexto de tens\u00e3o gerada pelo conflito no M\u00e9dio Oriente. A viagem coincide com o 250.\u00ba anivers\u00e1rio da declara\u00e7\u00e3o de independ\u00eancia dos Estados Unidos, anos ap\u00f3s as col\u00f3nias se terem separado do dom\u00ednio brit\u00e2nico. O programa inclui um ch\u00e1 privado com o presidente Donald Trump, discurso no Congresso, um jantar de Estado e visitas a Nova Iorque e \u00e0 Virg\u00ednia. O Pal\u00e1cio de Buckingham informou que o rei n\u00e3o se encontrar\u00e1 com sobreviventes dos abusos de Jeffrey Epstein; o irm\u00e3o de Carlos, Andrew Mountbatten-Windsor, enfrenta acusa\u00e7\u00f5es separadas de divulgar documentos de Estado. Em Inglaterra h\u00e1 quem pe\u00e7a a suspens\u00e3o da viagem devido a declara\u00e7\u00f5es de Trump; analistas destacam, por\u00e9m, que o encontro pode focar-se no longo prazo e no poder suave da monarquia, sem inten\u00e7\u00f5es de confrontos.","og_url":"https:\/\/portaltela.pt\/noticias\/2026\/04\/23\/carlos-viaja-aos-eua-para-reforcar-relacao-com-trump\/","og_site_name":"Portal Tela Portugal","article_published_time":"2026-04-23T12:48:20+00:00","author":"Telinha","twitter_card":"summary_large_image","twitter_misc":{"Escrito por":"Telinha","Tempo estimado de leitura":"2 minutos"},"schema":{"@context":"https:\/\/schema.org","@graph":[{"@type":"Article","@id":"https:\/\/portaltela.pt\/noticias\/2026\/04\/23\/carlos-viaja-aos-eua-para-reforcar-relacao-com-trump\/#article","isPartOf":{"@id":"https:\/\/portaltela.pt\/noticias\/2026\/04\/23\/carlos-viaja-aos-eua-para-reforcar-relacao-com-trump\/"},"author":{"name":"Telinha","@id":"https:\/\/portaltela.pt\/#\/schema\/person\/c4278d4a6028830caff9ee44b42d32ed"},"headline":"Carlos viaja aos EUA para refor\u00e7ar rela\u00e7\u00e3o com Trump","datePublished":"2026-04-23T12:48:20+00:00","mainEntityOfPage":{"@id":"https:\/\/portaltela.pt\/noticias\/2026\/04\/23\/carlos-viaja-aos-eua-para-reforcar-relacao-com-trump\/"},"wordCount":360,"image":{"@id":"https:\/\/portaltela.pt\/noticias\/2026\/04\/23\/carlos-viaja-aos-eua-para-reforcar-relacao-com-trump\/#primaryimage"},"thumbnailUrl":"https:\/\/portaltela.pt\/s.01k8rhncp4jt1\/2026\/04\/2083467.jpg","keywords":["coopera\u00e7\u00e3o internacional","Donald Trump","Estados Unidos","pol\u00edtica externa","Reino Unido","rela\u00e7\u00f5es internacionais"],"articleSection":["Geopol\u00edtica","Not\u00edcias"],"inLanguage":"pt-PT"},{"@type":"WebPage","@id":"https:\/\/portaltela.pt\/noticias\/2026\/04\/23\/carlos-viaja-aos-eua-para-reforcar-relacao-com-trump\/","url":"https:\/\/portaltela.pt\/noticias\/2026\/04\/23\/carlos-viaja-aos-eua-para-reforcar-relacao-com-trump\/","name":"Carlos viaja aos EUA para refor\u00e7ar rela\u00e7\u00e3o com Trump - Portal Tela Portugal","isPartOf":{"@id":"https:\/\/portaltela.pt\/#website"},"primaryImageOfPage":{"@id":"https:\/\/portaltela.pt\/noticias\/2026\/04\/23\/carlos-viaja-aos-eua-para-reforcar-relacao-com-trump\/#primaryimage"},"image":{"@id":"https:\/\/portaltela.pt\/noticias\/2026\/04\/23\/carlos-viaja-aos-eua-para-reforcar-relacao-com-trump\/#primaryimage"},"thumbnailUrl":"https:\/\/portaltela.pt\/s.01k8rhncp4jt1\/2026\/04\/2083467.jpg","datePublished":"2026-04-23T12:48:20+00:00","author":{"@id":"https:\/\/portaltela.pt\/#\/schema\/person\/c4278d4a6028830caff9ee44b42d32ed"},"breadcrumb":{"@id":"https:\/\/portaltela.pt\/noticias\/2026\/04\/23\/carlos-viaja-aos-eua-para-reforcar-relacao-com-trump\/#breadcrumb"},"inLanguage":"pt-PT","potentialAction":[{"@type":"ReadAction","target":["https:\/\/portaltela.pt\/noticias\/2026\/04\/23\/carlos-viaja-aos-eua-para-reforcar-relacao-com-trump\/"]}]},{"@type":"ImageObject","inLanguage":"pt-PT","@id":"https:\/\/portaltela.pt\/noticias\/2026\/04\/23\/carlos-viaja-aos-eua-para-reforcar-relacao-com-trump\/#primaryimage","url":"https:\/\/portaltela.pt\/s.01k8rhncp4jt1\/2026\/04\/2083467.jpg","contentUrl":"https:\/\/portaltela.pt\/s.01k8rhncp4jt1\/2026\/04\/2083467.jpg","width":796,"height":448,"caption":"Carlos III recebeu o Presidente Donald Trump no Castelo de Windsor em Setembro do ano passado"},{"@type":"BreadcrumbList","@id":"https:\/\/portaltela.pt\/noticias\/2026\/04\/23\/carlos-viaja-aos-eua-para-reforcar-relacao-com-trump\/#breadcrumb","itemListElement":[{"@type":"ListItem","position":1,"name":"In\u00edcio","item":"https:\/\/portaltela.pt\/"},{"@type":"ListItem","position":2,"name":"Carlos viaja aos EUA para refor\u00e7ar rela\u00e7\u00e3o com Trump"}]},{"@type":"WebSite","@id":"https:\/\/portaltela.pt\/#website","url":"https:\/\/portaltela.pt\/","name":"Portal Tela Portugal","description":"","potentialAction":[{"@type":"SearchAction","target":{"@type":"EntryPoint","urlTemplate":"https:\/\/portaltela.pt\/?s={search_term_string}"},"query-input":{"@type":"PropertyValueSpecification","valueRequired":true,"valueName":"search_term_string"}}],"inLanguage":"pt-PT"},{"@type":"Person","@id":"https:\/\/portaltela.pt\/#\/schema\/person\/c4278d4a6028830caff9ee44b42d32ed","name":"Telinha","image":{"@type":"ImageObject","inLanguage":"pt-PT","@id":"https:\/\/portaltela.pt\/s.01k8rhncp4jt1\/2025\/11\/talking-bot-125x125.png","url":"https:\/\/portaltela.pt\/s.01k8rhncp4jt1\/2025\/11\/talking-bot-125x125.png","contentUrl":"https:\/\/portaltela.pt\/s.01k8rhncp4jt1\/2025\/11\/talking-bot-125x125.png","caption":"Telinha"},"sameAs":["https:\/\/portaltela.pt\/"],"url":"https:\/\/portaltela.pt\/por\/367410592786\/"}]}},"_links":{"self":[{"href":"https:\/\/portaltela.pt\/api\/wp\/v2\/posts\/455990","targetHints":{"allow":["GET"]}}],"collection":[{"href":"https:\/\/portaltela.pt\/api\/wp\/v2\/posts"}],"about":[{"href":"https:\/\/portaltela.pt\/api\/wp\/v2\/types\/post"}],"author":[{"embeddable":true,"href":"https:\/\/portaltela.pt\/api\/wp\/v2\/users\/2"}],"replies":[{"embeddable":true,"href":"https:\/\/portaltela.pt\/api\/wp\/v2\/comments?post=455990"}],"version-history":[{"count":0,"href":"https:\/\/portaltela.pt\/api\/wp\/v2\/posts\/455990\/revisions"}],"wp:featuredmedia":[{"embeddable":true,"href":"https:\/\/portaltela.pt\/api\/wp\/v2\/media\/455996"}],"wp:attachment":[{"href":"https:\/\/portaltela.pt\/api\/wp\/v2\/media?parent=455990"}],"wp:term":[{"taxonomy":"category","embeddable":true,"href":"https:\/\/portaltela.pt\/api\/wp\/v2\/categories?post=455990"},{"taxonomy":"post_tag","embeddable":true,"href":"https:\/\/portaltela.pt\/api\/wp\/v2\/tags?post=455990"}],"curies":[{"name":"wp","href":"https:\/\/api.w.org\/{rel}","templated":true}]}}