{"id":455937,"date":"2026-04-23T09:18:16","date_gmt":"2026-04-23T12:18:16","guid":{"rendered":"https:\/\/portaltela.pt\/noticias\/2026\/04\/23\/junior-do-avs-sad-quase-desiste-por-visto-mira-atingir-nivel-alto\/"},"modified":"2026-04-23T09:18:16","modified_gmt":"2026-04-23T12:18:16","slug":"junior-do-avs-sad-quase-desiste-por-visto-mira-atingir-nivel-alto","status":"publish","type":"post","link":"https:\/\/portaltela.pt\/desporto\/futebol\/2026\/04\/23\/junior-do-avs-sad-quase-desiste-por-visto-mira-atingir-nivel-alto\/","title":{"rendered":"J\u00fanior do AVS SAD quase desiste por visto, mira atingir n\u00edvel alto"},"content":{"rendered":"<p>Christian Otenigbagbe, extremo da equipa sub-19 do AVS SAD, viu-se perto de desistir devido a quest\u00f5es de visto. Hoje mostra confian\u00e7a e ambi\u00e7\u00e3o, a olhar para objetivos de maior envergadura.<\/p>\n<p>Desde fevereiro, o ingl\u00eas naturalizado nigeriano soma 5 golos em 6 jogos pela forma\u00e7\u00e3o de jovens do AVS SAD, revelando um rendimento destacado que j\u00e1 chamou a aten\u00e7\u00e3o de v\u00e1rios emblemas.<\/p>\n<h3>Interesse de clubes<\/h3>\n<p>V\u00e1rios clubes t\u00eam acompanhado o desempenho do atleta, com observa\u00e7\u00f5es j\u00e1 em est\u00e1gio de avalia\u00e7\u00e3o. Otenigbagbe continua a treinar com a equipa principal, ampliando o leque de possibilidades para o seu futuro.<\/p>\n<p>O percurso de recupera\u00e7\u00e3o vem acompanhado de planos para evoluir a este n\u00edvel. A administra\u00e7\u00e3o do AVS SAD n\u00e3o detalha prazos, mantendo o foco no desenvolvimento do jogador.<\/p>\n","protected":false},"excerpt":{"rendered":"<ul>\n<li>Christian Otenigbagbe, extremo da equipa sub-19 do AVS SAD, esteve perto de desistir devido a quest\u00f5es de visto.<\/li>\n<li>Desde fevereiro, soma cinco golos em seis jogos.<\/li>\n<li>\u00c9 ingl\u00eas naturalizado nigeriano.<\/li>\n<li>Tem sido observado por v\u00e1rios emblemas.<\/li>\n<li>Treina com a equipa principal do AVS SAD e mira voos maiores.<\/li>\n<\/ul>\n","protected":false},"author":2,"featured_media":455947,"comment_status":"closed","ping_status":"closed","sticky":false,"template":"","format":"standard","meta":{"footnotes":""},"categories":[21,24],"tags":[1984,1367,7666,32,2844,5259],"class_list":["post-455937","post","type-post","status-publish","format-standard","has-post-thumbnail","hentry","category-desporto","category-futebol","tag-avs-sad","tag-clubes","tag-desenvolvimento-desportivo","tag-futebol","tag-jovens","tag-observadores-internacionais"],"yoast_head":"<!-- This site is optimized with the Yoast SEO plugin v27.2 - https:\/\/yoast.com\/product\/yoast-seo-wordpress\/ -->\n<title>J\u00fanior do AVS SAD quase desiste por visto, mira atingir n\u00edvel alto - Portal Tela Portugal<\/title>\n<meta name=\"robots\" content=\"index, follow, max-snippet:-1, max-image-preview:large, max-video-preview:-1\" \/>\n<meta property=\"og:locale\" content=\"pt_PT\" \/>\n<meta property=\"og:type\" content=\"article\" \/>\n<meta property=\"og:title\" content=\"J\u00fanior do AVS SAD quase desiste por visto, mira atingir n\u00edvel alto - Portal Tela Portugal\" \/>\n<meta property=\"og:description\" content=\"Christian Otenigbagbe, extremo da equipa sub-19 do AVS SAD, esteve perto de desistir devido a quest\u00f5es de visto. Desde fevereiro, soma cinco golos em seis jogos. \u00c9 ingl\u00eas naturalizado nigeriano. Tem sido observado por v\u00e1rios emblemas. Treina com a equipa principal do AVS SAD e mira voos maiores.\" \/>\n<meta property=\"og:url\" content=\"https:\/\/portaltela.pt\/noticias\/2026\/04\/23\/junior-do-avs-sad-quase-desiste-por-visto-mira-atingir-nivel-alto\/\" \/>\n<meta property=\"og:site_name\" content=\"Portal Tela Portugal\" \/>\n<meta property=\"article:published_time\" content=\"2026-04-23T12:18:16+00:00\" \/>\n<meta name=\"author\" content=\"Telinha\" \/>\n<meta name=\"twitter:card\" content=\"summary_large_image\" \/>\n<meta name=\"twitter:label1\" content=\"Escrito por\" \/>\n\t<meta name=\"twitter:data1\" content=\"Telinha\" \/>\n\t<meta name=\"twitter:label2\" content=\"Tempo estimado de leitura\" \/>\n\t<meta name=\"twitter:data2\" content=\"1 minuto\" \/>\n<script type=\"application\/ld+json\" class=\"yoast-schema-graph\">{\"@context\":\"https:\/\/schema.org\",\"@graph\":[{\"@type\":\"Article\",\"@id\":\"https:\/\/portaltela.pt\/noticias\/2026\/04\/23\/junior-do-avs-sad-quase-desiste-por-visto-mira-atingir-nivel-alto\/#article\",\"isPartOf\":{\"@id\":\"https:\/\/portaltela.pt\/noticias\/2026\/04\/23\/junior-do-avs-sad-quase-desiste-por-visto-mira-atingir-nivel-alto\/\"},\"author\":{\"name\":\"Telinha\",\"@id\":\"https:\/\/portaltela.pt\/#\/schema\/person\/c4278d4a6028830caff9ee44b42d32ed\"},\"headline\":\"J\u00fanior do AVS SAD quase desiste por visto, mira atingir n\u00edvel alto\",\"datePublished\":\"2026-04-23T12:18:16+00:00\",\"mainEntityOfPage\":{\"@id\":\"https:\/\/portaltela.pt\/noticias\/2026\/04\/23\/junior-do-avs-sad-quase-desiste-por-visto-mira-atingir-nivel-alto\/\"},\"wordCount\":152,\"image\":{\"@id\":\"https:\/\/portaltela.pt\/noticias\/2026\/04\/23\/junior-do-avs-sad-quase-desiste-por-visto-mira-atingir-nivel-alto\/#primaryimage\"},\"thumbnailUrl\":\"https:\/\/portaltela.pt\/s.01k8rhncp4jt1\/2026\/04\/img_920x518uu2026-04-23-13-11-53-2434853.jpg\",\"keywords\":[\"AVS SAD\",\"clubes\",\"desenvolvimento desportivo\",\"futebol\",\"jovens\",\"observadores internacionais\"],\"articleSection\":[\"Desporto\",\"Futebol\"],\"inLanguage\":\"pt-PT\"},{\"@type\":\"WebPage\",\"@id\":\"https:\/\/portaltela.pt\/noticias\/2026\/04\/23\/junior-do-avs-sad-quase-desiste-por-visto-mira-atingir-nivel-alto\/\",\"url\":\"https:\/\/portaltela.pt\/noticias\/2026\/04\/23\/junior-do-avs-sad-quase-desiste-por-visto-mira-atingir-nivel-alto\/\",\"name\":\"J\u00fanior do AVS SAD quase desiste por visto, mira atingir n\u00edvel alto - Portal Tela Portugal\",\"isPartOf\":{\"@id\":\"https:\/\/portaltela.pt\/#website\"},\"primaryImageOfPage\":{\"@id\":\"https:\/\/portaltela.pt\/noticias\/2026\/04\/23\/junior-do-avs-sad-quase-desiste-por-visto-mira-atingir-nivel-alto\/#primaryimage\"},\"image\":{\"@id\":\"https:\/\/portaltela.pt\/noticias\/2026\/04\/23\/junior-do-avs-sad-quase-desiste-por-visto-mira-atingir-nivel-alto\/#primaryimage\"},\"thumbnailUrl\":\"https:\/\/portaltela.pt\/s.01k8rhncp4jt1\/2026\/04\/img_920x518uu2026-04-23-13-11-53-2434853.jpg\",\"datePublished\":\"2026-04-23T12:18:16+00:00\",\"author\":{\"@id\":\"https:\/\/portaltela.pt\/#\/schema\/person\/c4278d4a6028830caff9ee44b42d32ed\"},\"breadcrumb\":{\"@id\":\"https:\/\/portaltela.pt\/noticias\/2026\/04\/23\/junior-do-avs-sad-quase-desiste-por-visto-mira-atingir-nivel-alto\/#breadcrumb\"},\"inLanguage\":\"pt-PT\",\"potentialAction\":[{\"@type\":\"ReadAction\",\"target\":[\"https:\/\/portaltela.pt\/noticias\/2026\/04\/23\/junior-do-avs-sad-quase-desiste-por-visto-mira-atingir-nivel-alto\/\"]}]},{\"@type\":\"ImageObject\",\"inLanguage\":\"pt-PT\",\"@id\":\"https:\/\/portaltela.pt\/noticias\/2026\/04\/23\/junior-do-avs-sad-quase-desiste-por-visto-mira-atingir-nivel-alto\/#primaryimage\",\"url\":\"https:\/\/portaltela.pt\/s.01k8rhncp4jt1\/2026\/04\/img_920x518uu2026-04-23-13-11-53-2434853.jpg\",\"contentUrl\":\"https:\/\/portaltela.pt\/s.01k8rhncp4jt1\/2026\/04\/img_920x518uu2026-04-23-13-11-53-2434853.jpg\",\"width\":796,\"height\":448,\"caption\":\"Christian Otenigbagbe tem treinado com a equipa principal do AVS\"},{\"@type\":\"BreadcrumbList\",\"@id\":\"https:\/\/portaltela.pt\/noticias\/2026\/04\/23\/junior-do-avs-sad-quase-desiste-por-visto-mira-atingir-nivel-alto\/#breadcrumb\",\"itemListElement\":[{\"@type\":\"ListItem\",\"position\":1,\"name\":\"In\u00edcio\",\"item\":\"https:\/\/portaltela.pt\/\"},{\"@type\":\"ListItem\",\"position\":2,\"name\":\"J\u00fanior do AVS SAD quase desiste por visto, mira atingir n\u00edvel alto\"}]},{\"@type\":\"WebSite\",\"@id\":\"https:\/\/portaltela.pt\/#website\",\"url\":\"https:\/\/portaltela.pt\/\",\"name\":\"Portal Tela Portugal\",\"description\":\"\",\"potentialAction\":[{\"@type\":\"SearchAction\",\"target\":{\"@type\":\"EntryPoint\",\"urlTemplate\":\"https:\/\/portaltela.pt\/?s={search_term_string}\"},\"query-input\":{\"@type\":\"PropertyValueSpecification\",\"valueRequired\":true,\"valueName\":\"search_term_string\"}}],\"inLanguage\":\"pt-PT\"},{\"@type\":\"Person\",\"@id\":\"https:\/\/portaltela.pt\/#\/schema\/person\/c4278d4a6028830caff9ee44b42d32ed\",\"name\":\"Telinha\",\"image\":{\"@type\":\"ImageObject\",\"inLanguage\":\"pt-PT\",\"@id\":\"https:\/\/portaltela.pt\/s.01k8rhncp4jt1\/2025\/11\/talking-bot-125x125.png\",\"url\":\"https:\/\/portaltela.pt\/s.01k8rhncp4jt1\/2025\/11\/talking-bot-125x125.png\",\"contentUrl\":\"https:\/\/portaltela.pt\/s.01k8rhncp4jt1\/2025\/11\/talking-bot-125x125.png\",\"caption\":\"Telinha\"},\"sameAs\":[\"https:\/\/portaltela.pt\/\"],\"url\":\"https:\/\/portaltela.pt\/por\/367410592786\/\"}]}<\/script>\n<!-- \/ Yoast SEO plugin. -->","yoast_head_json":{"title":"J\u00fanior do AVS SAD quase desiste por visto, mira atingir n\u00edvel alto - Portal Tela Portugal","robots":{"index":"index","follow":"follow","max-snippet":"max-snippet:-1","max-image-preview":"max-image-preview:large","max-video-preview":"max-video-preview:-1"},"og_locale":"pt_PT","og_type":"article","og_title":"J\u00fanior do AVS SAD quase desiste por visto, mira atingir n\u00edvel alto - Portal Tela Portugal","og_description":"Christian Otenigbagbe, extremo da equipa sub-19 do AVS SAD, esteve perto de desistir devido a quest\u00f5es de visto. Desde fevereiro, soma cinco golos em seis jogos. \u00c9 ingl\u00eas naturalizado nigeriano. Tem sido observado por v\u00e1rios emblemas. Treina com a equipa principal do AVS SAD e mira voos maiores.","og_url":"https:\/\/portaltela.pt\/noticias\/2026\/04\/23\/junior-do-avs-sad-quase-desiste-por-visto-mira-atingir-nivel-alto\/","og_site_name":"Portal Tela Portugal","article_published_time":"2026-04-23T12:18:16+00:00","author":"Telinha","twitter_card":"summary_large_image","twitter_misc":{"Escrito por":"Telinha","Tempo estimado de leitura":"1 minuto"},"schema":{"@context":"https:\/\/schema.org","@graph":[{"@type":"Article","@id":"https:\/\/portaltela.pt\/noticias\/2026\/04\/23\/junior-do-avs-sad-quase-desiste-por-visto-mira-atingir-nivel-alto\/#article","isPartOf":{"@id":"https:\/\/portaltela.pt\/noticias\/2026\/04\/23\/junior-do-avs-sad-quase-desiste-por-visto-mira-atingir-nivel-alto\/"},"author":{"name":"Telinha","@id":"https:\/\/portaltela.pt\/#\/schema\/person\/c4278d4a6028830caff9ee44b42d32ed"},"headline":"J\u00fanior do AVS SAD quase desiste por visto, mira atingir n\u00edvel alto","datePublished":"2026-04-23T12:18:16+00:00","mainEntityOfPage":{"@id":"https:\/\/portaltela.pt\/noticias\/2026\/04\/23\/junior-do-avs-sad-quase-desiste-por-visto-mira-atingir-nivel-alto\/"},"wordCount":152,"image":{"@id":"https:\/\/portaltela.pt\/noticias\/2026\/04\/23\/junior-do-avs-sad-quase-desiste-por-visto-mira-atingir-nivel-alto\/#primaryimage"},"thumbnailUrl":"https:\/\/portaltela.pt\/s.01k8rhncp4jt1\/2026\/04\/img_920x518uu2026-04-23-13-11-53-2434853.jpg","keywords":["AVS SAD","clubes","desenvolvimento desportivo","futebol","jovens","observadores internacionais"],"articleSection":["Desporto","Futebol"],"inLanguage":"pt-PT"},{"@type":"WebPage","@id":"https:\/\/portaltela.pt\/noticias\/2026\/04\/23\/junior-do-avs-sad-quase-desiste-por-visto-mira-atingir-nivel-alto\/","url":"https:\/\/portaltela.pt\/noticias\/2026\/04\/23\/junior-do-avs-sad-quase-desiste-por-visto-mira-atingir-nivel-alto\/","name":"J\u00fanior do AVS SAD quase desiste por visto, mira atingir n\u00edvel alto - Portal Tela Portugal","isPartOf":{"@id":"https:\/\/portaltela.pt\/#website"},"primaryImageOfPage":{"@id":"https:\/\/portaltela.pt\/noticias\/2026\/04\/23\/junior-do-avs-sad-quase-desiste-por-visto-mira-atingir-nivel-alto\/#primaryimage"},"image":{"@id":"https:\/\/portaltela.pt\/noticias\/2026\/04\/23\/junior-do-avs-sad-quase-desiste-por-visto-mira-atingir-nivel-alto\/#primaryimage"},"thumbnailUrl":"https:\/\/portaltela.pt\/s.01k8rhncp4jt1\/2026\/04\/img_920x518uu2026-04-23-13-11-53-2434853.jpg","datePublished":"2026-04-23T12:18:16+00:00","author":{"@id":"https:\/\/portaltela.pt\/#\/schema\/person\/c4278d4a6028830caff9ee44b42d32ed"},"breadcrumb":{"@id":"https:\/\/portaltela.pt\/noticias\/2026\/04\/23\/junior-do-avs-sad-quase-desiste-por-visto-mira-atingir-nivel-alto\/#breadcrumb"},"inLanguage":"pt-PT","potentialAction":[{"@type":"ReadAction","target":["https:\/\/portaltela.pt\/noticias\/2026\/04\/23\/junior-do-avs-sad-quase-desiste-por-visto-mira-atingir-nivel-alto\/"]}]},{"@type":"ImageObject","inLanguage":"pt-PT","@id":"https:\/\/portaltela.pt\/noticias\/2026\/04\/23\/junior-do-avs-sad-quase-desiste-por-visto-mira-atingir-nivel-alto\/#primaryimage","url":"https:\/\/portaltela.pt\/s.01k8rhncp4jt1\/2026\/04\/img_920x518uu2026-04-23-13-11-53-2434853.jpg","contentUrl":"https:\/\/portaltela.pt\/s.01k8rhncp4jt1\/2026\/04\/img_920x518uu2026-04-23-13-11-53-2434853.jpg","width":796,"height":448,"caption":"Christian Otenigbagbe tem treinado com a equipa principal do AVS"},{"@type":"BreadcrumbList","@id":"https:\/\/portaltela.pt\/noticias\/2026\/04\/23\/junior-do-avs-sad-quase-desiste-por-visto-mira-atingir-nivel-alto\/#breadcrumb","itemListElement":[{"@type":"ListItem","position":1,"name":"In\u00edcio","item":"https:\/\/portaltela.pt\/"},{"@type":"ListItem","position":2,"name":"J\u00fanior do AVS SAD quase desiste por visto, mira atingir n\u00edvel alto"}]},{"@type":"WebSite","@id":"https:\/\/portaltela.pt\/#website","url":"https:\/\/portaltela.pt\/","name":"Portal Tela Portugal","description":"","potentialAction":[{"@type":"SearchAction","target":{"@type":"EntryPoint","urlTemplate":"https:\/\/portaltela.pt\/?s={search_term_string}"},"query-input":{"@type":"PropertyValueSpecification","valueRequired":true,"valueName":"search_term_string"}}],"inLanguage":"pt-PT"},{"@type":"Person","@id":"https:\/\/portaltela.pt\/#\/schema\/person\/c4278d4a6028830caff9ee44b42d32ed","name":"Telinha","image":{"@type":"ImageObject","inLanguage":"pt-PT","@id":"https:\/\/portaltela.pt\/s.01k8rhncp4jt1\/2025\/11\/talking-bot-125x125.png","url":"https:\/\/portaltela.pt\/s.01k8rhncp4jt1\/2025\/11\/talking-bot-125x125.png","contentUrl":"https:\/\/portaltela.pt\/s.01k8rhncp4jt1\/2025\/11\/talking-bot-125x125.png","caption":"Telinha"},"sameAs":["https:\/\/portaltela.pt\/"],"url":"https:\/\/portaltela.pt\/por\/367410592786\/"}]}},"_links":{"self":[{"href":"https:\/\/portaltela.pt\/api\/wp\/v2\/posts\/455937","targetHints":{"allow":["GET"]}}],"collection":[{"href":"https:\/\/portaltela.pt\/api\/wp\/v2\/posts"}],"about":[{"href":"https:\/\/portaltela.pt\/api\/wp\/v2\/types\/post"}],"author":[{"embeddable":true,"href":"https:\/\/portaltela.pt\/api\/wp\/v2\/users\/2"}],"replies":[{"embeddable":true,"href":"https:\/\/portaltela.pt\/api\/wp\/v2\/comments?post=455937"}],"version-history":[{"count":0,"href":"https:\/\/portaltela.pt\/api\/wp\/v2\/posts\/455937\/revisions"}],"wp:featuredmedia":[{"embeddable":true,"href":"https:\/\/portaltela.pt\/api\/wp\/v2\/media\/455947"}],"wp:attachment":[{"href":"https:\/\/portaltela.pt\/api\/wp\/v2\/media?parent=455937"}],"wp:term":[{"taxonomy":"category","embeddable":true,"href":"https:\/\/portaltela.pt\/api\/wp\/v2\/categories?post=455937"},{"taxonomy":"post_tag","embeddable":true,"href":"https:\/\/portaltela.pt\/api\/wp\/v2\/tags?post=455937"}],"curies":[{"name":"wp","href":"https:\/\/api.w.org\/{rel}","templated":true}]}}